{"id":33621,"date":"2026-09-02T12:13:15","date_gmt":"2026-09-02T12:13:15","guid":{"rendered":"https:\/\/macite.tg\/?p=33621"},"modified":"2026-09-02T12:13:26","modified_gmt":"2026-09-02T12:13:26","slug":"effondrement-de-la-lybie-la-pire-erreur-selon-barack-obama-15-ans-plus-tard","status":"publish","type":"post","link":"https:\/\/macite.tg\/?p=33621","title":{"rendered":"EFFONDREMENT DE LA LYBIE: La \u00ab\u00a0pire erreur\u00a0\u00bb, selon Barack Obama, \u202615 ans plus tard"},"content":{"rendered":"\n<p class=\"wp-block-paragraph\"><strong><em>Quinze ans apr\u00e8s que l\u2019OTAN a contribu\u00e9 \u00e0 renverser Kadhafi, les puissances militaires d\u2019Afrique du Nord semblent avoir tir\u00e9 une le\u00e7on durable de l\u2019effondrement de la Libye, d\u00e9pensant plus de 320 milliards de dollars pour renforcer leurs arm\u00e9es, acqu\u00e9rir des armes de pointe et approfondir leurs alliances afin de ne pas se retrouver aussi vuln\u00e9rables lors d\u2019une future crise.<\/em><\/strong><\/p>\n\n\n\n<p class=\"wp-block-paragraph\">En 2016, le pr\u00e9sident am\u00e9ricain Barack Obama fut invit\u00e9 \u00e0 identifier la plus grande erreur de sa pr\u00e9sidence. Sa r\u00e9ponse porta sur la Libye, o\u00f9 une intervention men\u00e9e par l\u2019OTAN avait contribu\u00e9 \u00e0 mettre fin, cinq ans plus t\u00f4t, aux 42 ans de r\u00e8gne de Mouammar Kadhafi.<\/p>\n\n\n\n<p class=\"wp-block-paragraph\">Dans une interview accord\u00e9e \u00e0 Fox News, Obama a d\u00e9crit sa <em>\u00ab pire erreur \u00bb<\/em> comme \u00e9tant <em>\u00ab probablement le fait de ne pas avoir pr\u00e9par\u00e9 le lendemain de ce qui, \u00e0 mon avis, \u00e9tait la bonne chose \u00e0 faire en intervenant en Libye \u00bb.<\/em><\/p>\n\n\n\n<p class=\"wp-block-paragraph\">Il a n\u00e9anmoins d\u00e9fendu l\u2019intervention, arguant qu\u2019elle <em>\u00ab a permis d\u2019\u00e9viter des pertes civiles \u00e0 grande \u00e9chelle et a emp\u00each\u00e9 ce qui aurait presque certainement \u00e9t\u00e9 un conflit civil prolong\u00e9 et sanglant \u00bb.<\/em><\/p>\n\n\n<div class=\"wp-block-image\">\n<figure class=\"aligncenter size-full\"><img loading=\"lazy\" decoding=\"async\" width=\"509\" height=\"720\" src=\"https:\/\/macite.tg\/wp-content\/uploads\/2026\/09\/image-3.png\" alt=\"\" class=\"wp-image-33578\" srcset=\"https:\/\/macite.tg\/wp-content\/uploads\/2026\/09\/image-3.png 509w, https:\/\/macite.tg\/wp-content\/uploads\/2026\/09\/image-3-212x300.png 212w\" sizes=\"auto, (max-width: 509px) 100vw, 509px\" \/><\/figure>\n<\/div>\n\n\n<p class=\"wp-block-paragraph\">Obama a \u00e9galement reconnu des \u00e9checs dans la gestion des suites de l\u2019\u00e9v\u00e9nement, conc\u00e9dant qu\u2019il y avait <em>\u00ab mati\u00e8re \u00e0 critique \u00bb<\/em> concernant le suivi international.<\/p>\n\n\n\n<p class=\"wp-block-paragraph\">Bien qu\u2019il ait d\u00e9fendu l\u2019op\u00e9ration militaire, il a finalement reconnu le r\u00e9sultat. <em>\u00ab Et malgr\u00e9 tout cela, la Libye est un v\u00e9ritable chaos \u00bb,<\/em> a d\u00e9clar\u00e9 Obama.<\/p>\n\n\n\n<p class=\"wp-block-paragraph\">Quinze ans apr\u00e8s la chute de Kadhafi, la Libye reste divis\u00e9e, tandis que l\u2019Afrique du Nord est entr\u00e9e dans une \u00e8re beaucoup plus militaris\u00e9e.<\/p>\n\n\n\n<p class=\"wp-block-paragraph\"><strong>L\u2019Afrique du Nord n\u2019est plus la m\u00eame<\/strong><\/p>\n\n\n\n<p class=\"wp-block-paragraph\">Depuis 2011, les principales puissances de la r\u00e9gion ont investi massivement dans la modernisation de leurs forces arm\u00e9es, notamment dans des avions de combat de pointe, des h\u00e9licopt\u00e8res d\u2019attaque, des drones, des syst\u00e8mes de d\u00e9fense a\u00e9rienne, des missiles et des navires de guerre.<\/p>\n\n\n\n<p class=\"wp-block-paragraph\">L\u2019Alg\u00e9rie et le Maroc, en particulier, sont devenus les principaux importateurs d\u2019armes conventionnelles majeures en Afrique du Nord, tandis que l\u2019\u00c9gypte a \u00e9galement entrepris un important programme de modernisation militaire.<\/p>\n\n\n\n<p class=\"wp-block-paragraph\">Ensemble, les principales puissances de la r\u00e9gion disposent d\u00e9sormais d\u2019avions de chasse furtifs, de Rafale et de F-16, d\u2019h\u00e9licopt\u00e8res d\u2019attaque Apache, de syst\u00e8mes de d\u00e9fense a\u00e9rienne avanc\u00e9s, de drones, de missiles et de plateformes navales modernes.<\/p>\n\n\n\n<figure class=\"wp-block-image size-full\"><img loading=\"lazy\" decoding=\"async\" width=\"851\" height=\"315\" src=\"https:\/\/macite.tg\/wp-content\/uploads\/2026\/08\/OTR_Ferer-pour-batir-1.jpg\" alt=\"\" class=\"wp-image-33383\" srcset=\"https:\/\/macite.tg\/wp-content\/uploads\/2026\/08\/OTR_Ferer-pour-batir-1.jpg 851w, https:\/\/macite.tg\/wp-content\/uploads\/2026\/08\/OTR_Ferer-pour-batir-1-300x111.jpg 300w, https:\/\/macite.tg\/wp-content\/uploads\/2026\/08\/OTR_Ferer-pour-batir-1-768x284.jpg 768w\" sizes=\"auto, (max-width: 851px) 100vw, 851px\" \/><\/figure>\n\n\n\n<p class=\"wp-block-paragraph\">Au total, entre 2011 et 2025, l\u2019Alg\u00e9rie, le Maroc, la Tunisie et l\u2019\u00c9gypte ont d\u00e9pens\u00e9 plus de 320 milliards de dollars pour leurs forces arm\u00e9es, selon des calculs bas\u00e9s sur les donn\u00e9es du SIPRI.<\/p>\n\n\n\n<p class=\"wp-block-paragraph\">Ce renforcement militaire s\u2019est d\u00e9roul\u00e9 dans un contexte d\u2019ins\u00e9curit\u00e9 r\u00e9gionale croissante, l\u2019instabilit\u00e9 se propageant de la Libye au Sahel, au Soudan et au Moyen-Orient, tandis que les principales puissances d\u2019Afrique du Nord ont forg\u00e9 diff\u00e9rentes alliances de s\u00e9curit\u00e9 pour consolider leurs positions.<\/p>\n\n\n\n<p class=\"wp-block-paragraph\">Ces d\u00e9penses ne peuvent toutefois pas \u00eatre imput\u00e9es \u00e0 la seule Libye. La rivalit\u00e9 alg\u00e9ro-marocaine au sujet du Sahara occidental est ant\u00e9rieure \u00e0 la guerre de 2011, tandis que l\u2019\u00c9gypte est confront\u00e9e \u00e0 des pressions s\u00e9curitaires plus larges dans toute la r\u00e9gion.<\/p>\n\n\n\n<p class=\"wp-block-paragraph\">Pour autant, la chute de l\u2019un des \u00c9tats les plus riches et les plus lourdement arm\u00e9s d\u2019Afrique a constitu\u00e9 un puissant avertissement pour les gouvernements de toute l\u2019Afrique du Nord.<\/p>\n\n\n\n<p class=\"wp-block-paragraph\">Le regret exprim\u00e9 par Obama concernant la chute de Kadhafi r\u00e9sonne encore dans une Afrique du Nord qui a d\u00e9pens\u00e9 plus de 320 milliards de dollars pour renforcer ses forces arm\u00e9es.<\/p>\n\n\n\n<p class=\"wp-block-paragraph\"><strong>Le g\u00e9ant p\u00e9trolier africain reste divis\u00e9<\/strong><\/p>\n\n\n\n<p class=\"wp-block-paragraph\">Le contraste est d\u2019autant plus frappant que la Libye figurait parmi les pays les plus riches d\u2019Afrique par habitant au d\u00e9but de l\u2019ann\u00e9e 2011.<\/p>\n\n\n\n<p class=\"wp-block-paragraph\">Juste avant le soul\u00e8vement, le FMI estimait que l\u2019\u00e9conomie avait progress\u00e9 d\u2019environ 10 % en 2010, tandis que la croissance hors p\u00e9trole atteignait environ 7 %.<\/p>\n\n\n\n<p class=\"wp-block-paragraph\">Le pays a \u00e9galement enregistr\u00e9 un exc\u00e9dent de la balance des transactions courantes d\u2019environ 20 % du PIB, tandis que les actifs \u00e9trangers nets combin\u00e9s de la Banque centrale de Libye et de l\u2019Autorit\u00e9 libyenne d\u2019investissement s\u2019\u00e9levaient \u00e0 environ 150 milliards de dollars.<\/p>\n\n\n<div class=\"wp-block-image\">\n<figure class=\"aligncenter is-resized\"><img decoding=\"async\" src=\"https:\/\/z-p3-scontent.flfw5-1.fna.fbcdn.net\/v\/t39.30808-6\/782489543_1708793701255429_3030521664558427379_n.jpg?stp=dst-jpg_tt6&amp;cstp=mx1018x1274&amp;ctp=s640x640&amp;_nc_cat=102&amp;ccb=1-7&amp;_nc_sid=833d8c&amp;_nc_eui2=AeEb9vdL-Oo_TWx4liUjX16za-BuVXnsZYhr4G5VeexliO0VmERuK6lZHPQQy5g2tGKNXhy4zbe-A1b8GTOGyqpT&amp;_nc_ohc=Zf2GFvcf0ZQQ7kNvwHR-3jS&amp;_nc_oc=AdqhJZKvF8HqmsSOjhBX_VdN-JEBpbmxOU7IQT7WiI7wZpREmMF-qkCrtbYJVA5nYng&amp;_nc_zt=23&amp;_nc_ht=z-p3-scontent.flfw5-1.fna&amp;_nc_gid=txftysYfjeVonPgGODuSzA&amp;_nc_ss=7b2a8&amp;oh=00_AQKgDjMATrOsezWMUOUVGFYjkcQqoBtVrBrlw1gt1cMsWg&amp;oe=6A9DE5B1\" alt=\"Peut \u00eatre une image de texte\" style=\"aspect-ratio:0.7984375;width:511px;height:auto\" \/><\/figure>\n<\/div>\n\n\n<p class=\"wp-block-paragraph\">\u00c0 l\u2019\u00e9poque, le FMI d\u00e9crivait les performances macro\u00e9conomiques de la Libye comme solides et ses perspectives comme favorables, tout en mettant en garde contre le ch\u00f4mage \u00e9lev\u00e9 des jeunes et la d\u00e9pendance au p\u00e9trole.<\/p>\n\n\n\n<p class=\"wp-block-paragraph\">En termes de PIB par habitant, la Libye figurait parmi les pays les plus riches d\u2019Afrique aux alentours de 2010, les donn\u00e9es de la Banque mondiale estimant ce chiffre \u00e0 environ 12&nbsp;000 dollars, bien au-dessus de l\u2019\u00c9gypte, du Maroc, de l\u2019Alg\u00e9rie, du Nigeria et de l\u2019Afrique du Sud.<\/p>\n\n\n\n<p class=\"wp-block-paragraph\">Quinze ans plus tard, malgr\u00e9 le fait que la Libye d\u00e9tienne toujours les plus importantes r\u00e9serves prouv\u00e9es de p\u00e9trole brut d\u2019Afrique, estim\u00e9es \u00e0 environ 48 milliards de barils, son PIB par habitant \u00e9tait tomb\u00e9 \u00e0 environ 6&nbsp;449 dollars en 2025.<\/p>\n\n\n\n<p class=\"wp-block-paragraph\">En 2026, le PIB nominal de la Libye s\u2019\u00e9levait \u00e0 environ 52,5 milliards de dollars, la pla\u00e7ant aux alentours du 17e rang en Afrique, loin derri\u00e8re l\u2019\u00c9gypte (430 milliards de dollars), l\u2019Alg\u00e9rie (317 milliards de dollars) et le Maroc (194 milliards de dollars).<\/p>\n\n\n\n<p class=\"wp-block-paragraph\">Plus significatif encore, le FMI a averti en avril 2026 que la trajectoire budg\u00e9taire de la Libye \u00e9tait devenue <em>\u00ab insoutenable \u00bb.<\/em><\/p>\n\n\n\n<p class=\"wp-block-paragraph\">Elle estimait que le d\u00e9ficit budg\u00e9taire atteignait environ 30 % du PIB en 2025, tandis que la dette publique s\u2019\u00e9levait \u00e0 environ 146 % du PIB, parall\u00e8lement \u00e0 une inflation \u00e0 deux chiffres et \u00e0 une pression croissante sur les r\u00e9serves.<\/p>\n\n\n\n<p class=\"wp-block-paragraph\"><strong>La Libye devient un avertissement pour l\u2019Occident<\/strong><\/p>\n\n\n\n<p class=\"wp-block-paragraph\">Paradoxalement, la Libye est aussi devenue un exemple \u00e0 m\u00e9diter dans les d\u00e9bats de politique \u00e9trang\u00e8re occidentaux, invoqu\u00e9e comme un avertissement contre un changement de r\u00e9gime sans plan clair pour la suite.<\/p>\n\n\n\n<p class=\"wp-block-paragraph\">Plus r\u00e9cemment, le vice-pr\u00e9sident am\u00e9ricain JD Vance a mis en garde contre le risque de laisser l\u2019Iran devenir <em>\u00ab une autre Libye \u00bb.<\/em><\/p>\n\n\n<div class=\"wp-block-image\">\n<figure class=\"aligncenter size-full\"><img loading=\"lazy\" decoding=\"async\" width=\"509\" height=\"720\" src=\"https:\/\/macite.tg\/wp-content\/uploads\/2026\/08\/OTR_Payez-la-TVM-simple-et-pratique.jpg\" alt=\"\" class=\"wp-image-33432\" srcset=\"https:\/\/macite.tg\/wp-content\/uploads\/2026\/08\/OTR_Payez-la-TVM-simple-et-pratique.jpg 509w, https:\/\/macite.tg\/wp-content\/uploads\/2026\/08\/OTR_Payez-la-TVM-simple-et-pratique-212x300.jpg 212w\" sizes=\"auto, (max-width: 509px) 100vw, 509px\" \/><\/figure>\n<\/div>\n\n\n<p class=\"wp-block-paragraph\">Plus t\u00f4t en 2026, l\u2019ambassadeur am\u00e9ricain aupr\u00e8s de l\u2019OTAN, Matthew Whitaker, avait exprim\u00e9 clairement cette inqui\u00e9tude en d\u00e9clarant : <em>\u00ab Nous ne voulons pas d\u2019un autre sc\u00e9nario comme celui de la Libye \u00bb,<\/em> alors que l\u2019administration Trump cherchait \u00e0 se distancer d\u2019un changement de r\u00e9gime forc\u00e9 en Iran.<\/p>\n\n\n\n<p class=\"wp-block-paragraph\">Quinze ans apr\u00e8s la chute de Kadhafi, la Libye n\u2019est plus seulement cit\u00e9e comme exemple d\u2019intervention militaire.<\/p>\n\n\n\n<p class=\"wp-block-paragraph\">L\u2019expression est \u00e9galement devenue synonyme des risques pouvant d\u00e9couler de l\u2019effondrement de l\u2019ordre politique et s\u00e9curitaire d\u2019un \u00c9tat, tandis que ses cons\u00e9quences ont contribu\u00e9 \u00e0 faire de l\u2019Afrique du Nord la r\u00e9gion la plus arm\u00e9e du continent.<\/p>\n\n\n\n<p class=\"wp-block-paragraph\"><strong>MSN<\/strong><\/p>\n\n\n\n<p class=\"wp-block-paragraph\"><a><strong><em>@macite.tg&nbsp;&nbsp;&nbsp;&nbsp;&nbsp;&nbsp;&nbsp;&nbsp;<\/em><\/strong><\/a><\/p>\n\n\n\n<p class=\"wp-block-paragraph\"><strong><em>E-mail&nbsp;:<\/em><\/strong> <a href=\"mailto:maciteinfo@gmail.com\"><strong><em>maciteinfo@gmail.com<\/em><\/strong><\/a><strong><em>;<\/em><\/strong> <a href=\"mailto:bawela1@gmail.com\"><strong><em>bawela1@gmail.com<\/em><\/strong><\/a> <strong><em><\/em><\/strong><strong><em><\/em><\/strong><\/p>\n\n\n\n<p class=\"wp-block-paragraph\"><strong><em>Pour vos annonces, publi-reportages, etc., joignez-nous au (00228)91515309\/<strong>79872224<\/strong> <strong><\/strong><\/em><\/strong><\/p>\n\n\n\n<p class=\"wp-block-paragraph\"><strong><em>www.macite.tg, L\u2019information, la bonne&nbsp;!<\/em><\/strong><\/p>\n\n\n\n<p class=\"wp-block-paragraph\"><\/p>\n","protected":false},"excerpt":{"rendered":"<p class=\"text-justify mb-2\" >Quinze ans apr\u00e8s que l\u2019OTAN a contribu\u00e9 \u00e0 renverser Kadhafi, les puissances militaires d\u2019Afrique du Nord semblent avoir tir\u00e9 une le\u00e7on durable de l\u2019effondrement de la Libye, d\u00e9pensant plus de 320 milliards de dollars pour renforcer leurs arm\u00e9es, acqu\u00e9rir des armes de pointe et approfondir [&hellip;]<\/p>\n","protected":false},"author":2,"featured_media":33622,"comment_status":"open","ping_status":"open","sticky":false,"template":"","format":"standard","meta":{"footnotes":""},"categories":[20,1],"tags":[],"class_list":["post-33621","post","type-post","status-publish","format-standard","has-post-thumbnail","hentry","category-actualite","category-politique"],"yoast_head":"<!-- This site is optimized with the Yoast SEO plugin v28.4 - https:\/\/yoast.com\/product\/yoast-seo-wordpress\/ -->\n<title>EFFONDREMENT DE LA LYBIE: La \u00ab\u00a0pire erreur\u00a0\u00bb, selon Barack Obama, \u202615 ans plus tard -<\/title>\n<meta name=\"robots\" content=\"index, follow, max-snippet:-1, max-image-preview:large, max-video-preview:-1\" \/>\n<link rel=\"canonical\" href=\"https:\/\/macite.tg\/?p=33621\" \/>\n<meta property=\"og:locale\" content=\"fr_FR\" \/>\n<meta property=\"og:type\" content=\"article\" \/>\n<meta property=\"og:title\" content=\"EFFONDREMENT DE LA LYBIE: La \u00ab\u00a0pire erreur\u00a0\u00bb, selon Barack Obama, \u202615 ans plus tard -\" \/>\n<meta property=\"og:description\" content=\"Quinze ans apr\u00e8s que l\u2019OTAN a contribu\u00e9 \u00e0 renverser Kadhafi, les puissances militaires d\u2019Afrique du Nord semblent avoir tir\u00e9 une le\u00e7on durable de l\u2019effondrement de la Libye, d\u00e9pensant plus de 320 milliards de dollars pour renforcer leurs arm\u00e9es, acqu\u00e9rir des armes de pointe et approfondir [&hellip;]\" \/>\n<meta property=\"og:url\" content=\"https:\/\/macite.tg\/?p=33621\" \/>\n<meta property=\"article:published_time\" content=\"2026-09-02T12:13:15+00:00\" \/>\n<meta property=\"article:modified_time\" content=\"2026-09-02T12:13:26+00:00\" \/>\n<meta property=\"og:image\" content=\"https:\/\/macite.tg\/wp-content\/uploads\/2026\/09\/image-5.png\" \/>\n\t<meta property=\"og:image:width\" content=\"534\" \/>\n\t<meta property=\"og:image:height\" content=\"291\" \/>\n\t<meta property=\"og:image:type\" content=\"image\/png\" \/>\n<meta name=\"author\" content=\"Jean Pierre BAWELA\" \/>\n<meta name=\"twitter:card\" content=\"summary_large_image\" \/>\n<meta name=\"twitter:label1\" content=\"\u00c9crit par\" \/>\n\t<meta name=\"twitter:data1\" content=\"Jean Pierre BAWELA\" \/>\n\t<meta name=\"twitter:label2\" content=\"Dur\u00e9e de lecture estim\u00e9e\" \/>\n\t<meta name=\"twitter:data2\" content=\"7 minutes\" \/>\n<script type=\"application\/ld+json\" class=\"yoast-schema-graph\">{\"@context\":\"https:\\\/\\\/schema.org\",\"@graph\":[{\"@type\":\"Article\",\"@id\":\"https:\\\/\\\/macite.tg\\\/?p=33621#article\",\"isPartOf\":{\"@id\":\"https:\\\/\\\/macite.tg\\\/?p=33621\"},\"author\":{\"name\":\"Jean Pierre BAWELA\",\"@id\":\"https:\\\/\\\/macite.tg\\\/#\\\/schema\\\/person\\\/e9f2de7e5dbbe7770a9402c7ce82f5c2\"},\"headline\":\"EFFONDREMENT DE LA LYBIE: La \u00ab\u00a0pire erreur\u00a0\u00bb, selon Barack Obama, \u202615 ans plus tard\",\"datePublished\":\"2026-09-02T12:13:15+00:00\",\"dateModified\":\"2026-09-02T12:13:26+00:00\",\"mainEntityOfPage\":{\"@id\":\"https:\\\/\\\/macite.tg\\\/?p=33621\"},\"wordCount\":1204,\"commentCount\":0,\"image\":{\"@id\":\"https:\\\/\\\/macite.tg\\\/?p=33621#primaryimage\"},\"thumbnailUrl\":\"https:\\\/\\\/macite.tg\\\/wp-content\\\/uploads\\\/2026\\\/09\\\/image-5.png\",\"articleSection\":[\"ACTUALITE\",\"POLITIQUE\"],\"inLanguage\":\"fr-FR\",\"potentialAction\":[{\"@type\":\"CommentAction\",\"name\":\"Comment\",\"target\":[\"https:\\\/\\\/macite.tg\\\/?p=33621#respond\"]}]},{\"@type\":\"WebPage\",\"@id\":\"https:\\\/\\\/macite.tg\\\/?p=33621\",\"url\":\"https:\\\/\\\/macite.tg\\\/?p=33621\",\"name\":\"EFFONDREMENT DE LA LYBIE: La \u00ab\u00a0pire erreur\u00a0\u00bb, selon Barack Obama, \u202615 ans plus tard -\",\"isPartOf\":{\"@id\":\"https:\\\/\\\/macite.tg\\\/#website\"},\"primaryImageOfPage\":{\"@id\":\"https:\\\/\\\/macite.tg\\\/?p=33621#primaryimage\"},\"image\":{\"@id\":\"https:\\\/\\\/macite.tg\\\/?p=33621#primaryimage\"},\"thumbnailUrl\":\"https:\\\/\\\/macite.tg\\\/wp-content\\\/uploads\\\/2026\\\/09\\\/image-5.png\",\"datePublished\":\"2026-09-02T12:13:15+00:00\",\"dateModified\":\"2026-09-02T12:13:26+00:00\",\"author\":{\"@id\":\"https:\\\/\\\/macite.tg\\\/#\\\/schema\\\/person\\\/e9f2de7e5dbbe7770a9402c7ce82f5c2\"},\"breadcrumb\":{\"@id\":\"https:\\\/\\\/macite.tg\\\/?p=33621#breadcrumb\"},\"inLanguage\":\"fr-FR\",\"potentialAction\":[{\"@type\":\"ReadAction\",\"target\":[\"https:\\\/\\\/macite.tg\\\/?p=33621\"]}]},{\"@type\":\"ImageObject\",\"inLanguage\":\"fr-FR\",\"@id\":\"https:\\\/\\\/macite.tg\\\/?p=33621#primaryimage\",\"url\":\"https:\\\/\\\/macite.tg\\\/wp-content\\\/uploads\\\/2026\\\/09\\\/image-5.png\",\"contentUrl\":\"https:\\\/\\\/macite.tg\\\/wp-content\\\/uploads\\\/2026\\\/09\\\/image-5.png\",\"width\":534,\"height\":291},{\"@type\":\"BreadcrumbList\",\"@id\":\"https:\\\/\\\/macite.tg\\\/?p=33621#breadcrumb\",\"itemListElement\":[{\"@type\":\"ListItem\",\"position\":1,\"name\":\"Accueil\",\"item\":\"https:\\\/\\\/macite.tg\\\/\"},{\"@type\":\"ListItem\",\"position\":2,\"name\":\"EFFONDREMENT DE LA LYBIE: La \u00ab\u00a0pire erreur\u00a0\u00bb, selon Barack Obama, \u202615 ans plus tard\"}]},{\"@type\":\"WebSite\",\"@id\":\"https:\\\/\\\/macite.tg\\\/#website\",\"url\":\"https:\\\/\\\/macite.tg\\\/\",\"name\":\"\",\"description\":\"L&#039;information, la bonne!!!\",\"potentialAction\":[{\"@type\":\"SearchAction\",\"target\":{\"@type\":\"EntryPoint\",\"urlTemplate\":\"https:\\\/\\\/macite.tg\\\/?s={search_term_string}\"},\"query-input\":{\"@type\":\"PropertyValueSpecification\",\"valueRequired\":true,\"valueName\":\"search_term_string\"}}],\"inLanguage\":\"fr-FR\"},{\"@type\":\"Person\",\"@id\":\"https:\\\/\\\/macite.tg\\\/#\\\/schema\\\/person\\\/e9f2de7e5dbbe7770a9402c7ce82f5c2\",\"name\":\"Jean Pierre BAWELA\",\"image\":{\"@type\":\"ImageObject\",\"inLanguage\":\"fr-FR\",\"@id\":\"https:\\\/\\\/macite.tg\\\/wp-content\\\/uploads\\\/2023\\\/09\\\/WhatsApp-Image-2023-09-19-at-14.44.41-122x122.jpeg\",\"url\":\"https:\\\/\\\/macite.tg\\\/wp-content\\\/uploads\\\/2023\\\/09\\\/WhatsApp-Image-2023-09-19-at-14.44.41-122x122.jpeg\",\"contentUrl\":\"https:\\\/\\\/macite.tg\\\/wp-content\\\/uploads\\\/2023\\\/09\\\/WhatsApp-Image-2023-09-19-at-14.44.41-122x122.jpeg\",\"caption\":\"Jean Pierre BAWELA\"},\"url\":\"https:\\\/\\\/macite.tg\\\/?author=2\"}]}<\/script>\n<!-- \/ Yoast SEO plugin. -->","yoast_head_json":{"title":"EFFONDREMENT DE LA LYBIE: La \u00ab\u00a0pire erreur\u00a0\u00bb, selon Barack Obama, \u202615 ans plus tard -","robots":{"index":"index","follow":"follow","max-snippet":"max-snippet:-1","max-image-preview":"max-image-preview:large","max-video-preview":"max-video-preview:-1"},"canonical":"https:\/\/macite.tg\/?p=33621","og_locale":"fr_FR","og_type":"article","og_title":"EFFONDREMENT DE LA LYBIE: La \u00ab\u00a0pire erreur\u00a0\u00bb, selon Barack Obama, \u202615 ans plus tard -","og_description":"Quinze ans apr\u00e8s que l\u2019OTAN a contribu\u00e9 \u00e0 renverser Kadhafi, les puissances militaires d\u2019Afrique du Nord semblent avoir tir\u00e9 une le\u00e7on durable de l\u2019effondrement de la Libye, d\u00e9pensant plus de 320 milliards de dollars pour renforcer leurs arm\u00e9es, acqu\u00e9rir des armes de pointe et approfondir [&hellip;]","og_url":"https:\/\/macite.tg\/?p=33621","article_published_time":"2026-09-02T12:13:15+00:00","article_modified_time":"2026-09-02T12:13:26+00:00","og_image":[{"width":534,"height":291,"url":"https:\/\/macite.tg\/wp-content\/uploads\/2026\/09\/image-5.png","type":"image\/png"}],"author":"Jean Pierre BAWELA","twitter_card":"summary_large_image","twitter_misc":{"\u00c9crit par":"Jean Pierre BAWELA","Dur\u00e9e de lecture estim\u00e9e":"7 minutes"},"schema":{"@context":"https:\/\/schema.org","@graph":[{"@type":"Article","@id":"https:\/\/macite.tg\/?p=33621#article","isPartOf":{"@id":"https:\/\/macite.tg\/?p=33621"},"author":{"name":"Jean Pierre BAWELA","@id":"https:\/\/macite.tg\/#\/schema\/person\/e9f2de7e5dbbe7770a9402c7ce82f5c2"},"headline":"EFFONDREMENT DE LA LYBIE: La \u00ab\u00a0pire erreur\u00a0\u00bb, selon Barack Obama, \u202615 ans plus tard","datePublished":"2026-09-02T12:13:15+00:00","dateModified":"2026-09-02T12:13:26+00:00","mainEntityOfPage":{"@id":"https:\/\/macite.tg\/?p=33621"},"wordCount":1204,"commentCount":0,"image":{"@id":"https:\/\/macite.tg\/?p=33621#primaryimage"},"thumbnailUrl":"https:\/\/macite.tg\/wp-content\/uploads\/2026\/09\/image-5.png","articleSection":["ACTUALITE","POLITIQUE"],"inLanguage":"fr-FR","potentialAction":[{"@type":"CommentAction","name":"Comment","target":["https:\/\/macite.tg\/?p=33621#respond"]}]},{"@type":"WebPage","@id":"https:\/\/macite.tg\/?p=33621","url":"https:\/\/macite.tg\/?p=33621","name":"EFFONDREMENT DE LA LYBIE: La \u00ab\u00a0pire erreur\u00a0\u00bb, selon Barack Obama, \u202615 ans plus tard -","isPartOf":{"@id":"https:\/\/macite.tg\/#website"},"primaryImageOfPage":{"@id":"https:\/\/macite.tg\/?p=33621#primaryimage"},"image":{"@id":"https:\/\/macite.tg\/?p=33621#primaryimage"},"thumbnailUrl":"https:\/\/macite.tg\/wp-content\/uploads\/2026\/09\/image-5.png","datePublished":"2026-09-02T12:13:15+00:00","dateModified":"2026-09-02T12:13:26+00:00","author":{"@id":"https:\/\/macite.tg\/#\/schema\/person\/e9f2de7e5dbbe7770a9402c7ce82f5c2"},"breadcrumb":{"@id":"https:\/\/macite.tg\/?p=33621#breadcrumb"},"inLanguage":"fr-FR","potentialAction":[{"@type":"ReadAction","target":["https:\/\/macite.tg\/?p=33621"]}]},{"@type":"ImageObject","inLanguage":"fr-FR","@id":"https:\/\/macite.tg\/?p=33621#primaryimage","url":"https:\/\/macite.tg\/wp-content\/uploads\/2026\/09\/image-5.png","contentUrl":"https:\/\/macite.tg\/wp-content\/uploads\/2026\/09\/image-5.png","width":534,"height":291},{"@type":"BreadcrumbList","@id":"https:\/\/macite.tg\/?p=33621#breadcrumb","itemListElement":[{"@type":"ListItem","position":1,"name":"Accueil","item":"https:\/\/macite.tg\/"},{"@type":"ListItem","position":2,"name":"EFFONDREMENT DE LA LYBIE: La \u00ab\u00a0pire erreur\u00a0\u00bb, selon Barack Obama, \u202615 ans plus tard"}]},{"@type":"WebSite","@id":"https:\/\/macite.tg\/#website","url":"https:\/\/macite.tg\/","name":"","description":"L&#039;information, la bonne!!!","potentialAction":[{"@type":"SearchAction","target":{"@type":"EntryPoint","urlTemplate":"https:\/\/macite.tg\/?s={search_term_string}"},"query-input":{"@type":"PropertyValueSpecification","valueRequired":true,"valueName":"search_term_string"}}],"inLanguage":"fr-FR"},{"@type":"Person","@id":"https:\/\/macite.tg\/#\/schema\/person\/e9f2de7e5dbbe7770a9402c7ce82f5c2","name":"Jean Pierre BAWELA","image":{"@type":"ImageObject","inLanguage":"fr-FR","@id":"https:\/\/macite.tg\/wp-content\/uploads\/2023\/09\/WhatsApp-Image-2023-09-19-at-14.44.41-122x122.jpeg","url":"https:\/\/macite.tg\/wp-content\/uploads\/2023\/09\/WhatsApp-Image-2023-09-19-at-14.44.41-122x122.jpeg","contentUrl":"https:\/\/macite.tg\/wp-content\/uploads\/2023\/09\/WhatsApp-Image-2023-09-19-at-14.44.41-122x122.jpeg","caption":"Jean Pierre BAWELA"},"url":"https:\/\/macite.tg\/?author=2"}]}},"_links":{"self":[{"href":"https:\/\/macite.tg\/index.php?rest_route=\/wp\/v2\/posts\/33621","targetHints":{"allow":["GET"]}}],"collection":[{"href":"https:\/\/macite.tg\/index.php?rest_route=\/wp\/v2\/posts"}],"about":[{"href":"https:\/\/macite.tg\/index.php?rest_route=\/wp\/v2\/types\/post"}],"author":[{"embeddable":true,"href":"https:\/\/macite.tg\/index.php?rest_route=\/wp\/v2\/users\/2"}],"replies":[{"embeddable":true,"href":"https:\/\/macite.tg\/index.php?rest_route=%2Fwp%2Fv2%2Fcomments&post=33621"}],"version-history":[{"count":1,"href":"https:\/\/macite.tg\/index.php?rest_route=\/wp\/v2\/posts\/33621\/revisions"}],"predecessor-version":[{"id":33623,"href":"https:\/\/macite.tg\/index.php?rest_route=\/wp\/v2\/posts\/33621\/revisions\/33623"}],"wp:featuredmedia":[{"embeddable":true,"href":"https:\/\/macite.tg\/index.php?rest_route=\/wp\/v2\/media\/33622"}],"wp:attachment":[{"href":"https:\/\/macite.tg\/index.php?rest_route=%2Fwp%2Fv2%2Fmedia&parent=33621"}],"wp:term":[{"taxonomy":"category","embeddable":true,"href":"https:\/\/macite.tg\/index.php?rest_route=%2Fwp%2Fv2%2Fcategories&post=33621"},{"taxonomy":"post_tag","embeddable":true,"href":"https:\/\/macite.tg\/index.php?rest_route=%2Fwp%2Fv2%2Ftags&post=33621"}],"curies":[{"name":"wp","href":"https:\/\/api.w.org\/{rel}","templated":true}]}}