{"id":33618,"date":"2026-09-02T11:58:08","date_gmt":"2026-09-02T11:58:08","guid":{"rendered":"https:\/\/macite.tg\/?p=33618"},"modified":"2026-09-02T11:58:19","modified_gmt":"2026-09-02T11:58:19","slug":"romuald-wadagni-deja-cent-jours-a-la-tete-du-benin","status":"publish","type":"post","link":"https:\/\/macite.tg\/?p=33618","title":{"rendered":"ROMUALD WADAGNI\u00a0: D\u00e9j\u00e0 cent jours \u00e0 la t\u00eate du B\u00e9nin"},"content":{"rendered":"\n<p class=\"wp-block-paragraph\"><strong><em>Cent jours apr\u00e8s son arriv\u00e9e \u00e0 la t\u00eate du B\u00e9nin, Romuald Wadagni imprime d\u00e9j\u00e0 sa marque. Diplomatie de proximit\u00e9 pour apaiser les tensions avec les voisins, d\u00e9placements r\u00e9guliers sur le terrain et premi\u00e8res mesures \u00e0 caract\u00e8re social : le nouveau chef de l&rsquo;\u00c9tat affirme son style de gouvernance.<\/em><\/strong><\/p>\n\n\n\n<p class=\"wp-block-paragraph\">Une \u00e9volution dans la m\u00e9thode qui ne rompt pas pour autant avec l&rsquo;h\u00e9ritage \u00e9conomique de la Rupture, comme l&rsquo;explique le juriste et analyste politique T\u00e9rence Quenum.<\/p>\n\n\n\n<p class=\"wp-block-paragraph\"><em>\u00ab&nbsp;Je parlerai d&rsquo;abord d&rsquo;une diff\u00e9rence de rythme et de style, plut\u00f4t que d&rsquo;une rupture, observe-t-il. On le voit dans la diplomatie, qui a \u00e9t\u00e9 particuli\u00e8rement active d\u00e8s les premi\u00e8res semaines. On le voit enfin dans le rapport au terrain, avec une pr\u00e9sence plus visible du pr\u00e9sident et les premi\u00e8res mesures sociales. Le pr\u00e9sident Wadagni semble installer une gouvernance davantage fond\u00e9e sur le dialogue, la proximit\u00e9 et la rapidit\u00e9 d&rsquo;ex\u00e9cution, tout en restant dans la continuit\u00e9&nbsp;\u00bb.<\/em><\/p>\n\n\n<div class=\"wp-block-image\">\n<figure class=\"aligncenter is-resized\"><img decoding=\"async\" src=\"https:\/\/z-p3-scontent.flfw5-1.fna.fbcdn.net\/v\/t39.30808-6\/782489543_1708793701255429_3030521664558427379_n.jpg?stp=dst-jpg_tt6&amp;cstp=mx1018x1274&amp;ctp=s640x640&amp;_nc_cat=102&amp;ccb=1-7&amp;_nc_sid=833d8c&amp;_nc_eui2=AeEb9vdL-Oo_TWx4liUjX16za-BuVXnsZYhr4G5VeexliO0VmERuK6lZHPQQy5g2tGKNXhy4zbe-A1b8GTOGyqpT&amp;_nc_ohc=Zf2GFvcf0ZQQ7kNvwHR-3jS&amp;_nc_oc=AdqhJZKvF8HqmsSOjhBX_VdN-JEBpbmxOU7IQT7WiI7wZpREmMF-qkCrtbYJVA5nYng&amp;_nc_zt=23&amp;_nc_ht=z-p3-scontent.flfw5-1.fna&amp;_nc_gid=txftysYfjeVonPgGODuSzA&amp;_nc_ss=7b2a8&amp;oh=00_AQKgDjMATrOsezWMUOUVGFYjkcQqoBtVrBrlw1gt1cMsWg&amp;oe=6A9DE5B1\" alt=\"Peut \u00eatre une image de texte\" style=\"aspect-ratio:0.7984375;width:511px;height:auto\" \/><\/figure>\n<\/div>\n\n\n<p class=\"wp-block-paragraph\"><strong>Exercer le pouvoir est un marathon<\/strong><\/p>\n\n\n\n<p class=\"wp-block-paragraph\">Plus accessible, plus pr\u00e9sent sur le terrain, Romuald Wadagni tranche avec la gouvernance plus distante de son pr\u00e9d\u00e9cesseur. Mais pour l&rsquo;analyste g\u00e9opolitique R\u00e9gis Hounkp\u00e8, cette proximit\u00e9 affich\u00e9e devra r\u00e9sister \u00e0 l&rsquo;\u00e9preuve du temps et aux r\u00e9alit\u00e9s du pouvoir.<\/p>\n\n\n\n<p class=\"wp-block-paragraph\">Selon lui, <em>\u00ab&nbsp;aujourd&rsquo;hui, effectivement, le pr\u00e9sident Wadagni sort beaucoup, il est davantage dans la proximit\u00e9&#8230; contrairement au pr\u00e9sident Talon, qui lui \u00e9tait davantage dans ses dossiers. Quand nous rentrerons dans le chaudron de la politique au B\u00e9nin, peut-\u00eatre que le pr\u00e9sident Wadagni n&rsquo;aura plus le temps de faire tous ses marathons. Il devra se mettre, s&rsquo;enfermer entre guillemets dans sa tour d&rsquo;ivoire qu&rsquo;est la Marina&nbsp;\u00bb.<\/em><\/p>\n\n\n\n<p class=\"wp-block-paragraph\"><strong>Trouver des r\u00e9ponses aux urgences des B\u00e9ninois<\/strong><\/p>\n\n\n\n<p class=\"wp-block-paragraph\">Ancien ministre des Finances et architecte \u00e9conomique du r\u00e9gime pr\u00e9c\u00e9dent, Romuald Wadagni s&rsquo;inscrit dans un continuum politique. Et pour R\u00e9gis Hounk\u00e8, la question n&rsquo;est donc pas tant de savoir s&rsquo;il fera du <em>\u00ab\u00a0Talon premium\u00a0\u00bb,<\/em> mais s&rsquo;il saura r\u00e9pondre aux attentes urgentes des populations.<\/p>\n\n\n<div class=\"wp-block-image\">\n<figure class=\"aligncenter size-full\"><img loading=\"lazy\" decoding=\"async\" width=\"509\" height=\"720\" src=\"https:\/\/macite.tg\/wp-content\/uploads\/2026\/09\/image-3.png\" alt=\"\" class=\"wp-image-33578\" srcset=\"https:\/\/macite.tg\/wp-content\/uploads\/2026\/09\/image-3.png 509w, https:\/\/macite.tg\/wp-content\/uploads\/2026\/09\/image-3-212x300.png 212w\" sizes=\"auto, (max-width: 509px) 100vw, 509px\" \/><\/figure>\n<\/div>\n\n\n<p class=\"wp-block-paragraph\"><em>\u00ab&nbsp;Chaque homme politique a ses particularit\u00e9s, ses nuances, rappelle l&rsquo;analyste. Wadagni ne fera jamais du Talon comme Talon ne pourra jamais \u00eatre un \u2018\u2019Wadagni premium\u2019\u2019. Donc, le v\u00e9ritable enjeu aujourd&rsquo;hui pour le pr\u00e9sident Wadagni, c&rsquo;est de pouvoir non pas se distinguer par rapport \u00e0 Talon, mais surtout de r\u00e9pondre aux aspirations des B\u00e9ninoises et des B\u00e9ninois&nbsp;\u00bb.<\/em><\/p>\n\n\n\n<p class=\"wp-block-paragraph\">Au-del\u00e0 des 100 premiers jours et du symbole de la m\u00e9thode, les d\u00e9fis restent colossaux. L&rsquo;\u00e9valuation de l&rsquo;impact des mesures sociales et le maintien d&rsquo;une diplomatie apais\u00e9e avec les voisins seront les juges de paix de ce mandat.<\/p>\n\n\n\n<p class=\"wp-block-paragraph\"><strong>MSN<\/strong><\/p>\n\n\n\n<p class=\"wp-block-paragraph\"><a><strong><em>@macite.tg&nbsp;&nbsp;&nbsp;&nbsp;&nbsp;&nbsp;&nbsp;&nbsp;<\/em><\/strong><\/a><\/p>\n\n\n\n<p class=\"wp-block-paragraph\"><strong><em>E-mail&nbsp;:<\/em><\/strong> <a href=\"mailto:maciteinfo@gmail.com\"><strong><em>maciteinfo@gmail.com<\/em><\/strong><\/a><strong><em>;<\/em><\/strong> <a href=\"mailto:bawela1@gmail.com\"><strong><em>bawela1@gmail.com<\/em><\/strong><\/a> <strong><em><\/em><\/strong><strong><em><\/em><\/strong><\/p>\n\n\n\n<p class=\"wp-block-paragraph\"><strong><em>Pour vos annonces, publi-reportages, etc., joignez-nous au (00228)91515309\/<strong>79872224<\/strong> <strong><\/strong><\/em><\/strong><\/p>\n\n\n\n<p class=\"wp-block-paragraph\"><strong><em>www.macite.tg, L\u2019information, la bonne&nbsp;!<\/em><\/strong><\/p>\n\n\n\n<p class=\"wp-block-paragraph\"><\/p>\n","protected":false},"excerpt":{"rendered":"<p class=\"text-justify mb-2\" >Cent jours apr\u00e8s son arriv\u00e9e \u00e0 la t\u00eate du B\u00e9nin, Romuald Wadagni imprime d\u00e9j\u00e0 sa marque. Diplomatie de proximit\u00e9 pour apaiser les tensions avec les voisins, d\u00e9placements r\u00e9guliers sur le terrain et premi\u00e8res mesures \u00e0 caract\u00e8re social : le nouveau chef de l&rsquo;\u00c9tat affirme son [&hellip;]<\/p>\n","protected":false},"author":2,"featured_media":33619,"comment_status":"open","ping_status":"open","sticky":false,"template":"","format":"standard","meta":{"footnotes":""},"categories":[20,1],"tags":[],"class_list":["post-33618","post","type-post","status-publish","format-standard","has-post-thumbnail","hentry","category-actualite","category-politique"],"yoast_head":"<!-- This site is optimized with the Yoast SEO plugin v28.4 - https:\/\/yoast.com\/product\/yoast-seo-wordpress\/ -->\n<title>ROMUALD WADAGNI\u00a0: D\u00e9j\u00e0 cent jours \u00e0 la t\u00eate du B\u00e9nin -<\/title>\n<meta name=\"robots\" content=\"index, follow, max-snippet:-1, max-image-preview:large, max-video-preview:-1\" \/>\n<link rel=\"canonical\" href=\"https:\/\/macite.tg\/?p=33618\" \/>\n<meta property=\"og:locale\" content=\"fr_FR\" \/>\n<meta property=\"og:type\" content=\"article\" \/>\n<meta property=\"og:title\" content=\"ROMUALD WADAGNI\u00a0: D\u00e9j\u00e0 cent jours \u00e0 la t\u00eate du B\u00e9nin -\" \/>\n<meta property=\"og:description\" content=\"Cent jours apr\u00e8s son arriv\u00e9e \u00e0 la t\u00eate du B\u00e9nin, Romuald Wadagni imprime d\u00e9j\u00e0 sa marque. Diplomatie de proximit\u00e9 pour apaiser les tensions avec les voisins, d\u00e9placements r\u00e9guliers sur le terrain et premi\u00e8res mesures \u00e0 caract\u00e8re social : le nouveau chef de l&rsquo;\u00c9tat affirme son [&hellip;]\" \/>\n<meta property=\"og:url\" content=\"https:\/\/macite.tg\/?p=33618\" \/>\n<meta property=\"article:published_time\" content=\"2026-09-02T11:58:08+00:00\" \/>\n<meta property=\"article:modified_time\" content=\"2026-09-02T11:58:19+00:00\" \/>\n<meta property=\"og:image\" content=\"https:\/\/macite.tg\/wp-content\/uploads\/2026\/09\/image-4.png\" \/>\n\t<meta property=\"og:image:width\" content=\"534\" \/>\n\t<meta property=\"og:image:height\" content=\"301\" \/>\n\t<meta property=\"og:image:type\" content=\"image\/png\" \/>\n<meta name=\"author\" content=\"Jean Pierre BAWELA\" \/>\n<meta name=\"twitter:card\" content=\"summary_large_image\" \/>\n<meta name=\"twitter:label1\" content=\"\u00c9crit par\" \/>\n\t<meta name=\"twitter:data1\" content=\"Jean Pierre BAWELA\" \/>\n\t<meta name=\"twitter:label2\" content=\"Dur\u00e9e de lecture estim\u00e9e\" \/>\n\t<meta name=\"twitter:data2\" content=\"3 minutes\" \/>\n<script type=\"application\/ld+json\" class=\"yoast-schema-graph\">{\"@context\":\"https:\\\/\\\/schema.org\",\"@graph\":[{\"@type\":\"Article\",\"@id\":\"https:\\\/\\\/macite.tg\\\/?p=33618#article\",\"isPartOf\":{\"@id\":\"https:\\\/\\\/macite.tg\\\/?p=33618\"},\"author\":{\"name\":\"Jean Pierre BAWELA\",\"@id\":\"https:\\\/\\\/macite.tg\\\/#\\\/schema\\\/person\\\/e9f2de7e5dbbe7770a9402c7ce82f5c2\"},\"headline\":\"ROMUALD WADAGNI\u00a0: D\u00e9j\u00e0 cent jours \u00e0 la t\u00eate du B\u00e9nin\",\"datePublished\":\"2026-09-02T11:58:08+00:00\",\"dateModified\":\"2026-09-02T11:58:19+00:00\",\"mainEntityOfPage\":{\"@id\":\"https:\\\/\\\/macite.tg\\\/?p=33618\"},\"wordCount\":525,\"commentCount\":0,\"image\":{\"@id\":\"https:\\\/\\\/macite.tg\\\/?p=33618#primaryimage\"},\"thumbnailUrl\":\"https:\\\/\\\/macite.tg\\\/wp-content\\\/uploads\\\/2026\\\/09\\\/image-4.png\",\"articleSection\":[\"ACTUALITE\",\"POLITIQUE\"],\"inLanguage\":\"fr-FR\",\"potentialAction\":[{\"@type\":\"CommentAction\",\"name\":\"Comment\",\"target\":[\"https:\\\/\\\/macite.tg\\\/?p=33618#respond\"]}]},{\"@type\":\"WebPage\",\"@id\":\"https:\\\/\\\/macite.tg\\\/?p=33618\",\"url\":\"https:\\\/\\\/macite.tg\\\/?p=33618\",\"name\":\"ROMUALD WADAGNI\u00a0: D\u00e9j\u00e0 cent jours \u00e0 la t\u00eate du B\u00e9nin -\",\"isPartOf\":{\"@id\":\"https:\\\/\\\/macite.tg\\\/#website\"},\"primaryImageOfPage\":{\"@id\":\"https:\\\/\\\/macite.tg\\\/?p=33618#primaryimage\"},\"image\":{\"@id\":\"https:\\\/\\\/macite.tg\\\/?p=33618#primaryimage\"},\"thumbnailUrl\":\"https:\\\/\\\/macite.tg\\\/wp-content\\\/uploads\\\/2026\\\/09\\\/image-4.png\",\"datePublished\":\"2026-09-02T11:58:08+00:00\",\"dateModified\":\"2026-09-02T11:58:19+00:00\",\"author\":{\"@id\":\"https:\\\/\\\/macite.tg\\\/#\\\/schema\\\/person\\\/e9f2de7e5dbbe7770a9402c7ce82f5c2\"},\"breadcrumb\":{\"@id\":\"https:\\\/\\\/macite.tg\\\/?p=33618#breadcrumb\"},\"inLanguage\":\"fr-FR\",\"potentialAction\":[{\"@type\":\"ReadAction\",\"target\":[\"https:\\\/\\\/macite.tg\\\/?p=33618\"]}]},{\"@type\":\"ImageObject\",\"inLanguage\":\"fr-FR\",\"@id\":\"https:\\\/\\\/macite.tg\\\/?p=33618#primaryimage\",\"url\":\"https:\\\/\\\/macite.tg\\\/wp-content\\\/uploads\\\/2026\\\/09\\\/image-4.png\",\"contentUrl\":\"https:\\\/\\\/macite.tg\\\/wp-content\\\/uploads\\\/2026\\\/09\\\/image-4.png\",\"width\":534,\"height\":301},{\"@type\":\"BreadcrumbList\",\"@id\":\"https:\\\/\\\/macite.tg\\\/?p=33618#breadcrumb\",\"itemListElement\":[{\"@type\":\"ListItem\",\"position\":1,\"name\":\"Accueil\",\"item\":\"https:\\\/\\\/macite.tg\\\/\"},{\"@type\":\"ListItem\",\"position\":2,\"name\":\"ROMUALD WADAGNI\u00a0: D\u00e9j\u00e0 cent jours \u00e0 la t\u00eate du B\u00e9nin\"}]},{\"@type\":\"WebSite\",\"@id\":\"https:\\\/\\\/macite.tg\\\/#website\",\"url\":\"https:\\\/\\\/macite.tg\\\/\",\"name\":\"\",\"description\":\"L&#039;information, la bonne!!!\",\"potentialAction\":[{\"@type\":\"SearchAction\",\"target\":{\"@type\":\"EntryPoint\",\"urlTemplate\":\"https:\\\/\\\/macite.tg\\\/?s={search_term_string}\"},\"query-input\":{\"@type\":\"PropertyValueSpecification\",\"valueRequired\":true,\"valueName\":\"search_term_string\"}}],\"inLanguage\":\"fr-FR\"},{\"@type\":\"Person\",\"@id\":\"https:\\\/\\\/macite.tg\\\/#\\\/schema\\\/person\\\/e9f2de7e5dbbe7770a9402c7ce82f5c2\",\"name\":\"Jean Pierre BAWELA\",\"image\":{\"@type\":\"ImageObject\",\"inLanguage\":\"fr-FR\",\"@id\":\"https:\\\/\\\/macite.tg\\\/wp-content\\\/uploads\\\/2023\\\/09\\\/WhatsApp-Image-2023-09-19-at-14.44.41-122x122.jpeg\",\"url\":\"https:\\\/\\\/macite.tg\\\/wp-content\\\/uploads\\\/2023\\\/09\\\/WhatsApp-Image-2023-09-19-at-14.44.41-122x122.jpeg\",\"contentUrl\":\"https:\\\/\\\/macite.tg\\\/wp-content\\\/uploads\\\/2023\\\/09\\\/WhatsApp-Image-2023-09-19-at-14.44.41-122x122.jpeg\",\"caption\":\"Jean Pierre BAWELA\"},\"url\":\"https:\\\/\\\/macite.tg\\\/?author=2\"}]}<\/script>\n<!-- \/ Yoast SEO plugin. -->","yoast_head_json":{"title":"ROMUALD WADAGNI\u00a0: D\u00e9j\u00e0 cent jours \u00e0 la t\u00eate du B\u00e9nin -","robots":{"index":"index","follow":"follow","max-snippet":"max-snippet:-1","max-image-preview":"max-image-preview:large","max-video-preview":"max-video-preview:-1"},"canonical":"https:\/\/macite.tg\/?p=33618","og_locale":"fr_FR","og_type":"article","og_title":"ROMUALD WADAGNI\u00a0: D\u00e9j\u00e0 cent jours \u00e0 la t\u00eate du B\u00e9nin -","og_description":"Cent jours apr\u00e8s son arriv\u00e9e \u00e0 la t\u00eate du B\u00e9nin, Romuald Wadagni imprime d\u00e9j\u00e0 sa marque. Diplomatie de proximit\u00e9 pour apaiser les tensions avec les voisins, d\u00e9placements r\u00e9guliers sur le terrain et premi\u00e8res mesures \u00e0 caract\u00e8re social : le nouveau chef de l&rsquo;\u00c9tat affirme son [&hellip;]","og_url":"https:\/\/macite.tg\/?p=33618","article_published_time":"2026-09-02T11:58:08+00:00","article_modified_time":"2026-09-02T11:58:19+00:00","og_image":[{"width":534,"height":301,"url":"https:\/\/macite.tg\/wp-content\/uploads\/2026\/09\/image-4.png","type":"image\/png"}],"author":"Jean Pierre BAWELA","twitter_card":"summary_large_image","twitter_misc":{"\u00c9crit par":"Jean Pierre BAWELA","Dur\u00e9e de lecture estim\u00e9e":"3 minutes"},"schema":{"@context":"https:\/\/schema.org","@graph":[{"@type":"Article","@id":"https:\/\/macite.tg\/?p=33618#article","isPartOf":{"@id":"https:\/\/macite.tg\/?p=33618"},"author":{"name":"Jean Pierre BAWELA","@id":"https:\/\/macite.tg\/#\/schema\/person\/e9f2de7e5dbbe7770a9402c7ce82f5c2"},"headline":"ROMUALD WADAGNI\u00a0: D\u00e9j\u00e0 cent jours \u00e0 la t\u00eate du B\u00e9nin","datePublished":"2026-09-02T11:58:08+00:00","dateModified":"2026-09-02T11:58:19+00:00","mainEntityOfPage":{"@id":"https:\/\/macite.tg\/?p=33618"},"wordCount":525,"commentCount":0,"image":{"@id":"https:\/\/macite.tg\/?p=33618#primaryimage"},"thumbnailUrl":"https:\/\/macite.tg\/wp-content\/uploads\/2026\/09\/image-4.png","articleSection":["ACTUALITE","POLITIQUE"],"inLanguage":"fr-FR","potentialAction":[{"@type":"CommentAction","name":"Comment","target":["https:\/\/macite.tg\/?p=33618#respond"]}]},{"@type":"WebPage","@id":"https:\/\/macite.tg\/?p=33618","url":"https:\/\/macite.tg\/?p=33618","name":"ROMUALD WADAGNI\u00a0: D\u00e9j\u00e0 cent jours \u00e0 la t\u00eate du B\u00e9nin -","isPartOf":{"@id":"https:\/\/macite.tg\/#website"},"primaryImageOfPage":{"@id":"https:\/\/macite.tg\/?p=33618#primaryimage"},"image":{"@id":"https:\/\/macite.tg\/?p=33618#primaryimage"},"thumbnailUrl":"https:\/\/macite.tg\/wp-content\/uploads\/2026\/09\/image-4.png","datePublished":"2026-09-02T11:58:08+00:00","dateModified":"2026-09-02T11:58:19+00:00","author":{"@id":"https:\/\/macite.tg\/#\/schema\/person\/e9f2de7e5dbbe7770a9402c7ce82f5c2"},"breadcrumb":{"@id":"https:\/\/macite.tg\/?p=33618#breadcrumb"},"inLanguage":"fr-FR","potentialAction":[{"@type":"ReadAction","target":["https:\/\/macite.tg\/?p=33618"]}]},{"@type":"ImageObject","inLanguage":"fr-FR","@id":"https:\/\/macite.tg\/?p=33618#primaryimage","url":"https:\/\/macite.tg\/wp-content\/uploads\/2026\/09\/image-4.png","contentUrl":"https:\/\/macite.tg\/wp-content\/uploads\/2026\/09\/image-4.png","width":534,"height":301},{"@type":"BreadcrumbList","@id":"https:\/\/macite.tg\/?p=33618#breadcrumb","itemListElement":[{"@type":"ListItem","position":1,"name":"Accueil","item":"https:\/\/macite.tg\/"},{"@type":"ListItem","position":2,"name":"ROMUALD WADAGNI\u00a0: D\u00e9j\u00e0 cent jours \u00e0 la t\u00eate du B\u00e9nin"}]},{"@type":"WebSite","@id":"https:\/\/macite.tg\/#website","url":"https:\/\/macite.tg\/","name":"","description":"L&#039;information, la bonne!!!","potentialAction":[{"@type":"SearchAction","target":{"@type":"EntryPoint","urlTemplate":"https:\/\/macite.tg\/?s={search_term_string}"},"query-input":{"@type":"PropertyValueSpecification","valueRequired":true,"valueName":"search_term_string"}}],"inLanguage":"fr-FR"},{"@type":"Person","@id":"https:\/\/macite.tg\/#\/schema\/person\/e9f2de7e5dbbe7770a9402c7ce82f5c2","name":"Jean Pierre BAWELA","image":{"@type":"ImageObject","inLanguage":"fr-FR","@id":"https:\/\/macite.tg\/wp-content\/uploads\/2023\/09\/WhatsApp-Image-2023-09-19-at-14.44.41-122x122.jpeg","url":"https:\/\/macite.tg\/wp-content\/uploads\/2023\/09\/WhatsApp-Image-2023-09-19-at-14.44.41-122x122.jpeg","contentUrl":"https:\/\/macite.tg\/wp-content\/uploads\/2023\/09\/WhatsApp-Image-2023-09-19-at-14.44.41-122x122.jpeg","caption":"Jean Pierre BAWELA"},"url":"https:\/\/macite.tg\/?author=2"}]}},"_links":{"self":[{"href":"https:\/\/macite.tg\/index.php?rest_route=\/wp\/v2\/posts\/33618","targetHints":{"allow":["GET"]}}],"collection":[{"href":"https:\/\/macite.tg\/index.php?rest_route=\/wp\/v2\/posts"}],"about":[{"href":"https:\/\/macite.tg\/index.php?rest_route=\/wp\/v2\/types\/post"}],"author":[{"embeddable":true,"href":"https:\/\/macite.tg\/index.php?rest_route=\/wp\/v2\/users\/2"}],"replies":[{"embeddable":true,"href":"https:\/\/macite.tg\/index.php?rest_route=%2Fwp%2Fv2%2Fcomments&post=33618"}],"version-history":[{"count":1,"href":"https:\/\/macite.tg\/index.php?rest_route=\/wp\/v2\/posts\/33618\/revisions"}],"predecessor-version":[{"id":33620,"href":"https:\/\/macite.tg\/index.php?rest_route=\/wp\/v2\/posts\/33618\/revisions\/33620"}],"wp:featuredmedia":[{"embeddable":true,"href":"https:\/\/macite.tg\/index.php?rest_route=\/wp\/v2\/media\/33619"}],"wp:attachment":[{"href":"https:\/\/macite.tg\/index.php?rest_route=%2Fwp%2Fv2%2Fmedia&parent=33618"}],"wp:term":[{"taxonomy":"category","embeddable":true,"href":"https:\/\/macite.tg\/index.php?rest_route=%2Fwp%2Fv2%2Fcategories&post=33618"},{"taxonomy":"post_tag","embeddable":true,"href":"https:\/\/macite.tg\/index.php?rest_route=%2Fwp%2Fv2%2Ftags&post=33618"}],"curies":[{"name":"wp","href":"https:\/\/api.w.org\/{rel}","templated":true}]}}