{"id":33612,"date":"2026-09-02T11:50:10","date_gmt":"2026-09-02T11:50:10","guid":{"rendered":"https:\/\/macite.tg\/?p=33612"},"modified":"2026-09-02T11:50:17","modified_gmt":"2026-09-02T11:50:17","slug":"sommet-de-locs-a-bichkek-faure-gnassingbe-porte-la-voix-de-lafrique-pour-une-reforme-de-la-gouvernance-mondiale","status":"publish","type":"post","link":"https:\/\/macite.tg\/?p=33612","title":{"rendered":"SOMMET DE L\u2019OCS A BICHKEK\u00a0: Faure Gnassingb\u00e9, porte la voix de l\u2019Afrique, pour une r\u00e9forme de la gouvernance mondiale"},"content":{"rendered":"\n<p class=\"wp-block-paragraph\"><strong><em>Intervenant, le 1\u1d49<\/em><\/strong><strong><em>\u02b3 septembre 2026 \u00e0 Bichkek, lors du 26\u1d49<\/em><\/strong> <strong><em>sommet de l&rsquo;Organisation de coop\u00e9ration de Shanghai \u00e9largie (OCS+), le Pr\u00e9sident du Conseil, Faure Essozimna Gnassingb\u00e9, a partag\u00e9 une vision strat\u00e9gique sur la recomposition de l&rsquo;ordre international. Devant les dirigeants de l&rsquo;Eurasie et des pays invit\u00e9s, le leader togolais a appel\u00e9 \u00e0 une transformation profonde du multilat\u00e9ralisme pour refl\u00e9ter la r\u00e9alit\u00e9 d&rsquo;un monde d\u00e9sormais multipolaire.<\/em><\/strong><\/p>\n\n\n\n<p class=\"wp-block-paragraph\">Face aux chefs d&rsquo;\u00c9tat pr\u00e9sents, dont Xi Jinping, Vladimir Poutine et Narendra Modi, Faure Gnassingb\u00e9 a dress\u00e9 le constat d&rsquo;une red\u00e9finition des \u00e9quilibres mondiaux. Si l&rsquo;\u00e9mergence de nouveaux p\u00f4les d&rsquo;influence offre \u00e0 l&rsquo;Afrique l&rsquo;opportunit\u00e9 de diversifier ses partenariats et de r\u00e9duire ses d\u00e9pendances, le Pr\u00e9sident du conseil togolais a mis en garde contre les risques de fragmentation.<\/p>\n\n\n\n<p class=\"wp-block-paragraph\"><em>\u00ab&nbsp;Le monde change, de nouveaux centres de puissance \u00e9mergent, de nouveaux \u00e9quilibres \u00e9conomiques se dessinent, de nouvelles voix veulent \u00eatre entendues&nbsp;\u00bb,<\/em> a-t-il not\u00e9, avant de souligner <em>\u00ab&nbsp;la multipolarit\u00e9 doit nous donner davantage de choix et non cr\u00e9er de nouvelles divisions&nbsp;\u00bb.<\/em><\/p>\n\n\n<div class=\"wp-block-image\">\n<figure class=\"aligncenter size-large is-resized\"><img loading=\"lazy\" decoding=\"async\" width=\"1024\" height=\"683\" src=\"https:\/\/macite.tg\/wp-content\/uploads\/2026\/09\/04b01880-4e4a-4841-8d61-970c9a42f41b-1024x683.jpg\" alt=\"\" class=\"wp-image-33615\" style=\"aspect-ratio:1.499330655957162;width:723px;height:auto\" srcset=\"https:\/\/macite.tg\/wp-content\/uploads\/2026\/09\/04b01880-4e4a-4841-8d61-970c9a42f41b-1024x683.jpg 1024w, https:\/\/macite.tg\/wp-content\/uploads\/2026\/09\/04b01880-4e4a-4841-8d61-970c9a42f41b-300x200.jpg 300w, https:\/\/macite.tg\/wp-content\/uploads\/2026\/09\/04b01880-4e4a-4841-8d61-970c9a42f41b-767x512.jpg 767w, https:\/\/macite.tg\/wp-content\/uploads\/2026\/09\/04b01880-4e4a-4841-8d61-970c9a42f41b-650x434.jpg 650w, https:\/\/macite.tg\/wp-content\/uploads\/2026\/09\/04b01880-4e4a-4841-8d61-970c9a42f41b-729x486.jpg 729w, https:\/\/macite.tg\/wp-content\/uploads\/2026\/09\/04b01880-4e4a-4841-8d61-970c9a42f41b-112x75.jpg 112w, https:\/\/macite.tg\/wp-content\/uploads\/2026\/09\/04b01880-4e4a-4841-8d61-970c9a42f41b-424x283.jpg 424w, https:\/\/macite.tg\/wp-content\/uploads\/2026\/09\/04b01880-4e4a-4841-8d61-970c9a42f41b-711x474.jpg 711w, https:\/\/macite.tg\/wp-content\/uploads\/2026\/09\/04b01880-4e4a-4841-8d61-970c9a42f41b-599x400.jpg 599w, https:\/\/macite.tg\/wp-content\/uploads\/2026\/09\/04b01880-4e4a-4841-8d61-970c9a42f41b-430x287.jpg 430w, https:\/\/macite.tg\/wp-content\/uploads\/2026\/09\/04b01880-4e4a-4841-8d61-970c9a42f41b.jpg 1280w\" sizes=\"auto, (max-width: 1024px) 100vw, 1024px\" \/><\/figure>\n<\/div>\n\n\n<p class=\"wp-block-paragraph\">Selon le leader togolais, <em>\u00ab&nbsp;pour l\u2019Afrique, l\u2019\u00e9mergence de nouveaux partenaires est une opportunit\u00e9. Elle nous permet de diversifier nos relations, de r\u00e9duire certaines d\u00e9pendances et surtout de mieux choisir nos partenariats en fonction de nos propres priorit\u00e9s. Mais soyons lucides, davantage de p\u00f4les de puissance ne signifie pas automatiquement davantage de justice. La multipolarit\u00e9 peut aussi produire plus de rivalit\u00e9s, de fragmentation et de rapports de force&nbsp;\u00bb.<\/em><\/p>\n\n\n\n<p class=\"wp-block-paragraph\">Ainsi, selon Faure Gnassingb\u00e9, la diversification strat\u00e9gique devrait permettre aux nations africaines de choisir leurs alliances selon leurs propres priorit\u00e9s. Ceci, tout en \u00e9vitant de la cr\u00e9ation des blocs, de nouvelles fractures g\u00e9opolitiques antagonistes. Cela ne pourrait \u00eatre possible que gr\u00e2ce \u00e0 un cadre r\u00e9gulateur, associant la multipolarit\u00e9 \u00e0 des r\u00e8gles communes pour garantir l&rsquo;exercice souverain des choix de chaque \u00c9tat.<\/p>\n\n\n\n<p class=\"wp-block-paragraph\">Pour y parvenir, Faure Gnassingb\u00e9, semble avoir sa petite id\u00e9e&nbsp;: la r\u00e9forme des institutions internationales.<\/p>\n\n\n\n<p class=\"wp-block-paragraph\"><strong>La n\u00e9cessit\u00e9 de r\u00e9former les institutions internationales<\/strong><\/p>\n\n\n<div class=\"wp-block-image\">\n<figure class=\"aligncenter size-large is-resized\"><img loading=\"lazy\" decoding=\"async\" width=\"1024\" height=\"715\" src=\"https:\/\/macite.tg\/wp-content\/uploads\/2026\/09\/4b3b78d4-e8a6-484f-9dfa-4c3c1e961b89-1024x715.jpg\" alt=\"\" class=\"wp-image-33614\" style=\"aspect-ratio:1.432225063938619;width:476px;height:auto\" srcset=\"https:\/\/macite.tg\/wp-content\/uploads\/2026\/09\/4b3b78d4-e8a6-484f-9dfa-4c3c1e961b89-1024x715.jpg 1024w, https:\/\/macite.tg\/wp-content\/uploads\/2026\/09\/4b3b78d4-e8a6-484f-9dfa-4c3c1e961b89-767x536.jpg 767w, https:\/\/macite.tg\/wp-content\/uploads\/2026\/09\/4b3b78d4-e8a6-484f-9dfa-4c3c1e961b89-300x210.jpg 300w, https:\/\/macite.tg\/wp-content\/uploads\/2026\/09\/4b3b78d4-e8a6-484f-9dfa-4c3c1e961b89-697x487.jpg 697w, https:\/\/macite.tg\/wp-content\/uploads\/2026\/09\/4b3b78d4-e8a6-484f-9dfa-4c3c1e961b89-680x475.jpg 680w, https:\/\/macite.tg\/wp-content\/uploads\/2026\/09\/4b3b78d4-e8a6-484f-9dfa-4c3c1e961b89-572x400.jpg 572w, https:\/\/macite.tg\/wp-content\/uploads\/2026\/09\/4b3b78d4-e8a6-484f-9dfa-4c3c1e961b89-107x75.jpg 107w, https:\/\/macite.tg\/wp-content\/uploads\/2026\/09\/4b3b78d4-e8a6-484f-9dfa-4c3c1e961b89-621x434.jpg 621w, https:\/\/macite.tg\/wp-content\/uploads\/2026\/09\/4b3b78d4-e8a6-484f-9dfa-4c3c1e961b89-405x283.jpg 405w, https:\/\/macite.tg\/wp-content\/uploads\/2026\/09\/4b3b78d4-e8a6-484f-9dfa-4c3c1e961b89-410x286.jpg 410w, https:\/\/macite.tg\/wp-content\/uploads\/2026\/09\/4b3b78d4-e8a6-484f-9dfa-4c3c1e961b89.jpg 1280w\" sizes=\"auto, (max-width: 1024px) 100vw, 1024px\" \/><\/figure>\n<\/div>\n\n\n<p class=\"wp-block-paragraph\">Relevant que la paralysie r\u00e9currente des instances d\u00e9cisionnelles et l&rsquo;application \u00e0 g\u00e9om\u00e9trie variable des r\u00e8gles internationales affaiblissent la l\u00e9gitimit\u00e9 de l&rsquo;ONU notamment, le Pr\u00e9sident du conseil propose une r\u00e9forme, pure des institutions internationales, au premier rang desquelles l&rsquo;Organisation des Nations Unies, appara\u00eet comme une condition indispensable \u00e0 la stabilit\u00e9 globale.<\/p>\n\n\n\n<p class=\"wp-block-paragraph\">Cela permettra, selon lui, l\u2019inclusivit\u00e9 des organes de d\u00e9cision \u00e0 travers une int\u00e9gration pleine de l&rsquo;Afrique dans les instances dirigeantes pour garantir un ordre juste&nbsp;; une synergie r\u00e9gionale via une articulation plus efficacement de l&rsquo;action de l&rsquo;ONU avec l&rsquo;Union africaine et l&rsquo;OCS. Et au finish, le renforcement de la cr\u00e9dibilit\u00e9 du droit international, qui passe par l\u2019application des normes de mani\u00e8re uniforme, peu importe la crise.<\/p>\n\n\n\n<p class=\"wp-block-paragraph\"><strong>Autonomie \u00e9conomique et valorisation des ressources locales<\/strong><\/p>\n\n\n\n<p class=\"wp-block-paragraph\">Pour le Pr\u00e9sident du Conseil, la repr\u00e9sentativit\u00e9 politique doit s&rsquo;accompagner d&rsquo;une v\u00e9ritable souverainet\u00e9 \u00e9conomique. La gouvernance mondiale ne sera \u00e9quitable que si les pays du Sud disposent des moyens de financer leur propre d\u00e9veloppement.<\/p>\n\n\n<div class=\"wp-block-image\">\n<figure class=\"aligncenter size-large is-resized\"><img loading=\"lazy\" decoding=\"async\" width=\"1024\" height=\"683\" src=\"https:\/\/macite.tg\/wp-content\/uploads\/2026\/09\/b77c7c18-923e-49e3-b898-2fbfa4063b9e-1024x683.jpg\" alt=\"\" class=\"wp-image-33616\" style=\"aspect-ratio:1.499330655957162;width:660px;height:auto\" srcset=\"https:\/\/macite.tg\/wp-content\/uploads\/2026\/09\/b77c7c18-923e-49e3-b898-2fbfa4063b9e-1024x683.jpg 1024w, https:\/\/macite.tg\/wp-content\/uploads\/2026\/09\/b77c7c18-923e-49e3-b898-2fbfa4063b9e-300x200.jpg 300w, https:\/\/macite.tg\/wp-content\/uploads\/2026\/09\/b77c7c18-923e-49e3-b898-2fbfa4063b9e-650x434.jpg 650w, https:\/\/macite.tg\/wp-content\/uploads\/2026\/09\/b77c7c18-923e-49e3-b898-2fbfa4063b9e-729x486.jpg 729w, https:\/\/macite.tg\/wp-content\/uploads\/2026\/09\/b77c7c18-923e-49e3-b898-2fbfa4063b9e-711x474.jpg 711w, https:\/\/macite.tg\/wp-content\/uploads\/2026\/09\/b77c7c18-923e-49e3-b898-2fbfa4063b9e-767x512.jpg 767w, https:\/\/macite.tg\/wp-content\/uploads\/2026\/09\/b77c7c18-923e-49e3-b898-2fbfa4063b9e-112x75.jpg 112w, https:\/\/macite.tg\/wp-content\/uploads\/2026\/09\/b77c7c18-923e-49e3-b898-2fbfa4063b9e-424x283.jpg 424w, https:\/\/macite.tg\/wp-content\/uploads\/2026\/09\/b77c7c18-923e-49e3-b898-2fbfa4063b9e-599x400.jpg 599w, https:\/\/macite.tg\/wp-content\/uploads\/2026\/09\/b77c7c18-923e-49e3-b898-2fbfa4063b9e-430x287.jpg 430w, https:\/\/macite.tg\/wp-content\/uploads\/2026\/09\/b77c7c18-923e-49e3-b898-2fbfa4063b9e.jpg 1280w\" sizes=\"auto, (max-width: 1024px) 100vw, 1024px\" \/><\/figure>\n<\/div>\n\n\n<p class=\"wp-block-paragraph\">Il a pr\u00e9conis\u00e9 un mod\u00e8le de coop\u00e9ration ax\u00e9 sur l&rsquo;investissement productif, le transfert de technologies, le d\u00e9veloppement des infrastructures et la transformation locale des mati\u00e8res premi\u00e8res. Ce rapprochement renforc\u00e9 entre l&rsquo;Afrique, l&rsquo;Asie, l&rsquo;Europe et les Am\u00e9riques vise \u00e0 positionner le continent non plus comme un simple terrain d&rsquo;influence, mais comme un acteur central de la nouvelle \u00e9conomie mondiale.<\/p>\n\n\n\n<p class=\"wp-block-paragraph\"><strong>MC<\/strong><\/p>\n\n\n\n<p class=\"wp-block-paragraph\"><a><strong><em>@macite.tg&nbsp;&nbsp;&nbsp;&nbsp;&nbsp;&nbsp;&nbsp;&nbsp;<\/em><\/strong><\/a><\/p>\n\n\n\n<p class=\"wp-block-paragraph\"><strong><em>E-mail&nbsp;:<\/em><\/strong> <a href=\"mailto:maciteinfo@gmail.com\"><strong><em>maciteinfo@gmail.com<\/em><\/strong><\/a><strong><em>;<\/em><\/strong> <a href=\"mailto:bawela1@gmail.com\"><strong><em>bawela1@gmail.com<\/em><\/strong><\/a><strong><em><\/em><\/strong><\/p>\n\n\n\n<p class=\"wp-block-paragraph\"><strong><em>Pour vos annonces, publi-reportages, etc., joignez-nous au (00228)91515309\/<strong>79872224<\/strong> <strong><\/strong><\/em><\/strong><\/p>\n\n\n\n<p class=\"wp-block-paragraph\"><strong><em>www.macite.tg, L\u2019information, la bonne&nbsp;!<\/em><\/strong><\/p>\n\n\n\n<p class=\"wp-block-paragraph\"><\/p>\n","protected":false},"excerpt":{"rendered":"<p class=\"text-justify mb-2\" >Intervenant, le 1\u1d49\u02b3 septembre 2026 \u00e0 Bichkek, lors du 26\u1d49 sommet de l&rsquo;Organisation de coop\u00e9ration de Shanghai \u00e9largie (OCS+), le Pr\u00e9sident du Conseil, Faure Essozimna Gnassingb\u00e9, a partag\u00e9 une vision strat\u00e9gique sur la recomposition de l&rsquo;ordre international. Devant les dirigeants de l&rsquo;Eurasie et des pays [&hellip;]<\/p>\n","protected":false},"author":2,"featured_media":33613,"comment_status":"open","ping_status":"open","sticky":false,"template":"","format":"standard","meta":{"footnotes":""},"categories":[20,68],"tags":[],"class_list":["post-33612","post","type-post","status-publish","format-standard","has-post-thumbnail","hentry","category-actualite","category-gouvernance"],"yoast_head":"<!-- This site is optimized with the Yoast SEO plugin v28.4 - https:\/\/yoast.com\/product\/yoast-seo-wordpress\/ -->\n<title>SOMMET DE L\u2019OCS A BICHKEK\u00a0: Faure Gnassingb\u00e9, porte la voix de l\u2019Afrique, pour une r\u00e9forme de la gouvernance mondiale -<\/title>\n<meta name=\"robots\" content=\"index, follow, max-snippet:-1, max-image-preview:large, max-video-preview:-1\" \/>\n<link rel=\"canonical\" href=\"https:\/\/macite.tg\/?p=33612\" \/>\n<meta property=\"og:locale\" content=\"fr_FR\" \/>\n<meta property=\"og:type\" content=\"article\" \/>\n<meta property=\"og:title\" content=\"SOMMET DE L\u2019OCS A BICHKEK\u00a0: Faure Gnassingb\u00e9, porte la voix de l\u2019Afrique, pour une r\u00e9forme de la gouvernance mondiale -\" \/>\n<meta property=\"og:description\" content=\"Intervenant, le 1\u1d49\u02b3 septembre 2026 \u00e0 Bichkek, lors du 26\u1d49 sommet de l&rsquo;Organisation de coop\u00e9ration de Shanghai \u00e9largie (OCS+), le Pr\u00e9sident du Conseil, Faure Essozimna Gnassingb\u00e9, a partag\u00e9 une vision strat\u00e9gique sur la recomposition de l&rsquo;ordre international. Devant les dirigeants de l&rsquo;Eurasie et des pays [&hellip;]\" \/>\n<meta property=\"og:url\" content=\"https:\/\/macite.tg\/?p=33612\" \/>\n<meta property=\"article:published_time\" content=\"2026-09-02T11:50:10+00:00\" \/>\n<meta property=\"article:modified_time\" content=\"2026-09-02T11:50:17+00:00\" \/>\n<meta property=\"og:image\" content=\"https:\/\/macite.tg\/wp-content\/uploads\/2026\/09\/FEG-VOIX.jpg\" \/>\n\t<meta property=\"og:image:width\" content=\"500\" \/>\n\t<meta property=\"og:image:height\" content=\"334\" \/>\n\t<meta property=\"og:image:type\" content=\"image\/jpeg\" \/>\n<meta name=\"author\" content=\"Jean Pierre BAWELA\" \/>\n<meta name=\"twitter:card\" content=\"summary_large_image\" \/>\n<meta name=\"twitter:label1\" content=\"\u00c9crit par\" \/>\n\t<meta name=\"twitter:data1\" content=\"Jean Pierre BAWELA\" \/>\n\t<meta name=\"twitter:label2\" content=\"Dur\u00e9e de lecture estim\u00e9e\" \/>\n\t<meta name=\"twitter:data2\" content=\"4 minutes\" \/>\n<script type=\"application\/ld+json\" class=\"yoast-schema-graph\">{\"@context\":\"https:\\\/\\\/schema.org\",\"@graph\":[{\"@type\":\"Article\",\"@id\":\"https:\\\/\\\/macite.tg\\\/?p=33612#article\",\"isPartOf\":{\"@id\":\"https:\\\/\\\/macite.tg\\\/?p=33612\"},\"author\":{\"name\":\"Jean Pierre BAWELA\",\"@id\":\"https:\\\/\\\/macite.tg\\\/#\\\/schema\\\/person\\\/e9f2de7e5dbbe7770a9402c7ce82f5c2\"},\"headline\":\"SOMMET DE L\u2019OCS A BICHKEK\u00a0: Faure Gnassingb\u00e9, porte la voix de l\u2019Afrique, pour une r\u00e9forme de la gouvernance mondiale\",\"datePublished\":\"2026-09-02T11:50:10+00:00\",\"dateModified\":\"2026-09-02T11:50:17+00:00\",\"mainEntityOfPage\":{\"@id\":\"https:\\\/\\\/macite.tg\\\/?p=33612\"},\"wordCount\":665,\"commentCount\":0,\"image\":{\"@id\":\"https:\\\/\\\/macite.tg\\\/?p=33612#primaryimage\"},\"thumbnailUrl\":\"https:\\\/\\\/macite.tg\\\/wp-content\\\/uploads\\\/2026\\\/09\\\/FEG-VOIX.jpg\",\"articleSection\":[\"ACTUALITE\",\"GOUVERNANCE\"],\"inLanguage\":\"fr-FR\",\"potentialAction\":[{\"@type\":\"CommentAction\",\"name\":\"Comment\",\"target\":[\"https:\\\/\\\/macite.tg\\\/?p=33612#respond\"]}]},{\"@type\":\"WebPage\",\"@id\":\"https:\\\/\\\/macite.tg\\\/?p=33612\",\"url\":\"https:\\\/\\\/macite.tg\\\/?p=33612\",\"name\":\"SOMMET DE L\u2019OCS A BICHKEK\u00a0: Faure Gnassingb\u00e9, porte la voix de l\u2019Afrique, pour une r\u00e9forme de la gouvernance mondiale -\",\"isPartOf\":{\"@id\":\"https:\\\/\\\/macite.tg\\\/#website\"},\"primaryImageOfPage\":{\"@id\":\"https:\\\/\\\/macite.tg\\\/?p=33612#primaryimage\"},\"image\":{\"@id\":\"https:\\\/\\\/macite.tg\\\/?p=33612#primaryimage\"},\"thumbnailUrl\":\"https:\\\/\\\/macite.tg\\\/wp-content\\\/uploads\\\/2026\\\/09\\\/FEG-VOIX.jpg\",\"datePublished\":\"2026-09-02T11:50:10+00:00\",\"dateModified\":\"2026-09-02T11:50:17+00:00\",\"author\":{\"@id\":\"https:\\\/\\\/macite.tg\\\/#\\\/schema\\\/person\\\/e9f2de7e5dbbe7770a9402c7ce82f5c2\"},\"breadcrumb\":{\"@id\":\"https:\\\/\\\/macite.tg\\\/?p=33612#breadcrumb\"},\"inLanguage\":\"fr-FR\",\"potentialAction\":[{\"@type\":\"ReadAction\",\"target\":[\"https:\\\/\\\/macite.tg\\\/?p=33612\"]}]},{\"@type\":\"ImageObject\",\"inLanguage\":\"fr-FR\",\"@id\":\"https:\\\/\\\/macite.tg\\\/?p=33612#primaryimage\",\"url\":\"https:\\\/\\\/macite.tg\\\/wp-content\\\/uploads\\\/2026\\\/09\\\/FEG-VOIX.jpg\",\"contentUrl\":\"https:\\\/\\\/macite.tg\\\/wp-content\\\/uploads\\\/2026\\\/09\\\/FEG-VOIX.jpg\",\"width\":500,\"height\":334},{\"@type\":\"BreadcrumbList\",\"@id\":\"https:\\\/\\\/macite.tg\\\/?p=33612#breadcrumb\",\"itemListElement\":[{\"@type\":\"ListItem\",\"position\":1,\"name\":\"Accueil\",\"item\":\"https:\\\/\\\/macite.tg\\\/\"},{\"@type\":\"ListItem\",\"position\":2,\"name\":\"SOMMET DE L\u2019OCS A BICHKEK\u00a0: Faure Gnassingb\u00e9, porte la voix de l\u2019Afrique, pour une r\u00e9forme de la gouvernance mondiale\"}]},{\"@type\":\"WebSite\",\"@id\":\"https:\\\/\\\/macite.tg\\\/#website\",\"url\":\"https:\\\/\\\/macite.tg\\\/\",\"name\":\"\",\"description\":\"L&#039;information, la bonne!!!\",\"potentialAction\":[{\"@type\":\"SearchAction\",\"target\":{\"@type\":\"EntryPoint\",\"urlTemplate\":\"https:\\\/\\\/macite.tg\\\/?s={search_term_string}\"},\"query-input\":{\"@type\":\"PropertyValueSpecification\",\"valueRequired\":true,\"valueName\":\"search_term_string\"}}],\"inLanguage\":\"fr-FR\"},{\"@type\":\"Person\",\"@id\":\"https:\\\/\\\/macite.tg\\\/#\\\/schema\\\/person\\\/e9f2de7e5dbbe7770a9402c7ce82f5c2\",\"name\":\"Jean Pierre BAWELA\",\"image\":{\"@type\":\"ImageObject\",\"inLanguage\":\"fr-FR\",\"@id\":\"https:\\\/\\\/macite.tg\\\/wp-content\\\/uploads\\\/2023\\\/09\\\/WhatsApp-Image-2023-09-19-at-14.44.41-122x122.jpeg\",\"url\":\"https:\\\/\\\/macite.tg\\\/wp-content\\\/uploads\\\/2023\\\/09\\\/WhatsApp-Image-2023-09-19-at-14.44.41-122x122.jpeg\",\"contentUrl\":\"https:\\\/\\\/macite.tg\\\/wp-content\\\/uploads\\\/2023\\\/09\\\/WhatsApp-Image-2023-09-19-at-14.44.41-122x122.jpeg\",\"caption\":\"Jean Pierre BAWELA\"},\"url\":\"https:\\\/\\\/macite.tg\\\/?author=2\"}]}<\/script>\n<!-- \/ Yoast SEO plugin. -->","yoast_head_json":{"title":"SOMMET DE L\u2019OCS A BICHKEK\u00a0: Faure Gnassingb\u00e9, porte la voix de l\u2019Afrique, pour une r\u00e9forme de la gouvernance mondiale -","robots":{"index":"index","follow":"follow","max-snippet":"max-snippet:-1","max-image-preview":"max-image-preview:large","max-video-preview":"max-video-preview:-1"},"canonical":"https:\/\/macite.tg\/?p=33612","og_locale":"fr_FR","og_type":"article","og_title":"SOMMET DE L\u2019OCS A BICHKEK\u00a0: Faure Gnassingb\u00e9, porte la voix de l\u2019Afrique, pour une r\u00e9forme de la gouvernance mondiale -","og_description":"Intervenant, le 1\u1d49\u02b3 septembre 2026 \u00e0 Bichkek, lors du 26\u1d49 sommet de l&rsquo;Organisation de coop\u00e9ration de Shanghai \u00e9largie (OCS+), le Pr\u00e9sident du Conseil, Faure Essozimna Gnassingb\u00e9, a partag\u00e9 une vision strat\u00e9gique sur la recomposition de l&rsquo;ordre international. Devant les dirigeants de l&rsquo;Eurasie et des pays [&hellip;]","og_url":"https:\/\/macite.tg\/?p=33612","article_published_time":"2026-09-02T11:50:10+00:00","article_modified_time":"2026-09-02T11:50:17+00:00","og_image":[{"width":500,"height":334,"url":"https:\/\/macite.tg\/wp-content\/uploads\/2026\/09\/FEG-VOIX.jpg","type":"image\/jpeg"}],"author":"Jean Pierre BAWELA","twitter_card":"summary_large_image","twitter_misc":{"\u00c9crit par":"Jean Pierre BAWELA","Dur\u00e9e de lecture estim\u00e9e":"4 minutes"},"schema":{"@context":"https:\/\/schema.org","@graph":[{"@type":"Article","@id":"https:\/\/macite.tg\/?p=33612#article","isPartOf":{"@id":"https:\/\/macite.tg\/?p=33612"},"author":{"name":"Jean Pierre BAWELA","@id":"https:\/\/macite.tg\/#\/schema\/person\/e9f2de7e5dbbe7770a9402c7ce82f5c2"},"headline":"SOMMET DE L\u2019OCS A BICHKEK\u00a0: Faure Gnassingb\u00e9, porte la voix de l\u2019Afrique, pour une r\u00e9forme de la gouvernance mondiale","datePublished":"2026-09-02T11:50:10+00:00","dateModified":"2026-09-02T11:50:17+00:00","mainEntityOfPage":{"@id":"https:\/\/macite.tg\/?p=33612"},"wordCount":665,"commentCount":0,"image":{"@id":"https:\/\/macite.tg\/?p=33612#primaryimage"},"thumbnailUrl":"https:\/\/macite.tg\/wp-content\/uploads\/2026\/09\/FEG-VOIX.jpg","articleSection":["ACTUALITE","GOUVERNANCE"],"inLanguage":"fr-FR","potentialAction":[{"@type":"CommentAction","name":"Comment","target":["https:\/\/macite.tg\/?p=33612#respond"]}]},{"@type":"WebPage","@id":"https:\/\/macite.tg\/?p=33612","url":"https:\/\/macite.tg\/?p=33612","name":"SOMMET DE L\u2019OCS A BICHKEK\u00a0: Faure Gnassingb\u00e9, porte la voix de l\u2019Afrique, pour une r\u00e9forme de la gouvernance mondiale -","isPartOf":{"@id":"https:\/\/macite.tg\/#website"},"primaryImageOfPage":{"@id":"https:\/\/macite.tg\/?p=33612#primaryimage"},"image":{"@id":"https:\/\/macite.tg\/?p=33612#primaryimage"},"thumbnailUrl":"https:\/\/macite.tg\/wp-content\/uploads\/2026\/09\/FEG-VOIX.jpg","datePublished":"2026-09-02T11:50:10+00:00","dateModified":"2026-09-02T11:50:17+00:00","author":{"@id":"https:\/\/macite.tg\/#\/schema\/person\/e9f2de7e5dbbe7770a9402c7ce82f5c2"},"breadcrumb":{"@id":"https:\/\/macite.tg\/?p=33612#breadcrumb"},"inLanguage":"fr-FR","potentialAction":[{"@type":"ReadAction","target":["https:\/\/macite.tg\/?p=33612"]}]},{"@type":"ImageObject","inLanguage":"fr-FR","@id":"https:\/\/macite.tg\/?p=33612#primaryimage","url":"https:\/\/macite.tg\/wp-content\/uploads\/2026\/09\/FEG-VOIX.jpg","contentUrl":"https:\/\/macite.tg\/wp-content\/uploads\/2026\/09\/FEG-VOIX.jpg","width":500,"height":334},{"@type":"BreadcrumbList","@id":"https:\/\/macite.tg\/?p=33612#breadcrumb","itemListElement":[{"@type":"ListItem","position":1,"name":"Accueil","item":"https:\/\/macite.tg\/"},{"@type":"ListItem","position":2,"name":"SOMMET DE L\u2019OCS A BICHKEK\u00a0: Faure Gnassingb\u00e9, porte la voix de l\u2019Afrique, pour une r\u00e9forme de la gouvernance mondiale"}]},{"@type":"WebSite","@id":"https:\/\/macite.tg\/#website","url":"https:\/\/macite.tg\/","name":"","description":"L&#039;information, la bonne!!!","potentialAction":[{"@type":"SearchAction","target":{"@type":"EntryPoint","urlTemplate":"https:\/\/macite.tg\/?s={search_term_string}"},"query-input":{"@type":"PropertyValueSpecification","valueRequired":true,"valueName":"search_term_string"}}],"inLanguage":"fr-FR"},{"@type":"Person","@id":"https:\/\/macite.tg\/#\/schema\/person\/e9f2de7e5dbbe7770a9402c7ce82f5c2","name":"Jean Pierre BAWELA","image":{"@type":"ImageObject","inLanguage":"fr-FR","@id":"https:\/\/macite.tg\/wp-content\/uploads\/2023\/09\/WhatsApp-Image-2023-09-19-at-14.44.41-122x122.jpeg","url":"https:\/\/macite.tg\/wp-content\/uploads\/2023\/09\/WhatsApp-Image-2023-09-19-at-14.44.41-122x122.jpeg","contentUrl":"https:\/\/macite.tg\/wp-content\/uploads\/2023\/09\/WhatsApp-Image-2023-09-19-at-14.44.41-122x122.jpeg","caption":"Jean Pierre BAWELA"},"url":"https:\/\/macite.tg\/?author=2"}]}},"_links":{"self":[{"href":"https:\/\/macite.tg\/index.php?rest_route=\/wp\/v2\/posts\/33612","targetHints":{"allow":["GET"]}}],"collection":[{"href":"https:\/\/macite.tg\/index.php?rest_route=\/wp\/v2\/posts"}],"about":[{"href":"https:\/\/macite.tg\/index.php?rest_route=\/wp\/v2\/types\/post"}],"author":[{"embeddable":true,"href":"https:\/\/macite.tg\/index.php?rest_route=\/wp\/v2\/users\/2"}],"replies":[{"embeddable":true,"href":"https:\/\/macite.tg\/index.php?rest_route=%2Fwp%2Fv2%2Fcomments&post=33612"}],"version-history":[{"count":1,"href":"https:\/\/macite.tg\/index.php?rest_route=\/wp\/v2\/posts\/33612\/revisions"}],"predecessor-version":[{"id":33617,"href":"https:\/\/macite.tg\/index.php?rest_route=\/wp\/v2\/posts\/33612\/revisions\/33617"}],"wp:featuredmedia":[{"embeddable":true,"href":"https:\/\/macite.tg\/index.php?rest_route=\/wp\/v2\/media\/33613"}],"wp:attachment":[{"href":"https:\/\/macite.tg\/index.php?rest_route=%2Fwp%2Fv2%2Fmedia&parent=33612"}],"wp:term":[{"taxonomy":"category","embeddable":true,"href":"https:\/\/macite.tg\/index.php?rest_route=%2Fwp%2Fv2%2Fcategories&post=33612"},{"taxonomy":"post_tag","embeddable":true,"href":"https:\/\/macite.tg\/index.php?rest_route=%2Fwp%2Fv2%2Ftags&post=33612"}],"curies":[{"name":"wp","href":"https:\/\/api.w.org\/{rel}","templated":true}]}}