{"id":33603,"date":"2026-09-02T09:11:10","date_gmt":"2026-09-02T09:11:10","guid":{"rendered":"https:\/\/macite.tg\/?p=33603"},"modified":"2026-09-02T09:11:13","modified_gmt":"2026-09-02T09:11:13","slug":"diplomatie-le-togo-et-le-kirghizistan-renforcent-leur-partenariat-strategique-a-bichkek","status":"publish","type":"post","link":"https:\/\/macite.tg\/?p=33603","title":{"rendered":"DIPLOMATIE : Le Togo et le Kirghizistan renforcent leur partenariat strat\u00e9gique \u00e0 Bichkek"},"content":{"rendered":"\n<p class=\"wp-block-paragraph\"><strong><em>En s\u00e9jour \u00e0 Bichkek dans le cadre du 26\u1d49<\/em><\/strong> <strong><em>sommet de l\u2019Organisation de Coop\u00e9ration de Shanghai (OCS), le Pr\u00e9sident du Conseil, Faure Essozimna Gnassingb\u00e9, a eu un entretien bilat\u00e9ral avec son homologue kirghiz, Sadyr Japarov, le 31 ao\u00fbt 2026. Cette rencontre bilat\u00e9rale intervient quatre mois seulement apr\u00e8s la visite officielle du dirigeant togolais au Kirghizstan, illustrant la continuit\u00e9 et la dynamisation des relations diplomatiques entre Lom\u00e9 et Bichkek.<\/em><\/strong><\/p>\n\n\n\n<p class=\"wp-block-paragraph\">Les discussions entre les deux dirigeants et leurs d\u00e9l\u00e9gations ont port\u00e9 sur le suivi et l&rsquo;ex\u00e9cution concr\u00e8te des engagements pris le 29 avril 2026. L&rsquo;objectif est d&rsquo;acc\u00e9l\u00e9rer la concr\u00e9tisation des accords sign\u00e9s entre les deux hauts dirigeants pour g\u00e9n\u00e9rer un impact socio-\u00e9conomique rapide.<\/p>\n\n\n\n<p class=\"wp-block-paragraph\">Le Pr\u00e9sident Faure Gnassingb\u00e9 a exprim\u00e9 sa gratitude au chef de l&rsquo;\u00c9tat kirghiz pour l&rsquo;invitation au sommet de l&rsquo;OCS ainsi qu&rsquo;\u00e0 l&rsquo;ouverture des 6\u1d49 Jeux mondiaux des nomades, tout en saluant le leadership diplomatique de Sadyr Japarov.<\/p>\n\n\n<div class=\"wp-block-image\">\n<figure class=\"aligncenter size-large is-resized\"><img loading=\"lazy\" decoding=\"async\" width=\"1024\" height=\"683\" src=\"https:\/\/macite.tg\/wp-content\/uploads\/2026\/09\/646712c1-dcaa-4183-9a17-7d6b49f7f3c1-1024x683.jpg\" alt=\"\" class=\"wp-image-33608\" style=\"aspect-ratio:1.499330655957162;width:588px;height:auto\" srcset=\"https:\/\/macite.tg\/wp-content\/uploads\/2026\/09\/646712c1-dcaa-4183-9a17-7d6b49f7f3c1-1024x683.jpg 1024w, https:\/\/macite.tg\/wp-content\/uploads\/2026\/09\/646712c1-dcaa-4183-9a17-7d6b49f7f3c1-300x200.jpg 300w, https:\/\/macite.tg\/wp-content\/uploads\/2026\/09\/646712c1-dcaa-4183-9a17-7d6b49f7f3c1-729x486.jpg 729w, https:\/\/macite.tg\/wp-content\/uploads\/2026\/09\/646712c1-dcaa-4183-9a17-7d6b49f7f3c1-767x512.jpg 767w, https:\/\/macite.tg\/wp-content\/uploads\/2026\/09\/646712c1-dcaa-4183-9a17-7d6b49f7f3c1-711x474.jpg 711w, https:\/\/macite.tg\/wp-content\/uploads\/2026\/09\/646712c1-dcaa-4183-9a17-7d6b49f7f3c1-112x75.jpg 112w, https:\/\/macite.tg\/wp-content\/uploads\/2026\/09\/646712c1-dcaa-4183-9a17-7d6b49f7f3c1-650x434.jpg 650w, https:\/\/macite.tg\/wp-content\/uploads\/2026\/09\/646712c1-dcaa-4183-9a17-7d6b49f7f3c1-599x400.jpg 599w, https:\/\/macite.tg\/wp-content\/uploads\/2026\/09\/646712c1-dcaa-4183-9a17-7d6b49f7f3c1-424x283.jpg 424w, https:\/\/macite.tg\/wp-content\/uploads\/2026\/09\/646712c1-dcaa-4183-9a17-7d6b49f7f3c1-430x287.jpg 430w, https:\/\/macite.tg\/wp-content\/uploads\/2026\/09\/646712c1-dcaa-4183-9a17-7d6b49f7f3c1.jpg 1280w\" sizes=\"auto, (max-width: 1024px) 100vw, 1024px\" \/><\/figure>\n<\/div>\n\n\n<p class=\"wp-block-paragraph\"><em>\u00ab&nbsp;(\u2026) Monsieur le Pr\u00e9sident, je voudrais vous remercier du fond du c\u0153ur pour l\u2019honneur que vous nous faites de nous associer \u00e0 ce double \u00e9v\u00e9nement. D\u2019abord, l\u2019ouverture des Jeux ce soir et demain le sommet sur la Coop\u00e9ration de Shanghai. C\u2019est un succ\u00e8s diplomatique que nous saluons et nous savons que c\u2019est gr\u00e2ce \u00e0 votre leadership que ce succ\u00e8s a \u00e9t\u00e9 atteint&nbsp;\u00bb,<\/em> a d\u00e9clar\u00e9 Faure Essozimna Gnassingb\u00e9<\/p>\n\n\n\n<p class=\"wp-block-paragraph\">De son c\u00f4t\u00e9, le pr\u00e9sident kirghiz dit consid\u00e9rer le Togo comme un partenaire d&rsquo;avenir en Afrique. <em>\u00ab&nbsp;(\u2026)Nous consid\u00e9rons le Togo comme un partenaire prometteur en Afrique. Je saisis cette occasion pour vous exprimer, ainsi qu\u2019au peuple togolais, ma profonde gratitude pour votre soutien \u00e0 l\u2019\u00e9lection de la R\u00e9publique kirghize en tant que membre non permanent du Conseil de s\u00e9curit\u00e9 des Nations unies pour la p\u00e9riode 2027-2028&nbsp;\u00bb,<\/em> a expliqu\u00e9 le pr\u00e9sident kirghiz.<\/p>\n\n\n\n<p class=\"wp-block-paragraph\">Le pr\u00e9sident a notamment remerci\u00e9 le Togo pour son soutien d\u00e9cisif \u00e0 la candidature du Kirghizstan comme membre non permanent du Conseil de s\u00e9curit\u00e9 des Nations unies (2027-2028).<\/p>\n\n\n<div class=\"wp-block-image\">\n<figure class=\"aligncenter size-large is-resized\"><img loading=\"lazy\" decoding=\"async\" width=\"1024\" height=\"855\" src=\"https:\/\/macite.tg\/wp-content\/uploads\/2026\/09\/2e784ee4-ae56-48a2-b1ab-43b87a957060-1024x855.jpg\" alt=\"\" class=\"wp-image-33609\" style=\"aspect-ratio:1.197674159556219;width:536px;height:auto\" srcset=\"https:\/\/macite.tg\/wp-content\/uploads\/2026\/09\/2e784ee4-ae56-48a2-b1ab-43b87a957060-1024x855.jpg 1024w, https:\/\/macite.tg\/wp-content\/uploads\/2026\/09\/2e784ee4-ae56-48a2-b1ab-43b87a957060-300x250.jpg 300w, https:\/\/macite.tg\/wp-content\/uploads\/2026\/09\/2e784ee4-ae56-48a2-b1ab-43b87a957060-583x487.jpg 583w, https:\/\/macite.tg\/wp-content\/uploads\/2026\/09\/2e784ee4-ae56-48a2-b1ab-43b87a957060-568x474.jpg 568w, https:\/\/macite.tg\/wp-content\/uploads\/2026\/09\/2e784ee4-ae56-48a2-b1ab-43b87a957060-768x641.jpg 768w, https:\/\/macite.tg\/wp-content\/uploads\/2026\/09\/2e784ee4-ae56-48a2-b1ab-43b87a957060-519x433.jpg 519w, https:\/\/macite.tg\/wp-content\/uploads\/2026\/09\/2e784ee4-ae56-48a2-b1ab-43b87a957060-478x399.jpg 478w, https:\/\/macite.tg\/wp-content\/uploads\/2026\/09\/2e784ee4-ae56-48a2-b1ab-43b87a957060-89x74.jpg 89w, https:\/\/macite.tg\/wp-content\/uploads\/2026\/09\/2e784ee4-ae56-48a2-b1ab-43b87a957060-338x282.jpg 338w, https:\/\/macite.tg\/wp-content\/uploads\/2026\/09\/2e784ee4-ae56-48a2-b1ab-43b87a957060-634x529.jpg 634w, https:\/\/macite.tg\/wp-content\/uploads\/2026\/09\/2e784ee4-ae56-48a2-b1ab-43b87a957060-343x286.jpg 343w, https:\/\/macite.tg\/wp-content\/uploads\/2026\/09\/2e784ee4-ae56-48a2-b1ab-43b87a957060.jpg 1280w\" sizes=\"auto, (max-width: 1024px) 100vw, 1024px\" \/><\/figure>\n<\/div>\n\n\n<p class=\"wp-block-paragraph\"><em>\u00ab Votre visite en avril a contribu\u00e9 \u00e0 approfondir le dialogue politique et \u00e0 d\u00e9finir de nouveaux axes de coop\u00e9ration. Nous consid\u00e9rons le Togo comme un partenaire prometteur en Afrique. \u00bb<\/em>, a soulign\u00e9 le Pr\u00e9sident de la R\u00e9publique kirghize.<\/p>\n\n\n\n<p class=\"wp-block-paragraph\">Notons que ce rapprochement strat\u00e9gique vise la modernisation des institutions, le transfert de comp\u00e9tences et l&rsquo;ouverture de nouveaux march\u00e9s. D\u00e8s ce 1\u1d49\u02b3 septembre 2026, la participation du Pr\u00e9sident du Conseil aux travaux de l&rsquo;OCS offre une nouvelle tribune pour faire entendre la voix du Togo et du continent africain au sein des grandes instances d\u00e9cisionnelles d&rsquo;Eurasie.<\/p>\n\n\n\n<p class=\"wp-block-paragraph\"><strong>La R\u00e9daction<\/strong><\/p>\n\n\n\n<p class=\"wp-block-paragraph\"><a><strong><em>@macite.tg&nbsp;&nbsp;&nbsp;&nbsp;&nbsp;&nbsp;&nbsp;&nbsp;<\/em><\/strong><\/a><\/p>\n\n\n\n<p class=\"wp-block-paragraph\"><strong><em>E-mail&nbsp;:<\/em><\/strong> <a href=\"mailto:maciteinfo@gmail.com\"><strong><em>maciteinfo@gmail.com<\/em><\/strong><\/a><strong><em>;<\/em><\/strong> <a href=\"mailto:bawela1@gmail.com\"><strong><em>bawela1@gmail.com<\/em><\/strong><\/a><strong><em><\/em><\/strong><\/p>\n\n\n\n<p class=\"wp-block-paragraph\"><strong><em>Pour vos annonces, publi-reportages, etc., joignez-nous au (00228)91515309\/<strong>79872224<\/strong> <strong><\/strong><\/em><\/strong><\/p>\n\n\n\n<p class=\"wp-block-paragraph\"><strong><em>www.macite.tg, L\u2019information, la bonne&nbsp;!<\/em><\/strong><\/p>\n\n\n\n<p class=\"wp-block-paragraph\"><\/p>\n","protected":false},"excerpt":{"rendered":"<p class=\"text-justify mb-2\" >En s\u00e9jour \u00e0 Bichkek dans le cadre du 26\u1d49 sommet de l\u2019Organisation de Coop\u00e9ration de Shanghai (OCS), le Pr\u00e9sident du Conseil, Faure Essozimna Gnassingb\u00e9, a eu un entretien bilat\u00e9ral avec son homologue kirghiz, Sadyr Japarov, le 31 ao\u00fbt 2026. Cette rencontre bilat\u00e9rale intervient quatre mois [&hellip;]<\/p>\n","protected":false},"author":2,"featured_media":33606,"comment_status":"open","ping_status":"open","sticky":false,"template":"","format":"standard","meta":{"footnotes":""},"categories":[20,16],"tags":[],"class_list":["post-33603","post","type-post","status-publish","format-standard","has-post-thumbnail","hentry","category-actualite","category-cooperation"],"yoast_head":"<!-- This site is optimized with the Yoast SEO plugin v28.4 - https:\/\/yoast.com\/product\/yoast-seo-wordpress\/ -->\n<title>DIPLOMATIE : Le Togo et le Kirghizistan renforcent leur partenariat strat\u00e9gique \u00e0 Bichkek -<\/title>\n<meta name=\"robots\" content=\"index, follow, max-snippet:-1, max-image-preview:large, max-video-preview:-1\" \/>\n<link rel=\"canonical\" href=\"https:\/\/macite.tg\/?p=33603\" \/>\n<meta property=\"og:locale\" content=\"fr_FR\" \/>\n<meta property=\"og:type\" content=\"article\" \/>\n<meta property=\"og:title\" content=\"DIPLOMATIE : Le Togo et le Kirghizistan renforcent leur partenariat strat\u00e9gique \u00e0 Bichkek -\" \/>\n<meta property=\"og:description\" content=\"En s\u00e9jour \u00e0 Bichkek dans le cadre du 26\u1d49 sommet de l\u2019Organisation de Coop\u00e9ration de Shanghai (OCS), le Pr\u00e9sident du Conseil, Faure Essozimna Gnassingb\u00e9, a eu un entretien bilat\u00e9ral avec son homologue kirghiz, Sadyr Japarov, le 31 ao\u00fbt 2026. Cette rencontre bilat\u00e9rale intervient quatre mois [&hellip;]\" \/>\n<meta property=\"og:url\" content=\"https:\/\/macite.tg\/?p=33603\" \/>\n<meta property=\"article:published_time\" content=\"2026-09-02T09:11:10+00:00\" \/>\n<meta property=\"article:modified_time\" content=\"2026-09-02T09:11:13+00:00\" \/>\n<meta property=\"og:image\" content=\"https:\/\/macite.tg\/wp-content\/uploads\/2026\/09\/AAA.jpg\" \/>\n\t<meta property=\"og:image:width\" content=\"500\" \/>\n\t<meta property=\"og:image:height\" content=\"330\" \/>\n\t<meta property=\"og:image:type\" content=\"image\/jpeg\" \/>\n<meta name=\"author\" content=\"Jean Pierre BAWELA\" \/>\n<meta name=\"twitter:card\" content=\"summary_large_image\" \/>\n<meta name=\"twitter:label1\" content=\"\u00c9crit par\" \/>\n\t<meta name=\"twitter:data1\" content=\"Jean Pierre BAWELA\" \/>\n\t<meta name=\"twitter:label2\" content=\"Dur\u00e9e de lecture estim\u00e9e\" \/>\n\t<meta name=\"twitter:data2\" content=\"3 minutes\" \/>\n<script type=\"application\/ld+json\" class=\"yoast-schema-graph\">{\"@context\":\"https:\\\/\\\/schema.org\",\"@graph\":[{\"@type\":\"Article\",\"@id\":\"https:\\\/\\\/macite.tg\\\/?p=33603#article\",\"isPartOf\":{\"@id\":\"https:\\\/\\\/macite.tg\\\/?p=33603\"},\"author\":{\"name\":\"Jean Pierre BAWELA\",\"@id\":\"https:\\\/\\\/macite.tg\\\/#\\\/schema\\\/person\\\/e9f2de7e5dbbe7770a9402c7ce82f5c2\"},\"headline\":\"DIPLOMATIE : Le Togo et le Kirghizistan renforcent leur partenariat strat\u00e9gique \u00e0 Bichkek\",\"datePublished\":\"2026-09-02T09:11:10+00:00\",\"dateModified\":\"2026-09-02T09:11:13+00:00\",\"mainEntityOfPage\":{\"@id\":\"https:\\\/\\\/macite.tg\\\/?p=33603\"},\"wordCount\":511,\"commentCount\":0,\"image\":{\"@id\":\"https:\\\/\\\/macite.tg\\\/?p=33603#primaryimage\"},\"thumbnailUrl\":\"https:\\\/\\\/macite.tg\\\/wp-content\\\/uploads\\\/2026\\\/09\\\/AAA.jpg\",\"articleSection\":[\"ACTUALITE\",\"COOPERATION\"],\"inLanguage\":\"fr-FR\",\"potentialAction\":[{\"@type\":\"CommentAction\",\"name\":\"Comment\",\"target\":[\"https:\\\/\\\/macite.tg\\\/?p=33603#respond\"]}]},{\"@type\":\"WebPage\",\"@id\":\"https:\\\/\\\/macite.tg\\\/?p=33603\",\"url\":\"https:\\\/\\\/macite.tg\\\/?p=33603\",\"name\":\"DIPLOMATIE : Le Togo et le Kirghizistan renforcent leur partenariat strat\u00e9gique \u00e0 Bichkek -\",\"isPartOf\":{\"@id\":\"https:\\\/\\\/macite.tg\\\/#website\"},\"primaryImageOfPage\":{\"@id\":\"https:\\\/\\\/macite.tg\\\/?p=33603#primaryimage\"},\"image\":{\"@id\":\"https:\\\/\\\/macite.tg\\\/?p=33603#primaryimage\"},\"thumbnailUrl\":\"https:\\\/\\\/macite.tg\\\/wp-content\\\/uploads\\\/2026\\\/09\\\/AAA.jpg\",\"datePublished\":\"2026-09-02T09:11:10+00:00\",\"dateModified\":\"2026-09-02T09:11:13+00:00\",\"author\":{\"@id\":\"https:\\\/\\\/macite.tg\\\/#\\\/schema\\\/person\\\/e9f2de7e5dbbe7770a9402c7ce82f5c2\"},\"breadcrumb\":{\"@id\":\"https:\\\/\\\/macite.tg\\\/?p=33603#breadcrumb\"},\"inLanguage\":\"fr-FR\",\"potentialAction\":[{\"@type\":\"ReadAction\",\"target\":[\"https:\\\/\\\/macite.tg\\\/?p=33603\"]}]},{\"@type\":\"ImageObject\",\"inLanguage\":\"fr-FR\",\"@id\":\"https:\\\/\\\/macite.tg\\\/?p=33603#primaryimage\",\"url\":\"https:\\\/\\\/macite.tg\\\/wp-content\\\/uploads\\\/2026\\\/09\\\/AAA.jpg\",\"contentUrl\":\"https:\\\/\\\/macite.tg\\\/wp-content\\\/uploads\\\/2026\\\/09\\\/AAA.jpg\",\"width\":500,\"height\":330},{\"@type\":\"BreadcrumbList\",\"@id\":\"https:\\\/\\\/macite.tg\\\/?p=33603#breadcrumb\",\"itemListElement\":[{\"@type\":\"ListItem\",\"position\":1,\"name\":\"Accueil\",\"item\":\"https:\\\/\\\/macite.tg\\\/\"},{\"@type\":\"ListItem\",\"position\":2,\"name\":\"DIPLOMATIE : Le Togo et le Kirghizistan renforcent leur partenariat strat\u00e9gique \u00e0 Bichkek\"}]},{\"@type\":\"WebSite\",\"@id\":\"https:\\\/\\\/macite.tg\\\/#website\",\"url\":\"https:\\\/\\\/macite.tg\\\/\",\"name\":\"\",\"description\":\"L&#039;information, la bonne!!!\",\"potentialAction\":[{\"@type\":\"SearchAction\",\"target\":{\"@type\":\"EntryPoint\",\"urlTemplate\":\"https:\\\/\\\/macite.tg\\\/?s={search_term_string}\"},\"query-input\":{\"@type\":\"PropertyValueSpecification\",\"valueRequired\":true,\"valueName\":\"search_term_string\"}}],\"inLanguage\":\"fr-FR\"},{\"@type\":\"Person\",\"@id\":\"https:\\\/\\\/macite.tg\\\/#\\\/schema\\\/person\\\/e9f2de7e5dbbe7770a9402c7ce82f5c2\",\"name\":\"Jean Pierre BAWELA\",\"image\":{\"@type\":\"ImageObject\",\"inLanguage\":\"fr-FR\",\"@id\":\"https:\\\/\\\/macite.tg\\\/wp-content\\\/uploads\\\/2023\\\/09\\\/WhatsApp-Image-2023-09-19-at-14.44.41-122x122.jpeg\",\"url\":\"https:\\\/\\\/macite.tg\\\/wp-content\\\/uploads\\\/2023\\\/09\\\/WhatsApp-Image-2023-09-19-at-14.44.41-122x122.jpeg\",\"contentUrl\":\"https:\\\/\\\/macite.tg\\\/wp-content\\\/uploads\\\/2023\\\/09\\\/WhatsApp-Image-2023-09-19-at-14.44.41-122x122.jpeg\",\"caption\":\"Jean Pierre BAWELA\"},\"url\":\"https:\\\/\\\/macite.tg\\\/?author=2\"}]}<\/script>\n<!-- \/ Yoast SEO plugin. -->","yoast_head_json":{"title":"DIPLOMATIE : Le Togo et le Kirghizistan renforcent leur partenariat strat\u00e9gique \u00e0 Bichkek -","robots":{"index":"index","follow":"follow","max-snippet":"max-snippet:-1","max-image-preview":"max-image-preview:large","max-video-preview":"max-video-preview:-1"},"canonical":"https:\/\/macite.tg\/?p=33603","og_locale":"fr_FR","og_type":"article","og_title":"DIPLOMATIE : Le Togo et le Kirghizistan renforcent leur partenariat strat\u00e9gique \u00e0 Bichkek -","og_description":"En s\u00e9jour \u00e0 Bichkek dans le cadre du 26\u1d49 sommet de l\u2019Organisation de Coop\u00e9ration de Shanghai (OCS), le Pr\u00e9sident du Conseil, Faure Essozimna Gnassingb\u00e9, a eu un entretien bilat\u00e9ral avec son homologue kirghiz, Sadyr Japarov, le 31 ao\u00fbt 2026. Cette rencontre bilat\u00e9rale intervient quatre mois [&hellip;]","og_url":"https:\/\/macite.tg\/?p=33603","article_published_time":"2026-09-02T09:11:10+00:00","article_modified_time":"2026-09-02T09:11:13+00:00","og_image":[{"width":500,"height":330,"url":"https:\/\/macite.tg\/wp-content\/uploads\/2026\/09\/AAA.jpg","type":"image\/jpeg"}],"author":"Jean Pierre BAWELA","twitter_card":"summary_large_image","twitter_misc":{"\u00c9crit par":"Jean Pierre BAWELA","Dur\u00e9e de lecture estim\u00e9e":"3 minutes"},"schema":{"@context":"https:\/\/schema.org","@graph":[{"@type":"Article","@id":"https:\/\/macite.tg\/?p=33603#article","isPartOf":{"@id":"https:\/\/macite.tg\/?p=33603"},"author":{"name":"Jean Pierre BAWELA","@id":"https:\/\/macite.tg\/#\/schema\/person\/e9f2de7e5dbbe7770a9402c7ce82f5c2"},"headline":"DIPLOMATIE : Le Togo et le Kirghizistan renforcent leur partenariat strat\u00e9gique \u00e0 Bichkek","datePublished":"2026-09-02T09:11:10+00:00","dateModified":"2026-09-02T09:11:13+00:00","mainEntityOfPage":{"@id":"https:\/\/macite.tg\/?p=33603"},"wordCount":511,"commentCount":0,"image":{"@id":"https:\/\/macite.tg\/?p=33603#primaryimage"},"thumbnailUrl":"https:\/\/macite.tg\/wp-content\/uploads\/2026\/09\/AAA.jpg","articleSection":["ACTUALITE","COOPERATION"],"inLanguage":"fr-FR","potentialAction":[{"@type":"CommentAction","name":"Comment","target":["https:\/\/macite.tg\/?p=33603#respond"]}]},{"@type":"WebPage","@id":"https:\/\/macite.tg\/?p=33603","url":"https:\/\/macite.tg\/?p=33603","name":"DIPLOMATIE : Le Togo et le Kirghizistan renforcent leur partenariat strat\u00e9gique \u00e0 Bichkek -","isPartOf":{"@id":"https:\/\/macite.tg\/#website"},"primaryImageOfPage":{"@id":"https:\/\/macite.tg\/?p=33603#primaryimage"},"image":{"@id":"https:\/\/macite.tg\/?p=33603#primaryimage"},"thumbnailUrl":"https:\/\/macite.tg\/wp-content\/uploads\/2026\/09\/AAA.jpg","datePublished":"2026-09-02T09:11:10+00:00","dateModified":"2026-09-02T09:11:13+00:00","author":{"@id":"https:\/\/macite.tg\/#\/schema\/person\/e9f2de7e5dbbe7770a9402c7ce82f5c2"},"breadcrumb":{"@id":"https:\/\/macite.tg\/?p=33603#breadcrumb"},"inLanguage":"fr-FR","potentialAction":[{"@type":"ReadAction","target":["https:\/\/macite.tg\/?p=33603"]}]},{"@type":"ImageObject","inLanguage":"fr-FR","@id":"https:\/\/macite.tg\/?p=33603#primaryimage","url":"https:\/\/macite.tg\/wp-content\/uploads\/2026\/09\/AAA.jpg","contentUrl":"https:\/\/macite.tg\/wp-content\/uploads\/2026\/09\/AAA.jpg","width":500,"height":330},{"@type":"BreadcrumbList","@id":"https:\/\/macite.tg\/?p=33603#breadcrumb","itemListElement":[{"@type":"ListItem","position":1,"name":"Accueil","item":"https:\/\/macite.tg\/"},{"@type":"ListItem","position":2,"name":"DIPLOMATIE : Le Togo et le Kirghizistan renforcent leur partenariat strat\u00e9gique \u00e0 Bichkek"}]},{"@type":"WebSite","@id":"https:\/\/macite.tg\/#website","url":"https:\/\/macite.tg\/","name":"","description":"L&#039;information, la bonne!!!","potentialAction":[{"@type":"SearchAction","target":{"@type":"EntryPoint","urlTemplate":"https:\/\/macite.tg\/?s={search_term_string}"},"query-input":{"@type":"PropertyValueSpecification","valueRequired":true,"valueName":"search_term_string"}}],"inLanguage":"fr-FR"},{"@type":"Person","@id":"https:\/\/macite.tg\/#\/schema\/person\/e9f2de7e5dbbe7770a9402c7ce82f5c2","name":"Jean Pierre BAWELA","image":{"@type":"ImageObject","inLanguage":"fr-FR","@id":"https:\/\/macite.tg\/wp-content\/uploads\/2023\/09\/WhatsApp-Image-2023-09-19-at-14.44.41-122x122.jpeg","url":"https:\/\/macite.tg\/wp-content\/uploads\/2023\/09\/WhatsApp-Image-2023-09-19-at-14.44.41-122x122.jpeg","contentUrl":"https:\/\/macite.tg\/wp-content\/uploads\/2023\/09\/WhatsApp-Image-2023-09-19-at-14.44.41-122x122.jpeg","caption":"Jean Pierre BAWELA"},"url":"https:\/\/macite.tg\/?author=2"}]}},"_links":{"self":[{"href":"https:\/\/macite.tg\/index.php?rest_route=\/wp\/v2\/posts\/33603","targetHints":{"allow":["GET"]}}],"collection":[{"href":"https:\/\/macite.tg\/index.php?rest_route=\/wp\/v2\/posts"}],"about":[{"href":"https:\/\/macite.tg\/index.php?rest_route=\/wp\/v2\/types\/post"}],"author":[{"embeddable":true,"href":"https:\/\/macite.tg\/index.php?rest_route=\/wp\/v2\/users\/2"}],"replies":[{"embeddable":true,"href":"https:\/\/macite.tg\/index.php?rest_route=%2Fwp%2Fv2%2Fcomments&post=33603"}],"version-history":[{"count":1,"href":"https:\/\/macite.tg\/index.php?rest_route=\/wp\/v2\/posts\/33603\/revisions"}],"predecessor-version":[{"id":33610,"href":"https:\/\/macite.tg\/index.php?rest_route=\/wp\/v2\/posts\/33603\/revisions\/33610"}],"wp:featuredmedia":[{"embeddable":true,"href":"https:\/\/macite.tg\/index.php?rest_route=\/wp\/v2\/media\/33606"}],"wp:attachment":[{"href":"https:\/\/macite.tg\/index.php?rest_route=%2Fwp%2Fv2%2Fmedia&parent=33603"}],"wp:term":[{"taxonomy":"category","embeddable":true,"href":"https:\/\/macite.tg\/index.php?rest_route=%2Fwp%2Fv2%2Fcategories&post=33603"},{"taxonomy":"post_tag","embeddable":true,"href":"https:\/\/macite.tg\/index.php?rest_route=%2Fwp%2Fv2%2Ftags&post=33603"}],"curies":[{"name":"wp","href":"https:\/\/api.w.org\/{rel}","templated":true}]}}