{"id":33591,"date":"2026-09-02T07:35:28","date_gmt":"2026-09-02T07:35:28","guid":{"rendered":"https:\/\/macite.tg\/?p=33591"},"modified":"2026-09-02T08:23:41","modified_gmt":"2026-09-02T08:23:41","slug":"bassar-la-commune-de-bassar-1-celebre-lexcellence-scolaire-avant-la-fete-des-ignames","status":"publish","type":"post","link":"https:\/\/macite.tg\/?p=33591","title":{"rendered":"BASSAR : La commune de Bassar 1 c\u00e9l\u00e8bre l\u2019excellence scolaire \u2026"},"content":{"rendered":"\n<p class=\"wp-block-paragraph\"><strong><em>\u00c0 l\u2019approche de la f\u00eate des ignames dans le Grand Bassar, \u00e9dition 2026, la commune de Bassar 1 a choisi de placer l\u2019excellence scolaire au c\u0153ur du lancement des festivit\u00e9s. Une c\u00e9r\u00e9monie de r\u00e9compense des meilleurs \u00e9l\u00e8ves de l\u2019ann\u00e9e scolaire 2025-2026 s\u2019est tenue, mardi 1er septembre, au Centre culturel de Bassar, en pr\u00e9sence des parents, des cadres de la localit\u00e9 et des autorit\u00e9s municipales.<\/em><\/strong><\/p>\n\n\n\n<p class=\"wp-block-paragraph\">Initi\u00e9e par la mairie de Bassar 1 en collaboration avec les cadres de Bassar, cette initiative a permis de distinguer vingt \u00e9l\u00e8ves, \u00e0 raison de cinq meilleurs \u00e9l\u00e8ves pour chacun des niveaux d\u2019examen concern\u00e9s : CEPD, BEPC, Probatoire et BAC 2.<\/p>\n\n\n<div class=\"wp-block-image\">\n<figure class=\"aligncenter size-large is-resized\"><img loading=\"lazy\" decoding=\"async\" width=\"1024\" height=\"574\" src=\"https:\/\/macite.tg\/wp-content\/uploads\/2026\/09\/610a9420-9b87-4b17-8471-bf5170f81e66-1024x574.jpg\" alt=\"\" class=\"wp-image-33594\" style=\"aspect-ratio:1.7840313267405588;width:631px;height:auto\" srcset=\"https:\/\/macite.tg\/wp-content\/uploads\/2026\/09\/610a9420-9b87-4b17-8471-bf5170f81e66-1024x574.jpg 1024w, https:\/\/macite.tg\/wp-content\/uploads\/2026\/09\/610a9420-9b87-4b17-8471-bf5170f81e66-300x168.jpg 300w, https:\/\/macite.tg\/wp-content\/uploads\/2026\/09\/610a9420-9b87-4b17-8471-bf5170f81e66-768x430.jpg 768w, https:\/\/macite.tg\/wp-content\/uploads\/2026\/09\/610a9420-9b87-4b17-8471-bf5170f81e66-847x474.jpg 847w, https:\/\/macite.tg\/wp-content\/uploads\/2026\/09\/610a9420-9b87-4b17-8471-bf5170f81e66.jpg 1080w\" sizes=\"auto, (max-width: 1024px) 100vw, 1024px\" \/><\/figure>\n<\/div>\n\n\n<p class=\"wp-block-paragraph\">\u00c0 travers cette action, les autorit\u00e9s municipales et les cadres de Bassar entendent encourager la culture de l\u2019excellence et stimuler la performance scolaire dans les \u00e9tablissements de la commune. Cette d\u00e9marche vise \u00e9galement \u00e0 cr\u00e9er une saine \u00e9mulation entre les apprenants et \u00e0 valoriser les efforts consentis par les \u00e9l\u00e8ves tout au long de leur parcours.<\/p>\n\n\n\n<p class=\"wp-block-paragraph\">Les laur\u00e9ats ont re\u00e7u des enveloppes financi\u00e8res ainsi que des kits de fournitures scolaires. Visiblement heureux aux c\u00f4t\u00e9s de leurs parents, les b\u00e9n\u00e9ficiaires ont exprim\u00e9 leur reconnaissance aux initiateurs et se sont engag\u00e9s \u00e0 faire bon usage des r\u00e9compenses. Ils ont \u00e9galement promis de redoubler d\u2019efforts pour poursuivre leur parcours scolaire et universitaire avec davantage de d\u00e9termination.<\/p>\n\n\n\n<p class=\"wp-block-paragraph\">Cette c\u00e9l\u00e9bration de l\u2019excellence intervient dans un contexte o\u00f9 les performances scolaires enregistr\u00e9es dans la commune de Bassar 1 sont jug\u00e9es encourageantes. Selon les statistiques de l\u2019Inspection de l\u2019enseignement du second degr\u00e9, le taux de r\u00e9ussite s\u2019\u00e9tablit \u00e0 44,83 % au BEPC, 79,18 % au BAC 1 et 78,67 % au BAC 2.<\/p>\n\n\n<div class=\"wp-block-image\">\n<figure class=\"aligncenter size-large is-resized\"><img loading=\"lazy\" decoding=\"async\" width=\"1024\" height=\"574\" src=\"https:\/\/macite.tg\/wp-content\/uploads\/2026\/09\/c61964fd-8f10-4bff-a0f1-73127826b866-1024x574.jpg\" alt=\"\" class=\"wp-image-33595\" style=\"aspect-ratio:1.7840313267405588;width:690px;height:auto\" srcset=\"https:\/\/macite.tg\/wp-content\/uploads\/2026\/09\/c61964fd-8f10-4bff-a0f1-73127826b866-1024x574.jpg 1024w, https:\/\/macite.tg\/wp-content\/uploads\/2026\/09\/c61964fd-8f10-4bff-a0f1-73127826b866-300x168.jpg 300w, https:\/\/macite.tg\/wp-content\/uploads\/2026\/09\/c61964fd-8f10-4bff-a0f1-73127826b866-768x430.jpg 768w, https:\/\/macite.tg\/wp-content\/uploads\/2026\/09\/c61964fd-8f10-4bff-a0f1-73127826b866-847x474.jpg 847w, https:\/\/macite.tg\/wp-content\/uploads\/2026\/09\/c61964fd-8f10-4bff-a0f1-73127826b866.jpg 1080w\" sizes=\"auto, (max-width: 1024px) 100vw, 1024px\" \/><\/figure>\n<\/div>\n\n\n<p class=\"wp-block-paragraph\">Au-del\u00e0 de la r\u00e9compense individuelle des meilleurs \u00e9l\u00e8ves, l\u2019initiative appara\u00eet ainsi comme un signal fort en faveur de l\u2019investissement dans l\u2019\u00e9ducation et de la valorisation du m\u00e9rite. En pr\u00e9lude \u00e0 la f\u00eate des ignames, Bassar 1 entend donc c\u00e9l\u00e9brer non seulement ses traditions culturelles, mais \u00e9galement une jeunesse appel\u00e9e \u00e0 porter les ambitions de d\u00e9veloppement de la commune.<\/p>\n\n\n\n<p class=\"wp-block-paragraph\"><strong>T.B.<\/strong><\/p>\n\n\n\n<p class=\"wp-block-paragraph\"><a><strong><em>@macite.tg&nbsp;&nbsp;&nbsp;&nbsp;&nbsp;&nbsp;&nbsp;&nbsp;<\/em><\/strong><\/a><\/p>\n\n\n\n<p class=\"wp-block-paragraph\"><strong><em>E-mail&nbsp;:<\/em><\/strong> <a href=\"mailto:maciteinfo@gmail.com\"><strong><em>maciteinfo@gmail.com<\/em><\/strong><\/a><strong><em>;<\/em><\/strong> <a href=\"mailto:bawela1@gmail.com\"><strong><em>bawela1@gmail.com<\/em><\/strong><\/a><strong><em><\/em><\/strong><\/p>\n\n\n\n<p class=\"wp-block-paragraph\"><strong><em>Pour vos annonces, publi-reportages, etc., joignez-nous au (00228)91515309\/<strong>79872224<\/strong> <strong><\/strong><\/em><\/strong><\/p>\n\n\n\n<p class=\"wp-block-paragraph\"><strong><em>www.macite.tg, L\u2019information, la bonne&nbsp;!<\/em><\/strong><\/p>\n\n\n\n<p class=\"wp-block-paragraph\"><\/p>\n","protected":false},"excerpt":{"rendered":"<p class=\"text-justify mb-2\" >\u00c0 l\u2019approche de la f\u00eate des ignames dans le Grand Bassar, \u00e9dition 2026, la commune de Bassar 1 a choisi de placer l\u2019excellence scolaire au c\u0153ur du lancement des festivit\u00e9s. Une c\u00e9r\u00e9monie de r\u00e9compense des meilleurs \u00e9l\u00e8ves de l\u2019ann\u00e9e scolaire 2025-2026 s\u2019est tenue, mardi 1er [&hellip;]<\/p>\n","protected":false},"author":2,"featured_media":33592,"comment_status":"open","ping_status":"open","sticky":false,"template":"","format":"standard","meta":{"footnotes":""},"categories":[20,4],"tags":[],"class_list":["post-33591","post","type-post","status-publish","format-standard","has-post-thumbnail","hentry","category-actualite","category-education"],"yoast_head":"<!-- This site is optimized with the Yoast SEO plugin v28.4 - https:\/\/yoast.com\/product\/yoast-seo-wordpress\/ -->\n<title>BASSAR : La commune de Bassar 1 c\u00e9l\u00e8bre l\u2019excellence scolaire \u2026 -<\/title>\n<meta name=\"robots\" content=\"index, follow, max-snippet:-1, max-image-preview:large, max-video-preview:-1\" \/>\n<link rel=\"canonical\" href=\"https:\/\/macite.tg\/?p=33591\" \/>\n<meta property=\"og:locale\" content=\"fr_FR\" \/>\n<meta property=\"og:type\" content=\"article\" \/>\n<meta property=\"og:title\" content=\"BASSAR : La commune de Bassar 1 c\u00e9l\u00e8bre l\u2019excellence scolaire \u2026 -\" \/>\n<meta property=\"og:description\" content=\"\u00c0 l\u2019approche de la f\u00eate des ignames dans le Grand Bassar, \u00e9dition 2026, la commune de Bassar 1 a choisi de placer l\u2019excellence scolaire au c\u0153ur du lancement des festivit\u00e9s. Une c\u00e9r\u00e9monie de r\u00e9compense des meilleurs \u00e9l\u00e8ves de l\u2019ann\u00e9e scolaire 2025-2026 s\u2019est tenue, mardi 1er [&hellip;]\" \/>\n<meta property=\"og:url\" content=\"https:\/\/macite.tg\/?p=33591\" \/>\n<meta property=\"article:published_time\" content=\"2026-09-02T07:35:28+00:00\" \/>\n<meta property=\"article:modified_time\" content=\"2026-09-02T08:23:41+00:00\" \/>\n<meta property=\"og:image\" content=\"https:\/\/macite.tg\/wp-content\/uploads\/2026\/09\/bassaar.jpg\" \/>\n\t<meta property=\"og:image:width\" content=\"500\" \/>\n\t<meta property=\"og:image:height\" content=\"227\" \/>\n\t<meta property=\"og:image:type\" content=\"image\/jpeg\" \/>\n<meta name=\"author\" content=\"Jean Pierre BAWELA\" \/>\n<meta name=\"twitter:card\" content=\"summary_large_image\" \/>\n<meta name=\"twitter:label1\" content=\"\u00c9crit par\" \/>\n\t<meta name=\"twitter:data1\" content=\"Jean Pierre BAWELA\" \/>\n\t<meta name=\"twitter:label2\" content=\"Dur\u00e9e de lecture estim\u00e9e\" \/>\n\t<meta name=\"twitter:data2\" content=\"3 minutes\" \/>\n<script type=\"application\/ld+json\" class=\"yoast-schema-graph\">{\"@context\":\"https:\\\/\\\/schema.org\",\"@graph\":[{\"@type\":\"Article\",\"@id\":\"https:\\\/\\\/macite.tg\\\/?p=33591#article\",\"isPartOf\":{\"@id\":\"https:\\\/\\\/macite.tg\\\/?p=33591\"},\"author\":{\"name\":\"Jean Pierre BAWELA\",\"@id\":\"https:\\\/\\\/macite.tg\\\/#\\\/schema\\\/person\\\/e9f2de7e5dbbe7770a9402c7ce82f5c2\"},\"headline\":\"BASSAR : La commune de Bassar 1 c\u00e9l\u00e8bre l\u2019excellence scolaire \u2026\",\"datePublished\":\"2026-09-02T07:35:28+00:00\",\"dateModified\":\"2026-09-02T08:23:41+00:00\",\"mainEntityOfPage\":{\"@id\":\"https:\\\/\\\/macite.tg\\\/?p=33591\"},\"wordCount\":408,\"commentCount\":0,\"image\":{\"@id\":\"https:\\\/\\\/macite.tg\\\/?p=33591#primaryimage\"},\"thumbnailUrl\":\"https:\\\/\\\/macite.tg\\\/wp-content\\\/uploads\\\/2026\\\/09\\\/bassaar.jpg\",\"articleSection\":[\"ACTUALITE\",\"EDUCATION\"],\"inLanguage\":\"fr-FR\",\"potentialAction\":[{\"@type\":\"CommentAction\",\"name\":\"Comment\",\"target\":[\"https:\\\/\\\/macite.tg\\\/?p=33591#respond\"]}]},{\"@type\":\"WebPage\",\"@id\":\"https:\\\/\\\/macite.tg\\\/?p=33591\",\"url\":\"https:\\\/\\\/macite.tg\\\/?p=33591\",\"name\":\"BASSAR : La commune de Bassar 1 c\u00e9l\u00e8bre l\u2019excellence scolaire \u2026 -\",\"isPartOf\":{\"@id\":\"https:\\\/\\\/macite.tg\\\/#website\"},\"primaryImageOfPage\":{\"@id\":\"https:\\\/\\\/macite.tg\\\/?p=33591#primaryimage\"},\"image\":{\"@id\":\"https:\\\/\\\/macite.tg\\\/?p=33591#primaryimage\"},\"thumbnailUrl\":\"https:\\\/\\\/macite.tg\\\/wp-content\\\/uploads\\\/2026\\\/09\\\/bassaar.jpg\",\"datePublished\":\"2026-09-02T07:35:28+00:00\",\"dateModified\":\"2026-09-02T08:23:41+00:00\",\"author\":{\"@id\":\"https:\\\/\\\/macite.tg\\\/#\\\/schema\\\/person\\\/e9f2de7e5dbbe7770a9402c7ce82f5c2\"},\"breadcrumb\":{\"@id\":\"https:\\\/\\\/macite.tg\\\/?p=33591#breadcrumb\"},\"inLanguage\":\"fr-FR\",\"potentialAction\":[{\"@type\":\"ReadAction\",\"target\":[\"https:\\\/\\\/macite.tg\\\/?p=33591\"]}]},{\"@type\":\"ImageObject\",\"inLanguage\":\"fr-FR\",\"@id\":\"https:\\\/\\\/macite.tg\\\/?p=33591#primaryimage\",\"url\":\"https:\\\/\\\/macite.tg\\\/wp-content\\\/uploads\\\/2026\\\/09\\\/bassaar.jpg\",\"contentUrl\":\"https:\\\/\\\/macite.tg\\\/wp-content\\\/uploads\\\/2026\\\/09\\\/bassaar.jpg\",\"width\":500,\"height\":227},{\"@type\":\"BreadcrumbList\",\"@id\":\"https:\\\/\\\/macite.tg\\\/?p=33591#breadcrumb\",\"itemListElement\":[{\"@type\":\"ListItem\",\"position\":1,\"name\":\"Accueil\",\"item\":\"https:\\\/\\\/macite.tg\\\/\"},{\"@type\":\"ListItem\",\"position\":2,\"name\":\"BASSAR : La commune de Bassar 1 c\u00e9l\u00e8bre l\u2019excellence scolaire \u2026\"}]},{\"@type\":\"WebSite\",\"@id\":\"https:\\\/\\\/macite.tg\\\/#website\",\"url\":\"https:\\\/\\\/macite.tg\\\/\",\"name\":\"\",\"description\":\"L&#039;information, la bonne!!!\",\"potentialAction\":[{\"@type\":\"SearchAction\",\"target\":{\"@type\":\"EntryPoint\",\"urlTemplate\":\"https:\\\/\\\/macite.tg\\\/?s={search_term_string}\"},\"query-input\":{\"@type\":\"PropertyValueSpecification\",\"valueRequired\":true,\"valueName\":\"search_term_string\"}}],\"inLanguage\":\"fr-FR\"},{\"@type\":\"Person\",\"@id\":\"https:\\\/\\\/macite.tg\\\/#\\\/schema\\\/person\\\/e9f2de7e5dbbe7770a9402c7ce82f5c2\",\"name\":\"Jean Pierre BAWELA\",\"image\":{\"@type\":\"ImageObject\",\"inLanguage\":\"fr-FR\",\"@id\":\"https:\\\/\\\/macite.tg\\\/wp-content\\\/uploads\\\/2023\\\/09\\\/WhatsApp-Image-2023-09-19-at-14.44.41-122x122.jpeg\",\"url\":\"https:\\\/\\\/macite.tg\\\/wp-content\\\/uploads\\\/2023\\\/09\\\/WhatsApp-Image-2023-09-19-at-14.44.41-122x122.jpeg\",\"contentUrl\":\"https:\\\/\\\/macite.tg\\\/wp-content\\\/uploads\\\/2023\\\/09\\\/WhatsApp-Image-2023-09-19-at-14.44.41-122x122.jpeg\",\"caption\":\"Jean Pierre BAWELA\"},\"url\":\"https:\\\/\\\/macite.tg\\\/?author=2\"}]}<\/script>\n<!-- \/ Yoast SEO plugin. -->","yoast_head_json":{"title":"BASSAR : La commune de Bassar 1 c\u00e9l\u00e8bre l\u2019excellence scolaire \u2026 -","robots":{"index":"index","follow":"follow","max-snippet":"max-snippet:-1","max-image-preview":"max-image-preview:large","max-video-preview":"max-video-preview:-1"},"canonical":"https:\/\/macite.tg\/?p=33591","og_locale":"fr_FR","og_type":"article","og_title":"BASSAR : La commune de Bassar 1 c\u00e9l\u00e8bre l\u2019excellence scolaire \u2026 -","og_description":"\u00c0 l\u2019approche de la f\u00eate des ignames dans le Grand Bassar, \u00e9dition 2026, la commune de Bassar 1 a choisi de placer l\u2019excellence scolaire au c\u0153ur du lancement des festivit\u00e9s. Une c\u00e9r\u00e9monie de r\u00e9compense des meilleurs \u00e9l\u00e8ves de l\u2019ann\u00e9e scolaire 2025-2026 s\u2019est tenue, mardi 1er [&hellip;]","og_url":"https:\/\/macite.tg\/?p=33591","article_published_time":"2026-09-02T07:35:28+00:00","article_modified_time":"2026-09-02T08:23:41+00:00","og_image":[{"width":500,"height":227,"url":"https:\/\/macite.tg\/wp-content\/uploads\/2026\/09\/bassaar.jpg","type":"image\/jpeg"}],"author":"Jean Pierre BAWELA","twitter_card":"summary_large_image","twitter_misc":{"\u00c9crit par":"Jean Pierre BAWELA","Dur\u00e9e de lecture estim\u00e9e":"3 minutes"},"schema":{"@context":"https:\/\/schema.org","@graph":[{"@type":"Article","@id":"https:\/\/macite.tg\/?p=33591#article","isPartOf":{"@id":"https:\/\/macite.tg\/?p=33591"},"author":{"name":"Jean Pierre BAWELA","@id":"https:\/\/macite.tg\/#\/schema\/person\/e9f2de7e5dbbe7770a9402c7ce82f5c2"},"headline":"BASSAR : La commune de Bassar 1 c\u00e9l\u00e8bre l\u2019excellence scolaire \u2026","datePublished":"2026-09-02T07:35:28+00:00","dateModified":"2026-09-02T08:23:41+00:00","mainEntityOfPage":{"@id":"https:\/\/macite.tg\/?p=33591"},"wordCount":408,"commentCount":0,"image":{"@id":"https:\/\/macite.tg\/?p=33591#primaryimage"},"thumbnailUrl":"https:\/\/macite.tg\/wp-content\/uploads\/2026\/09\/bassaar.jpg","articleSection":["ACTUALITE","EDUCATION"],"inLanguage":"fr-FR","potentialAction":[{"@type":"CommentAction","name":"Comment","target":["https:\/\/macite.tg\/?p=33591#respond"]}]},{"@type":"WebPage","@id":"https:\/\/macite.tg\/?p=33591","url":"https:\/\/macite.tg\/?p=33591","name":"BASSAR : La commune de Bassar 1 c\u00e9l\u00e8bre l\u2019excellence scolaire \u2026 -","isPartOf":{"@id":"https:\/\/macite.tg\/#website"},"primaryImageOfPage":{"@id":"https:\/\/macite.tg\/?p=33591#primaryimage"},"image":{"@id":"https:\/\/macite.tg\/?p=33591#primaryimage"},"thumbnailUrl":"https:\/\/macite.tg\/wp-content\/uploads\/2026\/09\/bassaar.jpg","datePublished":"2026-09-02T07:35:28+00:00","dateModified":"2026-09-02T08:23:41+00:00","author":{"@id":"https:\/\/macite.tg\/#\/schema\/person\/e9f2de7e5dbbe7770a9402c7ce82f5c2"},"breadcrumb":{"@id":"https:\/\/macite.tg\/?p=33591#breadcrumb"},"inLanguage":"fr-FR","potentialAction":[{"@type":"ReadAction","target":["https:\/\/macite.tg\/?p=33591"]}]},{"@type":"ImageObject","inLanguage":"fr-FR","@id":"https:\/\/macite.tg\/?p=33591#primaryimage","url":"https:\/\/macite.tg\/wp-content\/uploads\/2026\/09\/bassaar.jpg","contentUrl":"https:\/\/macite.tg\/wp-content\/uploads\/2026\/09\/bassaar.jpg","width":500,"height":227},{"@type":"BreadcrumbList","@id":"https:\/\/macite.tg\/?p=33591#breadcrumb","itemListElement":[{"@type":"ListItem","position":1,"name":"Accueil","item":"https:\/\/macite.tg\/"},{"@type":"ListItem","position":2,"name":"BASSAR : La commune de Bassar 1 c\u00e9l\u00e8bre l\u2019excellence scolaire \u2026"}]},{"@type":"WebSite","@id":"https:\/\/macite.tg\/#website","url":"https:\/\/macite.tg\/","name":"","description":"L&#039;information, la bonne!!!","potentialAction":[{"@type":"SearchAction","target":{"@type":"EntryPoint","urlTemplate":"https:\/\/macite.tg\/?s={search_term_string}"},"query-input":{"@type":"PropertyValueSpecification","valueRequired":true,"valueName":"search_term_string"}}],"inLanguage":"fr-FR"},{"@type":"Person","@id":"https:\/\/macite.tg\/#\/schema\/person\/e9f2de7e5dbbe7770a9402c7ce82f5c2","name":"Jean Pierre BAWELA","image":{"@type":"ImageObject","inLanguage":"fr-FR","@id":"https:\/\/macite.tg\/wp-content\/uploads\/2023\/09\/WhatsApp-Image-2023-09-19-at-14.44.41-122x122.jpeg","url":"https:\/\/macite.tg\/wp-content\/uploads\/2023\/09\/WhatsApp-Image-2023-09-19-at-14.44.41-122x122.jpeg","contentUrl":"https:\/\/macite.tg\/wp-content\/uploads\/2023\/09\/WhatsApp-Image-2023-09-19-at-14.44.41-122x122.jpeg","caption":"Jean Pierre BAWELA"},"url":"https:\/\/macite.tg\/?author=2"}]}},"_links":{"self":[{"href":"https:\/\/macite.tg\/index.php?rest_route=\/wp\/v2\/posts\/33591","targetHints":{"allow":["GET"]}}],"collection":[{"href":"https:\/\/macite.tg\/index.php?rest_route=\/wp\/v2\/posts"}],"about":[{"href":"https:\/\/macite.tg\/index.php?rest_route=\/wp\/v2\/types\/post"}],"author":[{"embeddable":true,"href":"https:\/\/macite.tg\/index.php?rest_route=\/wp\/v2\/users\/2"}],"replies":[{"embeddable":true,"href":"https:\/\/macite.tg\/index.php?rest_route=%2Fwp%2Fv2%2Fcomments&post=33591"}],"version-history":[{"count":3,"href":"https:\/\/macite.tg\/index.php?rest_route=\/wp\/v2\/posts\/33591\/revisions"}],"predecessor-version":[{"id":33604,"href":"https:\/\/macite.tg\/index.php?rest_route=\/wp\/v2\/posts\/33591\/revisions\/33604"}],"wp:featuredmedia":[{"embeddable":true,"href":"https:\/\/macite.tg\/index.php?rest_route=\/wp\/v2\/media\/33592"}],"wp:attachment":[{"href":"https:\/\/macite.tg\/index.php?rest_route=%2Fwp%2Fv2%2Fmedia&parent=33591"}],"wp:term":[{"taxonomy":"category","embeddable":true,"href":"https:\/\/macite.tg\/index.php?rest_route=%2Fwp%2Fv2%2Fcategories&post=33591"},{"taxonomy":"post_tag","embeddable":true,"href":"https:\/\/macite.tg\/index.php?rest_route=%2Fwp%2Fv2%2Ftags&post=33591"}],"curies":[{"name":"wp","href":"https:\/\/api.w.org\/{rel}","templated":true}]}}