{"id":33588,"date":"2026-09-02T08:08:21","date_gmt":"2026-09-02T08:08:21","guid":{"rendered":"https:\/\/macite.tg\/?p=33588"},"modified":"2026-09-02T08:08:40","modified_gmt":"2026-09-02T08:08:40","slug":"a-bichkek-le-togo-affirme-sa-presence-dans-les-nouveaux-espaces-du-dialogue-international","status":"publish","type":"post","link":"https:\/\/macite.tg\/?p=33588","title":{"rendered":"A BICHKEK: Le Togo affirme sa pr\u00e9sence dans les nouveaux espaces du dialogue international"},"content":{"rendered":"\n<p class=\"wp-block-paragraph\"><strong><em>Le Togo n&rsquo;a pas la taille de la Russie, de la Chine ou de l&rsquo;Inde, ni celle du Kazakhstan ou du Kirghizistan. Mais il a compris une \u00e9vidence : dans un monde fractur\u00e9, la taille ne fait pas tout. Ce qui compte, c&rsquo;est la position. De Bichkek \u00e0 Astana, en passant par Moscou, Faure Gnassingb\u00e9 tisse une diplomatie du possible. Jusqu&rsquo;o\u00f9 peut aller le pragmatisme togolais ?&#8230;<\/em><\/strong><\/p>\n\n\n\n<p class=\"wp-block-paragraph\">La pr\u00e9sence du Togo au sommet de l\u2019Organisation de coop\u00e9ration de Shanghai (OCS) ne saurait \u00eatre r\u00e9duite \u00e0 un simple exercice protocolaire. Invit\u00e9 aux c\u00f4t\u00e9s des dirigeants des \u00c9tats membres de l\u2019organisation et d\u2019un cercle restreint de participants, le Pr\u00e9sident du Conseil, Faure Gnassingb\u00e9, prend part \u00e0 une rencontre qui s\u2019inscrit au c\u0153ur des recompositions g\u00e9opolitiques actuellement \u00e0 l\u2019\u0153uvre.<\/p>\n\n\n\n<p class=\"wp-block-paragraph\">Dans la capitale kirghize, la participation togolaise intervient dans un contexte international marqu\u00e9 par la multiplication des foyers de tension, la red\u00e9finition des partenariats et l\u2019\u00e9mergence de nouveaux p\u00f4les d\u2019influence. L\u2019OCS, qui rassemble notamment la Chine, la Russie, l\u2019Inde et plusieurs \u00c9tats d\u2019Asie centrale, constitue \u00e0 cet \u00e9gard un espace de dialogue particuli\u00e8rement significatif entre des puissances et des pays aux int\u00e9r\u00eats parfois divergents.<\/p>\n\n\n<div class=\"wp-block-image\">\n<figure class=\"aligncenter size-large is-resized\"><img loading=\"lazy\" decoding=\"async\" width=\"1024\" height=\"764\" src=\"https:\/\/macite.tg\/wp-content\/uploads\/2026\/09\/a2f48288-2704-4823-b182-9ac96a4f7eea-1024x764.jpg\" alt=\"\" class=\"wp-image-33598\" style=\"aspect-ratio:1.3403475529182975;width:552px;height:auto\" srcset=\"https:\/\/macite.tg\/wp-content\/uploads\/2026\/09\/a2f48288-2704-4823-b182-9ac96a4f7eea-1024x764.jpg 1024w, https:\/\/macite.tg\/wp-content\/uploads\/2026\/09\/a2f48288-2704-4823-b182-9ac96a4f7eea-300x224.jpg 300w, https:\/\/macite.tg\/wp-content\/uploads\/2026\/09\/a2f48288-2704-4823-b182-9ac96a4f7eea-768x573.jpg 768w, https:\/\/macite.tg\/wp-content\/uploads\/2026\/09\/a2f48288-2704-4823-b182-9ac96a4f7eea-581x433.jpg 581w, https:\/\/macite.tg\/wp-content\/uploads\/2026\/09\/a2f48288-2704-4823-b182-9ac96a4f7eea-536x400.jpg 536w, https:\/\/macite.tg\/wp-content\/uploads\/2026\/09\/a2f48288-2704-4823-b182-9ac96a4f7eea-100x74.jpg 100w, https:\/\/macite.tg\/wp-content\/uploads\/2026\/09\/a2f48288-2704-4823-b182-9ac96a4f7eea-636x475.jpg 636w, https:\/\/macite.tg\/wp-content\/uploads\/2026\/09\/a2f48288-2704-4823-b182-9ac96a4f7eea-652x486.jpg 652w, https:\/\/macite.tg\/wp-content\/uploads\/2026\/09\/a2f48288-2704-4823-b182-9ac96a4f7eea-379x283.jpg 379w, https:\/\/macite.tg\/wp-content\/uploads\/2026\/09\/a2f48288-2704-4823-b182-9ac96a4f7eea-384x287.jpg 384w, https:\/\/macite.tg\/wp-content\/uploads\/2026\/09\/a2f48288-2704-4823-b182-9ac96a4f7eea.jpg 1280w\" sizes=\"auto, (max-width: 1024px) 100vw, 1024px\" \/><\/figure>\n<\/div>\n\n\n<p class=\"wp-block-paragraph\">Pour Lom\u00e9, cette pr\u00e9sence offre surtout l\u2019occasion de poursuivre une diplomatie fond\u00e9e sur l\u2019ouverture et le dialogue avec des partenaires issus de diff\u00e9rents horizons. Elle illustre \u00e9galement la volont\u00e9 du Togo de ne pas limiter son action diplomatique \u00e0 son environnement imm\u00e9diat, mais de consolider sa pr\u00e9sence dans les enceintes o\u00f9 se dessinent progressivement les nouveaux \u00e9quilibres internationaux.<\/p>\n\n\n\n<p class=\"wp-block-paragraph\"><strong><em>Une pr\u00e9sence qui d\u00e9passe la g\u00e9ographie<\/em><\/strong><\/p>\n\n\n\n<p class=\"wp-block-paragraph\">La participation de Faure Gnassingb\u00e9 \u00e0 ce rendez-vous international intervient dans le prolongement d\u2019une politique \u00e9trang\u00e8re togolaise qui cherche \u00e0 diversifier ses partenariats et \u00e0 multiplier les espaces de dialogue. Le Togo entend ainsi faire valoir ses int\u00e9r\u00eats dans un environnement international de plus en plus marqu\u00e9 par la concurrence des influences et par la recherche de nouveaux points d\u2019ancrage diplomatiques. L\u2019enjeu d\u00e9passe donc la seule visibilit\u00e9 du pays. Il s\u2019agit pour Lom\u00e9 de se positionner comme un interlocuteur disponible, capable de dialoguer avec des puissances et des ensembles r\u00e9gionaux diff\u00e9rents, tout en pr\u00e9servant ses propres int\u00e9r\u00eats.<\/p>\n\n\n\n<p class=\"wp-block-paragraph\">Cette approche conf\u00e8re \u00e0 la diplomatie togolaise une marge de man\u0153uvre qui ne se mesure pas uniquement \u00e0 la superficie du territoire ou au poids d\u00e9mographique du pays. Dans les relations internationales contemporaines, la capacit\u00e9 \u00e0 nouer des passerelles, \u00e0 maintenir le dialogue et \u00e0 \u00eatre pr\u00e9sent dans des espaces diplomatiques diversifi\u00e9s constitue \u00e9galement un facteur d\u2019influence.<\/p>\n\n\n<div class=\"wp-block-image\">\n<figure class=\"aligncenter size-large is-resized\"><img loading=\"lazy\" decoding=\"async\" width=\"1024\" height=\"683\" src=\"https:\/\/macite.tg\/wp-content\/uploads\/2026\/09\/1b12a21e-9552-4ccf-bafb-5331dec3405c-1024x683.jpg\" alt=\"\" class=\"wp-image-33599\" style=\"aspect-ratio:1.499330655957162;width:686px;height:auto\" srcset=\"https:\/\/macite.tg\/wp-content\/uploads\/2026\/09\/1b12a21e-9552-4ccf-bafb-5331dec3405c-1024x683.jpg 1024w, https:\/\/macite.tg\/wp-content\/uploads\/2026\/09\/1b12a21e-9552-4ccf-bafb-5331dec3405c-300x200.jpg 300w, https:\/\/macite.tg\/wp-content\/uploads\/2026\/09\/1b12a21e-9552-4ccf-bafb-5331dec3405c-650x434.jpg 650w, https:\/\/macite.tg\/wp-content\/uploads\/2026\/09\/1b12a21e-9552-4ccf-bafb-5331dec3405c-711x474.jpg 711w, https:\/\/macite.tg\/wp-content\/uploads\/2026\/09\/1b12a21e-9552-4ccf-bafb-5331dec3405c-599x400.jpg 599w, https:\/\/macite.tg\/wp-content\/uploads\/2026\/09\/1b12a21e-9552-4ccf-bafb-5331dec3405c-767x512.jpg 767w, https:\/\/macite.tg\/wp-content\/uploads\/2026\/09\/1b12a21e-9552-4ccf-bafb-5331dec3405c-112x75.jpg 112w, https:\/\/macite.tg\/wp-content\/uploads\/2026\/09\/1b12a21e-9552-4ccf-bafb-5331dec3405c-729x486.jpg 729w, https:\/\/macite.tg\/wp-content\/uploads\/2026\/09\/1b12a21e-9552-4ccf-bafb-5331dec3405c-424x283.jpg 424w, https:\/\/macite.tg\/wp-content\/uploads\/2026\/09\/1b12a21e-9552-4ccf-bafb-5331dec3405c-430x287.jpg 430w, https:\/\/macite.tg\/wp-content\/uploads\/2026\/09\/1b12a21e-9552-4ccf-bafb-5331dec3405c.jpg 1280w\" sizes=\"auto, (max-width: 1024px) 100vw, 1024px\" \/><\/figure>\n<\/div>\n\n\n<p class=\"wp-block-paragraph\"><strong><em>Le choix du dialogue et de l\u2019ouverture<\/em><\/strong><\/p>\n\n\n\n<p class=\"wp-block-paragraph\">La pr\u00e9sence togolaise au sommet de Bichkek s\u2019inscrit pr\u00e9cis\u00e9ment dans cette logique. En participant aux \u00e9changes aux c\u00f4t\u00e9s de responsables de premier plan issus d\u2019Asie et d\u2019autres r\u00e9gions du monde, Lom\u00e9 confirme son int\u00e9r\u00eat pour un multilat\u00e9ralisme ouvert et pour la diversification de ses relations ext\u00e9rieures.<\/p>\n\n\n\n<p class=\"wp-block-paragraph\">Cette orientation rev\u00eat une importance particuli\u00e8re \u00e0 l\u2019heure o\u00f9 les \u00e9quilibres internationaux connaissent de profondes transformations. Les partenariats ne se construisent plus exclusivement dans les cadres traditionnels et les \u00c9tats cherchent de plus en plus \u00e0 multiplier leurs interlocuteurs, leurs march\u00e9s et leurs espaces de coop\u00e9ration.<\/p>\n\n\n\n<p class=\"wp-block-paragraph\">Dans ce paysage mouvant, le Togo cherche \u00e0 faire de sa diplomatie un instrument de pr\u00e9sence et d\u2019influence. Sa participation \u00e0 Bichkek en constitue une nouvelle illustration. L\u2019enjeu, pour Lom\u00e9, n\u2019est donc pas seulement d\u2019\u00eatre pr\u00e9sent dans la salle. Il est de faire entendre sa voix, de d\u00e9fendre ses int\u00e9r\u00eats et de consolider sa place dans un monde o\u00f9 les centres de d\u00e9cision et d\u2019influence se diversifient.<\/p>\n\n\n<div class=\"wp-block-image\">\n<figure class=\"aligncenter size-large is-resized\"><img loading=\"lazy\" decoding=\"async\" width=\"1024\" height=\"710\" src=\"https:\/\/macite.tg\/wp-content\/uploads\/2026\/09\/64ba9ecb-519e-4334-8753-4030e775e5c2-1024x710.jpg\" alt=\"\" class=\"wp-image-33600\" style=\"aspect-ratio:1.4422922144121908;width:531px;height:auto\" srcset=\"https:\/\/macite.tg\/wp-content\/uploads\/2026\/09\/64ba9ecb-519e-4334-8753-4030e775e5c2-1024x710.jpg 1024w, https:\/\/macite.tg\/wp-content\/uploads\/2026\/09\/64ba9ecb-519e-4334-8753-4030e775e5c2-300x208.jpg 300w, https:\/\/macite.tg\/wp-content\/uploads\/2026\/09\/64ba9ecb-519e-4334-8753-4030e775e5c2-625x434.jpg 625w, https:\/\/macite.tg\/wp-content\/uploads\/2026\/09\/64ba9ecb-519e-4334-8753-4030e775e5c2-767x532.jpg 767w, https:\/\/macite.tg\/wp-content\/uploads\/2026\/09\/64ba9ecb-519e-4334-8753-4030e775e5c2-701x486.jpg 701w, https:\/\/macite.tg\/wp-content\/uploads\/2026\/09\/64ba9ecb-519e-4334-8753-4030e775e5c2-576x400.jpg 576w, https:\/\/macite.tg\/wp-content\/uploads\/2026\/09\/64ba9ecb-519e-4334-8753-4030e775e5c2-684x475.jpg 684w, https:\/\/macite.tg\/wp-content\/uploads\/2026\/09\/64ba9ecb-519e-4334-8753-4030e775e5c2-108x75.jpg 108w, https:\/\/macite.tg\/wp-content\/uploads\/2026\/09\/64ba9ecb-519e-4334-8753-4030e775e5c2-407x282.jpg 407w, https:\/\/macite.tg\/wp-content\/uploads\/2026\/09\/64ba9ecb-519e-4334-8753-4030e775e5c2-413x287.jpg 413w, https:\/\/macite.tg\/wp-content\/uploads\/2026\/09\/64ba9ecb-519e-4334-8753-4030e775e5c2.jpg 1280w\" sizes=\"auto, (max-width: 1024px) 100vw, 1024px\" \/><\/figure>\n<\/div>\n\n\n<p class=\"wp-block-paragraph\">Le Togo entend ainsi rappeler qu\u2019en diplomatie, le poids d\u2019un Etat ne se r\u00e9sume pas \u00e0 ses dimensions g\u00e9ographiques. Il se construit aussi par sa capacit\u00e9 \u00e0 dialoguer, \u00e0 cr\u00e9er des passerelles et \u00e0 \u00eatre pr\u00e9sent l\u00e0 o\u00f9 se dessinent les \u00e9quilibres du monde de demain.<\/p>\n\n\n\n<p class=\"wp-block-paragraph\"><strong>La R\u00e9daction<\/strong><\/p>\n\n\n\n<p class=\"wp-block-paragraph\"><a><strong><em>@macite.tg&nbsp;&nbsp;&nbsp;&nbsp;&nbsp;&nbsp;&nbsp;&nbsp;<\/em><\/strong><\/a><\/p>\n\n\n\n<p class=\"wp-block-paragraph\"><strong><em>E-mail&nbsp;:<\/em><\/strong> <a href=\"mailto:maciteinfo@gmail.com\"><strong><em>maciteinfo@gmail.com<\/em><\/strong><\/a><strong><em>;<\/em><\/strong> <a href=\"mailto:bawela1@gmail.com\"><strong><em>bawela1@gmail.com<\/em><\/strong><\/a><strong><em><\/em><\/strong><\/p>\n\n\n\n<p class=\"wp-block-paragraph\"><strong><em>Pour vos annonces, publi-reportages, etc., joignez-nous au (00228)91515309\/<strong>79872224<\/strong> <strong><\/strong><\/em><\/strong><\/p>\n\n\n\n<p class=\"wp-block-paragraph\"><strong><em>www.macite.tg, L\u2019information, la bonne&nbsp;!<\/em><\/strong><\/p>\n\n\n\n<p class=\"wp-block-paragraph\"><\/p>\n","protected":false},"excerpt":{"rendered":"<p class=\"text-justify mb-2\" >Le Togo n&rsquo;a pas la taille de la Russie, de la Chine ou de l&rsquo;Inde, ni celle du Kazakhstan ou du Kirghizistan. Mais il a compris une \u00e9vidence : dans un monde fractur\u00e9, la taille ne fait pas tout. Ce qui compte, c&rsquo;est la position. [&hellip;]<\/p>\n","protected":false},"author":2,"featured_media":33597,"comment_status":"open","ping_status":"open","sticky":false,"template":"","format":"standard","meta":{"footnotes":""},"categories":[20,8],"tags":[],"class_list":["post-33588","post","type-post","status-publish","format-standard","has-post-thumbnail","hentry","category-actualite","category-diplomatie"],"yoast_head":"<!-- This site is optimized with the Yoast SEO plugin v28.4 - https:\/\/yoast.com\/product\/yoast-seo-wordpress\/ -->\n<title>A BICHKEK: Le Togo affirme sa pr\u00e9sence dans les nouveaux espaces du dialogue international -<\/title>\n<meta name=\"robots\" content=\"index, follow, max-snippet:-1, max-image-preview:large, max-video-preview:-1\" \/>\n<link rel=\"canonical\" href=\"https:\/\/macite.tg\/?p=33588\" \/>\n<meta property=\"og:locale\" content=\"fr_FR\" \/>\n<meta property=\"og:type\" content=\"article\" \/>\n<meta property=\"og:title\" content=\"A BICHKEK: Le Togo affirme sa pr\u00e9sence dans les nouveaux espaces du dialogue international -\" \/>\n<meta property=\"og:description\" content=\"Le Togo n&rsquo;a pas la taille de la Russie, de la Chine ou de l&rsquo;Inde, ni celle du Kazakhstan ou du Kirghizistan. Mais il a compris une \u00e9vidence : dans un monde fractur\u00e9, la taille ne fait pas tout. Ce qui compte, c&rsquo;est la position. [&hellip;]\" \/>\n<meta property=\"og:url\" content=\"https:\/\/macite.tg\/?p=33588\" \/>\n<meta property=\"article:published_time\" content=\"2026-09-02T08:08:21+00:00\" \/>\n<meta property=\"article:modified_time\" content=\"2026-09-02T08:08:40+00:00\" \/>\n<meta property=\"og:image\" content=\"https:\/\/macite.tg\/wp-content\/uploads\/2026\/09\/SOC.jpg\" \/>\n\t<meta property=\"og:image:width\" content=\"500\" \/>\n\t<meta property=\"og:image:height\" content=\"205\" \/>\n\t<meta property=\"og:image:type\" content=\"image\/jpeg\" \/>\n<meta name=\"author\" content=\"Jean Pierre BAWELA\" \/>\n<meta name=\"twitter:card\" content=\"summary_large_image\" \/>\n<meta name=\"twitter:label1\" content=\"\u00c9crit par\" \/>\n\t<meta name=\"twitter:data1\" content=\"Jean Pierre BAWELA\" \/>\n\t<meta name=\"twitter:label2\" content=\"Dur\u00e9e de lecture estim\u00e9e\" \/>\n\t<meta name=\"twitter:data2\" content=\"5 minutes\" \/>\n<script type=\"application\/ld+json\" class=\"yoast-schema-graph\">{\"@context\":\"https:\\\/\\\/schema.org\",\"@graph\":[{\"@type\":\"Article\",\"@id\":\"https:\\\/\\\/macite.tg\\\/?p=33588#article\",\"isPartOf\":{\"@id\":\"https:\\\/\\\/macite.tg\\\/?p=33588\"},\"author\":{\"name\":\"Jean Pierre BAWELA\",\"@id\":\"https:\\\/\\\/macite.tg\\\/#\\\/schema\\\/person\\\/e9f2de7e5dbbe7770a9402c7ce82f5c2\"},\"headline\":\"A BICHKEK: Le Togo affirme sa pr\u00e9sence dans les nouveaux espaces du dialogue international\",\"datePublished\":\"2026-09-02T08:08:21+00:00\",\"dateModified\":\"2026-09-02T08:08:40+00:00\",\"mainEntityOfPage\":{\"@id\":\"https:\\\/\\\/macite.tg\\\/?p=33588\"},\"wordCount\":739,\"commentCount\":0,\"image\":{\"@id\":\"https:\\\/\\\/macite.tg\\\/?p=33588#primaryimage\"},\"thumbnailUrl\":\"https:\\\/\\\/macite.tg\\\/wp-content\\\/uploads\\\/2026\\\/09\\\/SOC.jpg\",\"articleSection\":[\"ACTUALITE\",\"DIPLOMATIE\"],\"inLanguage\":\"fr-FR\",\"potentialAction\":[{\"@type\":\"CommentAction\",\"name\":\"Comment\",\"target\":[\"https:\\\/\\\/macite.tg\\\/?p=33588#respond\"]}]},{\"@type\":\"WebPage\",\"@id\":\"https:\\\/\\\/macite.tg\\\/?p=33588\",\"url\":\"https:\\\/\\\/macite.tg\\\/?p=33588\",\"name\":\"A BICHKEK: Le Togo affirme sa pr\u00e9sence dans les nouveaux espaces du dialogue international -\",\"isPartOf\":{\"@id\":\"https:\\\/\\\/macite.tg\\\/#website\"},\"primaryImageOfPage\":{\"@id\":\"https:\\\/\\\/macite.tg\\\/?p=33588#primaryimage\"},\"image\":{\"@id\":\"https:\\\/\\\/macite.tg\\\/?p=33588#primaryimage\"},\"thumbnailUrl\":\"https:\\\/\\\/macite.tg\\\/wp-content\\\/uploads\\\/2026\\\/09\\\/SOC.jpg\",\"datePublished\":\"2026-09-02T08:08:21+00:00\",\"dateModified\":\"2026-09-02T08:08:40+00:00\",\"author\":{\"@id\":\"https:\\\/\\\/macite.tg\\\/#\\\/schema\\\/person\\\/e9f2de7e5dbbe7770a9402c7ce82f5c2\"},\"breadcrumb\":{\"@id\":\"https:\\\/\\\/macite.tg\\\/?p=33588#breadcrumb\"},\"inLanguage\":\"fr-FR\",\"potentialAction\":[{\"@type\":\"ReadAction\",\"target\":[\"https:\\\/\\\/macite.tg\\\/?p=33588\"]}]},{\"@type\":\"ImageObject\",\"inLanguage\":\"fr-FR\",\"@id\":\"https:\\\/\\\/macite.tg\\\/?p=33588#primaryimage\",\"url\":\"https:\\\/\\\/macite.tg\\\/wp-content\\\/uploads\\\/2026\\\/09\\\/SOC.jpg\",\"contentUrl\":\"https:\\\/\\\/macite.tg\\\/wp-content\\\/uploads\\\/2026\\\/09\\\/SOC.jpg\",\"width\":500,\"height\":205},{\"@type\":\"BreadcrumbList\",\"@id\":\"https:\\\/\\\/macite.tg\\\/?p=33588#breadcrumb\",\"itemListElement\":[{\"@type\":\"ListItem\",\"position\":1,\"name\":\"Accueil\",\"item\":\"https:\\\/\\\/macite.tg\\\/\"},{\"@type\":\"ListItem\",\"position\":2,\"name\":\"A BICHKEK: Le Togo affirme sa pr\u00e9sence dans les nouveaux espaces du dialogue international\"}]},{\"@type\":\"WebSite\",\"@id\":\"https:\\\/\\\/macite.tg\\\/#website\",\"url\":\"https:\\\/\\\/macite.tg\\\/\",\"name\":\"\",\"description\":\"L&#039;information, la bonne!!!\",\"potentialAction\":[{\"@type\":\"SearchAction\",\"target\":{\"@type\":\"EntryPoint\",\"urlTemplate\":\"https:\\\/\\\/macite.tg\\\/?s={search_term_string}\"},\"query-input\":{\"@type\":\"PropertyValueSpecification\",\"valueRequired\":true,\"valueName\":\"search_term_string\"}}],\"inLanguage\":\"fr-FR\"},{\"@type\":\"Person\",\"@id\":\"https:\\\/\\\/macite.tg\\\/#\\\/schema\\\/person\\\/e9f2de7e5dbbe7770a9402c7ce82f5c2\",\"name\":\"Jean Pierre BAWELA\",\"image\":{\"@type\":\"ImageObject\",\"inLanguage\":\"fr-FR\",\"@id\":\"https:\\\/\\\/macite.tg\\\/wp-content\\\/uploads\\\/2023\\\/09\\\/WhatsApp-Image-2023-09-19-at-14.44.41-122x122.jpeg\",\"url\":\"https:\\\/\\\/macite.tg\\\/wp-content\\\/uploads\\\/2023\\\/09\\\/WhatsApp-Image-2023-09-19-at-14.44.41-122x122.jpeg\",\"contentUrl\":\"https:\\\/\\\/macite.tg\\\/wp-content\\\/uploads\\\/2023\\\/09\\\/WhatsApp-Image-2023-09-19-at-14.44.41-122x122.jpeg\",\"caption\":\"Jean Pierre BAWELA\"},\"url\":\"https:\\\/\\\/macite.tg\\\/?author=2\"}]}<\/script>\n<!-- \/ Yoast SEO plugin. -->","yoast_head_json":{"title":"A BICHKEK: Le Togo affirme sa pr\u00e9sence dans les nouveaux espaces du dialogue international -","robots":{"index":"index","follow":"follow","max-snippet":"max-snippet:-1","max-image-preview":"max-image-preview:large","max-video-preview":"max-video-preview:-1"},"canonical":"https:\/\/macite.tg\/?p=33588","og_locale":"fr_FR","og_type":"article","og_title":"A BICHKEK: Le Togo affirme sa pr\u00e9sence dans les nouveaux espaces du dialogue international -","og_description":"Le Togo n&rsquo;a pas la taille de la Russie, de la Chine ou de l&rsquo;Inde, ni celle du Kazakhstan ou du Kirghizistan. Mais il a compris une \u00e9vidence : dans un monde fractur\u00e9, la taille ne fait pas tout. Ce qui compte, c&rsquo;est la position. [&hellip;]","og_url":"https:\/\/macite.tg\/?p=33588","article_published_time":"2026-09-02T08:08:21+00:00","article_modified_time":"2026-09-02T08:08:40+00:00","og_image":[{"width":500,"height":205,"url":"https:\/\/macite.tg\/wp-content\/uploads\/2026\/09\/SOC.jpg","type":"image\/jpeg"}],"author":"Jean Pierre BAWELA","twitter_card":"summary_large_image","twitter_misc":{"\u00c9crit par":"Jean Pierre BAWELA","Dur\u00e9e de lecture estim\u00e9e":"5 minutes"},"schema":{"@context":"https:\/\/schema.org","@graph":[{"@type":"Article","@id":"https:\/\/macite.tg\/?p=33588#article","isPartOf":{"@id":"https:\/\/macite.tg\/?p=33588"},"author":{"name":"Jean Pierre BAWELA","@id":"https:\/\/macite.tg\/#\/schema\/person\/e9f2de7e5dbbe7770a9402c7ce82f5c2"},"headline":"A BICHKEK: Le Togo affirme sa pr\u00e9sence dans les nouveaux espaces du dialogue international","datePublished":"2026-09-02T08:08:21+00:00","dateModified":"2026-09-02T08:08:40+00:00","mainEntityOfPage":{"@id":"https:\/\/macite.tg\/?p=33588"},"wordCount":739,"commentCount":0,"image":{"@id":"https:\/\/macite.tg\/?p=33588#primaryimage"},"thumbnailUrl":"https:\/\/macite.tg\/wp-content\/uploads\/2026\/09\/SOC.jpg","articleSection":["ACTUALITE","DIPLOMATIE"],"inLanguage":"fr-FR","potentialAction":[{"@type":"CommentAction","name":"Comment","target":["https:\/\/macite.tg\/?p=33588#respond"]}]},{"@type":"WebPage","@id":"https:\/\/macite.tg\/?p=33588","url":"https:\/\/macite.tg\/?p=33588","name":"A BICHKEK: Le Togo affirme sa pr\u00e9sence dans les nouveaux espaces du dialogue international -","isPartOf":{"@id":"https:\/\/macite.tg\/#website"},"primaryImageOfPage":{"@id":"https:\/\/macite.tg\/?p=33588#primaryimage"},"image":{"@id":"https:\/\/macite.tg\/?p=33588#primaryimage"},"thumbnailUrl":"https:\/\/macite.tg\/wp-content\/uploads\/2026\/09\/SOC.jpg","datePublished":"2026-09-02T08:08:21+00:00","dateModified":"2026-09-02T08:08:40+00:00","author":{"@id":"https:\/\/macite.tg\/#\/schema\/person\/e9f2de7e5dbbe7770a9402c7ce82f5c2"},"breadcrumb":{"@id":"https:\/\/macite.tg\/?p=33588#breadcrumb"},"inLanguage":"fr-FR","potentialAction":[{"@type":"ReadAction","target":["https:\/\/macite.tg\/?p=33588"]}]},{"@type":"ImageObject","inLanguage":"fr-FR","@id":"https:\/\/macite.tg\/?p=33588#primaryimage","url":"https:\/\/macite.tg\/wp-content\/uploads\/2026\/09\/SOC.jpg","contentUrl":"https:\/\/macite.tg\/wp-content\/uploads\/2026\/09\/SOC.jpg","width":500,"height":205},{"@type":"BreadcrumbList","@id":"https:\/\/macite.tg\/?p=33588#breadcrumb","itemListElement":[{"@type":"ListItem","position":1,"name":"Accueil","item":"https:\/\/macite.tg\/"},{"@type":"ListItem","position":2,"name":"A BICHKEK: Le Togo affirme sa pr\u00e9sence dans les nouveaux espaces du dialogue international"}]},{"@type":"WebSite","@id":"https:\/\/macite.tg\/#website","url":"https:\/\/macite.tg\/","name":"","description":"L&#039;information, la bonne!!!","potentialAction":[{"@type":"SearchAction","target":{"@type":"EntryPoint","urlTemplate":"https:\/\/macite.tg\/?s={search_term_string}"},"query-input":{"@type":"PropertyValueSpecification","valueRequired":true,"valueName":"search_term_string"}}],"inLanguage":"fr-FR"},{"@type":"Person","@id":"https:\/\/macite.tg\/#\/schema\/person\/e9f2de7e5dbbe7770a9402c7ce82f5c2","name":"Jean Pierre BAWELA","image":{"@type":"ImageObject","inLanguage":"fr-FR","@id":"https:\/\/macite.tg\/wp-content\/uploads\/2023\/09\/WhatsApp-Image-2023-09-19-at-14.44.41-122x122.jpeg","url":"https:\/\/macite.tg\/wp-content\/uploads\/2023\/09\/WhatsApp-Image-2023-09-19-at-14.44.41-122x122.jpeg","contentUrl":"https:\/\/macite.tg\/wp-content\/uploads\/2023\/09\/WhatsApp-Image-2023-09-19-at-14.44.41-122x122.jpeg","caption":"Jean Pierre BAWELA"},"url":"https:\/\/macite.tg\/?author=2"}]}},"_links":{"self":[{"href":"https:\/\/macite.tg\/index.php?rest_route=\/wp\/v2\/posts\/33588","targetHints":{"allow":["GET"]}}],"collection":[{"href":"https:\/\/macite.tg\/index.php?rest_route=\/wp\/v2\/posts"}],"about":[{"href":"https:\/\/macite.tg\/index.php?rest_route=\/wp\/v2\/types\/post"}],"author":[{"embeddable":true,"href":"https:\/\/macite.tg\/index.php?rest_route=\/wp\/v2\/users\/2"}],"replies":[{"embeddable":true,"href":"https:\/\/macite.tg\/index.php?rest_route=%2Fwp%2Fv2%2Fcomments&post=33588"}],"version-history":[{"count":2,"href":"https:\/\/macite.tg\/index.php?rest_route=\/wp\/v2\/posts\/33588\/revisions"}],"predecessor-version":[{"id":33602,"href":"https:\/\/macite.tg\/index.php?rest_route=\/wp\/v2\/posts\/33588\/revisions\/33602"}],"wp:featuredmedia":[{"embeddable":true,"href":"https:\/\/macite.tg\/index.php?rest_route=\/wp\/v2\/media\/33597"}],"wp:attachment":[{"href":"https:\/\/macite.tg\/index.php?rest_route=%2Fwp%2Fv2%2Fmedia&parent=33588"}],"wp:term":[{"taxonomy":"category","embeddable":true,"href":"https:\/\/macite.tg\/index.php?rest_route=%2Fwp%2Fv2%2Fcategories&post=33588"},{"taxonomy":"post_tag","embeddable":true,"href":"https:\/\/macite.tg\/index.php?rest_route=%2Fwp%2Fv2%2Ftags&post=33588"}],"curies":[{"name":"wp","href":"https:\/\/api.w.org\/{rel}","templated":true}]}}