{"id":33583,"date":"2026-09-01T12:47:54","date_gmt":"2026-09-01T12:47:54","guid":{"rendered":"https:\/\/macite.tg\/?p=33583"},"modified":"2026-09-01T12:47:56","modified_gmt":"2026-09-01T12:47:56","slug":"environnement-bientot-un-nouveau-code-forestier-pour-allier-protection-et-developpement","status":"publish","type":"post","link":"https:\/\/macite.tg\/?p=33583","title":{"rendered":"ENVIRONNEMENT : Bient\u00f4t un nouveau code forestier pour allier protection et d\u00e9veloppement"},"content":{"rendered":"\n<p class=\"wp-block-paragraph\"><strong><em>Le Togo va franchir une \u00e9tape d\u00e9cisive dans la pr\u00e9servation de son patrimoine naturel. R\u00e9uni en conseil des ministres en milieu de semaine derni\u00e8re, l\u2019ex\u00e9cutif togolais a adopt\u00e9 un projet de loi portant sur un nouveau code forestier. Cette initiative l\u00e9gislative vise \u00e0 moderniser le cadre juridique existant, ceci dans l\u2019optique de r\u00e9pondre efficacement \u00e0 l&rsquo;\u00e9volution des enjeux environnementaux et climatiques actuels.<\/em><\/strong><\/p>\n\n\n\n<p class=\"wp-block-paragraph\">La nouvelle mouture du code forestier introduit des r\u00e9formes en mati\u00e8re de gouvernance et de gestion d\u00e9centralis\u00e9e des ressources naturelles. Ainsi, trois axes majeurs ont \u00e9t\u00e9 prioris\u00e9s. D\u2019abord, une clarification des diff\u00e9rentes cat\u00e9gories du domaine forestier national et une harmonisation de leurs modalit\u00e9s de gestion. Secondo, il est souhaitable une implication des collectivit\u00e9s territoriales, via un renforcement du r\u00f4le des communes et r\u00e9gions dans la pr\u00e9servation des for\u00eats.<\/p>\n\n\n\n<figure class=\"wp-block-image size-full\"><img loading=\"lazy\" decoding=\"async\" width=\"851\" height=\"315\" src=\"https:\/\/macite.tg\/wp-content\/uploads\/2026\/08\/OTR_Ferer-pour-batir-1.jpg\" alt=\"\" class=\"wp-image-33383\" srcset=\"https:\/\/macite.tg\/wp-content\/uploads\/2026\/08\/OTR_Ferer-pour-batir-1.jpg 851w, https:\/\/macite.tg\/wp-content\/uploads\/2026\/08\/OTR_Ferer-pour-batir-1-300x111.jpg 300w, https:\/\/macite.tg\/wp-content\/uploads\/2026\/08\/OTR_Ferer-pour-batir-1-768x284.jpg 768w\" sizes=\"auto, (max-width: 851px) 100vw, 851px\" \/><\/figure>\n\n\n\n<p class=\"wp-block-paragraph\">Enfin, les droits des populations riveraines seront pris en compte \u00e0 travers une consultation accrue des communaut\u00e9s locales, garantissant la prise en compte de leurs droits, usages et int\u00e9r\u00eats l\u00e9gitimes, notamment lors des proc\u00e9dures de classement.<\/p>\n\n\n\n<p class=\"wp-block-paragraph\"><strong>Concilier pr\u00e9servation, investissements et r\u00e9silience climatique<\/strong><\/p>\n\n\n\n<p class=\"wp-block-paragraph\">Attendu devant les parlementaires pour validation, ce texte ne se contente pas de prot\u00e9ger. Le nouveau texte cherche \u00e0 dynamiser le secteur tout en durcissant la r\u00e9glementation face aux menaces \u00e9cologiques.<\/p>\n\n\n\n<p class=\"wp-block-paragraph\">Il introduit \u00e9galement des dispositions in\u00e9dites sur l&rsquo;acc\u00e8s aux ressources g\u00e9n\u00e9tiques et le partage \u00e9quitable des avantages qui en d\u00e9coulent, tout en durcissant la lutte contre le braconnage et le trafic d&rsquo;esp\u00e8ces sauvages.<\/p>\n\n\n<div class=\"wp-block-image\">\n<figure class=\"aligncenter size-full\"><img loading=\"lazy\" decoding=\"async\" width=\"509\" height=\"720\" src=\"https:\/\/macite.tg\/wp-content\/uploads\/2026\/09\/image-3.png\" alt=\"\" class=\"wp-image-33578\" srcset=\"https:\/\/macite.tg\/wp-content\/uploads\/2026\/09\/image-3.png 509w, https:\/\/macite.tg\/wp-content\/uploads\/2026\/09\/image-3-212x300.png 212w\" sizes=\"auto, (max-width: 509px) 100vw, 509px\" \/><\/figure>\n<\/div>\n\n\n<p class=\"wp-block-paragraph\">En all\u00e9geant la pression exerc\u00e9e sur le patrimoine forestier national, le Togo r\u00e9affirme son ambition de renforcer la gestion durable de ses ressources et d&rsquo;accro\u00eetre sa r\u00e9silience face au changement climatique.<\/p>\n\n\n\n<p class=\"wp-block-paragraph\"><strong>Mab\u00e9 B.<\/strong><\/p>\n\n\n\n<p class=\"wp-block-paragraph\"><a><strong><em>@macite.tg&nbsp;&nbsp;&nbsp;&nbsp;&nbsp;&nbsp;&nbsp;&nbsp;<\/em><\/strong><\/a><\/p>\n\n\n\n<p class=\"wp-block-paragraph\"><strong><em>E-mail&nbsp;:<\/em><\/strong> <a href=\"mailto:maciteinfo@gmail.com\"><strong><em>maciteinfo@gmail.com<\/em><\/strong><\/a><strong><em>;<\/em><\/strong> <a href=\"mailto:bawela1@gmail.com\"><strong><em>bawela1@gmail.com<\/em><\/strong><\/a><strong><em><\/em><\/strong><\/p>\n\n\n\n<p class=\"wp-block-paragraph\"><strong><em>Pour vos annonces, publi-reportages, etc., joignez-nous au (00228)91515309\/<strong>79872224<\/strong> <strong><\/strong><\/em><\/strong><\/p>\n\n\n\n<p class=\"wp-block-paragraph\"><strong><em>www.macite.tg, L\u2019information, la bonne&nbsp;!<\/em><\/strong><\/p>\n\n\n\n<p class=\"wp-block-paragraph\"><\/p>\n","protected":false},"excerpt":{"rendered":"<p class=\"text-justify mb-2\" >Le Togo va franchir une \u00e9tape d\u00e9cisive dans la pr\u00e9servation de son patrimoine naturel. R\u00e9uni en conseil des ministres en milieu de semaine derni\u00e8re, l\u2019ex\u00e9cutif togolais a adopt\u00e9 un projet de loi portant sur un nouveau code forestier. Cette initiative l\u00e9gislative vise \u00e0 moderniser le [&hellip;]<\/p>\n","protected":false},"author":2,"featured_media":33584,"comment_status":"open","ping_status":"open","sticky":false,"template":"","format":"standard","meta":{"footnotes":""},"categories":[20,19],"tags":[],"class_list":["post-33583","post","type-post","status-publish","format-standard","has-post-thumbnail","hentry","category-actualite","category-environnement"],"yoast_head":"<!-- This site is optimized with the Yoast SEO plugin v28.4 - https:\/\/yoast.com\/product\/yoast-seo-wordpress\/ -->\n<title>ENVIRONNEMENT : Bient\u00f4t un nouveau code forestier pour allier protection et d\u00e9veloppement -<\/title>\n<meta name=\"robots\" content=\"index, follow, max-snippet:-1, max-image-preview:large, max-video-preview:-1\" \/>\n<link rel=\"canonical\" href=\"https:\/\/macite.tg\/?p=33583\" \/>\n<meta property=\"og:locale\" content=\"fr_FR\" \/>\n<meta property=\"og:type\" content=\"article\" \/>\n<meta property=\"og:title\" content=\"ENVIRONNEMENT : Bient\u00f4t un nouveau code forestier pour allier protection et d\u00e9veloppement -\" \/>\n<meta property=\"og:description\" content=\"Le Togo va franchir une \u00e9tape d\u00e9cisive dans la pr\u00e9servation de son patrimoine naturel. R\u00e9uni en conseil des ministres en milieu de semaine derni\u00e8re, l\u2019ex\u00e9cutif togolais a adopt\u00e9 un projet de loi portant sur un nouveau code forestier. Cette initiative l\u00e9gislative vise \u00e0 moderniser le [&hellip;]\" \/>\n<meta property=\"og:url\" content=\"https:\/\/macite.tg\/?p=33583\" \/>\n<meta property=\"article:published_time\" content=\"2026-09-01T12:47:54+00:00\" \/>\n<meta property=\"article:modified_time\" content=\"2026-09-01T12:47:56+00:00\" \/>\n<meta property=\"og:image\" content=\"https:\/\/macite.tg\/wp-content\/uploads\/2026\/09\/VERT.jpg\" \/>\n\t<meta property=\"og:image:width\" content=\"500\" \/>\n\t<meta property=\"og:image:height\" content=\"333\" \/>\n\t<meta property=\"og:image:type\" content=\"image\/jpeg\" \/>\n<meta name=\"author\" content=\"Jean Pierre BAWELA\" \/>\n<meta name=\"twitter:card\" content=\"summary_large_image\" \/>\n<meta name=\"twitter:label1\" content=\"\u00c9crit par\" \/>\n\t<meta name=\"twitter:data1\" content=\"Jean Pierre BAWELA\" \/>\n\t<meta name=\"twitter:label2\" content=\"Dur\u00e9e de lecture estim\u00e9e\" \/>\n\t<meta name=\"twitter:data2\" content=\"3 minutes\" \/>\n<script type=\"application\/ld+json\" class=\"yoast-schema-graph\">{\"@context\":\"https:\\\/\\\/schema.org\",\"@graph\":[{\"@type\":\"Article\",\"@id\":\"https:\\\/\\\/macite.tg\\\/?p=33583#article\",\"isPartOf\":{\"@id\":\"https:\\\/\\\/macite.tg\\\/?p=33583\"},\"author\":{\"name\":\"Jean Pierre BAWELA\",\"@id\":\"https:\\\/\\\/macite.tg\\\/#\\\/schema\\\/person\\\/e9f2de7e5dbbe7770a9402c7ce82f5c2\"},\"headline\":\"ENVIRONNEMENT : Bient\u00f4t un nouveau code forestier pour allier protection et d\u00e9veloppement\",\"datePublished\":\"2026-09-01T12:47:54+00:00\",\"dateModified\":\"2026-09-01T12:47:56+00:00\",\"mainEntityOfPage\":{\"@id\":\"https:\\\/\\\/macite.tg\\\/?p=33583\"},\"wordCount\":358,\"commentCount\":0,\"image\":{\"@id\":\"https:\\\/\\\/macite.tg\\\/?p=33583#primaryimage\"},\"thumbnailUrl\":\"https:\\\/\\\/macite.tg\\\/wp-content\\\/uploads\\\/2026\\\/09\\\/VERT.jpg\",\"articleSection\":[\"ACTUALITE\",\"ENVIRONNEMENT\"],\"inLanguage\":\"fr-FR\",\"potentialAction\":[{\"@type\":\"CommentAction\",\"name\":\"Comment\",\"target\":[\"https:\\\/\\\/macite.tg\\\/?p=33583#respond\"]}]},{\"@type\":\"WebPage\",\"@id\":\"https:\\\/\\\/macite.tg\\\/?p=33583\",\"url\":\"https:\\\/\\\/macite.tg\\\/?p=33583\",\"name\":\"ENVIRONNEMENT : Bient\u00f4t un nouveau code forestier pour allier protection et d\u00e9veloppement -\",\"isPartOf\":{\"@id\":\"https:\\\/\\\/macite.tg\\\/#website\"},\"primaryImageOfPage\":{\"@id\":\"https:\\\/\\\/macite.tg\\\/?p=33583#primaryimage\"},\"image\":{\"@id\":\"https:\\\/\\\/macite.tg\\\/?p=33583#primaryimage\"},\"thumbnailUrl\":\"https:\\\/\\\/macite.tg\\\/wp-content\\\/uploads\\\/2026\\\/09\\\/VERT.jpg\",\"datePublished\":\"2026-09-01T12:47:54+00:00\",\"dateModified\":\"2026-09-01T12:47:56+00:00\",\"author\":{\"@id\":\"https:\\\/\\\/macite.tg\\\/#\\\/schema\\\/person\\\/e9f2de7e5dbbe7770a9402c7ce82f5c2\"},\"breadcrumb\":{\"@id\":\"https:\\\/\\\/macite.tg\\\/?p=33583#breadcrumb\"},\"inLanguage\":\"fr-FR\",\"potentialAction\":[{\"@type\":\"ReadAction\",\"target\":[\"https:\\\/\\\/macite.tg\\\/?p=33583\"]}]},{\"@type\":\"ImageObject\",\"inLanguage\":\"fr-FR\",\"@id\":\"https:\\\/\\\/macite.tg\\\/?p=33583#primaryimage\",\"url\":\"https:\\\/\\\/macite.tg\\\/wp-content\\\/uploads\\\/2026\\\/09\\\/VERT.jpg\",\"contentUrl\":\"https:\\\/\\\/macite.tg\\\/wp-content\\\/uploads\\\/2026\\\/09\\\/VERT.jpg\",\"width\":500,\"height\":333},{\"@type\":\"BreadcrumbList\",\"@id\":\"https:\\\/\\\/macite.tg\\\/?p=33583#breadcrumb\",\"itemListElement\":[{\"@type\":\"ListItem\",\"position\":1,\"name\":\"Accueil\",\"item\":\"https:\\\/\\\/macite.tg\\\/\"},{\"@type\":\"ListItem\",\"position\":2,\"name\":\"ENVIRONNEMENT : Bient\u00f4t un nouveau code forestier pour allier protection et d\u00e9veloppement\"}]},{\"@type\":\"WebSite\",\"@id\":\"https:\\\/\\\/macite.tg\\\/#website\",\"url\":\"https:\\\/\\\/macite.tg\\\/\",\"name\":\"\",\"description\":\"L&#039;information, la bonne!!!\",\"potentialAction\":[{\"@type\":\"SearchAction\",\"target\":{\"@type\":\"EntryPoint\",\"urlTemplate\":\"https:\\\/\\\/macite.tg\\\/?s={search_term_string}\"},\"query-input\":{\"@type\":\"PropertyValueSpecification\",\"valueRequired\":true,\"valueName\":\"search_term_string\"}}],\"inLanguage\":\"fr-FR\"},{\"@type\":\"Person\",\"@id\":\"https:\\\/\\\/macite.tg\\\/#\\\/schema\\\/person\\\/e9f2de7e5dbbe7770a9402c7ce82f5c2\",\"name\":\"Jean Pierre BAWELA\",\"image\":{\"@type\":\"ImageObject\",\"inLanguage\":\"fr-FR\",\"@id\":\"https:\\\/\\\/macite.tg\\\/wp-content\\\/uploads\\\/2023\\\/09\\\/WhatsApp-Image-2023-09-19-at-14.44.41-122x122.jpeg\",\"url\":\"https:\\\/\\\/macite.tg\\\/wp-content\\\/uploads\\\/2023\\\/09\\\/WhatsApp-Image-2023-09-19-at-14.44.41-122x122.jpeg\",\"contentUrl\":\"https:\\\/\\\/macite.tg\\\/wp-content\\\/uploads\\\/2023\\\/09\\\/WhatsApp-Image-2023-09-19-at-14.44.41-122x122.jpeg\",\"caption\":\"Jean Pierre BAWELA\"},\"url\":\"https:\\\/\\\/macite.tg\\\/?author=2\"}]}<\/script>\n<!-- \/ Yoast SEO plugin. -->","yoast_head_json":{"title":"ENVIRONNEMENT : Bient\u00f4t un nouveau code forestier pour allier protection et d\u00e9veloppement -","robots":{"index":"index","follow":"follow","max-snippet":"max-snippet:-1","max-image-preview":"max-image-preview:large","max-video-preview":"max-video-preview:-1"},"canonical":"https:\/\/macite.tg\/?p=33583","og_locale":"fr_FR","og_type":"article","og_title":"ENVIRONNEMENT : Bient\u00f4t un nouveau code forestier pour allier protection et d\u00e9veloppement -","og_description":"Le Togo va franchir une \u00e9tape d\u00e9cisive dans la pr\u00e9servation de son patrimoine naturel. R\u00e9uni en conseil des ministres en milieu de semaine derni\u00e8re, l\u2019ex\u00e9cutif togolais a adopt\u00e9 un projet de loi portant sur un nouveau code forestier. Cette initiative l\u00e9gislative vise \u00e0 moderniser le [&hellip;]","og_url":"https:\/\/macite.tg\/?p=33583","article_published_time":"2026-09-01T12:47:54+00:00","article_modified_time":"2026-09-01T12:47:56+00:00","og_image":[{"width":500,"height":333,"url":"https:\/\/macite.tg\/wp-content\/uploads\/2026\/09\/VERT.jpg","type":"image\/jpeg"}],"author":"Jean Pierre BAWELA","twitter_card":"summary_large_image","twitter_misc":{"\u00c9crit par":"Jean Pierre BAWELA","Dur\u00e9e de lecture estim\u00e9e":"3 minutes"},"schema":{"@context":"https:\/\/schema.org","@graph":[{"@type":"Article","@id":"https:\/\/macite.tg\/?p=33583#article","isPartOf":{"@id":"https:\/\/macite.tg\/?p=33583"},"author":{"name":"Jean Pierre BAWELA","@id":"https:\/\/macite.tg\/#\/schema\/person\/e9f2de7e5dbbe7770a9402c7ce82f5c2"},"headline":"ENVIRONNEMENT : Bient\u00f4t un nouveau code forestier pour allier protection et d\u00e9veloppement","datePublished":"2026-09-01T12:47:54+00:00","dateModified":"2026-09-01T12:47:56+00:00","mainEntityOfPage":{"@id":"https:\/\/macite.tg\/?p=33583"},"wordCount":358,"commentCount":0,"image":{"@id":"https:\/\/macite.tg\/?p=33583#primaryimage"},"thumbnailUrl":"https:\/\/macite.tg\/wp-content\/uploads\/2026\/09\/VERT.jpg","articleSection":["ACTUALITE","ENVIRONNEMENT"],"inLanguage":"fr-FR","potentialAction":[{"@type":"CommentAction","name":"Comment","target":["https:\/\/macite.tg\/?p=33583#respond"]}]},{"@type":"WebPage","@id":"https:\/\/macite.tg\/?p=33583","url":"https:\/\/macite.tg\/?p=33583","name":"ENVIRONNEMENT : Bient\u00f4t un nouveau code forestier pour allier protection et d\u00e9veloppement -","isPartOf":{"@id":"https:\/\/macite.tg\/#website"},"primaryImageOfPage":{"@id":"https:\/\/macite.tg\/?p=33583#primaryimage"},"image":{"@id":"https:\/\/macite.tg\/?p=33583#primaryimage"},"thumbnailUrl":"https:\/\/macite.tg\/wp-content\/uploads\/2026\/09\/VERT.jpg","datePublished":"2026-09-01T12:47:54+00:00","dateModified":"2026-09-01T12:47:56+00:00","author":{"@id":"https:\/\/macite.tg\/#\/schema\/person\/e9f2de7e5dbbe7770a9402c7ce82f5c2"},"breadcrumb":{"@id":"https:\/\/macite.tg\/?p=33583#breadcrumb"},"inLanguage":"fr-FR","potentialAction":[{"@type":"ReadAction","target":["https:\/\/macite.tg\/?p=33583"]}]},{"@type":"ImageObject","inLanguage":"fr-FR","@id":"https:\/\/macite.tg\/?p=33583#primaryimage","url":"https:\/\/macite.tg\/wp-content\/uploads\/2026\/09\/VERT.jpg","contentUrl":"https:\/\/macite.tg\/wp-content\/uploads\/2026\/09\/VERT.jpg","width":500,"height":333},{"@type":"BreadcrumbList","@id":"https:\/\/macite.tg\/?p=33583#breadcrumb","itemListElement":[{"@type":"ListItem","position":1,"name":"Accueil","item":"https:\/\/macite.tg\/"},{"@type":"ListItem","position":2,"name":"ENVIRONNEMENT : Bient\u00f4t un nouveau code forestier pour allier protection et d\u00e9veloppement"}]},{"@type":"WebSite","@id":"https:\/\/macite.tg\/#website","url":"https:\/\/macite.tg\/","name":"","description":"L&#039;information, la bonne!!!","potentialAction":[{"@type":"SearchAction","target":{"@type":"EntryPoint","urlTemplate":"https:\/\/macite.tg\/?s={search_term_string}"},"query-input":{"@type":"PropertyValueSpecification","valueRequired":true,"valueName":"search_term_string"}}],"inLanguage":"fr-FR"},{"@type":"Person","@id":"https:\/\/macite.tg\/#\/schema\/person\/e9f2de7e5dbbe7770a9402c7ce82f5c2","name":"Jean Pierre BAWELA","image":{"@type":"ImageObject","inLanguage":"fr-FR","@id":"https:\/\/macite.tg\/wp-content\/uploads\/2023\/09\/WhatsApp-Image-2023-09-19-at-14.44.41-122x122.jpeg","url":"https:\/\/macite.tg\/wp-content\/uploads\/2023\/09\/WhatsApp-Image-2023-09-19-at-14.44.41-122x122.jpeg","contentUrl":"https:\/\/macite.tg\/wp-content\/uploads\/2023\/09\/WhatsApp-Image-2023-09-19-at-14.44.41-122x122.jpeg","caption":"Jean Pierre BAWELA"},"url":"https:\/\/macite.tg\/?author=2"}]}},"_links":{"self":[{"href":"https:\/\/macite.tg\/index.php?rest_route=\/wp\/v2\/posts\/33583","targetHints":{"allow":["GET"]}}],"collection":[{"href":"https:\/\/macite.tg\/index.php?rest_route=\/wp\/v2\/posts"}],"about":[{"href":"https:\/\/macite.tg\/index.php?rest_route=\/wp\/v2\/types\/post"}],"author":[{"embeddable":true,"href":"https:\/\/macite.tg\/index.php?rest_route=\/wp\/v2\/users\/2"}],"replies":[{"embeddable":true,"href":"https:\/\/macite.tg\/index.php?rest_route=%2Fwp%2Fv2%2Fcomments&post=33583"}],"version-history":[{"count":1,"href":"https:\/\/macite.tg\/index.php?rest_route=\/wp\/v2\/posts\/33583\/revisions"}],"predecessor-version":[{"id":33585,"href":"https:\/\/macite.tg\/index.php?rest_route=\/wp\/v2\/posts\/33583\/revisions\/33585"}],"wp:featuredmedia":[{"embeddable":true,"href":"https:\/\/macite.tg\/index.php?rest_route=\/wp\/v2\/media\/33584"}],"wp:attachment":[{"href":"https:\/\/macite.tg\/index.php?rest_route=%2Fwp%2Fv2%2Fmedia&parent=33583"}],"wp:term":[{"taxonomy":"category","embeddable":true,"href":"https:\/\/macite.tg\/index.php?rest_route=%2Fwp%2Fv2%2Fcategories&post=33583"},{"taxonomy":"post_tag","embeddable":true,"href":"https:\/\/macite.tg\/index.php?rest_route=%2Fwp%2Fv2%2Ftags&post=33583"}],"curies":[{"name":"wp","href":"https:\/\/api.w.org\/{rel}","templated":true}]}}