{"id":33580,"date":"2026-09-01T12:22:40","date_gmt":"2026-09-01T12:22:40","guid":{"rendered":"https:\/\/macite.tg\/?p=33580"},"modified":"2026-09-01T12:22:49","modified_gmt":"2026-09-01T12:22:49","slug":"senegal-duel-institutionnel-ce-mardi-1er-septembre-jour-fatidique-entre-ousmane-sonko-et-le-president-diomaye-faye","status":"publish","type":"post","link":"https:\/\/macite.tg\/?p=33580","title":{"rendered":"SENEGAL \/ DUEL INSTITUTIONNEL : Ce mardi 1er septembre, jour fatidique entre Ousmane Sonko et le pr\u00e9sident Diomaye Faye"},"content":{"rendered":"\n<p class=\"wp-block-paragraph\"><strong><em>Son utilisation dans le rapport avec l\u2019ex\u00e9cutif pose in\u00e9vitablement une question essentielle : jusqu\u2019o\u00f9 peut-elle aller lorsque le pouvoir parlementaire entend peser sur les choix du pr\u00e9sident de la R\u00e9publique ?<\/em><\/strong><\/p>\n\n\n\n<p class=\"wp-block-paragraph\">La politique&nbsp;est souvent le ciment des amiti\u00e9s. Les compagnons d\u2019hier peuvent devenir les adversaires d\u2019aujourd\u2019hui, surtout lorsque le pouvoir, ses pr\u00e9rogatives et les ambitions qu\u2019il entra\u00eene sont une relation jusqu\u2019\u00e0 la confiance. Le rapport avec l\u2019avenir entre le pr\u00e9sident Bassirou Diomaye Faye et son ex Premier ministre Ousmane Sonko ressemble dangereusement \u00e0 cette vieille m\u00e9canique.<\/p>\n\n\n\n<p class=\"wp-block-paragraph\">Apr\u00e8s avoir chemin\u00e9 ensemble dans l\u2019\u00e9preuve, les deux hommes se retrouvent d\u00e9sormais dans une configuration o\u00f9 chacun se scrute, chaque d\u00e9claration interpr\u00e9t\u00e9e et chaque d\u00e9cision se joue \u00e0 l\u2019aune d\u2019un possible bras de fer.<\/p>\n\n\n\n<p class=\"wp-block-paragraph\">La convocation de cette session extraordinaire de l\u2019Assembl\u00e9e nationale intervient ainsi dans un climat politique particuli\u00e8rement charg\u00e9. La majorit\u00e9 parlementaire, acquise \u00e0 Pastef, constitue une force politique consid\u00e9rable. Son utilisation dans le rapport avec l\u2019ex\u00e9cutif pose in\u00e9vitablement une question essentielle : jusqu\u2019o\u00f9 peut-elle aller lorsque le pouvoir parlementaire entend peser sur les choix du pr\u00e9sident de la R\u00e9publique ?<\/p>\n\n\n<div class=\"wp-block-image\">\n<figure class=\"aligncenter size-full\"><img loading=\"lazy\" decoding=\"async\" width=\"509\" height=\"720\" src=\"https:\/\/macite.tg\/wp-content\/uploads\/2026\/09\/image-3.png\" alt=\"\" class=\"wp-image-33578\" srcset=\"https:\/\/macite.tg\/wp-content\/uploads\/2026\/09\/image-3.png 509w, https:\/\/macite.tg\/wp-content\/uploads\/2026\/09\/image-3-212x300.png 212w\" sizes=\"auto, (max-width: 509px) 100vw, 509px\" \/><\/figure>\n<\/div>\n\n\n<p class=\"wp-block-paragraph\"><strong>La l\u00e9galit\u00e9 face \u00e0 la l\u00e9gitimit\u00e9<\/strong><\/p>\n\n\n\n<p class=\"wp-block-paragraph\">C\u2019est l\u00e0 que commence le v\u00e9ritable malaise. Entre la l\u00e9galit\u00e9 et la l\u00e9gitimit\u00e9, la fronti\u00e8re peut devenir dangereusement \u00e9troite. Une majorit\u00e9 peut \u00eatre parfaitement fond\u00e9e, juridiquement, \u00e0 exercer ses pr\u00e9rogatives. Mais l\u2019exercice l\u00e9gal d\u2019un pouvoir ne doit jamais conduire \u00e0 fragiliser l\u2019\u00e9quilibre institutionnel.<\/p>\n\n\n\n<p class=\"wp-block-paragraph\">Encore moins \u00e0 installer durablement le pays dans une logique de confrontation entre institutions. Le S\u00e9n\u00e9gal n\u2019a pas besoin d\u2019un nouveau duel au sommet. Il a besoin de stabilit\u00e9, de clart\u00e9 et d\u2019institutions suffisamment fortes pour survivre aux querelles d\u2019hommes.<\/p>\n\n\n\n<p class=\"wp-block-paragraph\">Car derri\u00e8re le feuilleton Diomaye-Sonko, c\u2019est bien la R\u00e9publique qui est en jeu. Le plus pr\u00e9occupant serait que la comp\u00e9tition politique finisse par prendre le dessus sur l\u2019int\u00e9r\u00eat g\u00e9n\u00e9ral.<\/p>\n\n\n\n<p class=\"wp-block-paragraph\">Le pr\u00e9sident Bassirou Diomaye Faye&nbsp;a \u00e9t\u00e9 \u00e9lu par suffrage universel pour un mandat de cinq ans. Il lui reste encore trois ann\u00e9es pour exercer sa mission que les S\u00e9n\u00e9galais lui ont confi\u00e9e. Cette r\u00e9alit\u00e9 d\u00e9mocratique devrait imposer \u00e0 tous, majorit\u00e9 comme opposition, un principe simple : on peut contester, critiquer, contr\u00f4ler et m\u00eame s\u2019opposer, mais sans transformer les institutions en champs de bataille.<\/p>\n\n\n\n<p class=\"wp-block-paragraph\"><strong>Risques d\u2019une crise politique permanente<\/strong><\/p>\n\n\n\n<p class=\"wp-block-paragraph\">L\u2019\u00e9pisode du jour doit donc \u00eatre regard\u00e9 avec gravit\u00e9. Il ne s\u2019agit pas seulement de savoir qui remportera le nouveau bras de fer. Il faut surtout \u00e9viter que le pays ne s\u2019installe dans une crise politique permanente, o\u00f9 chaque institution chercherait \u00e0 prendre le dessus sur l\u2019autre.<\/p>\n\n\n<div class=\"wp-block-image\">\n<figure class=\"aligncenter size-full\"><img loading=\"lazy\" decoding=\"async\" width=\"509\" height=\"720\" src=\"https:\/\/macite.tg\/wp-content\/uploads\/2026\/08\/OTR_Payez-la-TVM-simple-et-pratique.jpg\" alt=\"\" class=\"wp-image-33432\" srcset=\"https:\/\/macite.tg\/wp-content\/uploads\/2026\/08\/OTR_Payez-la-TVM-simple-et-pratique.jpg 509w, https:\/\/macite.tg\/wp-content\/uploads\/2026\/08\/OTR_Payez-la-TVM-simple-et-pratique-212x300.jpg 212w\" sizes=\"auto, (max-width: 509px) 100vw, 509px\" \/><\/figure>\n<\/div>\n\n\n<p class=\"wp-block-paragraph\">Les amiti\u00e9s politiques peuvent mourir. Les alliances peuvent se d\u00e9faire. Les ambitions peuvent s\u2019affronter. Mais la R\u00e9publique doit rester debout. C\u2019est pourquoi l\u2019urgence n\u2019est peut-\u00eatre plus de savoir une entente entre deux hommes, mais de sauver la R\u00e9publique des querelles divergentes.<\/p>\n\n\n\n<p class=\"wp-block-paragraph\">Diomaye et Sonko peuvent avoir des chemins politiques diff\u00e9rents. Ils peuvent m\u00eame entrer dans un rapport de force. Mais leurs d\u00e9saccords ne doivent jamais devenir ceux de l\u2019\u00c9tat, ni hypoth\u00e9quer les trois ann\u00e9es de mandat qui restent au pr\u00e9sident \u00e9lu.<\/p>\n\n\n\n<p class=\"wp-block-paragraph\">Le S\u00e9n\u00e9gal m\u00e9rite mieux qu\u2019un nouvel \u00e9pisode du cimeti\u00e8re des amiti\u00e9s politiques. Il m\u00e9rite que la l\u00e9galit\u00e9 reste au service de la l\u00e9gitimit\u00e9 populaire et que les institutions demeurent plus fortes que les hommes.<\/p>\n\n\n\n<p class=\"wp-block-paragraph\"><strong>Senenews<\/strong><\/p>\n\n\n\n<p class=\"wp-block-paragraph\"><a><strong><em>@macite.tg&nbsp;&nbsp;&nbsp;&nbsp;&nbsp;&nbsp;&nbsp;&nbsp;<\/em><\/strong><\/a><\/p>\n\n\n\n<p class=\"wp-block-paragraph\"><strong><em>E-mail&nbsp;:<\/em><\/strong> <a href=\"mailto:maciteinfo@gmail.com\"><strong><em>maciteinfo@gmail.com<\/em><\/strong><\/a><strong><em>;<\/em><\/strong> <a href=\"mailto:bawela1@gmail.com\"><strong><em>bawela1@gmail.com<\/em><\/strong><\/a><strong><em><\/em><\/strong><\/p>\n\n\n\n<p class=\"wp-block-paragraph\"><strong><em>Pour vos annonces, publi-reportages, etc., joignez-nous au (00228)91515309\/<strong>79872224<\/strong> <strong><\/strong><\/em><\/strong><\/p>\n\n\n\n<p class=\"wp-block-paragraph\"><strong><em>www.macite.tg, L\u2019information, la bonne&nbsp;!<\/em><\/strong><\/p>\n\n\n\n<p class=\"wp-block-paragraph\"><\/p>\n","protected":false},"excerpt":{"rendered":"<p class=\"text-justify mb-2\" >Son utilisation dans le rapport avec l\u2019ex\u00e9cutif pose in\u00e9vitablement une question essentielle : jusqu\u2019o\u00f9 peut-elle aller lorsque le pouvoir parlementaire entend peser sur les choix du pr\u00e9sident de la R\u00e9publique ? La politique&nbsp;est souvent le ciment des amiti\u00e9s. Les compagnons d\u2019hier peuvent devenir les adversaires [&hellip;]<\/p>\n","protected":false},"author":2,"featured_media":33581,"comment_status":"open","ping_status":"open","sticky":false,"template":"","format":"standard","meta":{"footnotes":""},"categories":[20,1],"tags":[],"class_list":["post-33580","post","type-post","status-publish","format-standard","has-post-thumbnail","hentry","category-actualite","category-politique"],"yoast_head":"<!-- This site is optimized with the Yoast SEO plugin v28.4 - https:\/\/yoast.com\/product\/yoast-seo-wordpress\/ -->\n<title>SENEGAL \/ DUEL INSTITUTIONNEL : Ce mardi 1er septembre, jour fatidique entre Ousmane Sonko et le pr\u00e9sident Diomaye Faye -<\/title>\n<meta name=\"robots\" content=\"index, follow, max-snippet:-1, max-image-preview:large, max-video-preview:-1\" \/>\n<link rel=\"canonical\" href=\"https:\/\/macite.tg\/?p=33580\" \/>\n<meta property=\"og:locale\" content=\"fr_FR\" \/>\n<meta property=\"og:type\" content=\"article\" \/>\n<meta property=\"og:title\" content=\"SENEGAL \/ DUEL INSTITUTIONNEL : Ce mardi 1er septembre, jour fatidique entre Ousmane Sonko et le pr\u00e9sident Diomaye Faye -\" \/>\n<meta property=\"og:description\" content=\"Son utilisation dans le rapport avec l\u2019ex\u00e9cutif pose in\u00e9vitablement une question essentielle : jusqu\u2019o\u00f9 peut-elle aller lorsque le pouvoir parlementaire entend peser sur les choix du pr\u00e9sident de la R\u00e9publique ? La politique&nbsp;est souvent le ciment des amiti\u00e9s. Les compagnons d\u2019hier peuvent devenir les adversaires [&hellip;]\" \/>\n<meta property=\"og:url\" content=\"https:\/\/macite.tg\/?p=33580\" \/>\n<meta property=\"article:published_time\" content=\"2026-09-01T12:22:40+00:00\" \/>\n<meta property=\"article:modified_time\" content=\"2026-09-01T12:22:49+00:00\" \/>\n<meta property=\"og:image\" content=\"https:\/\/macite.tg\/wp-content\/uploads\/2026\/09\/Senegal-1.jpg\" \/>\n\t<meta property=\"og:image:width\" content=\"500\" \/>\n\t<meta property=\"og:image:height\" content=\"334\" \/>\n\t<meta property=\"og:image:type\" content=\"image\/jpeg\" \/>\n<meta name=\"author\" content=\"Jean Pierre BAWELA\" \/>\n<meta name=\"twitter:card\" content=\"summary_large_image\" \/>\n<meta name=\"twitter:label1\" content=\"\u00c9crit par\" \/>\n\t<meta name=\"twitter:data1\" content=\"Jean Pierre BAWELA\" \/>\n\t<meta name=\"twitter:label2\" content=\"Dur\u00e9e de lecture estim\u00e9e\" \/>\n\t<meta name=\"twitter:data2\" content=\"4 minutes\" \/>\n<script type=\"application\/ld+json\" class=\"yoast-schema-graph\">{\"@context\":\"https:\\\/\\\/schema.org\",\"@graph\":[{\"@type\":\"Article\",\"@id\":\"https:\\\/\\\/macite.tg\\\/?p=33580#article\",\"isPartOf\":{\"@id\":\"https:\\\/\\\/macite.tg\\\/?p=33580\"},\"author\":{\"name\":\"Jean Pierre BAWELA\",\"@id\":\"https:\\\/\\\/macite.tg\\\/#\\\/schema\\\/person\\\/e9f2de7e5dbbe7770a9402c7ce82f5c2\"},\"headline\":\"SENEGAL \\\/ DUEL INSTITUTIONNEL : Ce mardi 1er septembre, jour fatidique entre Ousmane Sonko et le pr\u00e9sident Diomaye Faye\",\"datePublished\":\"2026-09-01T12:22:40+00:00\",\"dateModified\":\"2026-09-01T12:22:49+00:00\",\"mainEntityOfPage\":{\"@id\":\"https:\\\/\\\/macite.tg\\\/?p=33580\"},\"wordCount\":673,\"commentCount\":0,\"image\":{\"@id\":\"https:\\\/\\\/macite.tg\\\/?p=33580#primaryimage\"},\"thumbnailUrl\":\"https:\\\/\\\/macite.tg\\\/wp-content\\\/uploads\\\/2026\\\/09\\\/Senegal-1.jpg\",\"articleSection\":[\"ACTUALITE\",\"POLITIQUE\"],\"inLanguage\":\"fr-FR\",\"potentialAction\":[{\"@type\":\"CommentAction\",\"name\":\"Comment\",\"target\":[\"https:\\\/\\\/macite.tg\\\/?p=33580#respond\"]}]},{\"@type\":\"WebPage\",\"@id\":\"https:\\\/\\\/macite.tg\\\/?p=33580\",\"url\":\"https:\\\/\\\/macite.tg\\\/?p=33580\",\"name\":\"SENEGAL \\\/ DUEL INSTITUTIONNEL : Ce mardi 1er septembre, jour fatidique entre Ousmane Sonko et le pr\u00e9sident Diomaye Faye -\",\"isPartOf\":{\"@id\":\"https:\\\/\\\/macite.tg\\\/#website\"},\"primaryImageOfPage\":{\"@id\":\"https:\\\/\\\/macite.tg\\\/?p=33580#primaryimage\"},\"image\":{\"@id\":\"https:\\\/\\\/macite.tg\\\/?p=33580#primaryimage\"},\"thumbnailUrl\":\"https:\\\/\\\/macite.tg\\\/wp-content\\\/uploads\\\/2026\\\/09\\\/Senegal-1.jpg\",\"datePublished\":\"2026-09-01T12:22:40+00:00\",\"dateModified\":\"2026-09-01T12:22:49+00:00\",\"author\":{\"@id\":\"https:\\\/\\\/macite.tg\\\/#\\\/schema\\\/person\\\/e9f2de7e5dbbe7770a9402c7ce82f5c2\"},\"breadcrumb\":{\"@id\":\"https:\\\/\\\/macite.tg\\\/?p=33580#breadcrumb\"},\"inLanguage\":\"fr-FR\",\"potentialAction\":[{\"@type\":\"ReadAction\",\"target\":[\"https:\\\/\\\/macite.tg\\\/?p=33580\"]}]},{\"@type\":\"ImageObject\",\"inLanguage\":\"fr-FR\",\"@id\":\"https:\\\/\\\/macite.tg\\\/?p=33580#primaryimage\",\"url\":\"https:\\\/\\\/macite.tg\\\/wp-content\\\/uploads\\\/2026\\\/09\\\/Senegal-1.jpg\",\"contentUrl\":\"https:\\\/\\\/macite.tg\\\/wp-content\\\/uploads\\\/2026\\\/09\\\/Senegal-1.jpg\",\"width\":500,\"height\":334},{\"@type\":\"BreadcrumbList\",\"@id\":\"https:\\\/\\\/macite.tg\\\/?p=33580#breadcrumb\",\"itemListElement\":[{\"@type\":\"ListItem\",\"position\":1,\"name\":\"Accueil\",\"item\":\"https:\\\/\\\/macite.tg\\\/\"},{\"@type\":\"ListItem\",\"position\":2,\"name\":\"SENEGAL \\\/ DUEL INSTITUTIONNEL : Ce mardi 1er septembre, jour fatidique entre Ousmane Sonko et le pr\u00e9sident Diomaye Faye\"}]},{\"@type\":\"WebSite\",\"@id\":\"https:\\\/\\\/macite.tg\\\/#website\",\"url\":\"https:\\\/\\\/macite.tg\\\/\",\"name\":\"\",\"description\":\"L&#039;information, la bonne!!!\",\"potentialAction\":[{\"@type\":\"SearchAction\",\"target\":{\"@type\":\"EntryPoint\",\"urlTemplate\":\"https:\\\/\\\/macite.tg\\\/?s={search_term_string}\"},\"query-input\":{\"@type\":\"PropertyValueSpecification\",\"valueRequired\":true,\"valueName\":\"search_term_string\"}}],\"inLanguage\":\"fr-FR\"},{\"@type\":\"Person\",\"@id\":\"https:\\\/\\\/macite.tg\\\/#\\\/schema\\\/person\\\/e9f2de7e5dbbe7770a9402c7ce82f5c2\",\"name\":\"Jean Pierre BAWELA\",\"image\":{\"@type\":\"ImageObject\",\"inLanguage\":\"fr-FR\",\"@id\":\"https:\\\/\\\/macite.tg\\\/wp-content\\\/uploads\\\/2023\\\/09\\\/WhatsApp-Image-2023-09-19-at-14.44.41-122x122.jpeg\",\"url\":\"https:\\\/\\\/macite.tg\\\/wp-content\\\/uploads\\\/2023\\\/09\\\/WhatsApp-Image-2023-09-19-at-14.44.41-122x122.jpeg\",\"contentUrl\":\"https:\\\/\\\/macite.tg\\\/wp-content\\\/uploads\\\/2023\\\/09\\\/WhatsApp-Image-2023-09-19-at-14.44.41-122x122.jpeg\",\"caption\":\"Jean Pierre BAWELA\"},\"url\":\"https:\\\/\\\/macite.tg\\\/?author=2\"}]}<\/script>\n<!-- \/ Yoast SEO plugin. -->","yoast_head_json":{"title":"SENEGAL \/ DUEL INSTITUTIONNEL : Ce mardi 1er septembre, jour fatidique entre Ousmane Sonko et le pr\u00e9sident Diomaye Faye -","robots":{"index":"index","follow":"follow","max-snippet":"max-snippet:-1","max-image-preview":"max-image-preview:large","max-video-preview":"max-video-preview:-1"},"canonical":"https:\/\/macite.tg\/?p=33580","og_locale":"fr_FR","og_type":"article","og_title":"SENEGAL \/ DUEL INSTITUTIONNEL : Ce mardi 1er septembre, jour fatidique entre Ousmane Sonko et le pr\u00e9sident Diomaye Faye -","og_description":"Son utilisation dans le rapport avec l\u2019ex\u00e9cutif pose in\u00e9vitablement une question essentielle : jusqu\u2019o\u00f9 peut-elle aller lorsque le pouvoir parlementaire entend peser sur les choix du pr\u00e9sident de la R\u00e9publique ? La politique&nbsp;est souvent le ciment des amiti\u00e9s. Les compagnons d\u2019hier peuvent devenir les adversaires [&hellip;]","og_url":"https:\/\/macite.tg\/?p=33580","article_published_time":"2026-09-01T12:22:40+00:00","article_modified_time":"2026-09-01T12:22:49+00:00","og_image":[{"width":500,"height":334,"url":"https:\/\/macite.tg\/wp-content\/uploads\/2026\/09\/Senegal-1.jpg","type":"image\/jpeg"}],"author":"Jean Pierre BAWELA","twitter_card":"summary_large_image","twitter_misc":{"\u00c9crit par":"Jean Pierre BAWELA","Dur\u00e9e de lecture estim\u00e9e":"4 minutes"},"schema":{"@context":"https:\/\/schema.org","@graph":[{"@type":"Article","@id":"https:\/\/macite.tg\/?p=33580#article","isPartOf":{"@id":"https:\/\/macite.tg\/?p=33580"},"author":{"name":"Jean Pierre BAWELA","@id":"https:\/\/macite.tg\/#\/schema\/person\/e9f2de7e5dbbe7770a9402c7ce82f5c2"},"headline":"SENEGAL \/ DUEL INSTITUTIONNEL : Ce mardi 1er septembre, jour fatidique entre Ousmane Sonko et le pr\u00e9sident Diomaye Faye","datePublished":"2026-09-01T12:22:40+00:00","dateModified":"2026-09-01T12:22:49+00:00","mainEntityOfPage":{"@id":"https:\/\/macite.tg\/?p=33580"},"wordCount":673,"commentCount":0,"image":{"@id":"https:\/\/macite.tg\/?p=33580#primaryimage"},"thumbnailUrl":"https:\/\/macite.tg\/wp-content\/uploads\/2026\/09\/Senegal-1.jpg","articleSection":["ACTUALITE","POLITIQUE"],"inLanguage":"fr-FR","potentialAction":[{"@type":"CommentAction","name":"Comment","target":["https:\/\/macite.tg\/?p=33580#respond"]}]},{"@type":"WebPage","@id":"https:\/\/macite.tg\/?p=33580","url":"https:\/\/macite.tg\/?p=33580","name":"SENEGAL \/ DUEL INSTITUTIONNEL : Ce mardi 1er septembre, jour fatidique entre Ousmane Sonko et le pr\u00e9sident Diomaye Faye -","isPartOf":{"@id":"https:\/\/macite.tg\/#website"},"primaryImageOfPage":{"@id":"https:\/\/macite.tg\/?p=33580#primaryimage"},"image":{"@id":"https:\/\/macite.tg\/?p=33580#primaryimage"},"thumbnailUrl":"https:\/\/macite.tg\/wp-content\/uploads\/2026\/09\/Senegal-1.jpg","datePublished":"2026-09-01T12:22:40+00:00","dateModified":"2026-09-01T12:22:49+00:00","author":{"@id":"https:\/\/macite.tg\/#\/schema\/person\/e9f2de7e5dbbe7770a9402c7ce82f5c2"},"breadcrumb":{"@id":"https:\/\/macite.tg\/?p=33580#breadcrumb"},"inLanguage":"fr-FR","potentialAction":[{"@type":"ReadAction","target":["https:\/\/macite.tg\/?p=33580"]}]},{"@type":"ImageObject","inLanguage":"fr-FR","@id":"https:\/\/macite.tg\/?p=33580#primaryimage","url":"https:\/\/macite.tg\/wp-content\/uploads\/2026\/09\/Senegal-1.jpg","contentUrl":"https:\/\/macite.tg\/wp-content\/uploads\/2026\/09\/Senegal-1.jpg","width":500,"height":334},{"@type":"BreadcrumbList","@id":"https:\/\/macite.tg\/?p=33580#breadcrumb","itemListElement":[{"@type":"ListItem","position":1,"name":"Accueil","item":"https:\/\/macite.tg\/"},{"@type":"ListItem","position":2,"name":"SENEGAL \/ DUEL INSTITUTIONNEL : Ce mardi 1er septembre, jour fatidique entre Ousmane Sonko et le pr\u00e9sident Diomaye Faye"}]},{"@type":"WebSite","@id":"https:\/\/macite.tg\/#website","url":"https:\/\/macite.tg\/","name":"","description":"L&#039;information, la bonne!!!","potentialAction":[{"@type":"SearchAction","target":{"@type":"EntryPoint","urlTemplate":"https:\/\/macite.tg\/?s={search_term_string}"},"query-input":{"@type":"PropertyValueSpecification","valueRequired":true,"valueName":"search_term_string"}}],"inLanguage":"fr-FR"},{"@type":"Person","@id":"https:\/\/macite.tg\/#\/schema\/person\/e9f2de7e5dbbe7770a9402c7ce82f5c2","name":"Jean Pierre BAWELA","image":{"@type":"ImageObject","inLanguage":"fr-FR","@id":"https:\/\/macite.tg\/wp-content\/uploads\/2023\/09\/WhatsApp-Image-2023-09-19-at-14.44.41-122x122.jpeg","url":"https:\/\/macite.tg\/wp-content\/uploads\/2023\/09\/WhatsApp-Image-2023-09-19-at-14.44.41-122x122.jpeg","contentUrl":"https:\/\/macite.tg\/wp-content\/uploads\/2023\/09\/WhatsApp-Image-2023-09-19-at-14.44.41-122x122.jpeg","caption":"Jean Pierre BAWELA"},"url":"https:\/\/macite.tg\/?author=2"}]}},"_links":{"self":[{"href":"https:\/\/macite.tg\/index.php?rest_route=\/wp\/v2\/posts\/33580","targetHints":{"allow":["GET"]}}],"collection":[{"href":"https:\/\/macite.tg\/index.php?rest_route=\/wp\/v2\/posts"}],"about":[{"href":"https:\/\/macite.tg\/index.php?rest_route=\/wp\/v2\/types\/post"}],"author":[{"embeddable":true,"href":"https:\/\/macite.tg\/index.php?rest_route=\/wp\/v2\/users\/2"}],"replies":[{"embeddable":true,"href":"https:\/\/macite.tg\/index.php?rest_route=%2Fwp%2Fv2%2Fcomments&post=33580"}],"version-history":[{"count":1,"href":"https:\/\/macite.tg\/index.php?rest_route=\/wp\/v2\/posts\/33580\/revisions"}],"predecessor-version":[{"id":33582,"href":"https:\/\/macite.tg\/index.php?rest_route=\/wp\/v2\/posts\/33580\/revisions\/33582"}],"wp:featuredmedia":[{"embeddable":true,"href":"https:\/\/macite.tg\/index.php?rest_route=\/wp\/v2\/media\/33581"}],"wp:attachment":[{"href":"https:\/\/macite.tg\/index.php?rest_route=%2Fwp%2Fv2%2Fmedia&parent=33580"}],"wp:term":[{"taxonomy":"category","embeddable":true,"href":"https:\/\/macite.tg\/index.php?rest_route=%2Fwp%2Fv2%2Fcategories&post=33580"},{"taxonomy":"post_tag","embeddable":true,"href":"https:\/\/macite.tg\/index.php?rest_route=%2Fwp%2Fv2%2Ftags&post=33580"}],"curies":[{"name":"wp","href":"https:\/\/api.w.org\/{rel}","templated":true}]}}