{"id":33577,"date":"2026-09-01T12:08:35","date_gmt":"2026-09-01T12:08:35","guid":{"rendered":"https:\/\/macite.tg\/?p=33577"},"modified":"2026-09-01T12:08:41","modified_gmt":"2026-09-01T12:08:41","slug":"45min-avec-lotr-developpement-des-collectivites-redevez-vous-ce-jeudi-03-septembre-pour-tout-savoir-sur-les-impots-locaux","status":"publish","type":"post","link":"https:\/\/macite.tg\/?p=33577","title":{"rendered":"\u2018\u201945MIN AVEC L\u2019OTR\u2019\u2019 \/ DEVELOPPEMENT DES COLLECTIVITES : Redevez-vous ce jeudi 03 Septembre pour tout savoir sur les imp\u00f4ts locaux"},"content":{"rendered":"\n<p class=\"wp-block-paragraph\"><strong><em>Comprendre les imp\u00f4ts locaux, c\u2019est aussi mieux comprendre leur r\u00f4le dans le d\u00e9veloppement de nos collectivit\u00e9s. Souvent per\u00e7us comme une simple obligation financi\u00e8re, le pr\u00e9l\u00e8vement des imp\u00f4ts locaux constitue en r\u00e9alit\u00e9 le moteur essentiel des services publics de proximit\u00e9, des infrastructures scolaires au r\u00e9seau routier, en passant par la gestion des d\u00e9chets.<\/em><\/strong><\/p>\n\n\n\n<p class=\"wp-block-paragraph\">Pour tout saisir des enjeux de la fiscalit\u00e9 locale et faire valoir votre r\u00f4le de citoyen \u00e9clair\u00e9, l&rsquo;Office Togolais des Recettes (OTR) vous donne rendez-vous, ce jeudi 03 septembre \u00e0 compter de 10H (GMT), pour une session d&rsquo;information interactive en ligne.<\/p>\n\n\n\n<p class=\"wp-block-paragraph\"><em>\u00ab Utilit\u00e9 et fonctionnement des imp\u00f4ts locaux : la contribution citoyenne et le financement des collectivit\u00e9s \u00bb.<\/em> Tel est le th\u00e8me de ce webinaire gratuit, que vous devrez suivre sur les canaux officiels de l\u2019administration fiscale, notamment la plateforme Zoom.<\/p>\n\n\n\n<figure class=\"wp-block-image size-full\"><img loading=\"lazy\" decoding=\"async\" width=\"851\" height=\"315\" src=\"https:\/\/macite.tg\/wp-content\/uploads\/2026\/08\/OTR_Ferer-pour-batir-1.jpg\" alt=\"\" class=\"wp-image-33383\" srcset=\"https:\/\/macite.tg\/wp-content\/uploads\/2026\/08\/OTR_Ferer-pour-batir-1.jpg 851w, https:\/\/macite.tg\/wp-content\/uploads\/2026\/08\/OTR_Ferer-pour-batir-1-300x111.jpg 300w, https:\/\/macite.tg\/wp-content\/uploads\/2026\/08\/OTR_Ferer-pour-batir-1-768x284.jpg 768w\" sizes=\"auto, (max-width: 851px) 100vw, 851px\" \/><\/figure>\n\n\n\n<p class=\"wp-block-paragraph\">Ce rendez-vous virtuel \u00e0 ne surtout pas manquer, va aborder en d\u00e9tail la contribution citoyenne et le financement des collectivit\u00e9s. Une opportunit\u00e9 pour \u00e9changer directement avec des experts, poser vos questions et d\u00e9mystifier les m\u00e9canismes fiscaux qui r\u00e9gissent votre quotidien.<\/p>\n\n\n\n<p class=\"wp-block-paragraph\">Que vous soyez un contribuable, un entrepreneur, un acteur de la soci\u00e9t\u00e9 civile ou simplement curieux de savoir comment sont utilis\u00e9es vos contributions, cet \u00e9v\u00e9nement vous apportera des r\u00e9ponses claires sur la r\u00e9elle destination de l&rsquo;argent des imp\u00f4ts locaux, et d\u00e9couvrirez le lien direct entre imp\u00f4t et d\u00e9veloppement de votre commune.<\/p>\n\n\n<div class=\"wp-block-image\">\n<figure class=\"aligncenter size-full is-resized\"><img loading=\"lazy\" decoding=\"async\" width=\"500\" height=\"304\" src=\"https:\/\/macite.tg\/wp-content\/uploads\/2026\/08\/OTR_SAM.jpg\" alt=\"\" class=\"wp-image-32865\" style=\"width:630px;height:auto\" srcset=\"https:\/\/macite.tg\/wp-content\/uploads\/2026\/08\/OTR_SAM.jpg 500w, https:\/\/macite.tg\/wp-content\/uploads\/2026\/08\/OTR_SAM-300x182.jpg 300w\" sizes=\"auto, (max-width: 500px) 100vw, 500px\" \/><\/figure>\n<\/div>\n\n\n<p class=\"wp-block-paragraph\"><strong>Comment participer \u00e0 la r\u00e9union ?<\/strong><\/p>\n\n\n\n<p class=\"wp-block-paragraph\">La participation est libre et accessible en quelques clics via la plateforme Zoom :<\/p>\n\n\n\n<ul class=\"wp-block-list\">\n<li><strong>Lien direct :<\/strong> <a href=\"https:\/\/bit.ly\/OTR45\" target=\"_blank\" rel=\"noopener\">Rejoindre le webinaire OTR<\/a><\/li>\n\n\n\n<li><strong>ID de r\u00e9union :<\/strong> 846 6778 0585<\/li>\n\n\n\n<li><strong>Code secret :<\/strong> 579210<\/li>\n<\/ul>\n\n\n\n<p class=\"wp-block-paragraph\"><strong>La R\u00e9daction<\/strong><\/p>\n\n\n\n<p class=\"wp-block-paragraph\"><a><strong><em>@macite.tg&nbsp;&nbsp;&nbsp;&nbsp;&nbsp;&nbsp;&nbsp;&nbsp;<\/em><\/strong><\/a><\/p>\n\n\n\n<p class=\"wp-block-paragraph\"><strong><em>E-mail&nbsp;:<\/em><\/strong> <a href=\"mailto:maciteinfo@gmail.com\"><strong><em>maciteinfo@gmail.com<\/em><\/strong><\/a><strong><em>;<\/em><\/strong> <a href=\"mailto:bawela1@gmail.com\"><strong><em>bawela1@gmail.com<\/em><\/strong><\/a><strong><em><\/em><\/strong><\/p>\n\n\n\n<p class=\"wp-block-paragraph\"><strong><em>Pour vos annonces, publi-reportages, etc., joignez-nous au (00228)91515309\/<strong>79872224<\/strong> <strong><\/strong><\/em><\/strong><\/p>\n\n\n\n<p class=\"wp-block-paragraph\"><strong><em>www.macite.tg, L\u2019information, la bonne&nbsp;!<\/em><\/strong><\/p>\n\n\n\n<p class=\"wp-block-paragraph\"><\/p>\n","protected":false},"excerpt":{"rendered":"<p class=\"text-justify mb-2\" >Comprendre les imp\u00f4ts locaux, c\u2019est aussi mieux comprendre leur r\u00f4le dans le d\u00e9veloppement de nos collectivit\u00e9s. Souvent per\u00e7us comme une simple obligation financi\u00e8re, le pr\u00e9l\u00e8vement des imp\u00f4ts locaux constitue en r\u00e9alit\u00e9 le moteur essentiel des services publics de proximit\u00e9, des infrastructures scolaires au r\u00e9seau routier, [&hellip;]<\/p>\n","protected":false},"author":2,"featured_media":33578,"comment_status":"open","ping_status":"open","sticky":false,"template":"","format":"standard","meta":{"footnotes":""},"categories":[20,6,54],"tags":[],"class_list":["post-33577","post","type-post","status-publish","format-standard","has-post-thumbnail","hentry","category-actualite","category-societe","category-taxe"],"yoast_head":"<!-- This site is optimized with the Yoast SEO plugin v28.4 - https:\/\/yoast.com\/product\/yoast-seo-wordpress\/ -->\n<title>\u2018\u201945MIN AVEC L\u2019OTR\u2019\u2019 \/ DEVELOPPEMENT DES COLLECTIVITES : Redevez-vous ce jeudi 03 Septembre pour tout savoir sur les imp\u00f4ts locaux -<\/title>\n<meta name=\"robots\" content=\"index, follow, max-snippet:-1, max-image-preview:large, max-video-preview:-1\" \/>\n<link rel=\"canonical\" href=\"https:\/\/macite.tg\/?p=33577\" \/>\n<meta property=\"og:locale\" content=\"fr_FR\" \/>\n<meta property=\"og:type\" content=\"article\" \/>\n<meta property=\"og:title\" content=\"\u2018\u201945MIN AVEC L\u2019OTR\u2019\u2019 \/ DEVELOPPEMENT DES COLLECTIVITES : Redevez-vous ce jeudi 03 Septembre pour tout savoir sur les imp\u00f4ts locaux -\" \/>\n<meta property=\"og:description\" content=\"Comprendre les imp\u00f4ts locaux, c\u2019est aussi mieux comprendre leur r\u00f4le dans le d\u00e9veloppement de nos collectivit\u00e9s. Souvent per\u00e7us comme une simple obligation financi\u00e8re, le pr\u00e9l\u00e8vement des imp\u00f4ts locaux constitue en r\u00e9alit\u00e9 le moteur essentiel des services publics de proximit\u00e9, des infrastructures scolaires au r\u00e9seau routier, [&hellip;]\" \/>\n<meta property=\"og:url\" content=\"https:\/\/macite.tg\/?p=33577\" \/>\n<meta property=\"article:published_time\" content=\"2026-09-01T12:08:35+00:00\" \/>\n<meta property=\"article:modified_time\" content=\"2026-09-01T12:08:41+00:00\" \/>\n<meta property=\"og:image\" content=\"https:\/\/macite.tg\/wp-content\/uploads\/2026\/09\/image-3.png\" \/>\n\t<meta property=\"og:image:width\" content=\"509\" \/>\n\t<meta property=\"og:image:height\" content=\"720\" \/>\n\t<meta property=\"og:image:type\" content=\"image\/png\" \/>\n<meta name=\"author\" content=\"Jean Pierre BAWELA\" \/>\n<meta name=\"twitter:card\" content=\"summary_large_image\" \/>\n<meta name=\"twitter:label1\" content=\"\u00c9crit par\" \/>\n\t<meta name=\"twitter:data1\" content=\"Jean Pierre BAWELA\" \/>\n\t<meta name=\"twitter:label2\" content=\"Dur\u00e9e de lecture estim\u00e9e\" \/>\n\t<meta name=\"twitter:data2\" content=\"2 minutes\" \/>\n<script type=\"application\/ld+json\" class=\"yoast-schema-graph\">{\"@context\":\"https:\\\/\\\/schema.org\",\"@graph\":[{\"@type\":\"Article\",\"@id\":\"https:\\\/\\\/macite.tg\\\/?p=33577#article\",\"isPartOf\":{\"@id\":\"https:\\\/\\\/macite.tg\\\/?p=33577\"},\"author\":{\"name\":\"Jean Pierre BAWELA\",\"@id\":\"https:\\\/\\\/macite.tg\\\/#\\\/schema\\\/person\\\/e9f2de7e5dbbe7770a9402c7ce82f5c2\"},\"headline\":\"\u2018\u201945MIN AVEC L\u2019OTR\u2019\u2019 \\\/ DEVELOPPEMENT DES COLLECTIVITES : Redevez-vous ce jeudi 03 Septembre pour tout savoir sur les imp\u00f4ts locaux\",\"datePublished\":\"2026-09-01T12:08:35+00:00\",\"dateModified\":\"2026-09-01T12:08:41+00:00\",\"mainEntityOfPage\":{\"@id\":\"https:\\\/\\\/macite.tg\\\/?p=33577\"},\"wordCount\":338,\"commentCount\":0,\"image\":{\"@id\":\"https:\\\/\\\/macite.tg\\\/?p=33577#primaryimage\"},\"thumbnailUrl\":\"https:\\\/\\\/macite.tg\\\/wp-content\\\/uploads\\\/2026\\\/09\\\/image-3.png\",\"articleSection\":[\"ACTUALITE\",\"SOCIETE\",\"TAXE\"],\"inLanguage\":\"fr-FR\",\"potentialAction\":[{\"@type\":\"CommentAction\",\"name\":\"Comment\",\"target\":[\"https:\\\/\\\/macite.tg\\\/?p=33577#respond\"]}]},{\"@type\":\"WebPage\",\"@id\":\"https:\\\/\\\/macite.tg\\\/?p=33577\",\"url\":\"https:\\\/\\\/macite.tg\\\/?p=33577\",\"name\":\"\u2018\u201945MIN AVEC L\u2019OTR\u2019\u2019 \\\/ DEVELOPPEMENT DES COLLECTIVITES : Redevez-vous ce jeudi 03 Septembre pour tout savoir sur les imp\u00f4ts locaux -\",\"isPartOf\":{\"@id\":\"https:\\\/\\\/macite.tg\\\/#website\"},\"primaryImageOfPage\":{\"@id\":\"https:\\\/\\\/macite.tg\\\/?p=33577#primaryimage\"},\"image\":{\"@id\":\"https:\\\/\\\/macite.tg\\\/?p=33577#primaryimage\"},\"thumbnailUrl\":\"https:\\\/\\\/macite.tg\\\/wp-content\\\/uploads\\\/2026\\\/09\\\/image-3.png\",\"datePublished\":\"2026-09-01T12:08:35+00:00\",\"dateModified\":\"2026-09-01T12:08:41+00:00\",\"author\":{\"@id\":\"https:\\\/\\\/macite.tg\\\/#\\\/schema\\\/person\\\/e9f2de7e5dbbe7770a9402c7ce82f5c2\"},\"breadcrumb\":{\"@id\":\"https:\\\/\\\/macite.tg\\\/?p=33577#breadcrumb\"},\"inLanguage\":\"fr-FR\",\"potentialAction\":[{\"@type\":\"ReadAction\",\"target\":[\"https:\\\/\\\/macite.tg\\\/?p=33577\"]}]},{\"@type\":\"ImageObject\",\"inLanguage\":\"fr-FR\",\"@id\":\"https:\\\/\\\/macite.tg\\\/?p=33577#primaryimage\",\"url\":\"https:\\\/\\\/macite.tg\\\/wp-content\\\/uploads\\\/2026\\\/09\\\/image-3.png\",\"contentUrl\":\"https:\\\/\\\/macite.tg\\\/wp-content\\\/uploads\\\/2026\\\/09\\\/image-3.png\",\"width\":509,\"height\":720},{\"@type\":\"BreadcrumbList\",\"@id\":\"https:\\\/\\\/macite.tg\\\/?p=33577#breadcrumb\",\"itemListElement\":[{\"@type\":\"ListItem\",\"position\":1,\"name\":\"Accueil\",\"item\":\"https:\\\/\\\/macite.tg\\\/\"},{\"@type\":\"ListItem\",\"position\":2,\"name\":\"\u2018\u201945MIN AVEC L\u2019OTR\u2019\u2019 \\\/ DEVELOPPEMENT DES COLLECTIVITES : Redevez-vous ce jeudi 03 Septembre pour tout savoir sur les imp\u00f4ts locaux\"}]},{\"@type\":\"WebSite\",\"@id\":\"https:\\\/\\\/macite.tg\\\/#website\",\"url\":\"https:\\\/\\\/macite.tg\\\/\",\"name\":\"\",\"description\":\"L&#039;information, la bonne!!!\",\"potentialAction\":[{\"@type\":\"SearchAction\",\"target\":{\"@type\":\"EntryPoint\",\"urlTemplate\":\"https:\\\/\\\/macite.tg\\\/?s={search_term_string}\"},\"query-input\":{\"@type\":\"PropertyValueSpecification\",\"valueRequired\":true,\"valueName\":\"search_term_string\"}}],\"inLanguage\":\"fr-FR\"},{\"@type\":\"Person\",\"@id\":\"https:\\\/\\\/macite.tg\\\/#\\\/schema\\\/person\\\/e9f2de7e5dbbe7770a9402c7ce82f5c2\",\"name\":\"Jean Pierre BAWELA\",\"image\":{\"@type\":\"ImageObject\",\"inLanguage\":\"fr-FR\",\"@id\":\"https:\\\/\\\/macite.tg\\\/wp-content\\\/uploads\\\/2023\\\/09\\\/WhatsApp-Image-2023-09-19-at-14.44.41-122x122.jpeg\",\"url\":\"https:\\\/\\\/macite.tg\\\/wp-content\\\/uploads\\\/2023\\\/09\\\/WhatsApp-Image-2023-09-19-at-14.44.41-122x122.jpeg\",\"contentUrl\":\"https:\\\/\\\/macite.tg\\\/wp-content\\\/uploads\\\/2023\\\/09\\\/WhatsApp-Image-2023-09-19-at-14.44.41-122x122.jpeg\",\"caption\":\"Jean Pierre BAWELA\"},\"url\":\"https:\\\/\\\/macite.tg\\\/?author=2\"}]}<\/script>\n<!-- \/ Yoast SEO plugin. -->","yoast_head_json":{"title":"\u2018\u201945MIN AVEC L\u2019OTR\u2019\u2019 \/ DEVELOPPEMENT DES COLLECTIVITES : Redevez-vous ce jeudi 03 Septembre pour tout savoir sur les imp\u00f4ts locaux -","robots":{"index":"index","follow":"follow","max-snippet":"max-snippet:-1","max-image-preview":"max-image-preview:large","max-video-preview":"max-video-preview:-1"},"canonical":"https:\/\/macite.tg\/?p=33577","og_locale":"fr_FR","og_type":"article","og_title":"\u2018\u201945MIN AVEC L\u2019OTR\u2019\u2019 \/ DEVELOPPEMENT DES COLLECTIVITES : Redevez-vous ce jeudi 03 Septembre pour tout savoir sur les imp\u00f4ts locaux -","og_description":"Comprendre les imp\u00f4ts locaux, c\u2019est aussi mieux comprendre leur r\u00f4le dans le d\u00e9veloppement de nos collectivit\u00e9s. Souvent per\u00e7us comme une simple obligation financi\u00e8re, le pr\u00e9l\u00e8vement des imp\u00f4ts locaux constitue en r\u00e9alit\u00e9 le moteur essentiel des services publics de proximit\u00e9, des infrastructures scolaires au r\u00e9seau routier, [&hellip;]","og_url":"https:\/\/macite.tg\/?p=33577","article_published_time":"2026-09-01T12:08:35+00:00","article_modified_time":"2026-09-01T12:08:41+00:00","og_image":[{"width":509,"height":720,"url":"https:\/\/macite.tg\/wp-content\/uploads\/2026\/09\/image-3.png","type":"image\/png"}],"author":"Jean Pierre BAWELA","twitter_card":"summary_large_image","twitter_misc":{"\u00c9crit par":"Jean Pierre BAWELA","Dur\u00e9e de lecture estim\u00e9e":"2 minutes"},"schema":{"@context":"https:\/\/schema.org","@graph":[{"@type":"Article","@id":"https:\/\/macite.tg\/?p=33577#article","isPartOf":{"@id":"https:\/\/macite.tg\/?p=33577"},"author":{"name":"Jean Pierre BAWELA","@id":"https:\/\/macite.tg\/#\/schema\/person\/e9f2de7e5dbbe7770a9402c7ce82f5c2"},"headline":"\u2018\u201945MIN AVEC L\u2019OTR\u2019\u2019 \/ DEVELOPPEMENT DES COLLECTIVITES : Redevez-vous ce jeudi 03 Septembre pour tout savoir sur les imp\u00f4ts locaux","datePublished":"2026-09-01T12:08:35+00:00","dateModified":"2026-09-01T12:08:41+00:00","mainEntityOfPage":{"@id":"https:\/\/macite.tg\/?p=33577"},"wordCount":338,"commentCount":0,"image":{"@id":"https:\/\/macite.tg\/?p=33577#primaryimage"},"thumbnailUrl":"https:\/\/macite.tg\/wp-content\/uploads\/2026\/09\/image-3.png","articleSection":["ACTUALITE","SOCIETE","TAXE"],"inLanguage":"fr-FR","potentialAction":[{"@type":"CommentAction","name":"Comment","target":["https:\/\/macite.tg\/?p=33577#respond"]}]},{"@type":"WebPage","@id":"https:\/\/macite.tg\/?p=33577","url":"https:\/\/macite.tg\/?p=33577","name":"\u2018\u201945MIN AVEC L\u2019OTR\u2019\u2019 \/ DEVELOPPEMENT DES COLLECTIVITES : Redevez-vous ce jeudi 03 Septembre pour tout savoir sur les imp\u00f4ts locaux -","isPartOf":{"@id":"https:\/\/macite.tg\/#website"},"primaryImageOfPage":{"@id":"https:\/\/macite.tg\/?p=33577#primaryimage"},"image":{"@id":"https:\/\/macite.tg\/?p=33577#primaryimage"},"thumbnailUrl":"https:\/\/macite.tg\/wp-content\/uploads\/2026\/09\/image-3.png","datePublished":"2026-09-01T12:08:35+00:00","dateModified":"2026-09-01T12:08:41+00:00","author":{"@id":"https:\/\/macite.tg\/#\/schema\/person\/e9f2de7e5dbbe7770a9402c7ce82f5c2"},"breadcrumb":{"@id":"https:\/\/macite.tg\/?p=33577#breadcrumb"},"inLanguage":"fr-FR","potentialAction":[{"@type":"ReadAction","target":["https:\/\/macite.tg\/?p=33577"]}]},{"@type":"ImageObject","inLanguage":"fr-FR","@id":"https:\/\/macite.tg\/?p=33577#primaryimage","url":"https:\/\/macite.tg\/wp-content\/uploads\/2026\/09\/image-3.png","contentUrl":"https:\/\/macite.tg\/wp-content\/uploads\/2026\/09\/image-3.png","width":509,"height":720},{"@type":"BreadcrumbList","@id":"https:\/\/macite.tg\/?p=33577#breadcrumb","itemListElement":[{"@type":"ListItem","position":1,"name":"Accueil","item":"https:\/\/macite.tg\/"},{"@type":"ListItem","position":2,"name":"\u2018\u201945MIN AVEC L\u2019OTR\u2019\u2019 \/ DEVELOPPEMENT DES COLLECTIVITES : Redevez-vous ce jeudi 03 Septembre pour tout savoir sur les imp\u00f4ts locaux"}]},{"@type":"WebSite","@id":"https:\/\/macite.tg\/#website","url":"https:\/\/macite.tg\/","name":"","description":"L&#039;information, la bonne!!!","potentialAction":[{"@type":"SearchAction","target":{"@type":"EntryPoint","urlTemplate":"https:\/\/macite.tg\/?s={search_term_string}"},"query-input":{"@type":"PropertyValueSpecification","valueRequired":true,"valueName":"search_term_string"}}],"inLanguage":"fr-FR"},{"@type":"Person","@id":"https:\/\/macite.tg\/#\/schema\/person\/e9f2de7e5dbbe7770a9402c7ce82f5c2","name":"Jean Pierre BAWELA","image":{"@type":"ImageObject","inLanguage":"fr-FR","@id":"https:\/\/macite.tg\/wp-content\/uploads\/2023\/09\/WhatsApp-Image-2023-09-19-at-14.44.41-122x122.jpeg","url":"https:\/\/macite.tg\/wp-content\/uploads\/2023\/09\/WhatsApp-Image-2023-09-19-at-14.44.41-122x122.jpeg","contentUrl":"https:\/\/macite.tg\/wp-content\/uploads\/2023\/09\/WhatsApp-Image-2023-09-19-at-14.44.41-122x122.jpeg","caption":"Jean Pierre BAWELA"},"url":"https:\/\/macite.tg\/?author=2"}]}},"_links":{"self":[{"href":"https:\/\/macite.tg\/index.php?rest_route=\/wp\/v2\/posts\/33577","targetHints":{"allow":["GET"]}}],"collection":[{"href":"https:\/\/macite.tg\/index.php?rest_route=\/wp\/v2\/posts"}],"about":[{"href":"https:\/\/macite.tg\/index.php?rest_route=\/wp\/v2\/types\/post"}],"author":[{"embeddable":true,"href":"https:\/\/macite.tg\/index.php?rest_route=\/wp\/v2\/users\/2"}],"replies":[{"embeddable":true,"href":"https:\/\/macite.tg\/index.php?rest_route=%2Fwp%2Fv2%2Fcomments&post=33577"}],"version-history":[{"count":1,"href":"https:\/\/macite.tg\/index.php?rest_route=\/wp\/v2\/posts\/33577\/revisions"}],"predecessor-version":[{"id":33579,"href":"https:\/\/macite.tg\/index.php?rest_route=\/wp\/v2\/posts\/33577\/revisions\/33579"}],"wp:featuredmedia":[{"embeddable":true,"href":"https:\/\/macite.tg\/index.php?rest_route=\/wp\/v2\/media\/33578"}],"wp:attachment":[{"href":"https:\/\/macite.tg\/index.php?rest_route=%2Fwp%2Fv2%2Fmedia&parent=33577"}],"wp:term":[{"taxonomy":"category","embeddable":true,"href":"https:\/\/macite.tg\/index.php?rest_route=%2Fwp%2Fv2%2Fcategories&post=33577"},{"taxonomy":"post_tag","embeddable":true,"href":"https:\/\/macite.tg\/index.php?rest_route=%2Fwp%2Fv2%2Ftags&post=33577"}],"curies":[{"name":"wp","href":"https:\/\/api.w.org\/{rel}","templated":true}]}}