{"id":33568,"date":"2026-09-01T10:52:41","date_gmt":"2026-09-01T10:52:41","guid":{"rendered":"https:\/\/macite.tg\/?p=33568"},"modified":"2026-09-01T11:47:57","modified_gmt":"2026-09-01T11:47:57","slug":"rencontre-avec-locs-dr-thon-place-les-echanges-economiques-creatifs-demplois-des-jeunes-au-coeur-des-discussions","status":"publish","type":"post","link":"https:\/\/macite.tg\/?p=33568","title":{"rendered":"RENCONTRE AVEC L\u2019OCS\u00a0: Dr Thon place les \u00e9changes \u00e9conomiques cr\u00e9atifs d\u2019emplois des jeunes au c\u0153ur des discussions"},"content":{"rendered":"\n<p class=\"wp-block-paragraph\"><strong><em>Le pr\u00e9sident du parti \u2018\u2019La Nouvelle Vision\u2019\u2019, Dr Kodjovi Athna Thon, fid\u00e8le \u00e0 son ambition de voir le Togo, \u00e9conomiquement fort, ne cesse de multiplier les efforts et les initiatives pour y parvenir, en mettant la jeunesse au centre de ses pr\u00e9occupations. A la rencontre avec le d\u00e9partement \u00e9conomique de l\u2019Organisation de Coop\u00e9ration de Shanghai<\/em><\/strong> (<strong><em>OCS<\/em><\/strong>), <strong><em>en Chine, o\u00f9 il s\u00e9journe, il a livr<\/em>\u00e9 <em>sa vision pour l\u2019Afrique et, particuli\u00e8rement pour le Togo, en des termes clairs.<\/em><\/strong><\/p>\n\n\n\n<p class=\"wp-block-paragraph\">A l\u2019heure o\u00f9 la coop\u00e9ration internationale et la diplomatie occupent une place croissante dans les strat\u00e9gies de d\u00e9veloppement des Etats, \u2018\u2019<strong><em>La Nouvelle Vision\u2019\u2019,<\/em><\/strong> port\u00e9e par Dr Kodjovi Atna Thon, entend, jouer pleinement sa partition. Le leader de \u2018\u2019\u2019<strong><em>La<\/em><\/strong> <strong><em>Nouvelle Vision\u2019<\/em><\/strong> entend attirer l\u2019attention sur un enjeu d\u00e9terminant&nbsp;: transformer les dynamiques de coop\u00e9ration en projets \u00e9conomiques concrets capables de cr\u00e9er des emplois, de stimuler l\u2019investissement et d\u2019ouvrir de nouvelles perspectives \u00e0 la jeunesse togolaise.<\/p>\n\n\n\n<p class=\"wp-block-paragraph\"><strong>Une rencontre tourn\u00e9e vers l\u2019\u00e9conomie r\u00e9elle<\/strong><\/p>\n\n\n\n<p class=\"wp-block-paragraph\">La coop\u00e9ration internationale ne prend tout son sens que lorsqu\u2019elle parvient \u00e0 produire des r\u00e9sultats visibles dans les territoires et dans les populations. C\u2019est autour de cette conviction que se sont tenus les \u00e9changes avec le d\u00e9partement \u00e9conomique de l\u2019Organisation de la Coop\u00e9ration de Shanghai (OCS), consacr\u00e9e, notamment, aux perspectives \u00e9conomiques, \u00e0 l\u2019investissement et \u00e0 la cr\u00e9ation d\u2019emplois.<\/p>\n\n\n<div class=\"wp-block-image\">\n<figure class=\"aligncenter size-full\"><img loading=\"lazy\" decoding=\"async\" width=\"594\" height=\"394\" src=\"https:\/\/macite.tg\/wp-content\/uploads\/2026\/09\/image.png\" alt=\"\" class=\"wp-image-33570\" srcset=\"https:\/\/macite.tg\/wp-content\/uploads\/2026\/09\/image.png 594w, https:\/\/macite.tg\/wp-content\/uploads\/2026\/09\/image-112x75.png 112w, https:\/\/macite.tg\/wp-content\/uploads\/2026\/09\/image-300x199.png 300w, https:\/\/macite.tg\/wp-content\/uploads\/2026\/09\/image-425x283.png 425w\" sizes=\"auto, (max-width: 594px) 100vw, 594px\" \/><\/figure>\n<\/div>\n\n\n<p class=\"wp-block-paragraph\">Au-del\u00e0 des relations institutionnelles et les grandes orientations internationales, les discussions ont port\u00e9 sur une question&nbsp;telles que comment cr\u00e9er davantage de projets capables de g\u00e9n\u00e9rer de l\u2019activit\u00e9 \u00e9conomique et donner \u00e0 la jeunesse les moyens de participer, pleinement, au d\u00e9veloppement des pays ?<\/p>\n\n\n\n<p class=\"wp-block-paragraph\"><strong>Cr\u00e9er des projets pour cr\u00e9er des emplois<\/strong><\/p>\n\n\n\n<p class=\"wp-block-paragraph\">L\u2019emploi ne se d\u00e9cr\u00e8te pas il se construit \u00e0 partir d\u2019un tissu \u00e9conomique dynamique, d\u2019investissements productifs, d\u2019entreprises solides et de projets capables de cr\u00e9er de la valeur sur le long terme.<\/p>\n\n\n\n<p class=\"wp-block-paragraph\">Toute la r\u00e9flexion engag\u00e9e vise \u00e0 cr\u00e9er un environnement dans lequel les jeunes peuvent devenir porteurs de projets, entrepreneurs, producteurs, investisseurs, innovateurs et cr\u00e9ateurs d\u2019emplois. L\u2019enjeu est de faire \u00e9merger des projets structurants dans les secteurs \u00e0 fort potentiel&nbsp;: agriculture et agro-industrie, transformation locale, industrie, \u00e9nergie, infrastructures, num\u00e9rique, logistique, formation professionnelle, services et commerce.<\/p>\n\n\n\n<p class=\"wp-block-paragraph\"><strong>La coop\u00e9ration internationale doit rencontrer l\u2019\u00e9conomie locale<\/strong><\/p>\n\n\n\n<p class=\"wp-block-paragraph\">L\u2019Afrique dispose d\u2019un potentiel consid\u00e9rable. Le d\u00e9fi est, d\u00e9sormais, de le transformer en valeur \u00e9conomique. Les partenariats internationaux peuvent contribuer \u00e0 cette transformation en apportant des capitaux, des technologies, de comp\u00e9tences, de march\u00e9s et de nouvelles possibilit\u00e9s de coop\u00e9ration.<\/p>\n\n\n\n<p class=\"wp-block-paragraph\">Mais pour que ces opportunit\u00e9s deviennent concr\u00e8tes, elles doivent rencontrer des projets, suffisamment, structur\u00e9s pour \u00eatre financ\u00e9s et ex\u00e9cut\u00e9s. Un projet bien con\u00e7u peut devenir une entreprise. Une entreprise peut cr\u00e9er une chaine de valeur. Une chaine de valeur peut cr\u00e9er des emplois.<\/p>\n\n\n<div class=\"wp-block-image\">\n<figure class=\"aligncenter size-full is-resized\"><img loading=\"lazy\" decoding=\"async\" width=\"452\" height=\"301\" src=\"https:\/\/macite.tg\/wp-content\/uploads\/2026\/09\/image-1.png\" alt=\"\" class=\"wp-image-33571\" style=\"width:500px;height:auto\" srcset=\"https:\/\/macite.tg\/wp-content\/uploads\/2026\/09\/image-1.png 452w, https:\/\/macite.tg\/wp-content\/uploads\/2026\/09\/image-1-300x200.png 300w, https:\/\/macite.tg\/wp-content\/uploads\/2026\/09\/image-1-424x282.png 424w, https:\/\/macite.tg\/wp-content\/uploads\/2026\/09\/image-1-112x75.png 112w, https:\/\/macite.tg\/wp-content\/uploads\/2026\/09\/image-1-430x286.png 430w\" sizes=\"auto, (max-width: 452px) 100vw, 452px\" \/><\/figure>\n<\/div>\n\n\n<p class=\"wp-block-paragraph\"><strong>La jeunesse&nbsp;; de b\u00e9n\u00e9ficiaire \u00e0 actrice du d\u00e9veloppement<\/strong><\/p>\n\n\n\n<p class=\"wp-block-paragraph\">La jeunesse doit \u00eatre&nbsp; consid\u00e9r\u00e9e comme un capital humain et \u00e9conomique strat\u00e9gique. Elle doit pouvoir acc\u00e9der aux comp\u00e9tences, au financement, aux march\u00e9s, aux technologies et aux r\u00e9seaux n\u00e9cessaires pour transformer ses id\u00e9es en activit\u00e9s \u00e9conomiques viables.<\/p>\n\n\n\n<p class=\"wp-block-paragraph\">L\u2019objectif est de passer d\u2019une logique de <strong><em>\u00ab<\/em><\/strong> <em><\/em><em>cr\u00e9ation d\u2019emplois pour les jeunes<\/em> <strong><em>\u00bb<\/em><\/strong> \u00e0 une logique de cr\u00e9ation d\u2019un \u00e9cosyst\u00e8me permettant aux jeunes de cr\u00e9er, eux-m\u00eames, de la valeur et des emplois.<\/p>\n\n\n\n<p class=\"wp-block-paragraph\"><strong>Une vision politique qui remet l\u2019\u00e9conomie au centre<\/strong><\/p>\n\n\n\n<p class=\"wp-block-paragraph\">Pour la Nouvelle Vision et son pr\u00e9sident, le Dr Kodjovi Athna Thon, la politique doit conserver une finalit\u00e9 essentielle&nbsp;; contribuer \u00e0 l\u2019am\u00e9lioration concr\u00e8te des conditions de vie des populations.<\/p>\n\n\n\n<p class=\"wp-block-paragraph\">Cette ambition passe, n\u00e9cessairement, par l\u2019\u00e9conomie. Une diplomatie active et des partenariats internationaux doivent pouvoir d\u00e9boucher sur des opportunit\u00e9s concr\u00e8tes&nbsp;; investissements, infrastructures, transferts de technologies, d\u00e9veloppement industriel, formation et cr\u00e9ation d\u2019emplois.<\/p>\n\n\n\n<p class=\"wp-block-paragraph\">Il ne s\u2019agit pas d\u2019opposer la diplomatie \u00e0 l\u2019\u00e9conomie mais de faire en sorte que la diplomatie serve, aussi, de levier a la transformation \u00e9conomique.<\/p>\n\n\n<div class=\"wp-block-image\">\n<figure class=\"aligncenter size-full\"><img loading=\"lazy\" decoding=\"async\" width=\"463\" height=\"347\" src=\"https:\/\/macite.tg\/wp-content\/uploads\/2026\/09\/image-2.png\" alt=\"\" class=\"wp-image-33572\" srcset=\"https:\/\/macite.tg\/wp-content\/uploads\/2026\/09\/image-2.png 463w, https:\/\/macite.tg\/wp-content\/uploads\/2026\/09\/image-2-300x225.png 300w, https:\/\/macite.tg\/wp-content\/uploads\/2026\/09\/image-2-377x283.png 377w, https:\/\/macite.tg\/wp-content\/uploads\/2026\/09\/image-2-100x75.png 100w, https:\/\/macite.tg\/wp-content\/uploads\/2026\/09\/image-2-382x286.png 382w\" sizes=\"auto, (max-width: 463px) 100vw, 463px\" \/><\/figure>\n<\/div>\n\n\n<p class=\"wp-block-paragraph\"><strong>Passer \u00e0 l\u2019id\u00e9e portefeuille de projets<\/strong><\/p>\n\n\n\n<p class=\"wp-block-paragraph\">L\u2019une des prochaines \u00e9tapes essentielles consiste \u00e0 identifier les secteurs prioritaires, s\u00e9lectionner les projets \u00e0 fort impact et mettre en place les conditions permettant leur maturation et leur financement. Cela implique des projets bancables, des \u00e9tudes de faisabilit\u00e9 cr\u00e9dibles, des business plans solides, une gouvernance transparente et des mod\u00e8les de financement adapt\u00e9s.<\/p>\n\n\n\n<p class=\"wp-block-paragraph\">L\u2019ambition est de construire, progressivement, un portefeuille de projets \u00e9conomiques \u00e0 fort impact capable d\u2019int\u00e9resser les investisseurs et les partenaires internationaux tout en r\u00e9pondant aux priorit\u00e9s nationales.<\/p>\n\n\n\n<p class=\"wp-block-paragraph\"><strong>B.B.<\/strong><\/p>\n\n\n\n<p class=\"wp-block-paragraph\"><a><strong><em>@macite.tg&nbsp;&nbsp;&nbsp;&nbsp;&nbsp;&nbsp;&nbsp;&nbsp;<\/em><\/strong><\/a><\/p>\n\n\n\n<p class=\"wp-block-paragraph\"><strong><em>E-mail&nbsp;:<\/em><\/strong> <a href=\"mailto:maciteinfo@gmail.com\"><strong><em>maciteinfo@gmail.com<\/em><\/strong><\/a><strong><em>;<\/em><\/strong> <a href=\"mailto:bawela1@gmail.com\"><strong><em>bawela1@gmail.com<\/em><\/strong><\/a><strong><em><\/em><\/strong><\/p>\n\n\n\n<p class=\"wp-block-paragraph\"><strong><em>Pour vos annonces, publi-reportages, etc., joignez-nous au (00228)91515309\/<strong>79872224<\/strong> <strong><\/strong><\/em><\/strong><\/p>\n\n\n\n<p class=\"wp-block-paragraph\"><strong><em>www.macite.tg, L\u2019information, la bonne&nbsp;!<\/em><\/strong><\/p>\n\n\n\n<p class=\"wp-block-paragraph\"><\/p>\n","protected":false},"excerpt":{"rendered":"<p class=\"text-justify mb-2\" >Le pr\u00e9sident du parti \u2018\u2019La Nouvelle Vision\u2019\u2019, Dr Kodjovi Athna Thon, fid\u00e8le \u00e0 son ambition de voir le Togo, \u00e9conomiquement fort, ne cesse de multiplier les efforts et les initiatives pour y parvenir, en mettant la jeunesse au centre de ses pr\u00e9occupations. A la rencontre [&hellip;]<\/p>\n","protected":false},"author":2,"featured_media":33569,"comment_status":"open","ping_status":"open","sticky":false,"template":"","format":"standard","meta":{"footnotes":""},"categories":[20,16],"tags":[],"class_list":["post-33568","post","type-post","status-publish","format-standard","has-post-thumbnail","hentry","category-actualite","category-cooperation"],"yoast_head":"<!-- This site is optimized with the Yoast SEO plugin v28.4 - https:\/\/yoast.com\/product\/yoast-seo-wordpress\/ -->\n<title>RENCONTRE AVEC L\u2019OCS\u00a0: Dr Thon place les \u00e9changes \u00e9conomiques cr\u00e9atifs d\u2019emplois des jeunes au c\u0153ur des discussions -<\/title>\n<meta name=\"robots\" content=\"index, follow, max-snippet:-1, max-image-preview:large, max-video-preview:-1\" \/>\n<link rel=\"canonical\" href=\"https:\/\/macite.tg\/?p=33568\" \/>\n<meta property=\"og:locale\" content=\"fr_FR\" \/>\n<meta property=\"og:type\" content=\"article\" \/>\n<meta property=\"og:title\" content=\"RENCONTRE AVEC L\u2019OCS\u00a0: Dr Thon place les \u00e9changes \u00e9conomiques cr\u00e9atifs d\u2019emplois des jeunes au c\u0153ur des discussions -\" \/>\n<meta property=\"og:description\" content=\"Le pr\u00e9sident du parti \u2018\u2019La Nouvelle Vision\u2019\u2019, Dr Kodjovi Athna Thon, fid\u00e8le \u00e0 son ambition de voir le Togo, \u00e9conomiquement fort, ne cesse de multiplier les efforts et les initiatives pour y parvenir, en mettant la jeunesse au centre de ses pr\u00e9occupations. A la rencontre [&hellip;]\" \/>\n<meta property=\"og:url\" content=\"https:\/\/macite.tg\/?p=33568\" \/>\n<meta property=\"article:published_time\" content=\"2026-09-01T10:52:41+00:00\" \/>\n<meta property=\"article:modified_time\" content=\"2026-09-01T11:47:57+00:00\" \/>\n<meta property=\"og:image\" content=\"https:\/\/macite.tg\/wp-content\/uploads\/2026\/09\/Thon-Atna.jpg\" \/>\n\t<meta property=\"og:image:width\" content=\"500\" \/>\n\t<meta property=\"og:image:height\" content=\"216\" \/>\n\t<meta property=\"og:image:type\" content=\"image\/jpeg\" \/>\n<meta name=\"author\" content=\"Jean Pierre BAWELA\" \/>\n<meta name=\"twitter:card\" content=\"summary_large_image\" \/>\n<meta name=\"twitter:label1\" content=\"\u00c9crit par\" \/>\n\t<meta name=\"twitter:data1\" content=\"Jean Pierre BAWELA\" \/>\n\t<meta name=\"twitter:label2\" content=\"Dur\u00e9e de lecture estim\u00e9e\" \/>\n\t<meta name=\"twitter:data2\" content=\"5 minutes\" \/>\n<script type=\"application\/ld+json\" class=\"yoast-schema-graph\">{\"@context\":\"https:\\\/\\\/schema.org\",\"@graph\":[{\"@type\":\"Article\",\"@id\":\"https:\\\/\\\/macite.tg\\\/?p=33568#article\",\"isPartOf\":{\"@id\":\"https:\\\/\\\/macite.tg\\\/?p=33568\"},\"author\":{\"name\":\"Jean Pierre BAWELA\",\"@id\":\"https:\\\/\\\/macite.tg\\\/#\\\/schema\\\/person\\\/e9f2de7e5dbbe7770a9402c7ce82f5c2\"},\"headline\":\"RENCONTRE AVEC L\u2019OCS\u00a0: Dr Thon place les \u00e9changes \u00e9conomiques cr\u00e9atifs d\u2019emplois des jeunes au c\u0153ur des discussions\",\"datePublished\":\"2026-09-01T10:52:41+00:00\",\"dateModified\":\"2026-09-01T11:47:57+00:00\",\"mainEntityOfPage\":{\"@id\":\"https:\\\/\\\/macite.tg\\\/?p=33568\"},\"wordCount\":861,\"commentCount\":0,\"image\":{\"@id\":\"https:\\\/\\\/macite.tg\\\/?p=33568#primaryimage\"},\"thumbnailUrl\":\"https:\\\/\\\/macite.tg\\\/wp-content\\\/uploads\\\/2026\\\/09\\\/Thon-Atna.jpg\",\"articleSection\":[\"ACTUALITE\",\"COOPERATION\"],\"inLanguage\":\"fr-FR\",\"potentialAction\":[{\"@type\":\"CommentAction\",\"name\":\"Comment\",\"target\":[\"https:\\\/\\\/macite.tg\\\/?p=33568#respond\"]}]},{\"@type\":\"WebPage\",\"@id\":\"https:\\\/\\\/macite.tg\\\/?p=33568\",\"url\":\"https:\\\/\\\/macite.tg\\\/?p=33568\",\"name\":\"RENCONTRE AVEC L\u2019OCS\u00a0: Dr Thon place les \u00e9changes \u00e9conomiques cr\u00e9atifs d\u2019emplois des jeunes au c\u0153ur des discussions -\",\"isPartOf\":{\"@id\":\"https:\\\/\\\/macite.tg\\\/#website\"},\"primaryImageOfPage\":{\"@id\":\"https:\\\/\\\/macite.tg\\\/?p=33568#primaryimage\"},\"image\":{\"@id\":\"https:\\\/\\\/macite.tg\\\/?p=33568#primaryimage\"},\"thumbnailUrl\":\"https:\\\/\\\/macite.tg\\\/wp-content\\\/uploads\\\/2026\\\/09\\\/Thon-Atna.jpg\",\"datePublished\":\"2026-09-01T10:52:41+00:00\",\"dateModified\":\"2026-09-01T11:47:57+00:00\",\"author\":{\"@id\":\"https:\\\/\\\/macite.tg\\\/#\\\/schema\\\/person\\\/e9f2de7e5dbbe7770a9402c7ce82f5c2\"},\"breadcrumb\":{\"@id\":\"https:\\\/\\\/macite.tg\\\/?p=33568#breadcrumb\"},\"inLanguage\":\"fr-FR\",\"potentialAction\":[{\"@type\":\"ReadAction\",\"target\":[\"https:\\\/\\\/macite.tg\\\/?p=33568\"]}]},{\"@type\":\"ImageObject\",\"inLanguage\":\"fr-FR\",\"@id\":\"https:\\\/\\\/macite.tg\\\/?p=33568#primaryimage\",\"url\":\"https:\\\/\\\/macite.tg\\\/wp-content\\\/uploads\\\/2026\\\/09\\\/Thon-Atna.jpg\",\"contentUrl\":\"https:\\\/\\\/macite.tg\\\/wp-content\\\/uploads\\\/2026\\\/09\\\/Thon-Atna.jpg\",\"width\":500,\"height\":216},{\"@type\":\"BreadcrumbList\",\"@id\":\"https:\\\/\\\/macite.tg\\\/?p=33568#breadcrumb\",\"itemListElement\":[{\"@type\":\"ListItem\",\"position\":1,\"name\":\"Accueil\",\"item\":\"https:\\\/\\\/macite.tg\\\/\"},{\"@type\":\"ListItem\",\"position\":2,\"name\":\"RENCONTRE AVEC L\u2019OCS\u00a0: Dr Thon place les \u00e9changes \u00e9conomiques cr\u00e9atifs d\u2019emplois des jeunes au c\u0153ur des discussions\"}]},{\"@type\":\"WebSite\",\"@id\":\"https:\\\/\\\/macite.tg\\\/#website\",\"url\":\"https:\\\/\\\/macite.tg\\\/\",\"name\":\"\",\"description\":\"L&#039;information, la bonne!!!\",\"potentialAction\":[{\"@type\":\"SearchAction\",\"target\":{\"@type\":\"EntryPoint\",\"urlTemplate\":\"https:\\\/\\\/macite.tg\\\/?s={search_term_string}\"},\"query-input\":{\"@type\":\"PropertyValueSpecification\",\"valueRequired\":true,\"valueName\":\"search_term_string\"}}],\"inLanguage\":\"fr-FR\"},{\"@type\":\"Person\",\"@id\":\"https:\\\/\\\/macite.tg\\\/#\\\/schema\\\/person\\\/e9f2de7e5dbbe7770a9402c7ce82f5c2\",\"name\":\"Jean Pierre BAWELA\",\"image\":{\"@type\":\"ImageObject\",\"inLanguage\":\"fr-FR\",\"@id\":\"https:\\\/\\\/macite.tg\\\/wp-content\\\/uploads\\\/2023\\\/09\\\/WhatsApp-Image-2023-09-19-at-14.44.41-122x122.jpeg\",\"url\":\"https:\\\/\\\/macite.tg\\\/wp-content\\\/uploads\\\/2023\\\/09\\\/WhatsApp-Image-2023-09-19-at-14.44.41-122x122.jpeg\",\"contentUrl\":\"https:\\\/\\\/macite.tg\\\/wp-content\\\/uploads\\\/2023\\\/09\\\/WhatsApp-Image-2023-09-19-at-14.44.41-122x122.jpeg\",\"caption\":\"Jean Pierre BAWELA\"},\"url\":\"https:\\\/\\\/macite.tg\\\/?author=2\"}]}<\/script>\n<!-- \/ Yoast SEO plugin. -->","yoast_head_json":{"title":"RENCONTRE AVEC L\u2019OCS\u00a0: Dr Thon place les \u00e9changes \u00e9conomiques cr\u00e9atifs d\u2019emplois des jeunes au c\u0153ur des discussions -","robots":{"index":"index","follow":"follow","max-snippet":"max-snippet:-1","max-image-preview":"max-image-preview:large","max-video-preview":"max-video-preview:-1"},"canonical":"https:\/\/macite.tg\/?p=33568","og_locale":"fr_FR","og_type":"article","og_title":"RENCONTRE AVEC L\u2019OCS\u00a0: Dr Thon place les \u00e9changes \u00e9conomiques cr\u00e9atifs d\u2019emplois des jeunes au c\u0153ur des discussions -","og_description":"Le pr\u00e9sident du parti \u2018\u2019La Nouvelle Vision\u2019\u2019, Dr Kodjovi Athna Thon, fid\u00e8le \u00e0 son ambition de voir le Togo, \u00e9conomiquement fort, ne cesse de multiplier les efforts et les initiatives pour y parvenir, en mettant la jeunesse au centre de ses pr\u00e9occupations. A la rencontre [&hellip;]","og_url":"https:\/\/macite.tg\/?p=33568","article_published_time":"2026-09-01T10:52:41+00:00","article_modified_time":"2026-09-01T11:47:57+00:00","og_image":[{"width":500,"height":216,"url":"https:\/\/macite.tg\/wp-content\/uploads\/2026\/09\/Thon-Atna.jpg","type":"image\/jpeg"}],"author":"Jean Pierre BAWELA","twitter_card":"summary_large_image","twitter_misc":{"\u00c9crit par":"Jean Pierre BAWELA","Dur\u00e9e de lecture estim\u00e9e":"5 minutes"},"schema":{"@context":"https:\/\/schema.org","@graph":[{"@type":"Article","@id":"https:\/\/macite.tg\/?p=33568#article","isPartOf":{"@id":"https:\/\/macite.tg\/?p=33568"},"author":{"name":"Jean Pierre BAWELA","@id":"https:\/\/macite.tg\/#\/schema\/person\/e9f2de7e5dbbe7770a9402c7ce82f5c2"},"headline":"RENCONTRE AVEC L\u2019OCS\u00a0: Dr Thon place les \u00e9changes \u00e9conomiques cr\u00e9atifs d\u2019emplois des jeunes au c\u0153ur des discussions","datePublished":"2026-09-01T10:52:41+00:00","dateModified":"2026-09-01T11:47:57+00:00","mainEntityOfPage":{"@id":"https:\/\/macite.tg\/?p=33568"},"wordCount":861,"commentCount":0,"image":{"@id":"https:\/\/macite.tg\/?p=33568#primaryimage"},"thumbnailUrl":"https:\/\/macite.tg\/wp-content\/uploads\/2026\/09\/Thon-Atna.jpg","articleSection":["ACTUALITE","COOPERATION"],"inLanguage":"fr-FR","potentialAction":[{"@type":"CommentAction","name":"Comment","target":["https:\/\/macite.tg\/?p=33568#respond"]}]},{"@type":"WebPage","@id":"https:\/\/macite.tg\/?p=33568","url":"https:\/\/macite.tg\/?p=33568","name":"RENCONTRE AVEC L\u2019OCS\u00a0: Dr Thon place les \u00e9changes \u00e9conomiques cr\u00e9atifs d\u2019emplois des jeunes au c\u0153ur des discussions -","isPartOf":{"@id":"https:\/\/macite.tg\/#website"},"primaryImageOfPage":{"@id":"https:\/\/macite.tg\/?p=33568#primaryimage"},"image":{"@id":"https:\/\/macite.tg\/?p=33568#primaryimage"},"thumbnailUrl":"https:\/\/macite.tg\/wp-content\/uploads\/2026\/09\/Thon-Atna.jpg","datePublished":"2026-09-01T10:52:41+00:00","dateModified":"2026-09-01T11:47:57+00:00","author":{"@id":"https:\/\/macite.tg\/#\/schema\/person\/e9f2de7e5dbbe7770a9402c7ce82f5c2"},"breadcrumb":{"@id":"https:\/\/macite.tg\/?p=33568#breadcrumb"},"inLanguage":"fr-FR","potentialAction":[{"@type":"ReadAction","target":["https:\/\/macite.tg\/?p=33568"]}]},{"@type":"ImageObject","inLanguage":"fr-FR","@id":"https:\/\/macite.tg\/?p=33568#primaryimage","url":"https:\/\/macite.tg\/wp-content\/uploads\/2026\/09\/Thon-Atna.jpg","contentUrl":"https:\/\/macite.tg\/wp-content\/uploads\/2026\/09\/Thon-Atna.jpg","width":500,"height":216},{"@type":"BreadcrumbList","@id":"https:\/\/macite.tg\/?p=33568#breadcrumb","itemListElement":[{"@type":"ListItem","position":1,"name":"Accueil","item":"https:\/\/macite.tg\/"},{"@type":"ListItem","position":2,"name":"RENCONTRE AVEC L\u2019OCS\u00a0: Dr Thon place les \u00e9changes \u00e9conomiques cr\u00e9atifs d\u2019emplois des jeunes au c\u0153ur des discussions"}]},{"@type":"WebSite","@id":"https:\/\/macite.tg\/#website","url":"https:\/\/macite.tg\/","name":"","description":"L&#039;information, la bonne!!!","potentialAction":[{"@type":"SearchAction","target":{"@type":"EntryPoint","urlTemplate":"https:\/\/macite.tg\/?s={search_term_string}"},"query-input":{"@type":"PropertyValueSpecification","valueRequired":true,"valueName":"search_term_string"}}],"inLanguage":"fr-FR"},{"@type":"Person","@id":"https:\/\/macite.tg\/#\/schema\/person\/e9f2de7e5dbbe7770a9402c7ce82f5c2","name":"Jean Pierre BAWELA","image":{"@type":"ImageObject","inLanguage":"fr-FR","@id":"https:\/\/macite.tg\/wp-content\/uploads\/2023\/09\/WhatsApp-Image-2023-09-19-at-14.44.41-122x122.jpeg","url":"https:\/\/macite.tg\/wp-content\/uploads\/2023\/09\/WhatsApp-Image-2023-09-19-at-14.44.41-122x122.jpeg","contentUrl":"https:\/\/macite.tg\/wp-content\/uploads\/2023\/09\/WhatsApp-Image-2023-09-19-at-14.44.41-122x122.jpeg","caption":"Jean Pierre BAWELA"},"url":"https:\/\/macite.tg\/?author=2"}]}},"_links":{"self":[{"href":"https:\/\/macite.tg\/index.php?rest_route=\/wp\/v2\/posts\/33568","targetHints":{"allow":["GET"]}}],"collection":[{"href":"https:\/\/macite.tg\/index.php?rest_route=\/wp\/v2\/posts"}],"about":[{"href":"https:\/\/macite.tg\/index.php?rest_route=\/wp\/v2\/types\/post"}],"author":[{"embeddable":true,"href":"https:\/\/macite.tg\/index.php?rest_route=\/wp\/v2\/users\/2"}],"replies":[{"embeddable":true,"href":"https:\/\/macite.tg\/index.php?rest_route=%2Fwp%2Fv2%2Fcomments&post=33568"}],"version-history":[{"count":2,"href":"https:\/\/macite.tg\/index.php?rest_route=\/wp\/v2\/posts\/33568\/revisions"}],"predecessor-version":[{"id":33574,"href":"https:\/\/macite.tg\/index.php?rest_route=\/wp\/v2\/posts\/33568\/revisions\/33574"}],"wp:featuredmedia":[{"embeddable":true,"href":"https:\/\/macite.tg\/index.php?rest_route=\/wp\/v2\/media\/33569"}],"wp:attachment":[{"href":"https:\/\/macite.tg\/index.php?rest_route=%2Fwp%2Fv2%2Fmedia&parent=33568"}],"wp:term":[{"taxonomy":"category","embeddable":true,"href":"https:\/\/macite.tg\/index.php?rest_route=%2Fwp%2Fv2%2Fcategories&post=33568"},{"taxonomy":"post_tag","embeddable":true,"href":"https:\/\/macite.tg\/index.php?rest_route=%2Fwp%2Fv2%2Ftags&post=33568"}],"curies":[{"name":"wp","href":"https:\/\/api.w.org\/{rel}","templated":true}]}}