{"id":33567,"date":"2026-09-01T11:47:34","date_gmt":"2026-09-01T11:47:34","guid":{"rendered":"https:\/\/macite.tg\/?p=33567"},"modified":"2026-09-01T11:47:41","modified_gmt":"2026-09-01T11:47:41","slug":"cooperation-germano-togolaise-stefan-anton-messerer-nouvel-ambassadeur-allemand-a-lome","status":"publish","type":"post","link":"https:\/\/macite.tg\/?p=33567","title":{"rendered":"COOPERATION GERMANO-TOGOLAISE : Stefan Anton Messerer, nouvel ambassadeur allemand \u00e0 Lom\u00e9"},"content":{"rendered":"\n<p class=\"wp-block-paragraph\"><strong><em>La diplomatie entre Berlin et Lom\u00e9 prend un nouvel \u00e9lan. Le ministre des Affaires \u00e9trang\u00e8res, Robert Dussey, a re\u00e7u le jeudi 27 ao\u00fbt \u00e0 Lom\u00e9, la copie des lettres de cr\u00e9ance du nouveau diplomate d\u00e9sign\u00e9 de la R\u00e9publique f\u00e9d\u00e9rale d\u2019Allemagne, Stefan Anton Messerer.<\/em><\/strong><\/p>\n\n\n\n<p class=\"wp-block-paragraph\">Le successeur de Claudius Fischbach comme ambassadeur d\u2019Allemagne au Togo, est d\u00e9sormais connu. Stefan Anton Messerer a pris officiellement la rel\u00e8ve de Claudius Fischbach, comme nouvel ambassadeur.<\/p>\n\n\n\n<p class=\"wp-block-paragraph\">La nouvelle figure de la diplomatie allemande au Togo aura pour mission principale de maintenir la dynamique des relations bilat\u00e9rales et de consolider le partenariat strat\u00e9gique entre les deux nations.<\/p>\n\n\n<div class=\"wp-block-image\">\n<figure class=\"aligncenter is-resized\"><img decoding=\"async\" src=\"https:\/\/scontent.flfw2-1.fna.fbcdn.net\/v\/t39.30808-6\/790683920_1715378850596914_8044663132637793902_n.jpg?stp=dst-jpg_tt6&amp;cstp=mx1131x1600&amp;ctp=s720x720&amp;_nc_cat=107&amp;ccb=1-7&amp;_nc_sid=127cfc&amp;_nc_eui2=AeH2fSWIE0vMvzWy6rDdIq66eTQ4P4UHpip5NDg_hQemKtmDcC1CEd107E75mWiEBIS571eYMu7MuSunTbEF_AEf&amp;_nc_ohc=5xSgPtBeuoQQ7kNvwE0UmA5&amp;_nc_oc=Adq5-EA0wIg7y1h_XVQRpxQeDIB7AbhJycIWIeRd4iCrsG4E9bQkWEKHHRw6Dz-IFeXJsy_Fb_byFgI3oJhjGx-g&amp;_nc_zt=23&amp;_nc_ht=scontent.flfw2-1.fna&amp;_nc_gid=2ef8rZI9PVMsnHOSjOEfLA&amp;_nc_ss=7b2a8&amp;oh=00_AQJtirtHJWsZY81jTM27uqQVhFbwGvdxeJ1M7SJzr3APAA&amp;oe=6A9C8222\" alt=\"Peut \u00eatre une image de texte qui dit \u2019(OTR OFFICE TOGOLAIS OFFICETOGOLAISDESRECETES DES RECETTES 45 min minave avec POTR WEBINAIRE Thime UTILITE ET FONCTIONNEMENT DES IMPOTS LOCAUX: LA CONTRIBUTION CITOYENNE ET LE FINANCEMENT DES COLLECTIVITES Jeu. 03 03Sep Sep 2026 En ligne sur zoom 10h00 ID de r\u00e9union: 846 6778 0585 Code secret: 579210 Office Togolais OfficeTogolaisdesRecetes-OTR des Recettes OTR FEDERER FEDERERPOURBATIR POUR BATIR www.ofr.tg\u2019\" style=\"aspect-ratio:0.7069444444444445;width:509px;height:auto\" \/><\/figure>\n<\/div>\n\n\n<p class=\"wp-block-paragraph\">Cette prise de fonction s&rsquo;inscrit dans un contexte de partenariat bilat\u00e9ral d\u00e9j\u00e0 tr\u00e8s dynamique. L&rsquo;Allemagne demeure un alli\u00e9 cl\u00e9 dans la feuille de route strat\u00e9gique du Togo, intervenant activement dans plusieurs secteurs cl\u00e9s \u00e0 savoir&nbsp;: le d\u00e9veloppement \u00e9conomique et soutien au secteur priv\u00e9&nbsp;; la formation professionnelle et insertion des jeunes&nbsp;; la transformation agro-industrielle et modernisation agricole&nbsp;; et la d\u00e9centralisation et gouvernance locale.<\/p>\n\n\n\n<p class=\"wp-block-paragraph\">Notons qu\u2019avant sa nomination \u00e0 Lom\u00e9, le diplomate allemand a accumul\u00e9 une solide exp\u00e9rience internationale, ayant notamment servi en Roumanie et au Cambodge.<\/p>\n\n\n\n<p class=\"wp-block-paragraph\"><strong>La R\u00e9daction<\/strong><\/p>\n\n\n\n<p class=\"wp-block-paragraph\"><a><strong><em>@macite.tg&nbsp;&nbsp;&nbsp;&nbsp;&nbsp;&nbsp;&nbsp;&nbsp;<\/em><\/strong><\/a><\/p>\n\n\n\n<p class=\"wp-block-paragraph\"><strong><em>E-mail&nbsp;:<\/em><\/strong> <a href=\"mailto:maciteinfo@gmail.com\"><strong><em>maciteinfo@gmail.com<\/em><\/strong><\/a><strong><em>;<\/em><\/strong> <a href=\"mailto:bawela1@gmail.com\"><strong><em>bawela1@gmail.com<\/em><\/strong><\/a><strong><em><\/em><\/strong><\/p>\n\n\n\n<p class=\"wp-block-paragraph\"><strong><em>Pour vos annonces, publi-reportages, etc., joignez-nous au (00228)91515309\/<strong>79872224<\/strong> <strong><\/strong><\/em><\/strong><\/p>\n\n\n\n<p class=\"wp-block-paragraph\"><strong><em>www.macite.tg, L\u2019information, la bonne&nbsp;!<\/em><\/strong><\/p>\n\n\n\n<p class=\"wp-block-paragraph\"><\/p>\n","protected":false},"excerpt":{"rendered":"<p class=\"text-justify mb-2\" >La diplomatie entre Berlin et Lom\u00e9 prend un nouvel \u00e9lan. Le ministre des Affaires \u00e9trang\u00e8res, Robert Dussey, a re\u00e7u le jeudi 27 ao\u00fbt \u00e0 Lom\u00e9, la copie des lettres de cr\u00e9ance du nouveau diplomate d\u00e9sign\u00e9 de la R\u00e9publique f\u00e9d\u00e9rale d\u2019Allemagne, Stefan Anton Messerer. Le successeur [&hellip;]<\/p>\n","protected":false},"author":2,"featured_media":33575,"comment_status":"open","ping_status":"open","sticky":false,"template":"","format":"standard","meta":{"footnotes":""},"categories":[20,8],"tags":[],"class_list":["post-33567","post","type-post","status-publish","format-standard","has-post-thumbnail","hentry","category-actualite","category-diplomatie"],"yoast_head":"<!-- This site is optimized with the Yoast SEO plugin v28.4 - https:\/\/yoast.com\/product\/yoast-seo-wordpress\/ -->\n<title>COOPERATION GERMANO-TOGOLAISE : Stefan Anton Messerer, nouvel ambassadeur allemand \u00e0 Lom\u00e9 -<\/title>\n<meta name=\"robots\" content=\"index, follow, max-snippet:-1, max-image-preview:large, max-video-preview:-1\" \/>\n<link rel=\"canonical\" href=\"https:\/\/macite.tg\/?p=33567\" \/>\n<meta property=\"og:locale\" content=\"fr_FR\" \/>\n<meta property=\"og:type\" content=\"article\" \/>\n<meta property=\"og:title\" content=\"COOPERATION GERMANO-TOGOLAISE : Stefan Anton Messerer, nouvel ambassadeur allemand \u00e0 Lom\u00e9 -\" \/>\n<meta property=\"og:description\" content=\"La diplomatie entre Berlin et Lom\u00e9 prend un nouvel \u00e9lan. Le ministre des Affaires \u00e9trang\u00e8res, Robert Dussey, a re\u00e7u le jeudi 27 ao\u00fbt \u00e0 Lom\u00e9, la copie des lettres de cr\u00e9ance du nouveau diplomate d\u00e9sign\u00e9 de la R\u00e9publique f\u00e9d\u00e9rale d\u2019Allemagne, Stefan Anton Messerer. Le successeur [&hellip;]\" \/>\n<meta property=\"og:url\" content=\"https:\/\/macite.tg\/?p=33567\" \/>\n<meta property=\"article:published_time\" content=\"2026-09-01T11:47:34+00:00\" \/>\n<meta property=\"article:modified_time\" content=\"2026-09-01T11:47:41+00:00\" \/>\n<meta property=\"og:image\" content=\"https:\/\/macite.tg\/wp-content\/uploads\/2026\/09\/Allemagne.jpg\" \/>\n\t<meta property=\"og:image:width\" content=\"500\" \/>\n\t<meta property=\"og:image:height\" content=\"281\" \/>\n\t<meta property=\"og:image:type\" content=\"image\/jpeg\" \/>\n<meta name=\"author\" content=\"Jean Pierre BAWELA\" \/>\n<meta name=\"twitter:card\" content=\"summary_large_image\" \/>\n<meta name=\"twitter:label1\" content=\"\u00c9crit par\" \/>\n\t<meta name=\"twitter:data1\" content=\"Jean Pierre BAWELA\" \/>\n\t<meta name=\"twitter:label2\" content=\"Dur\u00e9e de lecture estim\u00e9e\" \/>\n\t<meta name=\"twitter:data2\" content=\"2 minutes\" \/>\n<script type=\"application\/ld+json\" class=\"yoast-schema-graph\">{\"@context\":\"https:\\\/\\\/schema.org\",\"@graph\":[{\"@type\":\"Article\",\"@id\":\"https:\\\/\\\/macite.tg\\\/?p=33567#article\",\"isPartOf\":{\"@id\":\"https:\\\/\\\/macite.tg\\\/?p=33567\"},\"author\":{\"name\":\"Jean Pierre BAWELA\",\"@id\":\"https:\\\/\\\/macite.tg\\\/#\\\/schema\\\/person\\\/e9f2de7e5dbbe7770a9402c7ce82f5c2\"},\"headline\":\"COOPERATION GERMANO-TOGOLAISE : Stefan Anton Messerer, nouvel ambassadeur allemand \u00e0 Lom\u00e9\",\"datePublished\":\"2026-09-01T11:47:34+00:00\",\"dateModified\":\"2026-09-01T11:47:41+00:00\",\"mainEntityOfPage\":{\"@id\":\"https:\\\/\\\/macite.tg\\\/?p=33567\"},\"wordCount\":255,\"commentCount\":0,\"image\":{\"@id\":\"https:\\\/\\\/macite.tg\\\/?p=33567#primaryimage\"},\"thumbnailUrl\":\"https:\\\/\\\/macite.tg\\\/wp-content\\\/uploads\\\/2026\\\/09\\\/Allemagne.jpg\",\"articleSection\":[\"ACTUALITE\",\"DIPLOMATIE\"],\"inLanguage\":\"fr-FR\",\"potentialAction\":[{\"@type\":\"CommentAction\",\"name\":\"Comment\",\"target\":[\"https:\\\/\\\/macite.tg\\\/?p=33567#respond\"]}]},{\"@type\":\"WebPage\",\"@id\":\"https:\\\/\\\/macite.tg\\\/?p=33567\",\"url\":\"https:\\\/\\\/macite.tg\\\/?p=33567\",\"name\":\"COOPERATION GERMANO-TOGOLAISE : Stefan Anton Messerer, nouvel ambassadeur allemand \u00e0 Lom\u00e9 -\",\"isPartOf\":{\"@id\":\"https:\\\/\\\/macite.tg\\\/#website\"},\"primaryImageOfPage\":{\"@id\":\"https:\\\/\\\/macite.tg\\\/?p=33567#primaryimage\"},\"image\":{\"@id\":\"https:\\\/\\\/macite.tg\\\/?p=33567#primaryimage\"},\"thumbnailUrl\":\"https:\\\/\\\/macite.tg\\\/wp-content\\\/uploads\\\/2026\\\/09\\\/Allemagne.jpg\",\"datePublished\":\"2026-09-01T11:47:34+00:00\",\"dateModified\":\"2026-09-01T11:47:41+00:00\",\"author\":{\"@id\":\"https:\\\/\\\/macite.tg\\\/#\\\/schema\\\/person\\\/e9f2de7e5dbbe7770a9402c7ce82f5c2\"},\"breadcrumb\":{\"@id\":\"https:\\\/\\\/macite.tg\\\/?p=33567#breadcrumb\"},\"inLanguage\":\"fr-FR\",\"potentialAction\":[{\"@type\":\"ReadAction\",\"target\":[\"https:\\\/\\\/macite.tg\\\/?p=33567\"]}]},{\"@type\":\"ImageObject\",\"inLanguage\":\"fr-FR\",\"@id\":\"https:\\\/\\\/macite.tg\\\/?p=33567#primaryimage\",\"url\":\"https:\\\/\\\/macite.tg\\\/wp-content\\\/uploads\\\/2026\\\/09\\\/Allemagne.jpg\",\"contentUrl\":\"https:\\\/\\\/macite.tg\\\/wp-content\\\/uploads\\\/2026\\\/09\\\/Allemagne.jpg\",\"width\":500,\"height\":281},{\"@type\":\"BreadcrumbList\",\"@id\":\"https:\\\/\\\/macite.tg\\\/?p=33567#breadcrumb\",\"itemListElement\":[{\"@type\":\"ListItem\",\"position\":1,\"name\":\"Accueil\",\"item\":\"https:\\\/\\\/macite.tg\\\/\"},{\"@type\":\"ListItem\",\"position\":2,\"name\":\"COOPERATION GERMANO-TOGOLAISE : Stefan Anton Messerer, nouvel ambassadeur allemand \u00e0 Lom\u00e9\"}]},{\"@type\":\"WebSite\",\"@id\":\"https:\\\/\\\/macite.tg\\\/#website\",\"url\":\"https:\\\/\\\/macite.tg\\\/\",\"name\":\"\",\"description\":\"L&#039;information, la bonne!!!\",\"potentialAction\":[{\"@type\":\"SearchAction\",\"target\":{\"@type\":\"EntryPoint\",\"urlTemplate\":\"https:\\\/\\\/macite.tg\\\/?s={search_term_string}\"},\"query-input\":{\"@type\":\"PropertyValueSpecification\",\"valueRequired\":true,\"valueName\":\"search_term_string\"}}],\"inLanguage\":\"fr-FR\"},{\"@type\":\"Person\",\"@id\":\"https:\\\/\\\/macite.tg\\\/#\\\/schema\\\/person\\\/e9f2de7e5dbbe7770a9402c7ce82f5c2\",\"name\":\"Jean Pierre BAWELA\",\"image\":{\"@type\":\"ImageObject\",\"inLanguage\":\"fr-FR\",\"@id\":\"https:\\\/\\\/macite.tg\\\/wp-content\\\/uploads\\\/2023\\\/09\\\/WhatsApp-Image-2023-09-19-at-14.44.41-122x122.jpeg\",\"url\":\"https:\\\/\\\/macite.tg\\\/wp-content\\\/uploads\\\/2023\\\/09\\\/WhatsApp-Image-2023-09-19-at-14.44.41-122x122.jpeg\",\"contentUrl\":\"https:\\\/\\\/macite.tg\\\/wp-content\\\/uploads\\\/2023\\\/09\\\/WhatsApp-Image-2023-09-19-at-14.44.41-122x122.jpeg\",\"caption\":\"Jean Pierre BAWELA\"},\"url\":\"https:\\\/\\\/macite.tg\\\/?author=2\"}]}<\/script>\n<!-- \/ Yoast SEO plugin. -->","yoast_head_json":{"title":"COOPERATION GERMANO-TOGOLAISE : Stefan Anton Messerer, nouvel ambassadeur allemand \u00e0 Lom\u00e9 -","robots":{"index":"index","follow":"follow","max-snippet":"max-snippet:-1","max-image-preview":"max-image-preview:large","max-video-preview":"max-video-preview:-1"},"canonical":"https:\/\/macite.tg\/?p=33567","og_locale":"fr_FR","og_type":"article","og_title":"COOPERATION GERMANO-TOGOLAISE : Stefan Anton Messerer, nouvel ambassadeur allemand \u00e0 Lom\u00e9 -","og_description":"La diplomatie entre Berlin et Lom\u00e9 prend un nouvel \u00e9lan. Le ministre des Affaires \u00e9trang\u00e8res, Robert Dussey, a re\u00e7u le jeudi 27 ao\u00fbt \u00e0 Lom\u00e9, la copie des lettres de cr\u00e9ance du nouveau diplomate d\u00e9sign\u00e9 de la R\u00e9publique f\u00e9d\u00e9rale d\u2019Allemagne, Stefan Anton Messerer. Le successeur [&hellip;]","og_url":"https:\/\/macite.tg\/?p=33567","article_published_time":"2026-09-01T11:47:34+00:00","article_modified_time":"2026-09-01T11:47:41+00:00","og_image":[{"width":500,"height":281,"url":"https:\/\/macite.tg\/wp-content\/uploads\/2026\/09\/Allemagne.jpg","type":"image\/jpeg"}],"author":"Jean Pierre BAWELA","twitter_card":"summary_large_image","twitter_misc":{"\u00c9crit par":"Jean Pierre BAWELA","Dur\u00e9e de lecture estim\u00e9e":"2 minutes"},"schema":{"@context":"https:\/\/schema.org","@graph":[{"@type":"Article","@id":"https:\/\/macite.tg\/?p=33567#article","isPartOf":{"@id":"https:\/\/macite.tg\/?p=33567"},"author":{"name":"Jean Pierre BAWELA","@id":"https:\/\/macite.tg\/#\/schema\/person\/e9f2de7e5dbbe7770a9402c7ce82f5c2"},"headline":"COOPERATION GERMANO-TOGOLAISE : Stefan Anton Messerer, nouvel ambassadeur allemand \u00e0 Lom\u00e9","datePublished":"2026-09-01T11:47:34+00:00","dateModified":"2026-09-01T11:47:41+00:00","mainEntityOfPage":{"@id":"https:\/\/macite.tg\/?p=33567"},"wordCount":255,"commentCount":0,"image":{"@id":"https:\/\/macite.tg\/?p=33567#primaryimage"},"thumbnailUrl":"https:\/\/macite.tg\/wp-content\/uploads\/2026\/09\/Allemagne.jpg","articleSection":["ACTUALITE","DIPLOMATIE"],"inLanguage":"fr-FR","potentialAction":[{"@type":"CommentAction","name":"Comment","target":["https:\/\/macite.tg\/?p=33567#respond"]}]},{"@type":"WebPage","@id":"https:\/\/macite.tg\/?p=33567","url":"https:\/\/macite.tg\/?p=33567","name":"COOPERATION GERMANO-TOGOLAISE : Stefan Anton Messerer, nouvel ambassadeur allemand \u00e0 Lom\u00e9 -","isPartOf":{"@id":"https:\/\/macite.tg\/#website"},"primaryImageOfPage":{"@id":"https:\/\/macite.tg\/?p=33567#primaryimage"},"image":{"@id":"https:\/\/macite.tg\/?p=33567#primaryimage"},"thumbnailUrl":"https:\/\/macite.tg\/wp-content\/uploads\/2026\/09\/Allemagne.jpg","datePublished":"2026-09-01T11:47:34+00:00","dateModified":"2026-09-01T11:47:41+00:00","author":{"@id":"https:\/\/macite.tg\/#\/schema\/person\/e9f2de7e5dbbe7770a9402c7ce82f5c2"},"breadcrumb":{"@id":"https:\/\/macite.tg\/?p=33567#breadcrumb"},"inLanguage":"fr-FR","potentialAction":[{"@type":"ReadAction","target":["https:\/\/macite.tg\/?p=33567"]}]},{"@type":"ImageObject","inLanguage":"fr-FR","@id":"https:\/\/macite.tg\/?p=33567#primaryimage","url":"https:\/\/macite.tg\/wp-content\/uploads\/2026\/09\/Allemagne.jpg","contentUrl":"https:\/\/macite.tg\/wp-content\/uploads\/2026\/09\/Allemagne.jpg","width":500,"height":281},{"@type":"BreadcrumbList","@id":"https:\/\/macite.tg\/?p=33567#breadcrumb","itemListElement":[{"@type":"ListItem","position":1,"name":"Accueil","item":"https:\/\/macite.tg\/"},{"@type":"ListItem","position":2,"name":"COOPERATION GERMANO-TOGOLAISE : Stefan Anton Messerer, nouvel ambassadeur allemand \u00e0 Lom\u00e9"}]},{"@type":"WebSite","@id":"https:\/\/macite.tg\/#website","url":"https:\/\/macite.tg\/","name":"","description":"L&#039;information, la bonne!!!","potentialAction":[{"@type":"SearchAction","target":{"@type":"EntryPoint","urlTemplate":"https:\/\/macite.tg\/?s={search_term_string}"},"query-input":{"@type":"PropertyValueSpecification","valueRequired":true,"valueName":"search_term_string"}}],"inLanguage":"fr-FR"},{"@type":"Person","@id":"https:\/\/macite.tg\/#\/schema\/person\/e9f2de7e5dbbe7770a9402c7ce82f5c2","name":"Jean Pierre BAWELA","image":{"@type":"ImageObject","inLanguage":"fr-FR","@id":"https:\/\/macite.tg\/wp-content\/uploads\/2023\/09\/WhatsApp-Image-2023-09-19-at-14.44.41-122x122.jpeg","url":"https:\/\/macite.tg\/wp-content\/uploads\/2023\/09\/WhatsApp-Image-2023-09-19-at-14.44.41-122x122.jpeg","contentUrl":"https:\/\/macite.tg\/wp-content\/uploads\/2023\/09\/WhatsApp-Image-2023-09-19-at-14.44.41-122x122.jpeg","caption":"Jean Pierre BAWELA"},"url":"https:\/\/macite.tg\/?author=2"}]}},"_links":{"self":[{"href":"https:\/\/macite.tg\/index.php?rest_route=\/wp\/v2\/posts\/33567","targetHints":{"allow":["GET"]}}],"collection":[{"href":"https:\/\/macite.tg\/index.php?rest_route=\/wp\/v2\/posts"}],"about":[{"href":"https:\/\/macite.tg\/index.php?rest_route=\/wp\/v2\/types\/post"}],"author":[{"embeddable":true,"href":"https:\/\/macite.tg\/index.php?rest_route=\/wp\/v2\/users\/2"}],"replies":[{"embeddable":true,"href":"https:\/\/macite.tg\/index.php?rest_route=%2Fwp%2Fv2%2Fcomments&post=33567"}],"version-history":[{"count":1,"href":"https:\/\/macite.tg\/index.php?rest_route=\/wp\/v2\/posts\/33567\/revisions"}],"predecessor-version":[{"id":33576,"href":"https:\/\/macite.tg\/index.php?rest_route=\/wp\/v2\/posts\/33567\/revisions\/33576"}],"wp:featuredmedia":[{"embeddable":true,"href":"https:\/\/macite.tg\/index.php?rest_route=\/wp\/v2\/media\/33575"}],"wp:attachment":[{"href":"https:\/\/macite.tg\/index.php?rest_route=%2Fwp%2Fv2%2Fmedia&parent=33567"}],"wp:term":[{"taxonomy":"category","embeddable":true,"href":"https:\/\/macite.tg\/index.php?rest_route=%2Fwp%2Fv2%2Fcategories&post=33567"},{"taxonomy":"post_tag","embeddable":true,"href":"https:\/\/macite.tg\/index.php?rest_route=%2Fwp%2Fv2%2Ftags&post=33567"}],"curies":[{"name":"wp","href":"https:\/\/api.w.org\/{rel}","templated":true}]}}