{"id":33560,"date":"2026-08-31T19:33:54","date_gmt":"2026-08-31T19:33:54","guid":{"rendered":"https:\/\/macite.tg\/?p=33560"},"modified":"2026-08-31T19:33:57","modified_gmt":"2026-08-31T19:33:57","slug":"concours-cme-2026-les-179-candidats-admissibles-attendus-le-02-septembre-pour-la-visite-medicale","status":"publish","type":"post","link":"https:\/\/macite.tg\/?p=33560","title":{"rendered":"CONCOURS CME 2026 : Les 179 candidats admissibles attendus le 02 septembre pour la visite m\u00e9dicale"},"content":{"rendered":"\n<p class=\"wp-block-paragraph\"><strong><em>Le processus de s\u00e9lection pour l&rsquo;entr\u00e9e au Coll\u00e8ge militaire Eyadema (CME), au titre de l&rsquo;ann\u00e9e 2026, est dans sa derni\u00e8re ligne droite. Les 179 candidats admissibles audit concours sont convoqu\u00e9s le 2 septembre pour la visite m\u00e9dicale \u00e0 Lom\u00e9 et Kara, annonce le minist\u00e8re de la D\u00e9fense nationale.<\/em><\/strong><\/p>\n\n\n\n<p class=\"wp-block-paragraph\">Cette \u00e9tape, condition pr\u00e9alable et obligatoire pour poursuivre le concours, se tiendra le mercredi 2 septembre 2026. Elle va se d\u00e9rouler simultan\u00e9ment sur deux sites principaux, notamment \u00e0 Lom\u00e9 au Centre hospitalier des arm\u00e9es de Lom\u00e9 (CHAL), et \u00e0 Kara, au Centre m\u00e9dical des arm\u00e9es du R\u00e9giment parachutiste commando (RPC)<\/p>\n\n\n<div class=\"wp-block-image\">\n<figure class=\"aligncenter is-resized\"><img decoding=\"async\" src=\"https:\/\/scontent.flfw2-1.fna.fbcdn.net\/v\/t39.30808-6\/782489543_1708793701255429_3030521664558427379_n.jpg?stp=dst-jpg_tt6&amp;cstp=mx1018x1274&amp;ctp=s640x640&amp;_nc_cat=102&amp;ccb=1-7&amp;_nc_sid=833d8c&amp;_nc_eui2=AeEb9vdL-Oo_TWx4liUjX16za-BuVXnsZYhr4G5VeexliO0VmERuK6lZHPQQy5g2tGKNXhy4zbe-A1b8GTOGyqpT&amp;_nc_ohc=Zf2GFvcf0ZQQ7kNvwFjEllM&amp;_nc_oc=AdqFZCxp_lejj8GtpfCfr4BgJQi5dFPHemmQ1SyqfLqnh_EGkuGjKCZ6lPP7Otrzhkx6lZHcqdoFwYTph8FYMosh&amp;_nc_zt=23&amp;_nc_ht=scontent.flfw2-1.fna&amp;_nc_gid=0kZ8AcGSNUzBRxczscgZNA&amp;_nc_ss=7b2a8&amp;oh=00_AQIhubcSg6Id0FcJ3mz_cFcRV9gX2JCqUJMBPIXoNuzeVQ&amp;oe=6A9BB331\" alt=\"Peut \u00eatre une image de texte\" style=\"aspect-ratio:0.7984375;width:511px;height:auto\" \/><\/figure>\n<\/div>\n\n\n<p class=\"wp-block-paragraph\">Au total, 179 candidats ont franchi la premi\u00e8re phase des \u00e9preuves, r\u00e9partis comme suit&nbsp;: 103 font leur entr\u00e9e en classe de 6e, 11 pour la seconde A4, 50 pour les secondes C\/D, 9 pour la seconde F2 et 6 pour la seconde F3. Ils sont d\u00e9sormais attendus pour cet examen de sant\u00e9, pour continuer leur cursus scolaire rigoureuse contr\u00f4l\u00e9 par les autorit\u00e9s militaires.<\/p>\n\n\n\n<p class=\"wp-block-paragraph\">Notons que le minist\u00e8re de la D\u00e9fense nationale rappelle que \u00ab&nbsp;<em>Tout candidat absent sera &nbsp;consid\u00e9r\u00e9 comme d\u00e9missionnaire<\/em>&nbsp;\u00bb et donc \u00e9limin\u00e9 du concours.<\/p>\n\n\n\n<p class=\"wp-block-paragraph\"><strong>La R\u00e9daction<\/strong><\/p>\n\n\n\n<p class=\"wp-block-paragraph\"><a><strong><em>@macite.tg&nbsp;&nbsp;&nbsp;&nbsp;&nbsp;&nbsp;&nbsp;&nbsp;<\/em><\/strong><\/a><\/p>\n\n\n\n<p class=\"wp-block-paragraph\"><strong><em>E-mail&nbsp;:<\/em><\/strong> <a href=\"mailto:maciteinfo@gmail.com\"><strong><em>maciteinfo@gmail.com<\/em><\/strong><\/a><strong><em>;<\/em><\/strong> <a href=\"mailto:bawela1@gmail.com\"><strong><em>bawela1@gmail.com<\/em><\/strong><\/a><strong><em><\/em><\/strong><\/p>\n\n\n\n<p class=\"wp-block-paragraph\"><strong><em>Pour vos annonces, publi-reportages, etc., joignez-nous au (00228)91515309\/<strong>79872224<\/strong> <strong><\/strong><\/em><\/strong><\/p>\n\n\n\n<p class=\"wp-block-paragraph\"><strong><em>www.macite.tg, L\u2019information, la bonne&nbsp;!<\/em><\/strong><\/p>\n\n\n\n<p class=\"wp-block-paragraph\"><\/p>\n","protected":false},"excerpt":{"rendered":"<p class=\"text-justify mb-2\" >Le processus de s\u00e9lection pour l&rsquo;entr\u00e9e au Coll\u00e8ge militaire Eyadema (CME), au titre de l&rsquo;ann\u00e9e 2026, est dans sa derni\u00e8re ligne droite. Les 179 candidats admissibles audit concours sont convoqu\u00e9s le 2 septembre pour la visite m\u00e9dicale \u00e0 Lom\u00e9 et Kara, annonce le minist\u00e8re de [&hellip;]<\/p>\n","protected":false},"author":2,"featured_media":33561,"comment_status":"open","ping_status":"open","sticky":false,"template":"","format":"standard","meta":{"footnotes":""},"categories":[20,48],"tags":[],"class_list":["post-33560","post","type-post","status-publish","format-standard","has-post-thumbnail","hentry","category-actualite","category-formation"],"yoast_head":"<!-- This site is optimized with the Yoast SEO plugin v28.3 - https:\/\/yoast.com\/product\/yoast-seo-wordpress\/ -->\n<title>CONCOURS CME 2026 : Les 179 candidats admissibles attendus le 02 septembre pour la visite m\u00e9dicale -<\/title>\n<meta name=\"robots\" content=\"index, follow, max-snippet:-1, max-image-preview:large, max-video-preview:-1\" \/>\n<link rel=\"canonical\" href=\"https:\/\/macite.tg\/?p=33560\" \/>\n<meta property=\"og:locale\" content=\"fr_FR\" \/>\n<meta property=\"og:type\" content=\"article\" \/>\n<meta property=\"og:title\" content=\"CONCOURS CME 2026 : Les 179 candidats admissibles attendus le 02 septembre pour la visite m\u00e9dicale -\" \/>\n<meta property=\"og:description\" content=\"Le processus de s\u00e9lection pour l&rsquo;entr\u00e9e au Coll\u00e8ge militaire Eyadema (CME), au titre de l&rsquo;ann\u00e9e 2026, est dans sa derni\u00e8re ligne droite. Les 179 candidats admissibles audit concours sont convoqu\u00e9s le 2 septembre pour la visite m\u00e9dicale \u00e0 Lom\u00e9 et Kara, annonce le minist\u00e8re de [&hellip;]\" \/>\n<meta property=\"og:url\" content=\"https:\/\/macite.tg\/?p=33560\" \/>\n<meta property=\"article:published_time\" content=\"2026-08-31T19:33:54+00:00\" \/>\n<meta property=\"article:modified_time\" content=\"2026-08-31T19:33:57+00:00\" \/>\n<meta property=\"og:image\" content=\"https:\/\/macite.tg\/wp-content\/uploads\/2026\/08\/image-58.png\" \/>\n\t<meta property=\"og:image:width\" content=\"500\" \/>\n\t<meta property=\"og:image:height\" content=\"318\" \/>\n\t<meta property=\"og:image:type\" content=\"image\/png\" \/>\n<meta name=\"author\" content=\"Jean Pierre BAWELA\" \/>\n<meta name=\"twitter:card\" content=\"summary_large_image\" \/>\n<meta name=\"twitter:label1\" content=\"\u00c9crit par\" \/>\n\t<meta name=\"twitter:data1\" content=\"Jean Pierre BAWELA\" \/>\n\t<meta name=\"twitter:label2\" content=\"Dur\u00e9e de lecture estim\u00e9e\" \/>\n\t<meta name=\"twitter:data2\" content=\"2 minutes\" \/>\n<script type=\"application\/ld+json\" class=\"yoast-schema-graph\">{\"@context\":\"https:\\\/\\\/schema.org\",\"@graph\":[{\"@type\":\"Article\",\"@id\":\"https:\\\/\\\/macite.tg\\\/?p=33560#article\",\"isPartOf\":{\"@id\":\"https:\\\/\\\/macite.tg\\\/?p=33560\"},\"author\":{\"name\":\"Jean Pierre BAWELA\",\"@id\":\"https:\\\/\\\/macite.tg\\\/#\\\/schema\\\/person\\\/e9f2de7e5dbbe7770a9402c7ce82f5c2\"},\"headline\":\"CONCOURS CME 2026 : Les 179 candidats admissibles attendus le 02 septembre pour la visite m\u00e9dicale\",\"datePublished\":\"2026-08-31T19:33:54+00:00\",\"dateModified\":\"2026-08-31T19:33:57+00:00\",\"mainEntityOfPage\":{\"@id\":\"https:\\\/\\\/macite.tg\\\/?p=33560\"},\"wordCount\":251,\"commentCount\":0,\"image\":{\"@id\":\"https:\\\/\\\/macite.tg\\\/?p=33560#primaryimage\"},\"thumbnailUrl\":\"https:\\\/\\\/macite.tg\\\/wp-content\\\/uploads\\\/2026\\\/08\\\/image-58.png\",\"articleSection\":[\"ACTUALITE\",\"FORMATION\"],\"inLanguage\":\"fr-FR\",\"potentialAction\":[{\"@type\":\"CommentAction\",\"name\":\"Comment\",\"target\":[\"https:\\\/\\\/macite.tg\\\/?p=33560#respond\"]}]},{\"@type\":\"WebPage\",\"@id\":\"https:\\\/\\\/macite.tg\\\/?p=33560\",\"url\":\"https:\\\/\\\/macite.tg\\\/?p=33560\",\"name\":\"CONCOURS CME 2026 : Les 179 candidats admissibles attendus le 02 septembre pour la visite m\u00e9dicale -\",\"isPartOf\":{\"@id\":\"https:\\\/\\\/macite.tg\\\/#website\"},\"primaryImageOfPage\":{\"@id\":\"https:\\\/\\\/macite.tg\\\/?p=33560#primaryimage\"},\"image\":{\"@id\":\"https:\\\/\\\/macite.tg\\\/?p=33560#primaryimage\"},\"thumbnailUrl\":\"https:\\\/\\\/macite.tg\\\/wp-content\\\/uploads\\\/2026\\\/08\\\/image-58.png\",\"datePublished\":\"2026-08-31T19:33:54+00:00\",\"dateModified\":\"2026-08-31T19:33:57+00:00\",\"author\":{\"@id\":\"https:\\\/\\\/macite.tg\\\/#\\\/schema\\\/person\\\/e9f2de7e5dbbe7770a9402c7ce82f5c2\"},\"breadcrumb\":{\"@id\":\"https:\\\/\\\/macite.tg\\\/?p=33560#breadcrumb\"},\"inLanguage\":\"fr-FR\",\"potentialAction\":[{\"@type\":\"ReadAction\",\"target\":[\"https:\\\/\\\/macite.tg\\\/?p=33560\"]}]},{\"@type\":\"ImageObject\",\"inLanguage\":\"fr-FR\",\"@id\":\"https:\\\/\\\/macite.tg\\\/?p=33560#primaryimage\",\"url\":\"https:\\\/\\\/macite.tg\\\/wp-content\\\/uploads\\\/2026\\\/08\\\/image-58.png\",\"contentUrl\":\"https:\\\/\\\/macite.tg\\\/wp-content\\\/uploads\\\/2026\\\/08\\\/image-58.png\",\"width\":500,\"height\":318},{\"@type\":\"BreadcrumbList\",\"@id\":\"https:\\\/\\\/macite.tg\\\/?p=33560#breadcrumb\",\"itemListElement\":[{\"@type\":\"ListItem\",\"position\":1,\"name\":\"Accueil\",\"item\":\"https:\\\/\\\/macite.tg\\\/\"},{\"@type\":\"ListItem\",\"position\":2,\"name\":\"CONCOURS CME 2026 : Les 179 candidats admissibles attendus le 02 septembre pour la visite m\u00e9dicale\"}]},{\"@type\":\"WebSite\",\"@id\":\"https:\\\/\\\/macite.tg\\\/#website\",\"url\":\"https:\\\/\\\/macite.tg\\\/\",\"name\":\"\",\"description\":\"L&#039;information, la bonne!!!\",\"potentialAction\":[{\"@type\":\"SearchAction\",\"target\":{\"@type\":\"EntryPoint\",\"urlTemplate\":\"https:\\\/\\\/macite.tg\\\/?s={search_term_string}\"},\"query-input\":{\"@type\":\"PropertyValueSpecification\",\"valueRequired\":true,\"valueName\":\"search_term_string\"}}],\"inLanguage\":\"fr-FR\"},{\"@type\":\"Person\",\"@id\":\"https:\\\/\\\/macite.tg\\\/#\\\/schema\\\/person\\\/e9f2de7e5dbbe7770a9402c7ce82f5c2\",\"name\":\"Jean Pierre BAWELA\",\"image\":{\"@type\":\"ImageObject\",\"inLanguage\":\"fr-FR\",\"@id\":\"https:\\\/\\\/macite.tg\\\/wp-content\\\/uploads\\\/2023\\\/09\\\/WhatsApp-Image-2023-09-19-at-14.44.41-122x122.jpeg\",\"url\":\"https:\\\/\\\/macite.tg\\\/wp-content\\\/uploads\\\/2023\\\/09\\\/WhatsApp-Image-2023-09-19-at-14.44.41-122x122.jpeg\",\"contentUrl\":\"https:\\\/\\\/macite.tg\\\/wp-content\\\/uploads\\\/2023\\\/09\\\/WhatsApp-Image-2023-09-19-at-14.44.41-122x122.jpeg\",\"caption\":\"Jean Pierre BAWELA\"},\"url\":\"https:\\\/\\\/macite.tg\\\/?author=2\"}]}<\/script>\n<!-- \/ Yoast SEO plugin. -->","yoast_head_json":{"title":"CONCOURS CME 2026 : Les 179 candidats admissibles attendus le 02 septembre pour la visite m\u00e9dicale -","robots":{"index":"index","follow":"follow","max-snippet":"max-snippet:-1","max-image-preview":"max-image-preview:large","max-video-preview":"max-video-preview:-1"},"canonical":"https:\/\/macite.tg\/?p=33560","og_locale":"fr_FR","og_type":"article","og_title":"CONCOURS CME 2026 : Les 179 candidats admissibles attendus le 02 septembre pour la visite m\u00e9dicale -","og_description":"Le processus de s\u00e9lection pour l&rsquo;entr\u00e9e au Coll\u00e8ge militaire Eyadema (CME), au titre de l&rsquo;ann\u00e9e 2026, est dans sa derni\u00e8re ligne droite. Les 179 candidats admissibles audit concours sont convoqu\u00e9s le 2 septembre pour la visite m\u00e9dicale \u00e0 Lom\u00e9 et Kara, annonce le minist\u00e8re de [&hellip;]","og_url":"https:\/\/macite.tg\/?p=33560","article_published_time":"2026-08-31T19:33:54+00:00","article_modified_time":"2026-08-31T19:33:57+00:00","og_image":[{"width":500,"height":318,"url":"https:\/\/macite.tg\/wp-content\/uploads\/2026\/08\/image-58.png","type":"image\/png"}],"author":"Jean Pierre BAWELA","twitter_card":"summary_large_image","twitter_misc":{"\u00c9crit par":"Jean Pierre BAWELA","Dur\u00e9e de lecture estim\u00e9e":"2 minutes"},"schema":{"@context":"https:\/\/schema.org","@graph":[{"@type":"Article","@id":"https:\/\/macite.tg\/?p=33560#article","isPartOf":{"@id":"https:\/\/macite.tg\/?p=33560"},"author":{"name":"Jean Pierre BAWELA","@id":"https:\/\/macite.tg\/#\/schema\/person\/e9f2de7e5dbbe7770a9402c7ce82f5c2"},"headline":"CONCOURS CME 2026 : Les 179 candidats admissibles attendus le 02 septembre pour la visite m\u00e9dicale","datePublished":"2026-08-31T19:33:54+00:00","dateModified":"2026-08-31T19:33:57+00:00","mainEntityOfPage":{"@id":"https:\/\/macite.tg\/?p=33560"},"wordCount":251,"commentCount":0,"image":{"@id":"https:\/\/macite.tg\/?p=33560#primaryimage"},"thumbnailUrl":"https:\/\/macite.tg\/wp-content\/uploads\/2026\/08\/image-58.png","articleSection":["ACTUALITE","FORMATION"],"inLanguage":"fr-FR","potentialAction":[{"@type":"CommentAction","name":"Comment","target":["https:\/\/macite.tg\/?p=33560#respond"]}]},{"@type":"WebPage","@id":"https:\/\/macite.tg\/?p=33560","url":"https:\/\/macite.tg\/?p=33560","name":"CONCOURS CME 2026 : Les 179 candidats admissibles attendus le 02 septembre pour la visite m\u00e9dicale -","isPartOf":{"@id":"https:\/\/macite.tg\/#website"},"primaryImageOfPage":{"@id":"https:\/\/macite.tg\/?p=33560#primaryimage"},"image":{"@id":"https:\/\/macite.tg\/?p=33560#primaryimage"},"thumbnailUrl":"https:\/\/macite.tg\/wp-content\/uploads\/2026\/08\/image-58.png","datePublished":"2026-08-31T19:33:54+00:00","dateModified":"2026-08-31T19:33:57+00:00","author":{"@id":"https:\/\/macite.tg\/#\/schema\/person\/e9f2de7e5dbbe7770a9402c7ce82f5c2"},"breadcrumb":{"@id":"https:\/\/macite.tg\/?p=33560#breadcrumb"},"inLanguage":"fr-FR","potentialAction":[{"@type":"ReadAction","target":["https:\/\/macite.tg\/?p=33560"]}]},{"@type":"ImageObject","inLanguage":"fr-FR","@id":"https:\/\/macite.tg\/?p=33560#primaryimage","url":"https:\/\/macite.tg\/wp-content\/uploads\/2026\/08\/image-58.png","contentUrl":"https:\/\/macite.tg\/wp-content\/uploads\/2026\/08\/image-58.png","width":500,"height":318},{"@type":"BreadcrumbList","@id":"https:\/\/macite.tg\/?p=33560#breadcrumb","itemListElement":[{"@type":"ListItem","position":1,"name":"Accueil","item":"https:\/\/macite.tg\/"},{"@type":"ListItem","position":2,"name":"CONCOURS CME 2026 : Les 179 candidats admissibles attendus le 02 septembre pour la visite m\u00e9dicale"}]},{"@type":"WebSite","@id":"https:\/\/macite.tg\/#website","url":"https:\/\/macite.tg\/","name":"","description":"L&#039;information, la bonne!!!","potentialAction":[{"@type":"SearchAction","target":{"@type":"EntryPoint","urlTemplate":"https:\/\/macite.tg\/?s={search_term_string}"},"query-input":{"@type":"PropertyValueSpecification","valueRequired":true,"valueName":"search_term_string"}}],"inLanguage":"fr-FR"},{"@type":"Person","@id":"https:\/\/macite.tg\/#\/schema\/person\/e9f2de7e5dbbe7770a9402c7ce82f5c2","name":"Jean Pierre BAWELA","image":{"@type":"ImageObject","inLanguage":"fr-FR","@id":"https:\/\/macite.tg\/wp-content\/uploads\/2023\/09\/WhatsApp-Image-2023-09-19-at-14.44.41-122x122.jpeg","url":"https:\/\/macite.tg\/wp-content\/uploads\/2023\/09\/WhatsApp-Image-2023-09-19-at-14.44.41-122x122.jpeg","contentUrl":"https:\/\/macite.tg\/wp-content\/uploads\/2023\/09\/WhatsApp-Image-2023-09-19-at-14.44.41-122x122.jpeg","caption":"Jean Pierre BAWELA"},"url":"https:\/\/macite.tg\/?author=2"}]}},"_links":{"self":[{"href":"https:\/\/macite.tg\/index.php?rest_route=\/wp\/v2\/posts\/33560","targetHints":{"allow":["GET"]}}],"collection":[{"href":"https:\/\/macite.tg\/index.php?rest_route=\/wp\/v2\/posts"}],"about":[{"href":"https:\/\/macite.tg\/index.php?rest_route=\/wp\/v2\/types\/post"}],"author":[{"embeddable":true,"href":"https:\/\/macite.tg\/index.php?rest_route=\/wp\/v2\/users\/2"}],"replies":[{"embeddable":true,"href":"https:\/\/macite.tg\/index.php?rest_route=%2Fwp%2Fv2%2Fcomments&post=33560"}],"version-history":[{"count":1,"href":"https:\/\/macite.tg\/index.php?rest_route=\/wp\/v2\/posts\/33560\/revisions"}],"predecessor-version":[{"id":33562,"href":"https:\/\/macite.tg\/index.php?rest_route=\/wp\/v2\/posts\/33560\/revisions\/33562"}],"wp:featuredmedia":[{"embeddable":true,"href":"https:\/\/macite.tg\/index.php?rest_route=\/wp\/v2\/media\/33561"}],"wp:attachment":[{"href":"https:\/\/macite.tg\/index.php?rest_route=%2Fwp%2Fv2%2Fmedia&parent=33560"}],"wp:term":[{"taxonomy":"category","embeddable":true,"href":"https:\/\/macite.tg\/index.php?rest_route=%2Fwp%2Fv2%2Fcategories&post=33560"},{"taxonomy":"post_tag","embeddable":true,"href":"https:\/\/macite.tg\/index.php?rest_route=%2Fwp%2Fv2%2Ftags&post=33560"}],"curies":[{"name":"wp","href":"https:\/\/api.w.org\/{rel}","templated":true}]}}