{"id":33553,"date":"2026-08-31T12:57:45","date_gmt":"2026-08-31T12:57:45","guid":{"rendered":"https:\/\/macite.tg\/?p=33553"},"modified":"2026-08-31T12:58:11","modified_gmt":"2026-08-31T12:58:11","slug":"necrologie-souvenez-vous-dans-vos-prieres-de-nabede-ladjamie-52-ans-rappele-a-dieu-le-09-aout-2026","status":"publish","type":"post","link":"https:\/\/macite.tg\/?p=33553","title":{"rendered":"NECROLOGIE\u00a0: Souvenez-vous dans vos pri\u00e8res de NABEDE Ladjami\u00e8 (52 ans) rappel\u00e9 \u00e0 Dieu le 09 ao\u00fbt 2026"},"content":{"rendered":"\n<p class=\"wp-block-paragraph\"><strong><em>\u00ab&nbsp;Dieu a donn\u00e9, Dieu a repris&nbsp;!&nbsp;\u00bb. La famille NABEDE est inconsolable. NABEDE Ladjami\u00e8, affectueusement appel\u00e9 \u2018\u2019Tchami\u00e8\u2019\u2019 a quitt\u00e9 le monde des vivants, le dimanche 09 ao\u00fbt 2026 au CHU de Kara. Il n\u2019avait que 52 ans.<\/em><\/strong><\/p>\n\n\n\n<p class=\"wp-block-paragraph\"><strong>Voici le programme des obs\u00e8ques<\/strong><\/p>\n\n\n\n<p class=\"wp-block-paragraph\"><strong>Vendredi 04 Septembre 2026&nbsp;:<\/strong><\/p>\n\n\n\n<p class=\"wp-block-paragraph\"><strong><em>18h30&nbsp;:<\/em><\/strong> Veill\u00e9e-messe de pri\u00e8res et de chants \u00e0 Kara en la paroisse Christ Sauveur de Tomd\u00e8<\/p>\n\n\n\n<p class=\"wp-block-paragraph\"><strong>Samedi 05 Septembre 2026<\/strong><\/p>\n\n\n\n<p class=\"wp-block-paragraph\"><strong><em>06h00 \u00e0 08h00&nbsp;:<\/em><\/strong> Chapelle ardente et exposition du corps au domicile du G\u00e9n\u00e9ral NABEDE \u00e0 Kara Tomd\u00e8<\/p>\n\n\n\n<p class=\"wp-block-paragraph\"><strong><em>08h30 \u00e0 9h30<\/em><\/strong>&nbsp;: Messe d&rsquo;enterrement en la Chapelle Sainte-Anne de Lama-Bou F\u00e8ou suivie de l&rsquo;inhumation au cimeti\u00e8re catholique du village.<\/p>\n\n\n\n<p class=\"wp-block-paragraph\"><strong>Dimanche 06 Septembre 2026<\/strong>&nbsp;:<\/p>\n\n\n\n<p class=\"wp-block-paragraph\"><strong><em>De 08h00 \u00e0 09h30&nbsp;:<\/em><\/strong> Messe d&rsquo;action de gr\u00e2ces en la paroisse Christ Sauveur de Kara Tomd\u00e8.<\/p>\n\n\n\n<p class=\"wp-block-paragraph\"><strong><em>NB&nbsp;: Les salutations d&rsquo;usage seront re\u00e7ues sur le parvis de l&rsquo;\u00e9glise.<\/em><\/strong><\/p>\n\n\n\n<p class=\"wp-block-paragraph\">Puisse l\u2019Eternel des Arm\u00e9es accueillir son serviteur aupr\u00e8s de Lui, dans le Royaume C\u00e9leste, et que brille \u00e0 ses yeux la lumi\u00e8re sans d\u00e9clin.<\/p>\n\n\n\n<p class=\"wp-block-paragraph\"><\/p>\n","protected":false},"excerpt":{"rendered":"<p class=\"text-justify mb-2\" >\u00ab&nbsp;Dieu a donn\u00e9, Dieu a repris&nbsp;!&nbsp;\u00bb. La famille NABEDE est inconsolable. NABEDE Ladjami\u00e8, affectueusement appel\u00e9 \u2018\u2019Tchami\u00e8\u2019\u2019 a quitt\u00e9 le monde des vivants, le dimanche 09 ao\u00fbt 2026 au CHU de Kara. Il n\u2019avait que 52 ans. Voici le programme des obs\u00e8ques Vendredi 04 Septembre 2026&nbsp;: [&hellip;]<\/p>\n","protected":false},"author":2,"featured_media":33554,"comment_status":"open","ping_status":"open","sticky":false,"template":"","format":"standard","meta":{"footnotes":""},"categories":[20,31],"tags":[],"class_list":["post-33553","post","type-post","status-publish","format-standard","has-post-thumbnail","hentry","category-actualite","category-annonce"],"yoast_head":"<!-- This site is optimized with the Yoast SEO plugin v28.3 - https:\/\/yoast.com\/product\/yoast-seo-wordpress\/ -->\n<title>NECROLOGIE\u00a0: Souvenez-vous dans vos pri\u00e8res de NABEDE Ladjami\u00e8 (52 ans) rappel\u00e9 \u00e0 Dieu le 09 ao\u00fbt 2026 -<\/title>\n<meta name=\"robots\" content=\"index, follow, max-snippet:-1, max-image-preview:large, max-video-preview:-1\" \/>\n<link rel=\"canonical\" href=\"https:\/\/macite.tg\/?p=33553\" \/>\n<meta property=\"og:locale\" content=\"fr_FR\" \/>\n<meta property=\"og:type\" content=\"article\" \/>\n<meta property=\"og:title\" content=\"NECROLOGIE\u00a0: Souvenez-vous dans vos pri\u00e8res de NABEDE Ladjami\u00e8 (52 ans) rappel\u00e9 \u00e0 Dieu le 09 ao\u00fbt 2026 -\" \/>\n<meta property=\"og:description\" content=\"\u00ab&nbsp;Dieu a donn\u00e9, Dieu a repris&nbsp;!&nbsp;\u00bb. La famille NABEDE est inconsolable. NABEDE Ladjami\u00e8, affectueusement appel\u00e9 \u2018\u2019Tchami\u00e8\u2019\u2019 a quitt\u00e9 le monde des vivants, le dimanche 09 ao\u00fbt 2026 au CHU de Kara. Il n\u2019avait que 52 ans. Voici le programme des obs\u00e8ques Vendredi 04 Septembre 2026&nbsp;: [&hellip;]\" \/>\n<meta property=\"og:url\" content=\"https:\/\/macite.tg\/?p=33553\" \/>\n<meta property=\"article:published_time\" content=\"2026-08-31T12:57:45+00:00\" \/>\n<meta property=\"article:modified_time\" content=\"2026-08-31T12:58:11+00:00\" \/>\n<meta property=\"og:image\" content=\"https:\/\/macite.tg\/wp-content\/uploads\/2026\/08\/NABEDE.jpg\" \/>\n\t<meta property=\"og:image:width\" content=\"500\" \/>\n\t<meta property=\"og:image:height\" content=\"438\" \/>\n\t<meta property=\"og:image:type\" content=\"image\/jpeg\" \/>\n<meta name=\"author\" content=\"Jean Pierre BAWELA\" \/>\n<meta name=\"twitter:card\" content=\"summary_large_image\" \/>\n<meta name=\"twitter:label1\" content=\"\u00c9crit par\" \/>\n\t<meta name=\"twitter:data1\" content=\"Jean Pierre BAWELA\" \/>\n\t<meta name=\"twitter:label2\" content=\"Dur\u00e9e de lecture estim\u00e9e\" \/>\n\t<meta name=\"twitter:data2\" content=\"2 minutes\" \/>\n<script type=\"application\/ld+json\" class=\"yoast-schema-graph\">{\"@context\":\"https:\\\/\\\/schema.org\",\"@graph\":[{\"@type\":\"Article\",\"@id\":\"https:\\\/\\\/macite.tg\\\/?p=33553#article\",\"isPartOf\":{\"@id\":\"https:\\\/\\\/macite.tg\\\/?p=33553\"},\"author\":{\"name\":\"Jean Pierre BAWELA\",\"@id\":\"https:\\\/\\\/macite.tg\\\/#\\\/schema\\\/person\\\/e9f2de7e5dbbe7770a9402c7ce82f5c2\"},\"headline\":\"NECROLOGIE\u00a0: Souvenez-vous dans vos pri\u00e8res de NABEDE Ladjami\u00e8 (52 ans) rappel\u00e9 \u00e0 Dieu le 09 ao\u00fbt 2026\",\"datePublished\":\"2026-08-31T12:57:45+00:00\",\"dateModified\":\"2026-08-31T12:58:11+00:00\",\"mainEntityOfPage\":{\"@id\":\"https:\\\/\\\/macite.tg\\\/?p=33553\"},\"wordCount\":189,\"commentCount\":0,\"image\":{\"@id\":\"https:\\\/\\\/macite.tg\\\/?p=33553#primaryimage\"},\"thumbnailUrl\":\"https:\\\/\\\/macite.tg\\\/wp-content\\\/uploads\\\/2026\\\/08\\\/NABEDE.jpg\",\"articleSection\":[\"ACTUALITE\",\"ANNONCE\"],\"inLanguage\":\"fr-FR\",\"potentialAction\":[{\"@type\":\"CommentAction\",\"name\":\"Comment\",\"target\":[\"https:\\\/\\\/macite.tg\\\/?p=33553#respond\"]}]},{\"@type\":\"WebPage\",\"@id\":\"https:\\\/\\\/macite.tg\\\/?p=33553\",\"url\":\"https:\\\/\\\/macite.tg\\\/?p=33553\",\"name\":\"NECROLOGIE\u00a0: Souvenez-vous dans vos pri\u00e8res de NABEDE Ladjami\u00e8 (52 ans) rappel\u00e9 \u00e0 Dieu le 09 ao\u00fbt 2026 -\",\"isPartOf\":{\"@id\":\"https:\\\/\\\/macite.tg\\\/#website\"},\"primaryImageOfPage\":{\"@id\":\"https:\\\/\\\/macite.tg\\\/?p=33553#primaryimage\"},\"image\":{\"@id\":\"https:\\\/\\\/macite.tg\\\/?p=33553#primaryimage\"},\"thumbnailUrl\":\"https:\\\/\\\/macite.tg\\\/wp-content\\\/uploads\\\/2026\\\/08\\\/NABEDE.jpg\",\"datePublished\":\"2026-08-31T12:57:45+00:00\",\"dateModified\":\"2026-08-31T12:58:11+00:00\",\"author\":{\"@id\":\"https:\\\/\\\/macite.tg\\\/#\\\/schema\\\/person\\\/e9f2de7e5dbbe7770a9402c7ce82f5c2\"},\"breadcrumb\":{\"@id\":\"https:\\\/\\\/macite.tg\\\/?p=33553#breadcrumb\"},\"inLanguage\":\"fr-FR\",\"potentialAction\":[{\"@type\":\"ReadAction\",\"target\":[\"https:\\\/\\\/macite.tg\\\/?p=33553\"]}]},{\"@type\":\"ImageObject\",\"inLanguage\":\"fr-FR\",\"@id\":\"https:\\\/\\\/macite.tg\\\/?p=33553#primaryimage\",\"url\":\"https:\\\/\\\/macite.tg\\\/wp-content\\\/uploads\\\/2026\\\/08\\\/NABEDE.jpg\",\"contentUrl\":\"https:\\\/\\\/macite.tg\\\/wp-content\\\/uploads\\\/2026\\\/08\\\/NABEDE.jpg\",\"width\":500,\"height\":438},{\"@type\":\"BreadcrumbList\",\"@id\":\"https:\\\/\\\/macite.tg\\\/?p=33553#breadcrumb\",\"itemListElement\":[{\"@type\":\"ListItem\",\"position\":1,\"name\":\"Accueil\",\"item\":\"https:\\\/\\\/macite.tg\\\/\"},{\"@type\":\"ListItem\",\"position\":2,\"name\":\"NECROLOGIE\u00a0: Souvenez-vous dans vos pri\u00e8res de NABEDE Ladjami\u00e8 (52 ans) rappel\u00e9 \u00e0 Dieu le 09 ao\u00fbt 2026\"}]},{\"@type\":\"WebSite\",\"@id\":\"https:\\\/\\\/macite.tg\\\/#website\",\"url\":\"https:\\\/\\\/macite.tg\\\/\",\"name\":\"\",\"description\":\"L&#039;information, la bonne!!!\",\"potentialAction\":[{\"@type\":\"SearchAction\",\"target\":{\"@type\":\"EntryPoint\",\"urlTemplate\":\"https:\\\/\\\/macite.tg\\\/?s={search_term_string}\"},\"query-input\":{\"@type\":\"PropertyValueSpecification\",\"valueRequired\":true,\"valueName\":\"search_term_string\"}}],\"inLanguage\":\"fr-FR\"},{\"@type\":\"Person\",\"@id\":\"https:\\\/\\\/macite.tg\\\/#\\\/schema\\\/person\\\/e9f2de7e5dbbe7770a9402c7ce82f5c2\",\"name\":\"Jean Pierre BAWELA\",\"image\":{\"@type\":\"ImageObject\",\"inLanguage\":\"fr-FR\",\"@id\":\"https:\\\/\\\/macite.tg\\\/wp-content\\\/uploads\\\/2023\\\/09\\\/WhatsApp-Image-2023-09-19-at-14.44.41-122x122.jpeg\",\"url\":\"https:\\\/\\\/macite.tg\\\/wp-content\\\/uploads\\\/2023\\\/09\\\/WhatsApp-Image-2023-09-19-at-14.44.41-122x122.jpeg\",\"contentUrl\":\"https:\\\/\\\/macite.tg\\\/wp-content\\\/uploads\\\/2023\\\/09\\\/WhatsApp-Image-2023-09-19-at-14.44.41-122x122.jpeg\",\"caption\":\"Jean Pierre BAWELA\"},\"url\":\"https:\\\/\\\/macite.tg\\\/?author=2\"}]}<\/script>\n<!-- \/ Yoast SEO plugin. -->","yoast_head_json":{"title":"NECROLOGIE\u00a0: Souvenez-vous dans vos pri\u00e8res de NABEDE Ladjami\u00e8 (52 ans) rappel\u00e9 \u00e0 Dieu le 09 ao\u00fbt 2026 -","robots":{"index":"index","follow":"follow","max-snippet":"max-snippet:-1","max-image-preview":"max-image-preview:large","max-video-preview":"max-video-preview:-1"},"canonical":"https:\/\/macite.tg\/?p=33553","og_locale":"fr_FR","og_type":"article","og_title":"NECROLOGIE\u00a0: Souvenez-vous dans vos pri\u00e8res de NABEDE Ladjami\u00e8 (52 ans) rappel\u00e9 \u00e0 Dieu le 09 ao\u00fbt 2026 -","og_description":"\u00ab&nbsp;Dieu a donn\u00e9, Dieu a repris&nbsp;!&nbsp;\u00bb. La famille NABEDE est inconsolable. NABEDE Ladjami\u00e8, affectueusement appel\u00e9 \u2018\u2019Tchami\u00e8\u2019\u2019 a quitt\u00e9 le monde des vivants, le dimanche 09 ao\u00fbt 2026 au CHU de Kara. Il n\u2019avait que 52 ans. Voici le programme des obs\u00e8ques Vendredi 04 Septembre 2026&nbsp;: [&hellip;]","og_url":"https:\/\/macite.tg\/?p=33553","article_published_time":"2026-08-31T12:57:45+00:00","article_modified_time":"2026-08-31T12:58:11+00:00","og_image":[{"width":500,"height":438,"url":"https:\/\/macite.tg\/wp-content\/uploads\/2026\/08\/NABEDE.jpg","type":"image\/jpeg"}],"author":"Jean Pierre BAWELA","twitter_card":"summary_large_image","twitter_misc":{"\u00c9crit par":"Jean Pierre BAWELA","Dur\u00e9e de lecture estim\u00e9e":"2 minutes"},"schema":{"@context":"https:\/\/schema.org","@graph":[{"@type":"Article","@id":"https:\/\/macite.tg\/?p=33553#article","isPartOf":{"@id":"https:\/\/macite.tg\/?p=33553"},"author":{"name":"Jean Pierre BAWELA","@id":"https:\/\/macite.tg\/#\/schema\/person\/e9f2de7e5dbbe7770a9402c7ce82f5c2"},"headline":"NECROLOGIE\u00a0: Souvenez-vous dans vos pri\u00e8res de NABEDE Ladjami\u00e8 (52 ans) rappel\u00e9 \u00e0 Dieu le 09 ao\u00fbt 2026","datePublished":"2026-08-31T12:57:45+00:00","dateModified":"2026-08-31T12:58:11+00:00","mainEntityOfPage":{"@id":"https:\/\/macite.tg\/?p=33553"},"wordCount":189,"commentCount":0,"image":{"@id":"https:\/\/macite.tg\/?p=33553#primaryimage"},"thumbnailUrl":"https:\/\/macite.tg\/wp-content\/uploads\/2026\/08\/NABEDE.jpg","articleSection":["ACTUALITE","ANNONCE"],"inLanguage":"fr-FR","potentialAction":[{"@type":"CommentAction","name":"Comment","target":["https:\/\/macite.tg\/?p=33553#respond"]}]},{"@type":"WebPage","@id":"https:\/\/macite.tg\/?p=33553","url":"https:\/\/macite.tg\/?p=33553","name":"NECROLOGIE\u00a0: Souvenez-vous dans vos pri\u00e8res de NABEDE Ladjami\u00e8 (52 ans) rappel\u00e9 \u00e0 Dieu le 09 ao\u00fbt 2026 -","isPartOf":{"@id":"https:\/\/macite.tg\/#website"},"primaryImageOfPage":{"@id":"https:\/\/macite.tg\/?p=33553#primaryimage"},"image":{"@id":"https:\/\/macite.tg\/?p=33553#primaryimage"},"thumbnailUrl":"https:\/\/macite.tg\/wp-content\/uploads\/2026\/08\/NABEDE.jpg","datePublished":"2026-08-31T12:57:45+00:00","dateModified":"2026-08-31T12:58:11+00:00","author":{"@id":"https:\/\/macite.tg\/#\/schema\/person\/e9f2de7e5dbbe7770a9402c7ce82f5c2"},"breadcrumb":{"@id":"https:\/\/macite.tg\/?p=33553#breadcrumb"},"inLanguage":"fr-FR","potentialAction":[{"@type":"ReadAction","target":["https:\/\/macite.tg\/?p=33553"]}]},{"@type":"ImageObject","inLanguage":"fr-FR","@id":"https:\/\/macite.tg\/?p=33553#primaryimage","url":"https:\/\/macite.tg\/wp-content\/uploads\/2026\/08\/NABEDE.jpg","contentUrl":"https:\/\/macite.tg\/wp-content\/uploads\/2026\/08\/NABEDE.jpg","width":500,"height":438},{"@type":"BreadcrumbList","@id":"https:\/\/macite.tg\/?p=33553#breadcrumb","itemListElement":[{"@type":"ListItem","position":1,"name":"Accueil","item":"https:\/\/macite.tg\/"},{"@type":"ListItem","position":2,"name":"NECROLOGIE\u00a0: Souvenez-vous dans vos pri\u00e8res de NABEDE Ladjami\u00e8 (52 ans) rappel\u00e9 \u00e0 Dieu le 09 ao\u00fbt 2026"}]},{"@type":"WebSite","@id":"https:\/\/macite.tg\/#website","url":"https:\/\/macite.tg\/","name":"","description":"L&#039;information, la bonne!!!","potentialAction":[{"@type":"SearchAction","target":{"@type":"EntryPoint","urlTemplate":"https:\/\/macite.tg\/?s={search_term_string}"},"query-input":{"@type":"PropertyValueSpecification","valueRequired":true,"valueName":"search_term_string"}}],"inLanguage":"fr-FR"},{"@type":"Person","@id":"https:\/\/macite.tg\/#\/schema\/person\/e9f2de7e5dbbe7770a9402c7ce82f5c2","name":"Jean Pierre BAWELA","image":{"@type":"ImageObject","inLanguage":"fr-FR","@id":"https:\/\/macite.tg\/wp-content\/uploads\/2023\/09\/WhatsApp-Image-2023-09-19-at-14.44.41-122x122.jpeg","url":"https:\/\/macite.tg\/wp-content\/uploads\/2023\/09\/WhatsApp-Image-2023-09-19-at-14.44.41-122x122.jpeg","contentUrl":"https:\/\/macite.tg\/wp-content\/uploads\/2023\/09\/WhatsApp-Image-2023-09-19-at-14.44.41-122x122.jpeg","caption":"Jean Pierre BAWELA"},"url":"https:\/\/macite.tg\/?author=2"}]}},"_links":{"self":[{"href":"https:\/\/macite.tg\/index.php?rest_route=\/wp\/v2\/posts\/33553","targetHints":{"allow":["GET"]}}],"collection":[{"href":"https:\/\/macite.tg\/index.php?rest_route=\/wp\/v2\/posts"}],"about":[{"href":"https:\/\/macite.tg\/index.php?rest_route=\/wp\/v2\/types\/post"}],"author":[{"embeddable":true,"href":"https:\/\/macite.tg\/index.php?rest_route=\/wp\/v2\/users\/2"}],"replies":[{"embeddable":true,"href":"https:\/\/macite.tg\/index.php?rest_route=%2Fwp%2Fv2%2Fcomments&post=33553"}],"version-history":[{"count":1,"href":"https:\/\/macite.tg\/index.php?rest_route=\/wp\/v2\/posts\/33553\/revisions"}],"predecessor-version":[{"id":33555,"href":"https:\/\/macite.tg\/index.php?rest_route=\/wp\/v2\/posts\/33553\/revisions\/33555"}],"wp:featuredmedia":[{"embeddable":true,"href":"https:\/\/macite.tg\/index.php?rest_route=\/wp\/v2\/media\/33554"}],"wp:attachment":[{"href":"https:\/\/macite.tg\/index.php?rest_route=%2Fwp%2Fv2%2Fmedia&parent=33553"}],"wp:term":[{"taxonomy":"category","embeddable":true,"href":"https:\/\/macite.tg\/index.php?rest_route=%2Fwp%2Fv2%2Fcategories&post=33553"},{"taxonomy":"post_tag","embeddable":true,"href":"https:\/\/macite.tg\/index.php?rest_route=%2Fwp%2Fv2%2Ftags&post=33553"}],"curies":[{"name":"wp","href":"https:\/\/api.w.org\/{rel}","templated":true}]}}