{"id":33552,"date":"2026-08-31T14:08:33","date_gmt":"2026-08-31T14:08:33","guid":{"rendered":"https:\/\/macite.tg\/?p=33552"},"modified":"2026-08-31T14:08:39","modified_gmt":"2026-08-31T14:08:39","slug":"fourniture-de-lelectricite-la-ceet-annonce-des-perturbations-jusquau-21-septembre-2026","status":"publish","type":"post","link":"https:\/\/macite.tg\/?p=33552","title":{"rendered":"FOURNITURE DE L\u2019\u00c9LECTRICITE : La CEET annonce des perturbations jusqu\u2019au 21 septembre 2026"},"content":{"rendered":"\n<p class=\"wp-block-paragraph\"><strong><em>Des interruptions ponctuelles de la fourniture d\u2019\u00e9lectricit\u00e9 risquent de toucher plusieurs quartiers et localit\u00e9s du pays, jusqu\u2019au 21 septembre prochain. L\u2019annonce a \u00e9t\u00e9 faite par la Compagnie \u00c9nergie \u00c9lectrique du Togo (CEET) via un communiqu\u00e9 en date du 27 ao\u00fbt 2026.<\/em><\/strong><\/p>\n\n\n\n<p class=\"wp-block-paragraph\">En raison de travaux de maintenance pr\u00e9ventive programm\u00e9s, pr\u00e9vue du 28 ao\u00fbt au 21 septembre 2026, au niveau sous-r\u00e9gional sur les \u00e9quipements de la West African Gas Pipeline Company (WAPCo), la CEET annonce des perturbations dans la fourniture du courant \u00e9lectrique.<\/p>\n\n\n<div class=\"wp-block-image\">\n<figure class=\"aligncenter is-resized\"><img decoding=\"async\" src=\"https:\/\/scontent.flfw2-1.fna.fbcdn.net\/v\/t39.30808-6\/782489543_1708793701255429_3030521664558427379_n.jpg?stp=dst-jpg_tt6&amp;cstp=mx1018x1274&amp;ctp=s640x640&amp;_nc_cat=102&amp;ccb=1-7&amp;_nc_sid=833d8c&amp;_nc_eui2=AeEb9vdL-Oo_TWx4liUjX16za-BuVXnsZYhr4G5VeexliO0VmERuK6lZHPQQy5g2tGKNXhy4zbe-A1b8GTOGyqpT&amp;_nc_ohc=Zf2GFvcf0ZQQ7kNvwFjEllM&amp;_nc_oc=AdqFZCxp_lejj8GtpfCfr4BgJQi5dFPHemmQ1SyqfLqnh_EGkuGjKCZ6lPP7Otrzhkx6lZHcqdoFwYTph8FYMosh&amp;_nc_zt=23&amp;_nc_ht=scontent.flfw2-1.fna&amp;_nc_gid=aG-hvpVvu0xBYaY5rqtI8A&amp;_nc_ss=7b2a8&amp;oh=00_AQIIiIiq2tLrGYwQzIln3BcYgBNIon1HUDE-lsNI_4lkow&amp;oe=6A9B42B1\" alt=\"Peut \u00eatre une image de texte\" style=\"aspect-ratio:0.7984375;width:511px;height:auto\" \/><\/figure>\n<\/div>\n\n\n<p class=\"wp-block-paragraph\">Ces travaux majeurs sur le r\u00e9seau \u00e9nerg\u00e9tique sous-r\u00e9gional, va entrainer une interruption de l\u2019approvisionnement en gaz naturel destin\u00e9 aux centrales thermiques.<\/p>\n\n\n\n<p class=\"wp-block-paragraph\">Cette baisse d\u2019approvisionnement impacte directement deux leviers essentiels du r\u00e9seau togolais, notamment la production des centrales \u00e9lectriques thermiques bas\u00e9es sur le territoire national, et les volumes d&rsquo;\u00e9lectricit\u00e9 import\u00e9s depuis les pays voisins.<\/p>\n\n\n\n<p class=\"wp-block-paragraph\">Dans l\u2019optique de minimiser les d\u00e9sagr\u00e9ments pour les m\u00e9nages et les entreprises, la Compagnie publique dit ajuster sa strat\u00e9gie de production. La CEET fait ainsi le \u00ab&nbsp;\u00ab&nbsp;<em>choix de recourir, sur cette p\u00e9riode, aux combustibles liquides plus on\u00e9reux plut\u00f4t que de r\u00e9duire davantage l\u2019offre disponible&nbsp;<\/em>\u00bb.<\/p>\n\n\n\n<p class=\"wp-block-paragraph\">Malgr\u00e9 la mobilisation de ces alternatives co\u00fbteuses, la CEET pr\u00e9cise que les perturbations ne pourront pas \u00eatre enti\u00e8rement \u00e9vit\u00e9es durant cette p\u00e9riode transitoire.<\/p>\n\n\n<div class=\"wp-block-image\">\n<figure class=\"aligncenter size-full\"><img loading=\"lazy\" decoding=\"async\" width=\"509\" height=\"720\" src=\"https:\/\/macite.tg\/wp-content\/uploads\/2026\/08\/OTR_Payez-la-TVM-simple-et-pratique.jpg\" alt=\"\" class=\"wp-image-33432\" srcset=\"https:\/\/macite.tg\/wp-content\/uploads\/2026\/08\/OTR_Payez-la-TVM-simple-et-pratique.jpg 509w, https:\/\/macite.tg\/wp-content\/uploads\/2026\/08\/OTR_Payez-la-TVM-simple-et-pratique-212x300.jpg 212w\" sizes=\"auto, (max-width: 509px) 100vw, 509px\" \/><\/figure>\n<\/div>\n\n\n<p class=\"wp-block-paragraph\">Ainsi, pour prot\u00e9ger vos \u00e9quipements \u00e9lectroniques et \u00e9lectrom\u00e9nagers contre les variations de tension, la Compagnie recommande de d\u00e9brancher vos appareils d\u00e8s le d\u00e9but d&rsquo;une coupure, et ne les rebrancher qu&rsquo;une fois la fourniture d&rsquo;\u00e9lectricit\u00e9 stabilis\u00e9e.<\/p>\n\n\n\n<p class=\"wp-block-paragraph\">En service depuis 2008, le Gazoduc d\u2019Afrique de l\u2019Ouest (WAPCo) reste l&rsquo;infrastructure cl\u00e9 pour l&rsquo;int\u00e9gration et la s\u00e9curit\u00e9 \u00e9nerg\u00e9tique des pays de la sous-r\u00e9gion.<\/p>\n\n\n\n<p class=\"wp-block-paragraph\"><strong>La R\u00e9daction<\/strong><\/p>\n\n\n\n<p class=\"wp-block-paragraph\"><a><strong><em>@macite.tg&nbsp;&nbsp;&nbsp;&nbsp;&nbsp;&nbsp;&nbsp;&nbsp;<\/em><\/strong><\/a><\/p>\n\n\n\n<p class=\"wp-block-paragraph\"><strong><em>E-mail&nbsp;:<\/em><\/strong> <a href=\"mailto:maciteinfo@gmail.com\"><strong><em>maciteinfo@gmail.com<\/em><\/strong><\/a><strong><em>;<\/em><\/strong> <a href=\"mailto:bawela1@gmail.com\"><strong><em>bawela1@gmail.com<\/em><\/strong><\/a><strong><em><\/em><\/strong><\/p>\n\n\n\n<p class=\"wp-block-paragraph\"><strong><em>Pour vos annonces, publi-reportages, etc., joignez-nous au (00228)91515309\/<strong>79872224<\/strong> <strong><\/strong><\/em><\/strong><\/p>\n\n\n\n<p class=\"wp-block-paragraph\"><strong><em>www.macite.tg, L\u2019information, la bonne&nbsp;!<\/em><\/strong><\/p>\n\n\n\n<p class=\"wp-block-paragraph\"><\/p>\n","protected":false},"excerpt":{"rendered":"<p class=\"text-justify mb-2\" >Des interruptions ponctuelles de la fourniture d\u2019\u00e9lectricit\u00e9 risquent de toucher plusieurs quartiers et localit\u00e9s du pays, jusqu\u2019au 21 septembre prochain. L\u2019annonce a \u00e9t\u00e9 faite par la Compagnie \u00c9nergie \u00c9lectrique du Togo (CEET) via un communiqu\u00e9 en date du 27 ao\u00fbt 2026. En raison de travaux [&hellip;]<\/p>\n","protected":false},"author":2,"featured_media":33556,"comment_status":"open","ping_status":"open","sticky":false,"template":"","format":"standard","meta":{"footnotes":""},"categories":[20,38],"tags":[],"class_list":["post-33552","post","type-post","status-publish","format-standard","has-post-thumbnail","hentry","category-actualite","category-energie"],"yoast_head":"<!-- This site is optimized with the Yoast SEO plugin v28.3 - https:\/\/yoast.com\/product\/yoast-seo-wordpress\/ -->\n<title>FOURNITURE DE L\u2019\u00c9LECTRICITE : La CEET annonce des perturbations jusqu\u2019au 21 septembre 2026 -<\/title>\n<meta name=\"robots\" content=\"index, follow, max-snippet:-1, max-image-preview:large, max-video-preview:-1\" \/>\n<link rel=\"canonical\" href=\"https:\/\/macite.tg\/?p=33552\" \/>\n<meta property=\"og:locale\" content=\"fr_FR\" \/>\n<meta property=\"og:type\" content=\"article\" \/>\n<meta property=\"og:title\" content=\"FOURNITURE DE L\u2019\u00c9LECTRICITE : La CEET annonce des perturbations jusqu\u2019au 21 septembre 2026 -\" \/>\n<meta property=\"og:description\" content=\"Des interruptions ponctuelles de la fourniture d\u2019\u00e9lectricit\u00e9 risquent de toucher plusieurs quartiers et localit\u00e9s du pays, jusqu\u2019au 21 septembre prochain. L\u2019annonce a \u00e9t\u00e9 faite par la Compagnie \u00c9nergie \u00c9lectrique du Togo (CEET) via un communiqu\u00e9 en date du 27 ao\u00fbt 2026. En raison de travaux [&hellip;]\" \/>\n<meta property=\"og:url\" content=\"https:\/\/macite.tg\/?p=33552\" \/>\n<meta property=\"article:published_time\" content=\"2026-08-31T14:08:33+00:00\" \/>\n<meta property=\"article:modified_time\" content=\"2026-08-31T14:08:39+00:00\" \/>\n<meta property=\"og:image\" content=\"https:\/\/macite.tg\/wp-content\/uploads\/2026\/08\/image-57.png\" \/>\n\t<meta property=\"og:image:width\" content=\"500\" \/>\n\t<meta property=\"og:image:height\" content=\"333\" \/>\n\t<meta property=\"og:image:type\" content=\"image\/png\" \/>\n<meta name=\"author\" content=\"Jean Pierre BAWELA\" \/>\n<meta name=\"twitter:card\" content=\"summary_large_image\" \/>\n<meta name=\"twitter:label1\" content=\"\u00c9crit par\" \/>\n\t<meta name=\"twitter:data1\" content=\"Jean Pierre BAWELA\" \/>\n\t<meta name=\"twitter:label2\" content=\"Dur\u00e9e de lecture estim\u00e9e\" \/>\n\t<meta name=\"twitter:data2\" content=\"3 minutes\" \/>\n<script type=\"application\/ld+json\" class=\"yoast-schema-graph\">{\"@context\":\"https:\\\/\\\/schema.org\",\"@graph\":[{\"@type\":\"Article\",\"@id\":\"https:\\\/\\\/macite.tg\\\/?p=33552#article\",\"isPartOf\":{\"@id\":\"https:\\\/\\\/macite.tg\\\/?p=33552\"},\"author\":{\"name\":\"Jean Pierre BAWELA\",\"@id\":\"https:\\\/\\\/macite.tg\\\/#\\\/schema\\\/person\\\/e9f2de7e5dbbe7770a9402c7ce82f5c2\"},\"headline\":\"FOURNITURE DE L\u2019\u00c9LECTRICITE : La CEET annonce des perturbations jusqu\u2019au 21 septembre 2026\",\"datePublished\":\"2026-08-31T14:08:33+00:00\",\"dateModified\":\"2026-08-31T14:08:39+00:00\",\"mainEntityOfPage\":{\"@id\":\"https:\\\/\\\/macite.tg\\\/?p=33552\"},\"wordCount\":356,\"commentCount\":0,\"image\":{\"@id\":\"https:\\\/\\\/macite.tg\\\/?p=33552#primaryimage\"},\"thumbnailUrl\":\"https:\\\/\\\/macite.tg\\\/wp-content\\\/uploads\\\/2026\\\/08\\\/image-57.png\",\"articleSection\":[\"ACTUALITE\",\"ENERGIE\"],\"inLanguage\":\"fr-FR\",\"potentialAction\":[{\"@type\":\"CommentAction\",\"name\":\"Comment\",\"target\":[\"https:\\\/\\\/macite.tg\\\/?p=33552#respond\"]}]},{\"@type\":\"WebPage\",\"@id\":\"https:\\\/\\\/macite.tg\\\/?p=33552\",\"url\":\"https:\\\/\\\/macite.tg\\\/?p=33552\",\"name\":\"FOURNITURE DE L\u2019\u00c9LECTRICITE : La CEET annonce des perturbations jusqu\u2019au 21 septembre 2026 -\",\"isPartOf\":{\"@id\":\"https:\\\/\\\/macite.tg\\\/#website\"},\"primaryImageOfPage\":{\"@id\":\"https:\\\/\\\/macite.tg\\\/?p=33552#primaryimage\"},\"image\":{\"@id\":\"https:\\\/\\\/macite.tg\\\/?p=33552#primaryimage\"},\"thumbnailUrl\":\"https:\\\/\\\/macite.tg\\\/wp-content\\\/uploads\\\/2026\\\/08\\\/image-57.png\",\"datePublished\":\"2026-08-31T14:08:33+00:00\",\"dateModified\":\"2026-08-31T14:08:39+00:00\",\"author\":{\"@id\":\"https:\\\/\\\/macite.tg\\\/#\\\/schema\\\/person\\\/e9f2de7e5dbbe7770a9402c7ce82f5c2\"},\"breadcrumb\":{\"@id\":\"https:\\\/\\\/macite.tg\\\/?p=33552#breadcrumb\"},\"inLanguage\":\"fr-FR\",\"potentialAction\":[{\"@type\":\"ReadAction\",\"target\":[\"https:\\\/\\\/macite.tg\\\/?p=33552\"]}]},{\"@type\":\"ImageObject\",\"inLanguage\":\"fr-FR\",\"@id\":\"https:\\\/\\\/macite.tg\\\/?p=33552#primaryimage\",\"url\":\"https:\\\/\\\/macite.tg\\\/wp-content\\\/uploads\\\/2026\\\/08\\\/image-57.png\",\"contentUrl\":\"https:\\\/\\\/macite.tg\\\/wp-content\\\/uploads\\\/2026\\\/08\\\/image-57.png\",\"width\":500,\"height\":333},{\"@type\":\"BreadcrumbList\",\"@id\":\"https:\\\/\\\/macite.tg\\\/?p=33552#breadcrumb\",\"itemListElement\":[{\"@type\":\"ListItem\",\"position\":1,\"name\":\"Accueil\",\"item\":\"https:\\\/\\\/macite.tg\\\/\"},{\"@type\":\"ListItem\",\"position\":2,\"name\":\"FOURNITURE DE L\u2019\u00c9LECTRICITE : La CEET annonce des perturbations jusqu\u2019au 21 septembre 2026\"}]},{\"@type\":\"WebSite\",\"@id\":\"https:\\\/\\\/macite.tg\\\/#website\",\"url\":\"https:\\\/\\\/macite.tg\\\/\",\"name\":\"\",\"description\":\"L&#039;information, la bonne!!!\",\"potentialAction\":[{\"@type\":\"SearchAction\",\"target\":{\"@type\":\"EntryPoint\",\"urlTemplate\":\"https:\\\/\\\/macite.tg\\\/?s={search_term_string}\"},\"query-input\":{\"@type\":\"PropertyValueSpecification\",\"valueRequired\":true,\"valueName\":\"search_term_string\"}}],\"inLanguage\":\"fr-FR\"},{\"@type\":\"Person\",\"@id\":\"https:\\\/\\\/macite.tg\\\/#\\\/schema\\\/person\\\/e9f2de7e5dbbe7770a9402c7ce82f5c2\",\"name\":\"Jean Pierre BAWELA\",\"image\":{\"@type\":\"ImageObject\",\"inLanguage\":\"fr-FR\",\"@id\":\"https:\\\/\\\/macite.tg\\\/wp-content\\\/uploads\\\/2023\\\/09\\\/WhatsApp-Image-2023-09-19-at-14.44.41-122x122.jpeg\",\"url\":\"https:\\\/\\\/macite.tg\\\/wp-content\\\/uploads\\\/2023\\\/09\\\/WhatsApp-Image-2023-09-19-at-14.44.41-122x122.jpeg\",\"contentUrl\":\"https:\\\/\\\/macite.tg\\\/wp-content\\\/uploads\\\/2023\\\/09\\\/WhatsApp-Image-2023-09-19-at-14.44.41-122x122.jpeg\",\"caption\":\"Jean Pierre BAWELA\"},\"url\":\"https:\\\/\\\/macite.tg\\\/?author=2\"}]}<\/script>\n<!-- \/ Yoast SEO plugin. -->","yoast_head_json":{"title":"FOURNITURE DE L\u2019\u00c9LECTRICITE : La CEET annonce des perturbations jusqu\u2019au 21 septembre 2026 -","robots":{"index":"index","follow":"follow","max-snippet":"max-snippet:-1","max-image-preview":"max-image-preview:large","max-video-preview":"max-video-preview:-1"},"canonical":"https:\/\/macite.tg\/?p=33552","og_locale":"fr_FR","og_type":"article","og_title":"FOURNITURE DE L\u2019\u00c9LECTRICITE : La CEET annonce des perturbations jusqu\u2019au 21 septembre 2026 -","og_description":"Des interruptions ponctuelles de la fourniture d\u2019\u00e9lectricit\u00e9 risquent de toucher plusieurs quartiers et localit\u00e9s du pays, jusqu\u2019au 21 septembre prochain. L\u2019annonce a \u00e9t\u00e9 faite par la Compagnie \u00c9nergie \u00c9lectrique du Togo (CEET) via un communiqu\u00e9 en date du 27 ao\u00fbt 2026. En raison de travaux [&hellip;]","og_url":"https:\/\/macite.tg\/?p=33552","article_published_time":"2026-08-31T14:08:33+00:00","article_modified_time":"2026-08-31T14:08:39+00:00","og_image":[{"width":500,"height":333,"url":"https:\/\/macite.tg\/wp-content\/uploads\/2026\/08\/image-57.png","type":"image\/png"}],"author":"Jean Pierre BAWELA","twitter_card":"summary_large_image","twitter_misc":{"\u00c9crit par":"Jean Pierre BAWELA","Dur\u00e9e de lecture estim\u00e9e":"3 minutes"},"schema":{"@context":"https:\/\/schema.org","@graph":[{"@type":"Article","@id":"https:\/\/macite.tg\/?p=33552#article","isPartOf":{"@id":"https:\/\/macite.tg\/?p=33552"},"author":{"name":"Jean Pierre BAWELA","@id":"https:\/\/macite.tg\/#\/schema\/person\/e9f2de7e5dbbe7770a9402c7ce82f5c2"},"headline":"FOURNITURE DE L\u2019\u00c9LECTRICITE : La CEET annonce des perturbations jusqu\u2019au 21 septembre 2026","datePublished":"2026-08-31T14:08:33+00:00","dateModified":"2026-08-31T14:08:39+00:00","mainEntityOfPage":{"@id":"https:\/\/macite.tg\/?p=33552"},"wordCount":356,"commentCount":0,"image":{"@id":"https:\/\/macite.tg\/?p=33552#primaryimage"},"thumbnailUrl":"https:\/\/macite.tg\/wp-content\/uploads\/2026\/08\/image-57.png","articleSection":["ACTUALITE","ENERGIE"],"inLanguage":"fr-FR","potentialAction":[{"@type":"CommentAction","name":"Comment","target":["https:\/\/macite.tg\/?p=33552#respond"]}]},{"@type":"WebPage","@id":"https:\/\/macite.tg\/?p=33552","url":"https:\/\/macite.tg\/?p=33552","name":"FOURNITURE DE L\u2019\u00c9LECTRICITE : La CEET annonce des perturbations jusqu\u2019au 21 septembre 2026 -","isPartOf":{"@id":"https:\/\/macite.tg\/#website"},"primaryImageOfPage":{"@id":"https:\/\/macite.tg\/?p=33552#primaryimage"},"image":{"@id":"https:\/\/macite.tg\/?p=33552#primaryimage"},"thumbnailUrl":"https:\/\/macite.tg\/wp-content\/uploads\/2026\/08\/image-57.png","datePublished":"2026-08-31T14:08:33+00:00","dateModified":"2026-08-31T14:08:39+00:00","author":{"@id":"https:\/\/macite.tg\/#\/schema\/person\/e9f2de7e5dbbe7770a9402c7ce82f5c2"},"breadcrumb":{"@id":"https:\/\/macite.tg\/?p=33552#breadcrumb"},"inLanguage":"fr-FR","potentialAction":[{"@type":"ReadAction","target":["https:\/\/macite.tg\/?p=33552"]}]},{"@type":"ImageObject","inLanguage":"fr-FR","@id":"https:\/\/macite.tg\/?p=33552#primaryimage","url":"https:\/\/macite.tg\/wp-content\/uploads\/2026\/08\/image-57.png","contentUrl":"https:\/\/macite.tg\/wp-content\/uploads\/2026\/08\/image-57.png","width":500,"height":333},{"@type":"BreadcrumbList","@id":"https:\/\/macite.tg\/?p=33552#breadcrumb","itemListElement":[{"@type":"ListItem","position":1,"name":"Accueil","item":"https:\/\/macite.tg\/"},{"@type":"ListItem","position":2,"name":"FOURNITURE DE L\u2019\u00c9LECTRICITE : La CEET annonce des perturbations jusqu\u2019au 21 septembre 2026"}]},{"@type":"WebSite","@id":"https:\/\/macite.tg\/#website","url":"https:\/\/macite.tg\/","name":"","description":"L&#039;information, la bonne!!!","potentialAction":[{"@type":"SearchAction","target":{"@type":"EntryPoint","urlTemplate":"https:\/\/macite.tg\/?s={search_term_string}"},"query-input":{"@type":"PropertyValueSpecification","valueRequired":true,"valueName":"search_term_string"}}],"inLanguage":"fr-FR"},{"@type":"Person","@id":"https:\/\/macite.tg\/#\/schema\/person\/e9f2de7e5dbbe7770a9402c7ce82f5c2","name":"Jean Pierre BAWELA","image":{"@type":"ImageObject","inLanguage":"fr-FR","@id":"https:\/\/macite.tg\/wp-content\/uploads\/2023\/09\/WhatsApp-Image-2023-09-19-at-14.44.41-122x122.jpeg","url":"https:\/\/macite.tg\/wp-content\/uploads\/2023\/09\/WhatsApp-Image-2023-09-19-at-14.44.41-122x122.jpeg","contentUrl":"https:\/\/macite.tg\/wp-content\/uploads\/2023\/09\/WhatsApp-Image-2023-09-19-at-14.44.41-122x122.jpeg","caption":"Jean Pierre BAWELA"},"url":"https:\/\/macite.tg\/?author=2"}]}},"_links":{"self":[{"href":"https:\/\/macite.tg\/index.php?rest_route=\/wp\/v2\/posts\/33552","targetHints":{"allow":["GET"]}}],"collection":[{"href":"https:\/\/macite.tg\/index.php?rest_route=\/wp\/v2\/posts"}],"about":[{"href":"https:\/\/macite.tg\/index.php?rest_route=\/wp\/v2\/types\/post"}],"author":[{"embeddable":true,"href":"https:\/\/macite.tg\/index.php?rest_route=\/wp\/v2\/users\/2"}],"replies":[{"embeddable":true,"href":"https:\/\/macite.tg\/index.php?rest_route=%2Fwp%2Fv2%2Fcomments&post=33552"}],"version-history":[{"count":1,"href":"https:\/\/macite.tg\/index.php?rest_route=\/wp\/v2\/posts\/33552\/revisions"}],"predecessor-version":[{"id":33557,"href":"https:\/\/macite.tg\/index.php?rest_route=\/wp\/v2\/posts\/33552\/revisions\/33557"}],"wp:featuredmedia":[{"embeddable":true,"href":"https:\/\/macite.tg\/index.php?rest_route=\/wp\/v2\/media\/33556"}],"wp:attachment":[{"href":"https:\/\/macite.tg\/index.php?rest_route=%2Fwp%2Fv2%2Fmedia&parent=33552"}],"wp:term":[{"taxonomy":"category","embeddable":true,"href":"https:\/\/macite.tg\/index.php?rest_route=%2Fwp%2Fv2%2Fcategories&post=33552"},{"taxonomy":"post_tag","embeddable":true,"href":"https:\/\/macite.tg\/index.php?rest_route=%2Fwp%2Fv2%2Ftags&post=33552"}],"curies":[{"name":"wp","href":"https:\/\/api.w.org\/{rel}","templated":true}]}}