{"id":33547,"date":"2026-08-31T11:07:11","date_gmt":"2026-08-31T11:07:11","guid":{"rendered":"https:\/\/macite.tg\/?p=33547"},"modified":"2026-08-31T11:08:14","modified_gmt":"2026-08-31T11:08:14","slug":"sommet-de-locs-2026-faure-gnassingbe-represente-le-togo-et-lafrique-a-bichkek","status":"publish","type":"post","link":"https:\/\/macite.tg\/?p=33547","title":{"rendered":"SOMMET DE L\u2019OCS 2026 : Faure Gnassingb\u00e9 repr\u00e9sente le Togo et l\u2019Afrique \u00e0 Bichkek"},"content":{"rendered":"\n<p class=\"wp-block-paragraph\"><strong><em>Le Pr\u00e9sident du Conseil, Faure Essozimna Gnassingb\u00e9, participe, d\u00e8s ce 31 ao\u00fbt 2026, au 26\u00e8me sommet de l&rsquo;OCS \u00e0 Bichkek. Plac\u00e9 sous le th\u00e8me \u00ab 25 ans de l\u2019OCS : ensemble pour une paix durable, le d\u00e9veloppement et la prosp\u00e9rit\u00e9 \u00bb, ce rendez-vous de haut niveau, rassemble les dirigeants d\u2019Eurasie. Faure Essozimna Gnassingb\u00e9 y prend part pour faire entendre la voix du Togo et du continent africain.<\/em><\/strong><\/p>\n\n\n\n<p class=\"wp-block-paragraph\">Aux c\u00f4t\u00e9s de l\u2019\u00c9gypte, le Togo figure parmi les deux seuls pays africains invit\u00e9s \u00e0 cette rencontre de haut niveau, qui entend contribuer aux \u00e9changes sur les grands enjeux de la gouvernance mondiale. Ce positionnement t\u00e9moigne de la reconnaissance internationale accord\u00e9e \u00e0 la diplomatie togolaise et \u00e0 son engagement en faveur du multilat\u00e9ralisme et du Sud Global.<\/p>\n\n\n<div class=\"wp-block-image\">\n<figure class=\"aligncenter is-resized\"><img decoding=\"async\" src=\"https:\/\/scontent.flfw2-1.fna.fbcdn.net\/v\/t39.30808-6\/782489543_1708793701255429_3030521664558427379_n.jpg?stp=dst-jpg_tt6&amp;cstp=mx1018x1274&amp;ctp=s640x640&amp;_nc_cat=102&amp;ccb=1-7&amp;_nc_sid=833d8c&amp;_nc_eui2=AeEb9vdL-Oo_TWx4liUjX16za-BuVXnsZYhr4G5VeexliO0VmERuK6lZHPQQy5g2tGKNXhy4zbe-A1b8GTOGyqpT&amp;_nc_ohc=Zf2GFvcf0ZQQ7kNvwFklivG&amp;_nc_oc=AdrTWHR8hck9fc7y20ri_bYHTc8BkCbiclgcvKWOFEKsnMkGzdFa9DEl3fsm7vyFRI27I0l_IMS-Am9ytJ_rj0gk&amp;_nc_zt=23&amp;_nc_ht=scontent.flfw2-1.fna&amp;_nc_gid=0I0C9RaGThGSLuK95E8Uug&amp;_nc_ss=7b2a8&amp;oh=00_AQLwhfdwKPJQfjlGQ2Ffs9ZJknu5SWEWtlao0M_V46o4jA&amp;oe=6A9B42B1\" alt=\"Peut \u00eatre une image de texte\" style=\"aspect-ratio:0.7984375;width:511px;height:auto\" \/><\/figure>\n<\/div>\n\n\n<p class=\"wp-block-paragraph\">Au menu de ce sommet mondial, plusieurs th\u00e9matiques majeures, portant sur la s\u00e9curit\u00e9 et stabilit\u00e9 via la lutte contre le terrorisme, l&rsquo;extr\u00e9misme violent et la cybercriminalit\u00e9&nbsp;; l\u2019\u00e9conomie et finance \u00e0 travers le d\u00e9veloppement de la connectivit\u00e9, infrastructures et mise en place d&rsquo;une architecture financi\u00e8re ind\u00e9pendante&nbsp;; et les enjeux r\u00e9gionaux via des expos\u00e9 sur la situation s\u00e9curitaire et humanitaire en Afrique de l&rsquo;Ouest par le Togo, en qu\u00eate de solutions durables.<\/p>\n\n\n\n<p class=\"wp-block-paragraph\"><strong>Une diplomatie togolaise tourn\u00e9e vers l&rsquo;Eurasie<\/strong><\/p>\n\n\n\n<p class=\"wp-block-paragraph\">Cette participation du Togo \u00e0 ce rendez-vous eurasien, s&rsquo;inscrit dans la strat\u00e9gie de diversification des alliances du pays de Faure Gnassingb\u00e9, qui entretient d\u00e9j\u00e0 d&rsquo;\u00e9troits partenariats avec des puissances cl\u00e9s comme la Chine, la Russie et l&rsquo;Inde.<\/p>\n\n\n\n<p class=\"wp-block-paragraph\">Elle ouvre \u00e9galement la voie \u00e0 un rapprochement entre l&rsquo;OCS et l&rsquo;Union africaine (UA) autour d&rsquo;int\u00e9r\u00eats \u00e9conomiques et s\u00e9curitaires partag\u00e9s. Une nouvelle dynamique fond\u00e9e sur le dialogue et la promotion des int\u00e9r\u00eats communs entre les pays d\u2019Asie et d\u2019Afrique partageant les valeurs et les id\u00e9aux de l\u2019organisation.<\/p>\n\n\n<div class=\"wp-block-image\">\n<figure class=\"aligncenter size-full is-resized\"><img loading=\"lazy\" decoding=\"async\" width=\"509\" height=\"720\" src=\"https:\/\/macite.tg\/wp-content\/uploads\/2026\/08\/OTR_Payez-la-TVM-simple-et-pratique.jpg\" alt=\"\" class=\"wp-image-33432\" style=\"aspect-ratio:0.7069444444444445;width:509px;height:auto\" srcset=\"https:\/\/macite.tg\/wp-content\/uploads\/2026\/08\/OTR_Payez-la-TVM-simple-et-pratique.jpg 509w, https:\/\/macite.tg\/wp-content\/uploads\/2026\/08\/OTR_Payez-la-TVM-simple-et-pratique-212x300.jpg 212w\" sizes=\"auto, (max-width: 509px) 100vw, 509px\" \/><\/figure>\n<\/div>\n\n\n<p class=\"wp-block-paragraph\">Cr\u00e9\u00e9e en 2001, l\u2019OCS rassemble une dizaine de membres en vue de promouvoir la paix r\u00e9gionale et de b\u00e2tir un ordre international juste, rationnel et \u00e9quilibr\u00e9.<\/p>\n\n\n\n<p class=\"wp-block-paragraph\"><strong>La R\u00e9daction<\/strong><\/p>\n\n\n\n<p class=\"wp-block-paragraph\"><a><strong><em>@macite.tg&nbsp;&nbsp;&nbsp;&nbsp;&nbsp;&nbsp;&nbsp;&nbsp;<\/em><\/strong><\/a><\/p>\n\n\n\n<p class=\"wp-block-paragraph\"><strong><em>E-mail&nbsp;:<\/em><\/strong> <a href=\"mailto:maciteinfo@gmail.com\"><strong><em>maciteinfo@gmail.com<\/em><\/strong><\/a><strong><em>;<\/em><\/strong> <a href=\"mailto:bawela1@gmail.com\"><strong><em>bawela1@gmail.com<\/em><\/strong><\/a><strong><em><\/em><\/strong><\/p>\n\n\n\n<p class=\"wp-block-paragraph\"><strong><em>Pour vos annonces, publi-reportages, etc., joignez-nous au (00228)91515309\/<strong>79872224<\/strong> <strong><\/strong><\/em><\/strong><\/p>\n\n\n\n<p class=\"wp-block-paragraph\"><strong><em>www.macite.tg, L\u2019information, la bonne&nbsp;!<\/em><\/strong><\/p>\n\n\n\n<p class=\"wp-block-paragraph\"><\/p>\n","protected":false},"excerpt":{"rendered":"<p class=\"text-justify mb-2\" >Le Pr\u00e9sident du Conseil, Faure Essozimna Gnassingb\u00e9, participe, d\u00e8s ce 31 ao\u00fbt 2026, au 26\u00e8me sommet de l&rsquo;OCS \u00e0 Bichkek. Plac\u00e9 sous le th\u00e8me \u00ab 25 ans de l\u2019OCS : ensemble pour une paix durable, le d\u00e9veloppement et la prosp\u00e9rit\u00e9 \u00bb, ce rendez-vous de haut [&hellip;]<\/p>\n","protected":false},"author":2,"featured_media":33548,"comment_status":"open","ping_status":"open","sticky":false,"template":"","format":"standard","meta":{"footnotes":""},"categories":[20,8],"tags":[],"class_list":["post-33547","post","type-post","status-publish","format-standard","has-post-thumbnail","hentry","category-actualite","category-diplomatie"],"yoast_head":"<!-- This site is optimized with the Yoast SEO plugin v28.3 - https:\/\/yoast.com\/product\/yoast-seo-wordpress\/ -->\n<title>SOMMET DE L\u2019OCS 2026 : Faure Gnassingb\u00e9 repr\u00e9sente le Togo et l\u2019Afrique \u00e0 Bichkek -<\/title>\n<meta name=\"robots\" content=\"index, follow, max-snippet:-1, max-image-preview:large, max-video-preview:-1\" \/>\n<link rel=\"canonical\" href=\"https:\/\/macite.tg\/?p=33547\" \/>\n<meta property=\"og:locale\" content=\"fr_FR\" \/>\n<meta property=\"og:type\" content=\"article\" \/>\n<meta property=\"og:title\" content=\"SOMMET DE L\u2019OCS 2026 : Faure Gnassingb\u00e9 repr\u00e9sente le Togo et l\u2019Afrique \u00e0 Bichkek -\" \/>\n<meta property=\"og:description\" content=\"Le Pr\u00e9sident du Conseil, Faure Essozimna Gnassingb\u00e9, participe, d\u00e8s ce 31 ao\u00fbt 2026, au 26\u00e8me sommet de l&rsquo;OCS \u00e0 Bichkek. Plac\u00e9 sous le th\u00e8me \u00ab 25 ans de l\u2019OCS : ensemble pour une paix durable, le d\u00e9veloppement et la prosp\u00e9rit\u00e9 \u00bb, ce rendez-vous de haut [&hellip;]\" \/>\n<meta property=\"og:url\" content=\"https:\/\/macite.tg\/?p=33547\" \/>\n<meta property=\"article:published_time\" content=\"2026-08-31T11:07:11+00:00\" \/>\n<meta property=\"article:modified_time\" content=\"2026-08-31T11:08:14+00:00\" \/>\n<meta property=\"og:image\" content=\"https:\/\/macite.tg\/wp-content\/uploads\/2026\/08\/Diplomatie.jpg\" \/>\n\t<meta property=\"og:image:width\" content=\"500\" \/>\n\t<meta property=\"og:image:height\" content=\"334\" \/>\n\t<meta property=\"og:image:type\" content=\"image\/jpeg\" \/>\n<meta name=\"author\" content=\"Jean Pierre BAWELA\" \/>\n<meta name=\"twitter:card\" content=\"summary_large_image\" \/>\n<meta name=\"twitter:label1\" content=\"\u00c9crit par\" \/>\n\t<meta name=\"twitter:data1\" content=\"Jean Pierre BAWELA\" \/>\n\t<meta name=\"twitter:label2\" content=\"Dur\u00e9e de lecture estim\u00e9e\" \/>\n\t<meta name=\"twitter:data2\" content=\"3 minutes\" \/>\n<script type=\"application\/ld+json\" class=\"yoast-schema-graph\">{\"@context\":\"https:\\\/\\\/schema.org\",\"@graph\":[{\"@type\":\"Article\",\"@id\":\"https:\\\/\\\/macite.tg\\\/?p=33547#article\",\"isPartOf\":{\"@id\":\"https:\\\/\\\/macite.tg\\\/?p=33547\"},\"author\":{\"name\":\"Jean Pierre BAWELA\",\"@id\":\"https:\\\/\\\/macite.tg\\\/#\\\/schema\\\/person\\\/e9f2de7e5dbbe7770a9402c7ce82f5c2\"},\"headline\":\"SOMMET DE L\u2019OCS 2026 : Faure Gnassingb\u00e9 repr\u00e9sente le Togo et l\u2019Afrique \u00e0 Bichkek\",\"datePublished\":\"2026-08-31T11:07:11+00:00\",\"dateModified\":\"2026-08-31T11:08:14+00:00\",\"mainEntityOfPage\":{\"@id\":\"https:\\\/\\\/macite.tg\\\/?p=33547\"},\"wordCount\":403,\"commentCount\":0,\"image\":{\"@id\":\"https:\\\/\\\/macite.tg\\\/?p=33547#primaryimage\"},\"thumbnailUrl\":\"https:\\\/\\\/macite.tg\\\/wp-content\\\/uploads\\\/2026\\\/08\\\/Diplomatie.jpg\",\"articleSection\":[\"ACTUALITE\",\"DIPLOMATIE\"],\"inLanguage\":\"fr-FR\",\"potentialAction\":[{\"@type\":\"CommentAction\",\"name\":\"Comment\",\"target\":[\"https:\\\/\\\/macite.tg\\\/?p=33547#respond\"]}]},{\"@type\":\"WebPage\",\"@id\":\"https:\\\/\\\/macite.tg\\\/?p=33547\",\"url\":\"https:\\\/\\\/macite.tg\\\/?p=33547\",\"name\":\"SOMMET DE L\u2019OCS 2026 : Faure Gnassingb\u00e9 repr\u00e9sente le Togo et l\u2019Afrique \u00e0 Bichkek -\",\"isPartOf\":{\"@id\":\"https:\\\/\\\/macite.tg\\\/#website\"},\"primaryImageOfPage\":{\"@id\":\"https:\\\/\\\/macite.tg\\\/?p=33547#primaryimage\"},\"image\":{\"@id\":\"https:\\\/\\\/macite.tg\\\/?p=33547#primaryimage\"},\"thumbnailUrl\":\"https:\\\/\\\/macite.tg\\\/wp-content\\\/uploads\\\/2026\\\/08\\\/Diplomatie.jpg\",\"datePublished\":\"2026-08-31T11:07:11+00:00\",\"dateModified\":\"2026-08-31T11:08:14+00:00\",\"author\":{\"@id\":\"https:\\\/\\\/macite.tg\\\/#\\\/schema\\\/person\\\/e9f2de7e5dbbe7770a9402c7ce82f5c2\"},\"breadcrumb\":{\"@id\":\"https:\\\/\\\/macite.tg\\\/?p=33547#breadcrumb\"},\"inLanguage\":\"fr-FR\",\"potentialAction\":[{\"@type\":\"ReadAction\",\"target\":[\"https:\\\/\\\/macite.tg\\\/?p=33547\"]}]},{\"@type\":\"ImageObject\",\"inLanguage\":\"fr-FR\",\"@id\":\"https:\\\/\\\/macite.tg\\\/?p=33547#primaryimage\",\"url\":\"https:\\\/\\\/macite.tg\\\/wp-content\\\/uploads\\\/2026\\\/08\\\/Diplomatie.jpg\",\"contentUrl\":\"https:\\\/\\\/macite.tg\\\/wp-content\\\/uploads\\\/2026\\\/08\\\/Diplomatie.jpg\",\"width\":500,\"height\":334},{\"@type\":\"BreadcrumbList\",\"@id\":\"https:\\\/\\\/macite.tg\\\/?p=33547#breadcrumb\",\"itemListElement\":[{\"@type\":\"ListItem\",\"position\":1,\"name\":\"Accueil\",\"item\":\"https:\\\/\\\/macite.tg\\\/\"},{\"@type\":\"ListItem\",\"position\":2,\"name\":\"SOMMET DE L\u2019OCS 2026 : Faure Gnassingb\u00e9 repr\u00e9sente le Togo et l\u2019Afrique \u00e0 Bichkek\"}]},{\"@type\":\"WebSite\",\"@id\":\"https:\\\/\\\/macite.tg\\\/#website\",\"url\":\"https:\\\/\\\/macite.tg\\\/\",\"name\":\"\",\"description\":\"L&#039;information, la bonne!!!\",\"potentialAction\":[{\"@type\":\"SearchAction\",\"target\":{\"@type\":\"EntryPoint\",\"urlTemplate\":\"https:\\\/\\\/macite.tg\\\/?s={search_term_string}\"},\"query-input\":{\"@type\":\"PropertyValueSpecification\",\"valueRequired\":true,\"valueName\":\"search_term_string\"}}],\"inLanguage\":\"fr-FR\"},{\"@type\":\"Person\",\"@id\":\"https:\\\/\\\/macite.tg\\\/#\\\/schema\\\/person\\\/e9f2de7e5dbbe7770a9402c7ce82f5c2\",\"name\":\"Jean Pierre BAWELA\",\"image\":{\"@type\":\"ImageObject\",\"inLanguage\":\"fr-FR\",\"@id\":\"https:\\\/\\\/macite.tg\\\/wp-content\\\/uploads\\\/2023\\\/09\\\/WhatsApp-Image-2023-09-19-at-14.44.41-122x122.jpeg\",\"url\":\"https:\\\/\\\/macite.tg\\\/wp-content\\\/uploads\\\/2023\\\/09\\\/WhatsApp-Image-2023-09-19-at-14.44.41-122x122.jpeg\",\"contentUrl\":\"https:\\\/\\\/macite.tg\\\/wp-content\\\/uploads\\\/2023\\\/09\\\/WhatsApp-Image-2023-09-19-at-14.44.41-122x122.jpeg\",\"caption\":\"Jean Pierre BAWELA\"},\"url\":\"https:\\\/\\\/macite.tg\\\/?author=2\"}]}<\/script>\n<!-- \/ Yoast SEO plugin. -->","yoast_head_json":{"title":"SOMMET DE L\u2019OCS 2026 : Faure Gnassingb\u00e9 repr\u00e9sente le Togo et l\u2019Afrique \u00e0 Bichkek -","robots":{"index":"index","follow":"follow","max-snippet":"max-snippet:-1","max-image-preview":"max-image-preview:large","max-video-preview":"max-video-preview:-1"},"canonical":"https:\/\/macite.tg\/?p=33547","og_locale":"fr_FR","og_type":"article","og_title":"SOMMET DE L\u2019OCS 2026 : Faure Gnassingb\u00e9 repr\u00e9sente le Togo et l\u2019Afrique \u00e0 Bichkek -","og_description":"Le Pr\u00e9sident du Conseil, Faure Essozimna Gnassingb\u00e9, participe, d\u00e8s ce 31 ao\u00fbt 2026, au 26\u00e8me sommet de l&rsquo;OCS \u00e0 Bichkek. Plac\u00e9 sous le th\u00e8me \u00ab 25 ans de l\u2019OCS : ensemble pour une paix durable, le d\u00e9veloppement et la prosp\u00e9rit\u00e9 \u00bb, ce rendez-vous de haut [&hellip;]","og_url":"https:\/\/macite.tg\/?p=33547","article_published_time":"2026-08-31T11:07:11+00:00","article_modified_time":"2026-08-31T11:08:14+00:00","og_image":[{"width":500,"height":334,"url":"https:\/\/macite.tg\/wp-content\/uploads\/2026\/08\/Diplomatie.jpg","type":"image\/jpeg"}],"author":"Jean Pierre BAWELA","twitter_card":"summary_large_image","twitter_misc":{"\u00c9crit par":"Jean Pierre BAWELA","Dur\u00e9e de lecture estim\u00e9e":"3 minutes"},"schema":{"@context":"https:\/\/schema.org","@graph":[{"@type":"Article","@id":"https:\/\/macite.tg\/?p=33547#article","isPartOf":{"@id":"https:\/\/macite.tg\/?p=33547"},"author":{"name":"Jean Pierre BAWELA","@id":"https:\/\/macite.tg\/#\/schema\/person\/e9f2de7e5dbbe7770a9402c7ce82f5c2"},"headline":"SOMMET DE L\u2019OCS 2026 : Faure Gnassingb\u00e9 repr\u00e9sente le Togo et l\u2019Afrique \u00e0 Bichkek","datePublished":"2026-08-31T11:07:11+00:00","dateModified":"2026-08-31T11:08:14+00:00","mainEntityOfPage":{"@id":"https:\/\/macite.tg\/?p=33547"},"wordCount":403,"commentCount":0,"image":{"@id":"https:\/\/macite.tg\/?p=33547#primaryimage"},"thumbnailUrl":"https:\/\/macite.tg\/wp-content\/uploads\/2026\/08\/Diplomatie.jpg","articleSection":["ACTUALITE","DIPLOMATIE"],"inLanguage":"fr-FR","potentialAction":[{"@type":"CommentAction","name":"Comment","target":["https:\/\/macite.tg\/?p=33547#respond"]}]},{"@type":"WebPage","@id":"https:\/\/macite.tg\/?p=33547","url":"https:\/\/macite.tg\/?p=33547","name":"SOMMET DE L\u2019OCS 2026 : Faure Gnassingb\u00e9 repr\u00e9sente le Togo et l\u2019Afrique \u00e0 Bichkek -","isPartOf":{"@id":"https:\/\/macite.tg\/#website"},"primaryImageOfPage":{"@id":"https:\/\/macite.tg\/?p=33547#primaryimage"},"image":{"@id":"https:\/\/macite.tg\/?p=33547#primaryimage"},"thumbnailUrl":"https:\/\/macite.tg\/wp-content\/uploads\/2026\/08\/Diplomatie.jpg","datePublished":"2026-08-31T11:07:11+00:00","dateModified":"2026-08-31T11:08:14+00:00","author":{"@id":"https:\/\/macite.tg\/#\/schema\/person\/e9f2de7e5dbbe7770a9402c7ce82f5c2"},"breadcrumb":{"@id":"https:\/\/macite.tg\/?p=33547#breadcrumb"},"inLanguage":"fr-FR","potentialAction":[{"@type":"ReadAction","target":["https:\/\/macite.tg\/?p=33547"]}]},{"@type":"ImageObject","inLanguage":"fr-FR","@id":"https:\/\/macite.tg\/?p=33547#primaryimage","url":"https:\/\/macite.tg\/wp-content\/uploads\/2026\/08\/Diplomatie.jpg","contentUrl":"https:\/\/macite.tg\/wp-content\/uploads\/2026\/08\/Diplomatie.jpg","width":500,"height":334},{"@type":"BreadcrumbList","@id":"https:\/\/macite.tg\/?p=33547#breadcrumb","itemListElement":[{"@type":"ListItem","position":1,"name":"Accueil","item":"https:\/\/macite.tg\/"},{"@type":"ListItem","position":2,"name":"SOMMET DE L\u2019OCS 2026 : Faure Gnassingb\u00e9 repr\u00e9sente le Togo et l\u2019Afrique \u00e0 Bichkek"}]},{"@type":"WebSite","@id":"https:\/\/macite.tg\/#website","url":"https:\/\/macite.tg\/","name":"","description":"L&#039;information, la bonne!!!","potentialAction":[{"@type":"SearchAction","target":{"@type":"EntryPoint","urlTemplate":"https:\/\/macite.tg\/?s={search_term_string}"},"query-input":{"@type":"PropertyValueSpecification","valueRequired":true,"valueName":"search_term_string"}}],"inLanguage":"fr-FR"},{"@type":"Person","@id":"https:\/\/macite.tg\/#\/schema\/person\/e9f2de7e5dbbe7770a9402c7ce82f5c2","name":"Jean Pierre BAWELA","image":{"@type":"ImageObject","inLanguage":"fr-FR","@id":"https:\/\/macite.tg\/wp-content\/uploads\/2023\/09\/WhatsApp-Image-2023-09-19-at-14.44.41-122x122.jpeg","url":"https:\/\/macite.tg\/wp-content\/uploads\/2023\/09\/WhatsApp-Image-2023-09-19-at-14.44.41-122x122.jpeg","contentUrl":"https:\/\/macite.tg\/wp-content\/uploads\/2023\/09\/WhatsApp-Image-2023-09-19-at-14.44.41-122x122.jpeg","caption":"Jean Pierre BAWELA"},"url":"https:\/\/macite.tg\/?author=2"}]}},"_links":{"self":[{"href":"https:\/\/macite.tg\/index.php?rest_route=\/wp\/v2\/posts\/33547","targetHints":{"allow":["GET"]}}],"collection":[{"href":"https:\/\/macite.tg\/index.php?rest_route=\/wp\/v2\/posts"}],"about":[{"href":"https:\/\/macite.tg\/index.php?rest_route=\/wp\/v2\/types\/post"}],"author":[{"embeddable":true,"href":"https:\/\/macite.tg\/index.php?rest_route=\/wp\/v2\/users\/2"}],"replies":[{"embeddable":true,"href":"https:\/\/macite.tg\/index.php?rest_route=%2Fwp%2Fv2%2Fcomments&post=33547"}],"version-history":[{"count":2,"href":"https:\/\/macite.tg\/index.php?rest_route=\/wp\/v2\/posts\/33547\/revisions"}],"predecessor-version":[{"id":33550,"href":"https:\/\/macite.tg\/index.php?rest_route=\/wp\/v2\/posts\/33547\/revisions\/33550"}],"wp:featuredmedia":[{"embeddable":true,"href":"https:\/\/macite.tg\/index.php?rest_route=\/wp\/v2\/media\/33548"}],"wp:attachment":[{"href":"https:\/\/macite.tg\/index.php?rest_route=%2Fwp%2Fv2%2Fmedia&parent=33547"}],"wp:term":[{"taxonomy":"category","embeddable":true,"href":"https:\/\/macite.tg\/index.php?rest_route=%2Fwp%2Fv2%2Fcategories&post=33547"},{"taxonomy":"post_tag","embeddable":true,"href":"https:\/\/macite.tg\/index.php?rest_route=%2Fwp%2Fv2%2Ftags&post=33547"}],"curies":[{"name":"wp","href":"https:\/\/api.w.org\/{rel}","templated":true}]}}