{"id":33538,"date":"2026-08-31T10:19:34","date_gmt":"2026-08-31T10:19:34","guid":{"rendered":"https:\/\/macite.tg\/?p=33538"},"modified":"2026-08-31T10:19:41","modified_gmt":"2026-08-31T10:19:41","slug":"kpalime-selom-klassou-representant-le-president-du-conseil-temoin-de-lordination-du-3e-eveque-de-kpalime-mgr-edmond-yawo-amekuse","status":"publish","type":"post","link":"https:\/\/macite.tg\/?p=33538","title":{"rendered":"KPALIME\u00a0: S\u00e9lom Klassou, repr\u00e9sentant le Pr\u00e9sident du Conseil, t\u00e9moin de l\u2019ordination du 3\u00e8 Ev\u00eaque de Kpalim\u00e9, Mgr Edmond Yawo Amekuse"},"content":{"rendered":"\n<p class=\"wp-block-paragraph\"><strong><em>Le Dioc\u00e8se de Kpalim\u00e9 a v\u00e9cu, le samedi 29 ao\u00fbt 2026, l&rsquo;ordination \u00e9piscopale de Mgr Edmond Yawo Amekuse, nomm\u00e9 troisi\u00e8me Ev\u00eaque du dioc\u00e8se par Sa Saintet\u00e9 le Pape L\u00e9on XIV, le 26 juin dernier. L&rsquo;ordination \u00e9piscopale a \u00e9t\u00e9 conf\u00e9r\u00e9e par Mgr Rub\u00e9n Dar\u00edo Ruiz Mainardi, Nonce apostolique au B\u00e9nin et au Togo, Mgr Beno\u00eet Alowonou, Ev\u00eaque \u00e9m\u00e9rite et Administrateur apostolique du dioc\u00e8se de Kpalim\u00e9 et Mgr Prosper Kontiebo, Archev\u00eaque de Ouagadougou.<\/em><\/strong><\/p>\n\n\n\n<p class=\"wp-block-paragraph\">C\u2019\u00e9tait au cours d&rsquo;une messe c\u00e9l\u00e9br\u00e9e en la paroisse Immacul\u00e9e Conception de Tsihinu en pr\u00e9sence du Pr\u00e9sident de l\u2019Assembl\u00e9e nationale, Professeur Komi Selom Klassou, repr\u00e9sentant le Pr\u00e9sident du Conseil, SEM Faure Essozimna Gnassingb\u00e9, ainsi que des membres du gouvernement, du corps diplomatique et des autorit\u00e9s administratives, militaires et religieuses.<\/p>\n\n\n\n<p class=\"wp-block-paragraph\">La messe s\u2019est d\u00e9roul\u00e9e conform\u00e9ment au rituel complet de l&rsquo;ordination \u00e9piscopale : rites initiaux, liturgie de la Parole, rites d&rsquo;ordination, liturgie eucharistique et rites de la communion.<\/p>\n\n\n\n<p class=\"wp-block-paragraph\">Au cours de la liturgie de la Parole, marqu\u00e9e par la proclamation de l&rsquo;\u00c9vangile selon saint Jean (15, 9-17), dans lequel J\u00e9sus invite ses disciples \u00e0 demeurer dans son amour et \u00e0 s&rsquo;aimer les uns les autres comme lui-m\u00eame les a aim\u00e9s, allant jusqu&rsquo;\u00e0 donner sa vie pour ceux qu&rsquo;il aime. Il les appelle non plus serviteurs, mais amis, et les envoie porter du fruit, un fruit qui demeure. Un texte qui r\u00e9sonne particuli\u00e8rement avec la devise choisie par le nouvel \u00e9v\u00eaque, <em>\u00ab Adiutores gaudii vestri \u00bb, \u00ab Collaborateurs de votre joie \u00bb.<\/em> Le Nonce apostolique, Mgr Rub\u00e9n Dar\u00edo Ruiz Mainardi, a rappel\u00e9 que l&rsquo;\u00c9vangile du jour rappelle pr\u00e9cis\u00e9ment que cette joie promise par le Christ \u00e0 ses amis est appel\u00e9e \u00e0 \u00eatre parfaite.<\/p>\n\n\n<div class=\"wp-block-image\">\n<figure class=\"aligncenter size-large is-resized\"><img loading=\"lazy\" decoding=\"async\" width=\"1024\" height=\"698\" src=\"https:\/\/macite.tg\/wp-content\/uploads\/2026\/08\/b1b06a90-4bb2-4b29-a3f7-71a4a45a3e57-1024x698.jpg\" alt=\"\" class=\"wp-image-33541\" style=\"aspect-ratio:1.4670887457701125;width:601px;height:auto\" srcset=\"https:\/\/macite.tg\/wp-content\/uploads\/2026\/08\/b1b06a90-4bb2-4b29-a3f7-71a4a45a3e57-1024x698.jpg 1024w, https:\/\/macite.tg\/wp-content\/uploads\/2026\/08\/b1b06a90-4bb2-4b29-a3f7-71a4a45a3e57-300x204.jpg 300w, https:\/\/macite.tg\/wp-content\/uploads\/2026\/08\/b1b06a90-4bb2-4b29-a3f7-71a4a45a3e57-768x523.jpg 768w, https:\/\/macite.tg\/wp-content\/uploads\/2026\/08\/b1b06a90-4bb2-4b29-a3f7-71a4a45a3e57-637x434.jpg 637w, https:\/\/macite.tg\/wp-content\/uploads\/2026\/08\/b1b06a90-4bb2-4b29-a3f7-71a4a45a3e57-714x486.jpg 714w, https:\/\/macite.tg\/wp-content\/uploads\/2026\/08\/b1b06a90-4bb2-4b29-a3f7-71a4a45a3e57-587x400.jpg 587w, https:\/\/macite.tg\/wp-content\/uploads\/2026\/08\/b1b06a90-4bb2-4b29-a3f7-71a4a45a3e57-415x283.jpg 415w, https:\/\/macite.tg\/wp-content\/uploads\/2026\/08\/b1b06a90-4bb2-4b29-a3f7-71a4a45a3e57-697x475.jpg 697w, https:\/\/macite.tg\/wp-content\/uploads\/2026\/08\/b1b06a90-4bb2-4b29-a3f7-71a4a45a3e57-110x75.jpg 110w, https:\/\/macite.tg\/wp-content\/uploads\/2026\/08\/b1b06a90-4bb2-4b29-a3f7-71a4a45a3e57-421x287.jpg 421w, https:\/\/macite.tg\/wp-content\/uploads\/2026\/08\/b1b06a90-4bb2-4b29-a3f7-71a4a45a3e57.jpg 1280w\" sizes=\"auto, (max-width: 1024px) 100vw, 1024px\" \/><\/figure>\n<\/div>\n\n\n<p class=\"wp-block-paragraph\"><strong>Le message du nouvel \u00e9v\u00eaque : \u00ab des b\u00e2tisseurs de ponts \u00bb<\/strong><\/p>\n\n\n\n<p class=\"wp-block-paragraph\">\u00c0 l&rsquo;issue de la c\u00e9l\u00e9bration, Mgr Edmond Yawo Amekuse s&rsquo;est adress\u00e9 au peuple de Dieu, en saluant particuli\u00e8rement la pr\u00e9sence de nombreuses personnalit\u00e9s de l&rsquo;\u00c9tat et soulignant la compl\u00e9mentarit\u00e9 entre l&rsquo;\u00c9glise, famille de Dieu et le pouvoir public.<\/p>\n\n\n\n<p class=\"wp-block-paragraph\"><em>\u00ab Je salue avec d\u00e9f\u00e9rence Monsieur le Pr\u00e9sident de l&rsquo;Assembl\u00e9e nationale. Portez mes salutations et remerciements au Pr\u00e9sident de la R\u00e9publique et au Pr\u00e9sident du Conseil. Merci pour leur pr\u00e9sence discr\u00e8te. Votre pr\u00e9sence nous honore et rappelle que l&rsquo;\u00c9glise et l&rsquo;\u00c9tat, chacun dans son domaine, peuvent marcher ensemble au service du m\u00eame peuple.<\/em><\/p>\n\n\n\n<p class=\"wp-block-paragraph\"><em>Ensemble, nous sommes appel\u00e9s \u00e0 rechercher la paix, la justice, la v\u00e9rit\u00e9 et la concorde nationale. Notre pays a besoin de b\u00e2tisseurs de ponts plus que de constructeurs de murs, de serviteurs du bien commun plut\u00f4t que de d\u00e9fenseurs d&rsquo;int\u00e9r\u00eats particuliers, d&rsquo;hommes et de femmes qui fassent grandir la confiance plut\u00f4t que la peur.<\/em><\/p>\n\n\n\n<p class=\"wp-block-paragraph\"><em>L&rsquo;\u00c9glise, humblement, veut prendre sa part dans cette \u0153uvre commune : \u00eatre une \u00e9cole de conscience et de responsabilit\u00e9, une maison o\u00f9 l&rsquo;on apprend \u00e0 b\u00e2tir la coh\u00e9sion sociale \u00bb,<\/em> a indiqu\u00e9 Mgr Edmond Yawo Amekuse, Nouvel Ev\u00eaque de Kpalim\u00e9<\/p>\n\n\n<div class=\"wp-block-image\">\n<figure class=\"aligncenter size-large is-resized\"><img loading=\"lazy\" decoding=\"async\" width=\"1024\" height=\"830\" src=\"https:\/\/macite.tg\/wp-content\/uploads\/2026\/08\/d6ab22eb-9337-4833-a699-18645a960204-1024x830.jpg\" alt=\"\" class=\"wp-image-33542\" style=\"aspect-ratio:1.2337632533161977;width:596px;height:auto\" srcset=\"https:\/\/macite.tg\/wp-content\/uploads\/2026\/08\/d6ab22eb-9337-4833-a699-18645a960204-1024x830.jpg 1024w, https:\/\/macite.tg\/wp-content\/uploads\/2026\/08\/d6ab22eb-9337-4833-a699-18645a960204-767x622.jpg 767w, https:\/\/macite.tg\/wp-content\/uploads\/2026\/08\/d6ab22eb-9337-4833-a699-18645a960204-535x434.jpg 535w, https:\/\/macite.tg\/wp-content\/uploads\/2026\/08\/d6ab22eb-9337-4833-a699-18645a960204-300x243.jpg 300w, https:\/\/macite.tg\/wp-content\/uploads\/2026\/08\/d6ab22eb-9337-4833-a699-18645a960204-585x474.jpg 585w, https:\/\/macite.tg\/wp-content\/uploads\/2026\/08\/d6ab22eb-9337-4833-a699-18645a960204-600x487.jpg 600w, https:\/\/macite.tg\/wp-content\/uploads\/2026\/08\/d6ab22eb-9337-4833-a699-18645a960204-493x400.jpg 493w, https:\/\/macite.tg\/wp-content\/uploads\/2026\/08\/d6ab22eb-9337-4833-a699-18645a960204-92x74.jpg 92w, https:\/\/macite.tg\/wp-content\/uploads\/2026\/08\/d6ab22eb-9337-4833-a699-18645a960204-353x286.jpg 353w, https:\/\/macite.tg\/wp-content\/uploads\/2026\/08\/d6ab22eb-9337-4833-a699-18645a960204-348x282.jpg 348w, https:\/\/macite.tg\/wp-content\/uploads\/2026\/08\/d6ab22eb-9337-4833-a699-18645a960204-653x530.jpg 653w, https:\/\/macite.tg\/wp-content\/uploads\/2026\/08\/d6ab22eb-9337-4833-a699-18645a960204.jpg 1280w\" sizes=\"auto, (max-width: 1024px) 100vw, 1024px\" \/><\/figure>\n<\/div>\n\n\n<p class=\"wp-block-paragraph\"><strong>Un parcours entre pastorale, formation romaine et enseignement sup\u00e9rieur<\/strong><\/p>\n\n\n\n<p class=\"wp-block-paragraph\">N\u00e9 le 16 novembre 1967 \u00e0 Agou-Akoumahou, Mgr Amekuse a \u00e9t\u00e9 ordonn\u00e9 pr\u00eatre le 28 d\u00e9cembre 1996 en la Cath\u00e9drale Saint-Esprit de Kpalim\u00e9, par Mgr Pierre Koffi Seshie, premier Ev\u00eaque du dioc\u00e8se. Son parcours conjugue minist\u00e8re paroissial, sp\u00e9cialisation \u00e0 Rome, une licence en dialogue interreligieux obtenue en 2004, puis un doctorat en liturgie en 2008 \u00e0 l&rsquo;Institut Sant&rsquo;Anselmo. Il assumait des responsabilit\u00e9s universitaires, notamment au sein de l&rsquo;Universit\u00e9 Catholique de l&rsquo;Afrique de l&rsquo;Ouest (UCAO), o\u00f9 il achevait un mandat de Secr\u00e9taire g\u00e9n\u00e9ral \u00e0 Ouagadougou au moment de sa nomination \u00e9piscopale.<\/p>\n\n\n\n<p class=\"wp-block-paragraph\">Avec la devise <em>\u00ab Adiutores gaudii vestri \u00bb \u00ab Collaborateurs de votre joie \u00bb,<\/em> Mgr Edmond Yawo Amekuse entend inscrire son \u00e9piscopat dans le service, l&rsquo;\u00e9coute, la communion et la synodalit\u00e9, dans la continuit\u00e9 de la devise du premier \u00e9v\u00eaque de Kpalim\u00e9, \u00ab Non ministrari sed ministrare \u00bb.<\/p>\n\n\n\n<p class=\"wp-block-paragraph\"><strong>Une nouvelle \u00e9tape pour le Dioc\u00e8se de Kpalim\u00e9<\/strong><\/p>\n\n\n\n<p class=\"wp-block-paragraph\">\u00c9rig\u00e9 le 1er juillet 1994 par d\u00e9tachement de l&rsquo;Archidioc\u00e8se de Lom\u00e9, le Dioc\u00e8se de Kpalim\u00e9 a \u00e9t\u00e9 conduit successivement par Mgr Pierre Koffi Seshie entre 1994 et 2000, puis par Mgr Beno\u00eet Alowonou de 2001 \u00e0 2026. Il compte aujourd&rsquo;hui 75 paroisses et environ 301.500 fid\u00e8les. Avec l&rsquo;ordination de Mgr Edmond Yawo Amekuse, une nouvelle \u00e9tape s&rsquo;ouvre dans la continuit\u00e9 de cette histoire eccl\u00e9siale.<\/p>\n\n\n<div class=\"wp-block-image\">\n<figure class=\"aligncenter size-large is-resized\"><img loading=\"lazy\" decoding=\"async\" width=\"1024\" height=\"738\" src=\"https:\/\/macite.tg\/wp-content\/uploads\/2026\/08\/a559e6e2-913a-44d2-9e74-201ba5a04ca6-1024x738.jpg\" alt=\"\" class=\"wp-image-33543\" style=\"aspect-ratio:1.3875696882097872;width:629px;height:auto\" srcset=\"https:\/\/macite.tg\/wp-content\/uploads\/2026\/08\/a559e6e2-913a-44d2-9e74-201ba5a04ca6-1024x738.jpg 1024w, https:\/\/macite.tg\/wp-content\/uploads\/2026\/08\/a559e6e2-913a-44d2-9e74-201ba5a04ca6-300x216.jpg 300w, https:\/\/macite.tg\/wp-content\/uploads\/2026\/08\/a559e6e2-913a-44d2-9e74-201ba5a04ca6-767x553.jpg 767w, https:\/\/macite.tg\/wp-content\/uploads\/2026\/08\/a559e6e2-913a-44d2-9e74-201ba5a04ca6-554x399.jpg 554w, https:\/\/macite.tg\/wp-content\/uploads\/2026\/08\/a559e6e2-913a-44d2-9e74-201ba5a04ca6-675x487.jpg 675w, https:\/\/macite.tg\/wp-content\/uploads\/2026\/08\/a559e6e2-913a-44d2-9e74-201ba5a04ca6-601x433.jpg 601w, https:\/\/macite.tg\/wp-content\/uploads\/2026\/08\/a559e6e2-913a-44d2-9e74-201ba5a04ca6-658x474.jpg 658w, https:\/\/macite.tg\/wp-content\/uploads\/2026\/08\/a559e6e2-913a-44d2-9e74-201ba5a04ca6-392x283.jpg 392w, https:\/\/macite.tg\/wp-content\/uploads\/2026\/08\/a559e6e2-913a-44d2-9e74-201ba5a04ca6-104x75.jpg 104w, https:\/\/macite.tg\/wp-content\/uploads\/2026\/08\/a559e6e2-913a-44d2-9e74-201ba5a04ca6-398x287.jpg 398w, https:\/\/macite.tg\/wp-content\/uploads\/2026\/08\/a559e6e2-913a-44d2-9e74-201ba5a04ca6.jpg 1280w\" sizes=\"auto, (max-width: 1024px) 100vw, 1024px\" \/><\/figure>\n<\/div>\n\n\n<p class=\"wp-block-paragraph\">Le nouvel \u00e9v\u00eaque entrera officiellement dans l&rsquo;exercice de sa charge pastorale ce dimanche 30 ao\u00fbt 2026, lors d&rsquo;une messe de prise de possession canonique en la Cath\u00e9drale Saint-Esprit de Kpalim\u00e9.<\/p>\n\n\n\n<p class=\"wp-block-paragraph\"><strong>(Cellule Comm AN)<\/strong><\/p>\n\n\n\n<p class=\"wp-block-paragraph\"><a><strong><em>@macite.tg&nbsp;&nbsp;&nbsp;&nbsp;&nbsp;&nbsp;&nbsp;&nbsp;<\/em><\/strong><\/a><\/p>\n\n\n\n<p class=\"wp-block-paragraph\"><strong><em>E-mail&nbsp;:<\/em><\/strong> <a href=\"mailto:maciteinfo@gmail.com\"><strong><em>maciteinfo@gmail.com<\/em><\/strong><\/a><strong><em>;<\/em><\/strong> <a href=\"mailto:bawela1@gmail.com\"><strong><em>bawela1@gmail.com<\/em><\/strong><\/a><strong><em><\/em><\/strong><\/p>\n\n\n\n<p class=\"wp-block-paragraph\"><strong><em>Pour vos annonces, publi-reportages, etc., joignez-nous au (00228)91515309\/<strong>79872224<\/strong> <strong><\/strong><\/em><\/strong><\/p>\n\n\n\n<p class=\"wp-block-paragraph\"><strong><em>www.macite.tg, L\u2019information, la bonne&nbsp;!<\/em><\/strong><\/p>\n\n\n\n<p class=\"wp-block-paragraph\"><\/p>\n","protected":false},"excerpt":{"rendered":"<p class=\"text-justify mb-2\" >Le Dioc\u00e8se de Kpalim\u00e9 a v\u00e9cu, le samedi 29 ao\u00fbt 2026, l&rsquo;ordination \u00e9piscopale de Mgr Edmond Yawo Amekuse, nomm\u00e9 troisi\u00e8me Ev\u00eaque du dioc\u00e8se par Sa Saintet\u00e9 le Pape L\u00e9on XIV, le 26 juin dernier. L&rsquo;ordination \u00e9piscopale a \u00e9t\u00e9 conf\u00e9r\u00e9e par Mgr Rub\u00e9n Dar\u00edo Ruiz Mainardi, [&hellip;]<\/p>\n","protected":false},"author":2,"featured_media":33540,"comment_status":"open","ping_status":"open","sticky":false,"template":"","format":"standard","meta":{"footnotes":""},"categories":[20,40],"tags":[],"class_list":["post-33538","post","type-post","status-publish","format-standard","has-post-thumbnail","hentry","category-actualite","category-religion"],"yoast_head":"<!-- This site is optimized with the Yoast SEO plugin v28.3 - https:\/\/yoast.com\/product\/yoast-seo-wordpress\/ -->\n<title>KPALIME\u00a0: S\u00e9lom Klassou, repr\u00e9sentant le Pr\u00e9sident du Conseil, t\u00e9moin de l\u2019ordination du 3\u00e8 Ev\u00eaque de Kpalim\u00e9, Mgr Edmond Yawo Amekuse -<\/title>\n<meta name=\"robots\" content=\"index, follow, max-snippet:-1, max-image-preview:large, max-video-preview:-1\" \/>\n<link rel=\"canonical\" href=\"https:\/\/macite.tg\/?p=33538\" \/>\n<meta property=\"og:locale\" content=\"fr_FR\" \/>\n<meta property=\"og:type\" content=\"article\" \/>\n<meta property=\"og:title\" content=\"KPALIME\u00a0: S\u00e9lom Klassou, repr\u00e9sentant le Pr\u00e9sident du Conseil, t\u00e9moin de l\u2019ordination du 3\u00e8 Ev\u00eaque de Kpalim\u00e9, Mgr Edmond Yawo Amekuse -\" \/>\n<meta property=\"og:description\" content=\"Le Dioc\u00e8se de Kpalim\u00e9 a v\u00e9cu, le samedi 29 ao\u00fbt 2026, l&rsquo;ordination \u00e9piscopale de Mgr Edmond Yawo Amekuse, nomm\u00e9 troisi\u00e8me Ev\u00eaque du dioc\u00e8se par Sa Saintet\u00e9 le Pape L\u00e9on XIV, le 26 juin dernier. L&rsquo;ordination \u00e9piscopale a \u00e9t\u00e9 conf\u00e9r\u00e9e par Mgr Rub\u00e9n Dar\u00edo Ruiz Mainardi, [&hellip;]\" \/>\n<meta property=\"og:url\" content=\"https:\/\/macite.tg\/?p=33538\" \/>\n<meta property=\"article:published_time\" content=\"2026-08-31T10:19:34+00:00\" \/>\n<meta property=\"article:modified_time\" content=\"2026-08-31T10:19:41+00:00\" \/>\n<meta property=\"og:image\" content=\"https:\/\/macite.tg\/wp-content\/uploads\/2026\/08\/Ordination-Eveque-de-Kpalime.jpg\" \/>\n\t<meta property=\"og:image:width\" content=\"500\" \/>\n\t<meta property=\"og:image:height\" content=\"263\" \/>\n\t<meta property=\"og:image:type\" content=\"image\/jpeg\" \/>\n<meta name=\"author\" content=\"Jean Pierre BAWELA\" \/>\n<meta name=\"twitter:card\" content=\"summary_large_image\" \/>\n<meta name=\"twitter:label1\" content=\"\u00c9crit par\" \/>\n\t<meta name=\"twitter:data1\" content=\"Jean Pierre BAWELA\" \/>\n\t<meta name=\"twitter:label2\" content=\"Dur\u00e9e de lecture estim\u00e9e\" \/>\n\t<meta name=\"twitter:data2\" content=\"5 minutes\" \/>\n<script type=\"application\/ld+json\" class=\"yoast-schema-graph\">{\"@context\":\"https:\\\/\\\/schema.org\",\"@graph\":[{\"@type\":\"Article\",\"@id\":\"https:\\\/\\\/macite.tg\\\/?p=33538#article\",\"isPartOf\":{\"@id\":\"https:\\\/\\\/macite.tg\\\/?p=33538\"},\"author\":{\"name\":\"Jean Pierre BAWELA\",\"@id\":\"https:\\\/\\\/macite.tg\\\/#\\\/schema\\\/person\\\/e9f2de7e5dbbe7770a9402c7ce82f5c2\"},\"headline\":\"KPALIME\u00a0: S\u00e9lom Klassou, repr\u00e9sentant le Pr\u00e9sident du Conseil, t\u00e9moin de l\u2019ordination du 3\u00e8 Ev\u00eaque de Kpalim\u00e9, Mgr Edmond Yawo Amekuse\",\"datePublished\":\"2026-08-31T10:19:34+00:00\",\"dateModified\":\"2026-08-31T10:19:41+00:00\",\"mainEntityOfPage\":{\"@id\":\"https:\\\/\\\/macite.tg\\\/?p=33538\"},\"wordCount\":860,\"commentCount\":0,\"image\":{\"@id\":\"https:\\\/\\\/macite.tg\\\/?p=33538#primaryimage\"},\"thumbnailUrl\":\"https:\\\/\\\/macite.tg\\\/wp-content\\\/uploads\\\/2026\\\/08\\\/Ordination-Eveque-de-Kpalime.jpg\",\"articleSection\":[\"ACTUALITE\",\"RELIGION\"],\"inLanguage\":\"fr-FR\",\"potentialAction\":[{\"@type\":\"CommentAction\",\"name\":\"Comment\",\"target\":[\"https:\\\/\\\/macite.tg\\\/?p=33538#respond\"]}]},{\"@type\":\"WebPage\",\"@id\":\"https:\\\/\\\/macite.tg\\\/?p=33538\",\"url\":\"https:\\\/\\\/macite.tg\\\/?p=33538\",\"name\":\"KPALIME\u00a0: S\u00e9lom Klassou, repr\u00e9sentant le Pr\u00e9sident du Conseil, t\u00e9moin de l\u2019ordination du 3\u00e8 Ev\u00eaque de Kpalim\u00e9, Mgr Edmond Yawo Amekuse -\",\"isPartOf\":{\"@id\":\"https:\\\/\\\/macite.tg\\\/#website\"},\"primaryImageOfPage\":{\"@id\":\"https:\\\/\\\/macite.tg\\\/?p=33538#primaryimage\"},\"image\":{\"@id\":\"https:\\\/\\\/macite.tg\\\/?p=33538#primaryimage\"},\"thumbnailUrl\":\"https:\\\/\\\/macite.tg\\\/wp-content\\\/uploads\\\/2026\\\/08\\\/Ordination-Eveque-de-Kpalime.jpg\",\"datePublished\":\"2026-08-31T10:19:34+00:00\",\"dateModified\":\"2026-08-31T10:19:41+00:00\",\"author\":{\"@id\":\"https:\\\/\\\/macite.tg\\\/#\\\/schema\\\/person\\\/e9f2de7e5dbbe7770a9402c7ce82f5c2\"},\"breadcrumb\":{\"@id\":\"https:\\\/\\\/macite.tg\\\/?p=33538#breadcrumb\"},\"inLanguage\":\"fr-FR\",\"potentialAction\":[{\"@type\":\"ReadAction\",\"target\":[\"https:\\\/\\\/macite.tg\\\/?p=33538\"]}]},{\"@type\":\"ImageObject\",\"inLanguage\":\"fr-FR\",\"@id\":\"https:\\\/\\\/macite.tg\\\/?p=33538#primaryimage\",\"url\":\"https:\\\/\\\/macite.tg\\\/wp-content\\\/uploads\\\/2026\\\/08\\\/Ordination-Eveque-de-Kpalime.jpg\",\"contentUrl\":\"https:\\\/\\\/macite.tg\\\/wp-content\\\/uploads\\\/2026\\\/08\\\/Ordination-Eveque-de-Kpalime.jpg\",\"width\":500,\"height\":263},{\"@type\":\"BreadcrumbList\",\"@id\":\"https:\\\/\\\/macite.tg\\\/?p=33538#breadcrumb\",\"itemListElement\":[{\"@type\":\"ListItem\",\"position\":1,\"name\":\"Accueil\",\"item\":\"https:\\\/\\\/macite.tg\\\/\"},{\"@type\":\"ListItem\",\"position\":2,\"name\":\"KPALIME\u00a0: S\u00e9lom Klassou, repr\u00e9sentant le Pr\u00e9sident du Conseil, t\u00e9moin de l\u2019ordination du 3\u00e8 Ev\u00eaque de Kpalim\u00e9, Mgr Edmond Yawo Amekuse\"}]},{\"@type\":\"WebSite\",\"@id\":\"https:\\\/\\\/macite.tg\\\/#website\",\"url\":\"https:\\\/\\\/macite.tg\\\/\",\"name\":\"\",\"description\":\"L&#039;information, la bonne!!!\",\"potentialAction\":[{\"@type\":\"SearchAction\",\"target\":{\"@type\":\"EntryPoint\",\"urlTemplate\":\"https:\\\/\\\/macite.tg\\\/?s={search_term_string}\"},\"query-input\":{\"@type\":\"PropertyValueSpecification\",\"valueRequired\":true,\"valueName\":\"search_term_string\"}}],\"inLanguage\":\"fr-FR\"},{\"@type\":\"Person\",\"@id\":\"https:\\\/\\\/macite.tg\\\/#\\\/schema\\\/person\\\/e9f2de7e5dbbe7770a9402c7ce82f5c2\",\"name\":\"Jean Pierre BAWELA\",\"image\":{\"@type\":\"ImageObject\",\"inLanguage\":\"fr-FR\",\"@id\":\"https:\\\/\\\/macite.tg\\\/wp-content\\\/uploads\\\/2023\\\/09\\\/WhatsApp-Image-2023-09-19-at-14.44.41-122x122.jpeg\",\"url\":\"https:\\\/\\\/macite.tg\\\/wp-content\\\/uploads\\\/2023\\\/09\\\/WhatsApp-Image-2023-09-19-at-14.44.41-122x122.jpeg\",\"contentUrl\":\"https:\\\/\\\/macite.tg\\\/wp-content\\\/uploads\\\/2023\\\/09\\\/WhatsApp-Image-2023-09-19-at-14.44.41-122x122.jpeg\",\"caption\":\"Jean Pierre BAWELA\"},\"url\":\"https:\\\/\\\/macite.tg\\\/?author=2\"}]}<\/script>\n<!-- \/ Yoast SEO plugin. -->","yoast_head_json":{"title":"KPALIME\u00a0: S\u00e9lom Klassou, repr\u00e9sentant le Pr\u00e9sident du Conseil, t\u00e9moin de l\u2019ordination du 3\u00e8 Ev\u00eaque de Kpalim\u00e9, Mgr Edmond Yawo Amekuse -","robots":{"index":"index","follow":"follow","max-snippet":"max-snippet:-1","max-image-preview":"max-image-preview:large","max-video-preview":"max-video-preview:-1"},"canonical":"https:\/\/macite.tg\/?p=33538","og_locale":"fr_FR","og_type":"article","og_title":"KPALIME\u00a0: S\u00e9lom Klassou, repr\u00e9sentant le Pr\u00e9sident du Conseil, t\u00e9moin de l\u2019ordination du 3\u00e8 Ev\u00eaque de Kpalim\u00e9, Mgr Edmond Yawo Amekuse -","og_description":"Le Dioc\u00e8se de Kpalim\u00e9 a v\u00e9cu, le samedi 29 ao\u00fbt 2026, l&rsquo;ordination \u00e9piscopale de Mgr Edmond Yawo Amekuse, nomm\u00e9 troisi\u00e8me Ev\u00eaque du dioc\u00e8se par Sa Saintet\u00e9 le Pape L\u00e9on XIV, le 26 juin dernier. L&rsquo;ordination \u00e9piscopale a \u00e9t\u00e9 conf\u00e9r\u00e9e par Mgr Rub\u00e9n Dar\u00edo Ruiz Mainardi, [&hellip;]","og_url":"https:\/\/macite.tg\/?p=33538","article_published_time":"2026-08-31T10:19:34+00:00","article_modified_time":"2026-08-31T10:19:41+00:00","og_image":[{"width":500,"height":263,"url":"https:\/\/macite.tg\/wp-content\/uploads\/2026\/08\/Ordination-Eveque-de-Kpalime.jpg","type":"image\/jpeg"}],"author":"Jean Pierre BAWELA","twitter_card":"summary_large_image","twitter_misc":{"\u00c9crit par":"Jean Pierre BAWELA","Dur\u00e9e de lecture estim\u00e9e":"5 minutes"},"schema":{"@context":"https:\/\/schema.org","@graph":[{"@type":"Article","@id":"https:\/\/macite.tg\/?p=33538#article","isPartOf":{"@id":"https:\/\/macite.tg\/?p=33538"},"author":{"name":"Jean Pierre BAWELA","@id":"https:\/\/macite.tg\/#\/schema\/person\/e9f2de7e5dbbe7770a9402c7ce82f5c2"},"headline":"KPALIME\u00a0: S\u00e9lom Klassou, repr\u00e9sentant le Pr\u00e9sident du Conseil, t\u00e9moin de l\u2019ordination du 3\u00e8 Ev\u00eaque de Kpalim\u00e9, Mgr Edmond Yawo Amekuse","datePublished":"2026-08-31T10:19:34+00:00","dateModified":"2026-08-31T10:19:41+00:00","mainEntityOfPage":{"@id":"https:\/\/macite.tg\/?p=33538"},"wordCount":860,"commentCount":0,"image":{"@id":"https:\/\/macite.tg\/?p=33538#primaryimage"},"thumbnailUrl":"https:\/\/macite.tg\/wp-content\/uploads\/2026\/08\/Ordination-Eveque-de-Kpalime.jpg","articleSection":["ACTUALITE","RELIGION"],"inLanguage":"fr-FR","potentialAction":[{"@type":"CommentAction","name":"Comment","target":["https:\/\/macite.tg\/?p=33538#respond"]}]},{"@type":"WebPage","@id":"https:\/\/macite.tg\/?p=33538","url":"https:\/\/macite.tg\/?p=33538","name":"KPALIME\u00a0: S\u00e9lom Klassou, repr\u00e9sentant le Pr\u00e9sident du Conseil, t\u00e9moin de l\u2019ordination du 3\u00e8 Ev\u00eaque de Kpalim\u00e9, Mgr Edmond Yawo Amekuse -","isPartOf":{"@id":"https:\/\/macite.tg\/#website"},"primaryImageOfPage":{"@id":"https:\/\/macite.tg\/?p=33538#primaryimage"},"image":{"@id":"https:\/\/macite.tg\/?p=33538#primaryimage"},"thumbnailUrl":"https:\/\/macite.tg\/wp-content\/uploads\/2026\/08\/Ordination-Eveque-de-Kpalime.jpg","datePublished":"2026-08-31T10:19:34+00:00","dateModified":"2026-08-31T10:19:41+00:00","author":{"@id":"https:\/\/macite.tg\/#\/schema\/person\/e9f2de7e5dbbe7770a9402c7ce82f5c2"},"breadcrumb":{"@id":"https:\/\/macite.tg\/?p=33538#breadcrumb"},"inLanguage":"fr-FR","potentialAction":[{"@type":"ReadAction","target":["https:\/\/macite.tg\/?p=33538"]}]},{"@type":"ImageObject","inLanguage":"fr-FR","@id":"https:\/\/macite.tg\/?p=33538#primaryimage","url":"https:\/\/macite.tg\/wp-content\/uploads\/2026\/08\/Ordination-Eveque-de-Kpalime.jpg","contentUrl":"https:\/\/macite.tg\/wp-content\/uploads\/2026\/08\/Ordination-Eveque-de-Kpalime.jpg","width":500,"height":263},{"@type":"BreadcrumbList","@id":"https:\/\/macite.tg\/?p=33538#breadcrumb","itemListElement":[{"@type":"ListItem","position":1,"name":"Accueil","item":"https:\/\/macite.tg\/"},{"@type":"ListItem","position":2,"name":"KPALIME\u00a0: S\u00e9lom Klassou, repr\u00e9sentant le Pr\u00e9sident du Conseil, t\u00e9moin de l\u2019ordination du 3\u00e8 Ev\u00eaque de Kpalim\u00e9, Mgr Edmond Yawo Amekuse"}]},{"@type":"WebSite","@id":"https:\/\/macite.tg\/#website","url":"https:\/\/macite.tg\/","name":"","description":"L&#039;information, la bonne!!!","potentialAction":[{"@type":"SearchAction","target":{"@type":"EntryPoint","urlTemplate":"https:\/\/macite.tg\/?s={search_term_string}"},"query-input":{"@type":"PropertyValueSpecification","valueRequired":true,"valueName":"search_term_string"}}],"inLanguage":"fr-FR"},{"@type":"Person","@id":"https:\/\/macite.tg\/#\/schema\/person\/e9f2de7e5dbbe7770a9402c7ce82f5c2","name":"Jean Pierre BAWELA","image":{"@type":"ImageObject","inLanguage":"fr-FR","@id":"https:\/\/macite.tg\/wp-content\/uploads\/2023\/09\/WhatsApp-Image-2023-09-19-at-14.44.41-122x122.jpeg","url":"https:\/\/macite.tg\/wp-content\/uploads\/2023\/09\/WhatsApp-Image-2023-09-19-at-14.44.41-122x122.jpeg","contentUrl":"https:\/\/macite.tg\/wp-content\/uploads\/2023\/09\/WhatsApp-Image-2023-09-19-at-14.44.41-122x122.jpeg","caption":"Jean Pierre BAWELA"},"url":"https:\/\/macite.tg\/?author=2"}]}},"_links":{"self":[{"href":"https:\/\/macite.tg\/index.php?rest_route=\/wp\/v2\/posts\/33538","targetHints":{"allow":["GET"]}}],"collection":[{"href":"https:\/\/macite.tg\/index.php?rest_route=\/wp\/v2\/posts"}],"about":[{"href":"https:\/\/macite.tg\/index.php?rest_route=\/wp\/v2\/types\/post"}],"author":[{"embeddable":true,"href":"https:\/\/macite.tg\/index.php?rest_route=\/wp\/v2\/users\/2"}],"replies":[{"embeddable":true,"href":"https:\/\/macite.tg\/index.php?rest_route=%2Fwp%2Fv2%2Fcomments&post=33538"}],"version-history":[{"count":1,"href":"https:\/\/macite.tg\/index.php?rest_route=\/wp\/v2\/posts\/33538\/revisions"}],"predecessor-version":[{"id":33544,"href":"https:\/\/macite.tg\/index.php?rest_route=\/wp\/v2\/posts\/33538\/revisions\/33544"}],"wp:featuredmedia":[{"embeddable":true,"href":"https:\/\/macite.tg\/index.php?rest_route=\/wp\/v2\/media\/33540"}],"wp:attachment":[{"href":"https:\/\/macite.tg\/index.php?rest_route=%2Fwp%2Fv2%2Fmedia&parent=33538"}],"wp:term":[{"taxonomy":"category","embeddable":true,"href":"https:\/\/macite.tg\/index.php?rest_route=%2Fwp%2Fv2%2Fcategories&post=33538"},{"taxonomy":"post_tag","embeddable":true,"href":"https:\/\/macite.tg\/index.php?rest_route=%2Fwp%2Fv2%2Ftags&post=33538"}],"curies":[{"name":"wp","href":"https:\/\/api.w.org\/{rel}","templated":true}]}}