{"id":33286,"date":"2026-08-18T16:55:00","date_gmt":"2026-08-18T16:55:00","guid":{"rendered":"https:\/\/macite.tg\/?p=33286"},"modified":"2026-08-20T20:04:35","modified_gmt":"2026-08-20T20:04:35","slug":"haut-commandement-des-fat-un-remaniement-majeur-au-sein-des-armees","status":"publish","type":"post","link":"https:\/\/macite.tg\/?p=33286","title":{"rendered":"HAUT COMMANDEMENT DES FAT : Un remaniement majeur au sein des arm\u00e9es"},"content":{"rendered":"\n<p class=\"wp-block-paragraph\"><strong><em>Le pr\u00e9sident du Conseil, Faure Gnassingb\u00e9, a proc\u00e9d\u00e9, hier lundi 17 ao\u00fbt, \u00e0 un remaniement au sein du haut commandement des Forces arm\u00e9es togolaises (FAT) : le g\u00e9n\u00e9ral Tchakp\u00e9l\u00e9 Aklesso nomm\u00e9 chef d\u2019\u00e9tat-major g\u00e9n\u00e9ral alors que le colonel Akakpo Ay\u00e9walagni est nomm\u00e9 directeur g\u00e9n\u00e9ral de l\u2019Agence nationale de renseignements (ANR),\u2026<\/em><\/strong><\/p>\n\n\n\n<p class=\"wp-block-paragraph\">Le pr\u00e9sident du Conseil, Faure Gnassingb\u00e9, vient de proc\u00e9der \u00e0 un remaniement d&rsquo;envergure au sein des Forces arm\u00e9es togolaises (FAT). Officialis\u00e9es par d\u00e9cret, ces nouvelles nominations restructurent le commandement militaire et s\u00e9curitaire du pays.<\/p>\n\n\n\n<p class=\"wp-block-paragraph\"><strong>Les principales nominations au commandement des FAT<\/strong><\/p>\n\n\n\n<p class=\"wp-block-paragraph\">Le colonel Tchakp\u00e9l\u00e9 Aklesso, promu au grade de G\u00e9n\u00e9ral de brigade, prend la t\u00eate de l&rsquo;\u00e9tat-major g\u00e9n\u00e9ral des FAT. Il succ\u00e8de au colonel Dimini Alahare.<\/p>\n\n\n<div class=\"wp-block-image\">\n<figure class=\"aligncenter\"><img decoding=\"async\" src=\"https:\/\/scontent.flfw2-1.fna.fbcdn.net\/v\/t39.30808-6\/773099245_1697904789010987_5897887425503900724_n.jpg?stp=dst-jpg_tt6&amp;cstp=mx1265x1794&amp;ctp=s720x720&amp;_nc_cat=108&amp;ccb=1-7&amp;_nc_sid=127cfc&amp;_nc_eui2=AeFvG07fFEpmg-0hCy5XNm0YwmKNoVJSmZzCYo2hUlKZnE2B8PPgcVQY3Lj36_1TMHnx51VZXShIrDJi5_gHVP95&amp;_nc_ohc=ciqLp5cMsJMQ7kNvwH88omo&amp;_nc_oc=AdpV6XCiTGE7-1lh6hQqW6useY3RjwJurvN_zlC4WjQ1rIdgDKHiZqQ90gcBSdO9jNmL-Ylt-RO2Bwa7WeZcmDlU&amp;_nc_zt=23&amp;_nc_ht=scontent.flfw2-1.fna&amp;_nc_gid=f8g4poCr6po3hSVJA72ohw&amp;_nc_ss=7b2a8&amp;oh=00_AQE2x0Woy6oJhzcv_YhavEkCG9icBwDCY9JQ-Xi1-eLyxA&amp;oe=6A8CE5C1\" alt=\"Peut \u00eatre une image de texte\" \/><\/figure>\n<\/div>\n\n\n<p class=\"wp-block-paragraph\">Le colonel Kilimou Mazama-Esso est lui nomm\u00e9 Chef d\u2019\u00e9tat-major particulier du Pr\u00e9sident du Conseil. L\u2019Arm\u00e9e de terre est d\u00e9sormais sous le commandement du colonel Kombat\u00e9 Latchamb\u00e9, qui en est le nouveau chef d\u2019\u00e9tat-major. Le colonel Idrissou Ahabou est d\u00e9sign\u00e9 chef d\u2019\u00e9tat-major de l\u2019Arm\u00e9e de l\u2019air.<\/p>\n\n\n\n<p class=\"wp-block-paragraph\"><strong>Changements \u00e0 la t\u00eate du renseignement et de l&rsquo;aviation civile<\/strong><\/p>\n\n\n\n<p class=\"wp-block-paragraph\">L\u2019Agence nationale de renseignements (ANR) est d\u00e9sormais sous les ordres du colonel Akakpo Ay\u00e9walagni. Il est second\u00e9 par M. Samarou Essow\u00e8 au poste de directeur g\u00e9n\u00e9ral adjoint.<\/p>\n\n\n\n<p class=\"wp-block-paragraph\">La direction de l\u2019Agence nationale de l\u2019aviation civile (ANAC) est confi\u00e9e au G\u00e9n\u00e9ral de brigade a\u00e9rienne Mama Agnidof\u00e8 Essomoulam.<\/p>\n\n\n<div class=\"wp-block-image\">\n<figure class=\"aligncenter\"><img decoding=\"async\" src=\"https:\/\/scontent.flfw2-1.fna.fbcdn.net\/v\/t39.30808-6\/765694548_1691171716350961_1982101322448564547_n.jpg?stp=cp6_dst-jpg_tt6&amp;cstp=mx1260x1792&amp;ctp=s720x720&amp;_nc_cat=103&amp;ccb=1-7&amp;_nc_sid=833d8c&amp;_nc_eui2=AeFUU1IHIM9pYLrWV7tI7rJboqPaOG4C0oGio9o4bgLSgVId5sFqn4XmSLmINMitUVGmTZlbhhNibxvzcmAZaNV1&amp;_nc_ohc=9bDZ_04e9wIQ7kNvwELqCEh&amp;_nc_oc=Ado3ghR_HL7MMJhMFVudo8SM9HDNiaDG3jFonvqwCE6CLf0Mvt4qfQxo4cKfdBk0LiScx3mTaBN9IehC9bS4z0qk&amp;_nc_zt=23&amp;_nc_ht=scontent.flfw2-1.fna&amp;_nc_gid=8bv-mpV4KvCyuQAZCykZZg&amp;_nc_ss=7b2a8&amp;oh=00_AQEHCnPSi4dVB2-lN6taxVzOcwZ4TLwAHIFViHL6j7_pVA&amp;oe=6A8CEFC4\" alt=\"Peut \u00eatre une image de texte\" \/><\/figure>\n<\/div>\n\n\n<p class=\"wp-block-paragraph\">Notons que ce r\u00e9am\u00e9nagement strat\u00e9gique au sommet des institutions militaires et de s\u00e9curit\u00e9 vise \u00e0 consolider la cha\u00eene de commandement et \u00e0 r\u00e9pondre aux d\u00e9fis s\u00e9curitaires nationaux et r\u00e9gionaux.<\/p>\n\n\n\n<p class=\"wp-block-paragraph\"><strong>La R\u00e9daction<\/strong><\/p>\n\n\n\n<p class=\"wp-block-paragraph\"><a><strong><em>@macite.tg&nbsp;&nbsp;&nbsp;&nbsp;&nbsp;&nbsp;&nbsp;&nbsp;<\/em><\/strong><\/a><\/p>\n\n\n\n<p class=\"wp-block-paragraph\"><strong><em>E-mail&nbsp;: <\/em><\/strong><a href=\"mailto:maciteinfo@gmail.com\"><strong><em>maciteinfo@gmail.com<\/em><\/strong><\/a><strong><em>; <\/em><\/strong><a href=\"mailto:bawela1@gmail.com\"><strong><em>bawela1@gmail.com<\/em><\/strong><\/a><strong><em><\/em><\/strong><\/p>\n\n\n\n<p class=\"wp-block-paragraph\"><strong><em>Pour vos annonces, publi-reportages, etc., joignez-nous au (00228)91515309\/<\/em><\/strong><strong><em>79872224 <\/em><\/strong><strong><em><\/em><\/strong><\/p>\n\n\n\n<p class=\"wp-block-paragraph\"><strong><em>www.macite.tg, L\u2019information, la bonne&nbsp;!<\/em><\/strong><\/p>\n\n\n\n<p class=\"wp-block-paragraph\"><\/p>\n","protected":false},"excerpt":{"rendered":"<p class=\"text-justify mb-2\" >Le pr\u00e9sident du Conseil, Faure Gnassingb\u00e9, a proc\u00e9d\u00e9, hier lundi 17 ao\u00fbt, \u00e0 un remaniement au sein du haut commandement des Forces arm\u00e9es togolaises (FAT) : le g\u00e9n\u00e9ral Tchakp\u00e9l\u00e9 Aklesso nomm\u00e9 chef d\u2019\u00e9tat-major g\u00e9n\u00e9ral alors que le colonel Akakpo Ay\u00e9walagni est nomm\u00e9 directeur g\u00e9n\u00e9ral de [&hellip;]<\/p>\n","protected":false},"author":2,"featured_media":33302,"comment_status":"open","ping_status":"open","sticky":false,"template":"","format":"standard","meta":{"footnotes":""},"categories":[20,28],"tags":[],"class_list":["post-33286","post","type-post","status-publish","format-standard","has-post-thumbnail","hentry","category-actualite","category-securite"],"yoast_head":"<!-- This site is optimized with the Yoast SEO plugin v28.4 - https:\/\/yoast.com\/product\/yoast-seo-wordpress\/ -->\n<title>HAUT COMMANDEMENT DES FAT : Un remaniement majeur au sein des arm\u00e9es -<\/title>\n<meta name=\"robots\" content=\"index, follow, max-snippet:-1, max-image-preview:large, max-video-preview:-1\" \/>\n<link rel=\"canonical\" href=\"https:\/\/macite.tg\/?p=33286\" \/>\n<meta property=\"og:locale\" content=\"fr_FR\" \/>\n<meta property=\"og:type\" content=\"article\" \/>\n<meta property=\"og:title\" content=\"HAUT COMMANDEMENT DES FAT : Un remaniement majeur au sein des arm\u00e9es -\" \/>\n<meta property=\"og:description\" content=\"Le pr\u00e9sident du Conseil, Faure Gnassingb\u00e9, a proc\u00e9d\u00e9, hier lundi 17 ao\u00fbt, \u00e0 un remaniement au sein du haut commandement des Forces arm\u00e9es togolaises (FAT) : le g\u00e9n\u00e9ral Tchakp\u00e9l\u00e9 Aklesso nomm\u00e9 chef d\u2019\u00e9tat-major g\u00e9n\u00e9ral alors que le colonel Akakpo Ay\u00e9walagni est nomm\u00e9 directeur g\u00e9n\u00e9ral de [&hellip;]\" \/>\n<meta property=\"og:url\" content=\"https:\/\/macite.tg\/?p=33286\" \/>\n<meta property=\"article:published_time\" content=\"2026-08-18T16:55:00+00:00\" \/>\n<meta property=\"article:modified_time\" content=\"2026-08-20T20:04:35+00:00\" \/>\n<meta property=\"og:image\" content=\"https:\/\/macite.tg\/wp-content\/uploads\/2026\/08\/FAT.jpg\" \/>\n\t<meta property=\"og:image:width\" content=\"500\" \/>\n\t<meta property=\"og:image:height\" content=\"375\" \/>\n\t<meta property=\"og:image:type\" content=\"image\/jpeg\" \/>\n<meta name=\"author\" content=\"Jean Pierre BAWELA\" \/>\n<meta name=\"twitter:card\" content=\"summary_large_image\" \/>\n<meta name=\"twitter:label1\" content=\"\u00c9crit par\" \/>\n\t<meta name=\"twitter:data1\" content=\"Jean Pierre BAWELA\" \/>\n\t<meta name=\"twitter:label2\" content=\"Dur\u00e9e de lecture estim\u00e9e\" \/>\n\t<meta name=\"twitter:data2\" content=\"2 minutes\" \/>\n<script type=\"application\/ld+json\" class=\"yoast-schema-graph\">{\"@context\":\"https:\\\/\\\/schema.org\",\"@graph\":[{\"@type\":\"Article\",\"@id\":\"https:\\\/\\\/macite.tg\\\/?p=33286#article\",\"isPartOf\":{\"@id\":\"https:\\\/\\\/macite.tg\\\/?p=33286\"},\"author\":{\"name\":\"Jean Pierre BAWELA\",\"@id\":\"https:\\\/\\\/macite.tg\\\/#\\\/schema\\\/person\\\/e9f2de7e5dbbe7770a9402c7ce82f5c2\"},\"headline\":\"HAUT COMMANDEMENT DES FAT : Un remaniement majeur au sein des arm\u00e9es\",\"datePublished\":\"2026-08-18T16:55:00+00:00\",\"dateModified\":\"2026-08-20T20:04:35+00:00\",\"mainEntityOfPage\":{\"@id\":\"https:\\\/\\\/macite.tg\\\/?p=33286\"},\"wordCount\":349,\"commentCount\":0,\"image\":{\"@id\":\"https:\\\/\\\/macite.tg\\\/?p=33286#primaryimage\"},\"thumbnailUrl\":\"https:\\\/\\\/macite.tg\\\/wp-content\\\/uploads\\\/2026\\\/08\\\/FAT.jpg\",\"articleSection\":[\"ACTUALITE\",\"SECURITE\"],\"inLanguage\":\"fr-FR\",\"potentialAction\":[{\"@type\":\"CommentAction\",\"name\":\"Comment\",\"target\":[\"https:\\\/\\\/macite.tg\\\/?p=33286#respond\"]}]},{\"@type\":\"WebPage\",\"@id\":\"https:\\\/\\\/macite.tg\\\/?p=33286\",\"url\":\"https:\\\/\\\/macite.tg\\\/?p=33286\",\"name\":\"HAUT COMMANDEMENT DES FAT : Un remaniement majeur au sein des arm\u00e9es -\",\"isPartOf\":{\"@id\":\"https:\\\/\\\/macite.tg\\\/#website\"},\"primaryImageOfPage\":{\"@id\":\"https:\\\/\\\/macite.tg\\\/?p=33286#primaryimage\"},\"image\":{\"@id\":\"https:\\\/\\\/macite.tg\\\/?p=33286#primaryimage\"},\"thumbnailUrl\":\"https:\\\/\\\/macite.tg\\\/wp-content\\\/uploads\\\/2026\\\/08\\\/FAT.jpg\",\"datePublished\":\"2026-08-18T16:55:00+00:00\",\"dateModified\":\"2026-08-20T20:04:35+00:00\",\"author\":{\"@id\":\"https:\\\/\\\/macite.tg\\\/#\\\/schema\\\/person\\\/e9f2de7e5dbbe7770a9402c7ce82f5c2\"},\"breadcrumb\":{\"@id\":\"https:\\\/\\\/macite.tg\\\/?p=33286#breadcrumb\"},\"inLanguage\":\"fr-FR\",\"potentialAction\":[{\"@type\":\"ReadAction\",\"target\":[\"https:\\\/\\\/macite.tg\\\/?p=33286\"]}]},{\"@type\":\"ImageObject\",\"inLanguage\":\"fr-FR\",\"@id\":\"https:\\\/\\\/macite.tg\\\/?p=33286#primaryimage\",\"url\":\"https:\\\/\\\/macite.tg\\\/wp-content\\\/uploads\\\/2026\\\/08\\\/FAT.jpg\",\"contentUrl\":\"https:\\\/\\\/macite.tg\\\/wp-content\\\/uploads\\\/2026\\\/08\\\/FAT.jpg\",\"width\":500,\"height\":375},{\"@type\":\"BreadcrumbList\",\"@id\":\"https:\\\/\\\/macite.tg\\\/?p=33286#breadcrumb\",\"itemListElement\":[{\"@type\":\"ListItem\",\"position\":1,\"name\":\"Accueil\",\"item\":\"https:\\\/\\\/macite.tg\\\/\"},{\"@type\":\"ListItem\",\"position\":2,\"name\":\"HAUT COMMANDEMENT DES FAT : Un remaniement majeur au sein des arm\u00e9es\"}]},{\"@type\":\"WebSite\",\"@id\":\"https:\\\/\\\/macite.tg\\\/#website\",\"url\":\"https:\\\/\\\/macite.tg\\\/\",\"name\":\"\",\"description\":\"L&#039;information, la bonne!!!\",\"potentialAction\":[{\"@type\":\"SearchAction\",\"target\":{\"@type\":\"EntryPoint\",\"urlTemplate\":\"https:\\\/\\\/macite.tg\\\/?s={search_term_string}\"},\"query-input\":{\"@type\":\"PropertyValueSpecification\",\"valueRequired\":true,\"valueName\":\"search_term_string\"}}],\"inLanguage\":\"fr-FR\"},{\"@type\":\"Person\",\"@id\":\"https:\\\/\\\/macite.tg\\\/#\\\/schema\\\/person\\\/e9f2de7e5dbbe7770a9402c7ce82f5c2\",\"name\":\"Jean Pierre BAWELA\",\"image\":{\"@type\":\"ImageObject\",\"inLanguage\":\"fr-FR\",\"@id\":\"https:\\\/\\\/macite.tg\\\/wp-content\\\/uploads\\\/2023\\\/09\\\/WhatsApp-Image-2023-09-19-at-14.44.41-122x122.jpeg\",\"url\":\"https:\\\/\\\/macite.tg\\\/wp-content\\\/uploads\\\/2023\\\/09\\\/WhatsApp-Image-2023-09-19-at-14.44.41-122x122.jpeg\",\"contentUrl\":\"https:\\\/\\\/macite.tg\\\/wp-content\\\/uploads\\\/2023\\\/09\\\/WhatsApp-Image-2023-09-19-at-14.44.41-122x122.jpeg\",\"caption\":\"Jean Pierre BAWELA\"},\"url\":\"https:\\\/\\\/macite.tg\\\/?author=2\"}]}<\/script>\n<!-- \/ Yoast SEO plugin. -->","yoast_head_json":{"title":"HAUT COMMANDEMENT DES FAT : Un remaniement majeur au sein des arm\u00e9es -","robots":{"index":"index","follow":"follow","max-snippet":"max-snippet:-1","max-image-preview":"max-image-preview:large","max-video-preview":"max-video-preview:-1"},"canonical":"https:\/\/macite.tg\/?p=33286","og_locale":"fr_FR","og_type":"article","og_title":"HAUT COMMANDEMENT DES FAT : Un remaniement majeur au sein des arm\u00e9es -","og_description":"Le pr\u00e9sident du Conseil, Faure Gnassingb\u00e9, a proc\u00e9d\u00e9, hier lundi 17 ao\u00fbt, \u00e0 un remaniement au sein du haut commandement des Forces arm\u00e9es togolaises (FAT) : le g\u00e9n\u00e9ral Tchakp\u00e9l\u00e9 Aklesso nomm\u00e9 chef d\u2019\u00e9tat-major g\u00e9n\u00e9ral alors que le colonel Akakpo Ay\u00e9walagni est nomm\u00e9 directeur g\u00e9n\u00e9ral de [&hellip;]","og_url":"https:\/\/macite.tg\/?p=33286","article_published_time":"2026-08-18T16:55:00+00:00","article_modified_time":"2026-08-20T20:04:35+00:00","og_image":[{"width":500,"height":375,"url":"https:\/\/macite.tg\/wp-content\/uploads\/2026\/08\/FAT.jpg","type":"image\/jpeg"}],"author":"Jean Pierre BAWELA","twitter_card":"summary_large_image","twitter_misc":{"\u00c9crit par":"Jean Pierre BAWELA","Dur\u00e9e de lecture estim\u00e9e":"2 minutes"},"schema":{"@context":"https:\/\/schema.org","@graph":[{"@type":"Article","@id":"https:\/\/macite.tg\/?p=33286#article","isPartOf":{"@id":"https:\/\/macite.tg\/?p=33286"},"author":{"name":"Jean Pierre BAWELA","@id":"https:\/\/macite.tg\/#\/schema\/person\/e9f2de7e5dbbe7770a9402c7ce82f5c2"},"headline":"HAUT COMMANDEMENT DES FAT : Un remaniement majeur au sein des arm\u00e9es","datePublished":"2026-08-18T16:55:00+00:00","dateModified":"2026-08-20T20:04:35+00:00","mainEntityOfPage":{"@id":"https:\/\/macite.tg\/?p=33286"},"wordCount":349,"commentCount":0,"image":{"@id":"https:\/\/macite.tg\/?p=33286#primaryimage"},"thumbnailUrl":"https:\/\/macite.tg\/wp-content\/uploads\/2026\/08\/FAT.jpg","articleSection":["ACTUALITE","SECURITE"],"inLanguage":"fr-FR","potentialAction":[{"@type":"CommentAction","name":"Comment","target":["https:\/\/macite.tg\/?p=33286#respond"]}]},{"@type":"WebPage","@id":"https:\/\/macite.tg\/?p=33286","url":"https:\/\/macite.tg\/?p=33286","name":"HAUT COMMANDEMENT DES FAT : Un remaniement majeur au sein des arm\u00e9es -","isPartOf":{"@id":"https:\/\/macite.tg\/#website"},"primaryImageOfPage":{"@id":"https:\/\/macite.tg\/?p=33286#primaryimage"},"image":{"@id":"https:\/\/macite.tg\/?p=33286#primaryimage"},"thumbnailUrl":"https:\/\/macite.tg\/wp-content\/uploads\/2026\/08\/FAT.jpg","datePublished":"2026-08-18T16:55:00+00:00","dateModified":"2026-08-20T20:04:35+00:00","author":{"@id":"https:\/\/macite.tg\/#\/schema\/person\/e9f2de7e5dbbe7770a9402c7ce82f5c2"},"breadcrumb":{"@id":"https:\/\/macite.tg\/?p=33286#breadcrumb"},"inLanguage":"fr-FR","potentialAction":[{"@type":"ReadAction","target":["https:\/\/macite.tg\/?p=33286"]}]},{"@type":"ImageObject","inLanguage":"fr-FR","@id":"https:\/\/macite.tg\/?p=33286#primaryimage","url":"https:\/\/macite.tg\/wp-content\/uploads\/2026\/08\/FAT.jpg","contentUrl":"https:\/\/macite.tg\/wp-content\/uploads\/2026\/08\/FAT.jpg","width":500,"height":375},{"@type":"BreadcrumbList","@id":"https:\/\/macite.tg\/?p=33286#breadcrumb","itemListElement":[{"@type":"ListItem","position":1,"name":"Accueil","item":"https:\/\/macite.tg\/"},{"@type":"ListItem","position":2,"name":"HAUT COMMANDEMENT DES FAT : Un remaniement majeur au sein des arm\u00e9es"}]},{"@type":"WebSite","@id":"https:\/\/macite.tg\/#website","url":"https:\/\/macite.tg\/","name":"","description":"L&#039;information, la bonne!!!","potentialAction":[{"@type":"SearchAction","target":{"@type":"EntryPoint","urlTemplate":"https:\/\/macite.tg\/?s={search_term_string}"},"query-input":{"@type":"PropertyValueSpecification","valueRequired":true,"valueName":"search_term_string"}}],"inLanguage":"fr-FR"},{"@type":"Person","@id":"https:\/\/macite.tg\/#\/schema\/person\/e9f2de7e5dbbe7770a9402c7ce82f5c2","name":"Jean Pierre BAWELA","image":{"@type":"ImageObject","inLanguage":"fr-FR","@id":"https:\/\/macite.tg\/wp-content\/uploads\/2023\/09\/WhatsApp-Image-2023-09-19-at-14.44.41-122x122.jpeg","url":"https:\/\/macite.tg\/wp-content\/uploads\/2023\/09\/WhatsApp-Image-2023-09-19-at-14.44.41-122x122.jpeg","contentUrl":"https:\/\/macite.tg\/wp-content\/uploads\/2023\/09\/WhatsApp-Image-2023-09-19-at-14.44.41-122x122.jpeg","caption":"Jean Pierre BAWELA"},"url":"https:\/\/macite.tg\/?author=2"}]}},"_links":{"self":[{"href":"https:\/\/macite.tg\/index.php?rest_route=\/wp\/v2\/posts\/33286","targetHints":{"allow":["GET"]}}],"collection":[{"href":"https:\/\/macite.tg\/index.php?rest_route=\/wp\/v2\/posts"}],"about":[{"href":"https:\/\/macite.tg\/index.php?rest_route=\/wp\/v2\/types\/post"}],"author":[{"embeddable":true,"href":"https:\/\/macite.tg\/index.php?rest_route=\/wp\/v2\/users\/2"}],"replies":[{"embeddable":true,"href":"https:\/\/macite.tg\/index.php?rest_route=%2Fwp%2Fv2%2Fcomments&post=33286"}],"version-history":[{"count":0,"href":"https:\/\/macite.tg\/index.php?rest_route=\/wp\/v2\/posts\/33286\/revisions"}],"wp:featuredmedia":[{"embeddable":true,"href":"https:\/\/macite.tg\/index.php?rest_route=\/wp\/v2\/media\/33302"}],"wp:attachment":[{"href":"https:\/\/macite.tg\/index.php?rest_route=%2Fwp%2Fv2%2Fmedia&parent=33286"}],"wp:term":[{"taxonomy":"category","embeddable":true,"href":"https:\/\/macite.tg\/index.php?rest_route=%2Fwp%2Fv2%2Fcategories&post=33286"},{"taxonomy":"post_tag","embeddable":true,"href":"https:\/\/macite.tg\/index.php?rest_route=%2Fwp%2Fv2%2Ftags&post=33286"}],"curies":[{"name":"wp","href":"https:\/\/api.w.org\/{rel}","templated":true}]}}