{"id":325,"date":"2022-09-23T09:41:25","date_gmt":"2022-09-23T09:41:25","guid":{"rendered":"https:\/\/macite.info\/?p=325"},"modified":"2022-09-23T09:41:25","modified_gmt":"2022-09-23T09:41:25","slug":"guerre-en-ukraine-debats-houleux-entre-le-representant-russe-et-les-autres-membres-du-conseil-de-securite","status":"publish","type":"post","link":"https:\/\/macite.tg\/?p=325","title":{"rendered":"GUERRE EN UKRAINE\u00a0: D\u00e9bats houleux entre le repr\u00e9sentant russe et les autres membres du Conseil de S\u00e9curit\u00e9"},"content":{"rendered":"\n<p class=\"wp-block-paragraph\"><strong><em>Hier jeudi 22 Septembre, le Conseil de s\u00e9curit\u00e9 de l\u2019ONU s\u2019est r\u00e9uni pour \u00e9voquer le dossier ukrainien. L\u2019occasion pour la Russie de faire entendre sa voix, apr\u00e8s les nombreuses condamnations, depuis lundi, \u00e0 la tribune de l\u2019Assembl\u00e9e g\u00e9n\u00e9rale de l\u2019ONU.<\/em><\/strong><\/p>\n\n\n\n<p class=\"wp-block-paragraph\">D\u2019embl\u00e9e, le secr\u00e9taire d\u2019\u00c9tat am\u00e9ricain Antony Blinken, qui intervenait en premier, s\u2019en est pris \u00e0 Vladimir Poutine et la guerre qu\u2019il m\u00e8ne ne Ukraine. \u00ab&nbsp;<em>On ne peut pas laisser le pr\u00e9sident Poutine s&rsquo;en tirer comme \u00e7a<\/em>&nbsp;\u00bb, a-t-il d\u00e9clar\u00e9 lors de cette r\u00e9union du Conseil de s\u00e9curit\u00e9 de l\u2019ONU dont le th\u00e8me \u00e9tait&nbsp;la situation en Ukraine et l&rsquo;\u00ab&nbsp;<em>impunit\u00e9&nbsp;<\/em>\u00bb des crimes commis depuis l&rsquo;invasion du pays par la Russie en f\u00e9vrier.<\/p>\n\n\n\n<p class=\"wp-block-paragraph\">Son homologue russe, le ministre des Affaires \u00e9trang\u00e8res Sergue\u00ef Lavrov, a voulu retourner le th\u00e8me de l\u2019impunit\u00e9 contre l\u2019Ukraine. \u00ab&nbsp;<em>Depuis 2014, les forces nationales extr\u00e9mistes, russophobes et n\u00e9onazies ont pris le pouvoir en Ukraine par un coup d\u2019\u00c9tat. L\u2019arm\u00e9e ukrainienne et des combattants nationalistes tuent des habitants du Donbass en toute impunit\u00e9. La CPI n\u2019a r\u00e9agi \u00e0 aucun de ces crimes<\/em>&nbsp;\u00bb, a-t-il d\u00e9clar\u00e9, ajoutant que Kiev devait \u00ab <em>son impunit\u00e9 \u00e0 ses partenaires occidentaux<\/em> \u00bb.<\/p>\n\n\n<div class=\"wp-block-image\">\n<figure class=\"aligncenter size-full is-resized\"><img loading=\"lazy\" decoding=\"async\" src=\"https:\/\/macite.tg\/wp-content\/uploads\/2022\/09\/Otr30b.jpeg\" alt=\"\" class=\"wp-image-80\" width=\"442\" height=\"442\" srcset=\"https:\/\/macite.tg\/wp-content\/uploads\/2022\/09\/Otr30b.jpeg 720w, https:\/\/macite.tg\/wp-content\/uploads\/2022\/09\/Otr30b-300x300.jpeg 300w, https:\/\/macite.tg\/wp-content\/uploads\/2022\/09\/Otr30b-150x150.jpeg 150w\" sizes=\"auto, (max-width: 442px) 100vw, 442px\" \/><\/figure>\n<\/div>\n\n\n<p class=\"wp-block-paragraph\">Un discours imm\u00e9diatement condamn\u00e9 par le repr\u00e9sentant du Royaume-Uni James Clevery. \u00ab&nbsp;<em>Je viens d\u2019entendre un nouveau catalogue de malhonn\u00eatet\u00e9 et de d\u00e9sinformation<\/em>&nbsp;\u00bb, a-t-il tanc\u00e9 devant Sergue\u00ef&nbsp;Lavrov pr\u00e9sent dans la salle, mais volontairement install\u00e9 \u00e0 une autre table, \u00e9loign\u00e9 des autres repr\u00e9sentants. \u00ab&nbsp;<em>Il vient de partir, je ne suis pas surpris : je ne pense pas que Monsieur Lavrov veuille entendre la condamnation collective de ce Conseil<\/em>&nbsp;\u00bb, a r\u00e9agi James Clevery.<\/p>\n\n\n\n<p class=\"wp-block-paragraph\">Sergue\u00ef&nbsp;Lavrov a \u00e9galement rejet\u00e9 le travail de la Cour p\u00e9nale internationale dans laquelle la Russie \u00ab&nbsp;<em>n&rsquo;a aucune confiance<\/em>&nbsp;\u00bb. Une d\u00e9claration qui a valu au chef de la diplomatie russe un rappel de Karim khan, le procureur de la Cour p\u00e9nale internationale&nbsp;: \u00ab&nbsp;<em>Partout o\u00f9 des crimes sont d\u00e9nonc\u00e9s et o\u00f9 la Cour est comp\u00e9tente, celui qui se sert d\u2019une arme, qui lance un missile, doit r\u00e9aliser que des comptes doivent \u00eatre rendus<\/em> \u00bb.<\/p>\n\n\n\n<p class=\"wp-block-paragraph\">\u00ab&nbsp;<em>Si nous sommes r\u00e9unis autour de ces principes de base, la loi aura un r\u00f4le consid\u00e9rable pour la paix et la s\u00e9curit\u00e9 en Ukraine, mais aussi dans tant d\u2019autres r\u00e9gions du monde<\/em>&nbsp;\u00bb, a-t-il conclu.<\/p>\n\n\n\n<p class=\"wp-block-paragraph\"><strong><u>Source&nbsp;:<\/u><\/strong><strong> @rfi.fr<\/strong><\/p>\n\n\n\n<p class=\"wp-block-paragraph\"><strong><em>@macite.info<\/em><\/strong><\/p>\n\n\n\n<p class=\"wp-block-paragraph\"><strong><em>E-mail&nbsp;: <\/em><\/strong><a href=\"mailto:maciteinfo@gmail.com\"><em>maciteinfo@gmail.com<\/em><\/a><strong><em>; <\/em><\/strong><a href=\"mailto:bawela1@gmail.com\"><em>bawela1@gmail.com<\/em><\/a><strong><em><\/em><\/strong><\/p>\n\n\n\n<p class=\"wp-block-paragraph\"><strong><em>Pour vos annonces, (publi)reportages, etc., joignez nous au (00228) 91515309\/<strong>79872224<\/strong><\/em><\/strong><em><\/em><\/p>\n\n\n\n<p class=\"wp-block-paragraph\"><a href=\"http:\/\/www.macite.info\"><em>www.macite.info<\/em><\/a><strong><em>, L\u2019information, la bonne\u00a0!<\/em><\/strong><\/p>\n","protected":false},"excerpt":{"rendered":"<p class=\"text-justify mb-2\" >Hier jeudi 22 Septembre, le Conseil de s\u00e9curit\u00e9 de l\u2019ONU s\u2019est r\u00e9uni pour \u00e9voquer le dossier ukrainien. L\u2019occasion pour la Russie de faire entendre sa voix, apr\u00e8s les nombreuses condamnations, depuis lundi, \u00e0 la tribune de l\u2019Assembl\u00e9e g\u00e9n\u00e9rale de l\u2019ONU. D\u2019embl\u00e9e, le secr\u00e9taire d\u2019\u00c9tat am\u00e9ricain [&hellip;]<\/p>\n","protected":false},"author":2,"featured_media":326,"comment_status":"open","ping_status":"open","sticky":false,"template":"","format":"standard","meta":{"footnotes":""},"categories":[1],"tags":[],"class_list":["post-325","post","type-post","status-publish","format-standard","has-post-thumbnail","hentry","category-politique"],"yoast_head":"<!-- This site is optimized with the Yoast SEO plugin v28.4 - https:\/\/yoast.com\/product\/yoast-seo-wordpress\/ -->\n<title>GUERRE EN UKRAINE\u00a0: D\u00e9bats houleux entre le repr\u00e9sentant russe et les autres membres du Conseil de S\u00e9curit\u00e9 -<\/title>\n<meta name=\"robots\" content=\"index, follow, max-snippet:-1, max-image-preview:large, max-video-preview:-1\" \/>\n<link rel=\"canonical\" href=\"https:\/\/macite.tg\/?p=325\" \/>\n<meta property=\"og:locale\" content=\"fr_FR\" \/>\n<meta property=\"og:type\" content=\"article\" \/>\n<meta property=\"og:title\" content=\"GUERRE EN UKRAINE\u00a0: D\u00e9bats houleux entre le repr\u00e9sentant russe et les autres membres du Conseil de S\u00e9curit\u00e9 -\" \/>\n<meta property=\"og:description\" content=\"Hier jeudi 22 Septembre, le Conseil de s\u00e9curit\u00e9 de l\u2019ONU s\u2019est r\u00e9uni pour \u00e9voquer le dossier ukrainien. L\u2019occasion pour la Russie de faire entendre sa voix, apr\u00e8s les nombreuses condamnations, depuis lundi, \u00e0 la tribune de l\u2019Assembl\u00e9e g\u00e9n\u00e9rale de l\u2019ONU. D\u2019embl\u00e9e, le secr\u00e9taire d\u2019\u00c9tat am\u00e9ricain [&hellip;]\" \/>\n<meta property=\"og:url\" content=\"https:\/\/macite.tg\/?p=325\" \/>\n<meta property=\"article:published_time\" content=\"2022-09-23T09:41:25+00:00\" \/>\n<meta property=\"og:image\" content=\"https:\/\/macite.tg\/wp-content\/uploads\/2022\/09\/image-6.png\" \/>\n\t<meta property=\"og:image:width\" content=\"605\" \/>\n\t<meta property=\"og:image:height\" content=\"340\" \/>\n\t<meta property=\"og:image:type\" content=\"image\/png\" \/>\n<meta name=\"author\" content=\"Jean Pierre BAWELA\" \/>\n<meta name=\"twitter:card\" content=\"summary_large_image\" \/>\n<meta name=\"twitter:label1\" content=\"\u00c9crit par\" \/>\n\t<meta name=\"twitter:data1\" content=\"Jean Pierre BAWELA\" \/>\n\t<meta name=\"twitter:label2\" content=\"Dur\u00e9e de lecture estim\u00e9e\" \/>\n\t<meta name=\"twitter:data2\" content=\"2 minutes\" \/>\n<script type=\"application\/ld+json\" class=\"yoast-schema-graph\">{\"@context\":\"https:\\\/\\\/schema.org\",\"@graph\":[{\"@type\":\"Article\",\"@id\":\"https:\\\/\\\/macite.tg\\\/?p=325#article\",\"isPartOf\":{\"@id\":\"https:\\\/\\\/macite.tg\\\/?p=325\"},\"author\":{\"name\":\"Jean Pierre BAWELA\",\"@id\":\"https:\\\/\\\/macite.tg\\\/#\\\/schema\\\/person\\\/e9f2de7e5dbbe7770a9402c7ce82f5c2\"},\"headline\":\"GUERRE EN UKRAINE\u00a0: D\u00e9bats houleux entre le repr\u00e9sentant russe et les autres membres du Conseil de S\u00e9curit\u00e9\",\"datePublished\":\"2022-09-23T09:41:25+00:00\",\"mainEntityOfPage\":{\"@id\":\"https:\\\/\\\/macite.tg\\\/?p=325\"},\"wordCount\":485,\"commentCount\":0,\"image\":{\"@id\":\"https:\\\/\\\/macite.tg\\\/?p=325#primaryimage\"},\"thumbnailUrl\":\"https:\\\/\\\/macite.tg\\\/wp-content\\\/uploads\\\/2022\\\/09\\\/image-6.png\",\"articleSection\":[\"POLITIQUE\"],\"inLanguage\":\"fr-FR\",\"potentialAction\":[{\"@type\":\"CommentAction\",\"name\":\"Comment\",\"target\":[\"https:\\\/\\\/macite.tg\\\/?p=325#respond\"]}]},{\"@type\":\"WebPage\",\"@id\":\"https:\\\/\\\/macite.tg\\\/?p=325\",\"url\":\"https:\\\/\\\/macite.tg\\\/?p=325\",\"name\":\"GUERRE EN UKRAINE\u00a0: D\u00e9bats houleux entre le repr\u00e9sentant russe et les autres membres du Conseil de S\u00e9curit\u00e9 -\",\"isPartOf\":{\"@id\":\"https:\\\/\\\/macite.tg\\\/#website\"},\"primaryImageOfPage\":{\"@id\":\"https:\\\/\\\/macite.tg\\\/?p=325#primaryimage\"},\"image\":{\"@id\":\"https:\\\/\\\/macite.tg\\\/?p=325#primaryimage\"},\"thumbnailUrl\":\"https:\\\/\\\/macite.tg\\\/wp-content\\\/uploads\\\/2022\\\/09\\\/image-6.png\",\"datePublished\":\"2022-09-23T09:41:25+00:00\",\"author\":{\"@id\":\"https:\\\/\\\/macite.tg\\\/#\\\/schema\\\/person\\\/e9f2de7e5dbbe7770a9402c7ce82f5c2\"},\"breadcrumb\":{\"@id\":\"https:\\\/\\\/macite.tg\\\/?p=325#breadcrumb\"},\"inLanguage\":\"fr-FR\",\"potentialAction\":[{\"@type\":\"ReadAction\",\"target\":[\"https:\\\/\\\/macite.tg\\\/?p=325\"]}]},{\"@type\":\"ImageObject\",\"inLanguage\":\"fr-FR\",\"@id\":\"https:\\\/\\\/macite.tg\\\/?p=325#primaryimage\",\"url\":\"https:\\\/\\\/macite.tg\\\/wp-content\\\/uploads\\\/2022\\\/09\\\/image-6.png\",\"contentUrl\":\"https:\\\/\\\/macite.tg\\\/wp-content\\\/uploads\\\/2022\\\/09\\\/image-6.png\",\"width\":605,\"height\":340,\"caption\":\"Une vue des responsables du monde (en face, le russe Sergue\u00ef Lavrov).\"},{\"@type\":\"BreadcrumbList\",\"@id\":\"https:\\\/\\\/macite.tg\\\/?p=325#breadcrumb\",\"itemListElement\":[{\"@type\":\"ListItem\",\"position\":1,\"name\":\"Accueil\",\"item\":\"https:\\\/\\\/macite.tg\\\/\"},{\"@type\":\"ListItem\",\"position\":2,\"name\":\"GUERRE EN UKRAINE\u00a0: D\u00e9bats houleux entre le repr\u00e9sentant russe et les autres membres du Conseil de S\u00e9curit\u00e9\"}]},{\"@type\":\"WebSite\",\"@id\":\"https:\\\/\\\/macite.tg\\\/#website\",\"url\":\"https:\\\/\\\/macite.tg\\\/\",\"name\":\"\",\"description\":\"L&#039;information, la bonne!!!\",\"potentialAction\":[{\"@type\":\"SearchAction\",\"target\":{\"@type\":\"EntryPoint\",\"urlTemplate\":\"https:\\\/\\\/macite.tg\\\/?s={search_term_string}\"},\"query-input\":{\"@type\":\"PropertyValueSpecification\",\"valueRequired\":true,\"valueName\":\"search_term_string\"}}],\"inLanguage\":\"fr-FR\"},{\"@type\":\"Person\",\"@id\":\"https:\\\/\\\/macite.tg\\\/#\\\/schema\\\/person\\\/e9f2de7e5dbbe7770a9402c7ce82f5c2\",\"name\":\"Jean Pierre BAWELA\",\"image\":{\"@type\":\"ImageObject\",\"inLanguage\":\"fr-FR\",\"@id\":\"https:\\\/\\\/macite.tg\\\/wp-content\\\/uploads\\\/2023\\\/09\\\/WhatsApp-Image-2023-09-19-at-14.44.41-122x122.jpeg\",\"url\":\"https:\\\/\\\/macite.tg\\\/wp-content\\\/uploads\\\/2023\\\/09\\\/WhatsApp-Image-2023-09-19-at-14.44.41-122x122.jpeg\",\"contentUrl\":\"https:\\\/\\\/macite.tg\\\/wp-content\\\/uploads\\\/2023\\\/09\\\/WhatsApp-Image-2023-09-19-at-14.44.41-122x122.jpeg\",\"caption\":\"Jean Pierre BAWELA\"},\"url\":\"https:\\\/\\\/macite.tg\\\/?author=2\"}]}<\/script>\n<!-- \/ Yoast SEO plugin. -->","yoast_head_json":{"title":"GUERRE EN UKRAINE\u00a0: D\u00e9bats houleux entre le repr\u00e9sentant russe et les autres membres du Conseil de S\u00e9curit\u00e9 -","robots":{"index":"index","follow":"follow","max-snippet":"max-snippet:-1","max-image-preview":"max-image-preview:large","max-video-preview":"max-video-preview:-1"},"canonical":"https:\/\/macite.tg\/?p=325","og_locale":"fr_FR","og_type":"article","og_title":"GUERRE EN UKRAINE\u00a0: D\u00e9bats houleux entre le repr\u00e9sentant russe et les autres membres du Conseil de S\u00e9curit\u00e9 -","og_description":"Hier jeudi 22 Septembre, le Conseil de s\u00e9curit\u00e9 de l\u2019ONU s\u2019est r\u00e9uni pour \u00e9voquer le dossier ukrainien. L\u2019occasion pour la Russie de faire entendre sa voix, apr\u00e8s les nombreuses condamnations, depuis lundi, \u00e0 la tribune de l\u2019Assembl\u00e9e g\u00e9n\u00e9rale de l\u2019ONU. D\u2019embl\u00e9e, le secr\u00e9taire d\u2019\u00c9tat am\u00e9ricain [&hellip;]","og_url":"https:\/\/macite.tg\/?p=325","article_published_time":"2022-09-23T09:41:25+00:00","og_image":[{"width":605,"height":340,"url":"https:\/\/macite.tg\/wp-content\/uploads\/2022\/09\/image-6.png","type":"image\/png"}],"author":"Jean Pierre BAWELA","twitter_card":"summary_large_image","twitter_misc":{"\u00c9crit par":"Jean Pierre BAWELA","Dur\u00e9e de lecture estim\u00e9e":"2 minutes"},"schema":{"@context":"https:\/\/schema.org","@graph":[{"@type":"Article","@id":"https:\/\/macite.tg\/?p=325#article","isPartOf":{"@id":"https:\/\/macite.tg\/?p=325"},"author":{"name":"Jean Pierre BAWELA","@id":"https:\/\/macite.tg\/#\/schema\/person\/e9f2de7e5dbbe7770a9402c7ce82f5c2"},"headline":"GUERRE EN UKRAINE\u00a0: D\u00e9bats houleux entre le repr\u00e9sentant russe et les autres membres du Conseil de S\u00e9curit\u00e9","datePublished":"2022-09-23T09:41:25+00:00","mainEntityOfPage":{"@id":"https:\/\/macite.tg\/?p=325"},"wordCount":485,"commentCount":0,"image":{"@id":"https:\/\/macite.tg\/?p=325#primaryimage"},"thumbnailUrl":"https:\/\/macite.tg\/wp-content\/uploads\/2022\/09\/image-6.png","articleSection":["POLITIQUE"],"inLanguage":"fr-FR","potentialAction":[{"@type":"CommentAction","name":"Comment","target":["https:\/\/macite.tg\/?p=325#respond"]}]},{"@type":"WebPage","@id":"https:\/\/macite.tg\/?p=325","url":"https:\/\/macite.tg\/?p=325","name":"GUERRE EN UKRAINE\u00a0: D\u00e9bats houleux entre le repr\u00e9sentant russe et les autres membres du Conseil de S\u00e9curit\u00e9 -","isPartOf":{"@id":"https:\/\/macite.tg\/#website"},"primaryImageOfPage":{"@id":"https:\/\/macite.tg\/?p=325#primaryimage"},"image":{"@id":"https:\/\/macite.tg\/?p=325#primaryimage"},"thumbnailUrl":"https:\/\/macite.tg\/wp-content\/uploads\/2022\/09\/image-6.png","datePublished":"2022-09-23T09:41:25+00:00","author":{"@id":"https:\/\/macite.tg\/#\/schema\/person\/e9f2de7e5dbbe7770a9402c7ce82f5c2"},"breadcrumb":{"@id":"https:\/\/macite.tg\/?p=325#breadcrumb"},"inLanguage":"fr-FR","potentialAction":[{"@type":"ReadAction","target":["https:\/\/macite.tg\/?p=325"]}]},{"@type":"ImageObject","inLanguage":"fr-FR","@id":"https:\/\/macite.tg\/?p=325#primaryimage","url":"https:\/\/macite.tg\/wp-content\/uploads\/2022\/09\/image-6.png","contentUrl":"https:\/\/macite.tg\/wp-content\/uploads\/2022\/09\/image-6.png","width":605,"height":340,"caption":"Une vue des responsables du monde (en face, le russe Sergue\u00ef Lavrov)."},{"@type":"BreadcrumbList","@id":"https:\/\/macite.tg\/?p=325#breadcrumb","itemListElement":[{"@type":"ListItem","position":1,"name":"Accueil","item":"https:\/\/macite.tg\/"},{"@type":"ListItem","position":2,"name":"GUERRE EN UKRAINE\u00a0: D\u00e9bats houleux entre le repr\u00e9sentant russe et les autres membres du Conseil de S\u00e9curit\u00e9"}]},{"@type":"WebSite","@id":"https:\/\/macite.tg\/#website","url":"https:\/\/macite.tg\/","name":"","description":"L&#039;information, la bonne!!!","potentialAction":[{"@type":"SearchAction","target":{"@type":"EntryPoint","urlTemplate":"https:\/\/macite.tg\/?s={search_term_string}"},"query-input":{"@type":"PropertyValueSpecification","valueRequired":true,"valueName":"search_term_string"}}],"inLanguage":"fr-FR"},{"@type":"Person","@id":"https:\/\/macite.tg\/#\/schema\/person\/e9f2de7e5dbbe7770a9402c7ce82f5c2","name":"Jean Pierre BAWELA","image":{"@type":"ImageObject","inLanguage":"fr-FR","@id":"https:\/\/macite.tg\/wp-content\/uploads\/2023\/09\/WhatsApp-Image-2023-09-19-at-14.44.41-122x122.jpeg","url":"https:\/\/macite.tg\/wp-content\/uploads\/2023\/09\/WhatsApp-Image-2023-09-19-at-14.44.41-122x122.jpeg","contentUrl":"https:\/\/macite.tg\/wp-content\/uploads\/2023\/09\/WhatsApp-Image-2023-09-19-at-14.44.41-122x122.jpeg","caption":"Jean Pierre BAWELA"},"url":"https:\/\/macite.tg\/?author=2"}]}},"_links":{"self":[{"href":"https:\/\/macite.tg\/index.php?rest_route=\/wp\/v2\/posts\/325","targetHints":{"allow":["GET"]}}],"collection":[{"href":"https:\/\/macite.tg\/index.php?rest_route=\/wp\/v2\/posts"}],"about":[{"href":"https:\/\/macite.tg\/index.php?rest_route=\/wp\/v2\/types\/post"}],"author":[{"embeddable":true,"href":"https:\/\/macite.tg\/index.php?rest_route=\/wp\/v2\/users\/2"}],"replies":[{"embeddable":true,"href":"https:\/\/macite.tg\/index.php?rest_route=%2Fwp%2Fv2%2Fcomments&post=325"}],"version-history":[{"count":0,"href":"https:\/\/macite.tg\/index.php?rest_route=\/wp\/v2\/posts\/325\/revisions"}],"wp:featuredmedia":[{"embeddable":true,"href":"https:\/\/macite.tg\/index.php?rest_route=\/wp\/v2\/media\/326"}],"wp:attachment":[{"href":"https:\/\/macite.tg\/index.php?rest_route=%2Fwp%2Fv2%2Fmedia&parent=325"}],"wp:term":[{"taxonomy":"category","embeddable":true,"href":"https:\/\/macite.tg\/index.php?rest_route=%2Fwp%2Fv2%2Fcategories&post=325"},{"taxonomy":"post_tag","embeddable":true,"href":"https:\/\/macite.tg\/index.php?rest_route=%2Fwp%2Fv2%2Ftags&post=325"}],"curies":[{"name":"wp","href":"https:\/\/api.w.org\/{rel}","templated":true}]}}