{"id":32353,"date":"2026-07-22T09:32:00","date_gmt":"2026-07-22T09:32:00","guid":{"rendered":"https:\/\/macite.tg\/?p=32353"},"modified":"2026-07-21T20:37:20","modified_gmt":"2026-07-21T20:37:20","slug":"karite-des-pistes-pour-relever-les-defis-de-la-filiere","status":"publish","type":"post","link":"https:\/\/macite.tg\/?p=32353","title":{"rendered":"KARITE\u00a0: Des pistes pour relever les d\u00e9fis de la fili\u00e8re"},"content":{"rendered":"\n<p class=\"wp-block-paragraph\"><strong><em>Le 14 juillet 2026, Lom\u00e9 a abrit\u00e9 un forum sous-r\u00e9gional consacr\u00e9 \u00e0 la production de mat\u00e9riel v\u00e9g\u00e9tal am\u00e9lior\u00e9 de karit\u00e9 et \u00e0 la gestion durable des parcs \u00e0 karit\u00e9, en lien avec le projet de \u00ab\u202fRenforcement de la r\u00e9silience aux changements climatiques des populations vuln\u00e9rables gr\u00e2ce \u00e0 une gestion durable des ressources foresti\u00e8res\u202f\u00bb.<\/em><\/strong><\/p>\n\n\n\n<p class=\"wp-block-paragraph\">La rencontre s\u2019inscrivait dans un projet de recherche-action visant \u00e0 renforcer la r\u00e9silience des populations face aux changements climatiques par une gestion durable des ressources foresti\u00e8res.<\/p>\n\n\n\n<p class=\"wp-block-paragraph\">Le karit\u00e9 est bien plus qu\u2019une ressource \u00e9conomique pour les populations d\u2019Afrique de l\u2019Ouest. Il a une importance pour les femmes et les jeunes. Ses fruits donnent un beurre utilis\u00e9 dans l\u2019alimentation, la cosm\u00e9tique et la pharmacop\u00e9e traditionnelle. Mais au-del\u00e0 de ses usages, le karit\u00e9 joue un r\u00f4le essentiel pour la protection de l\u2019environnement\u202f: il contribue \u00e0 la fertilit\u00e9 des sols, limite l\u2019\u00e9rosion, favorise la biodiversit\u00e9 et aide \u00e0 lutter contre les effets du changement climatique. Pr\u00e9server et d\u00e9velopper les parcs \u00e0 karit\u00e9, c\u2019est donc prot\u00e9ger \u00e0 la fois la nature et les moyens de subsistance des communaut\u00e9s rurales.<\/p>\n\n\n\n<p class=\"wp-block-paragraph\">Cependant, le vieillissement des peuplements, la faible r\u00e9g\u00e9n\u00e9ration et les pressions fonci\u00e8res, la n\u00e9cessit\u00e9 d\u2019une coop\u00e9ration r\u00e9gionale sont des d\u00e9fis majeurs \u00e0 relever pour la fili\u00e8re.<\/p>\n\n\n\n<figure class=\"wp-block-image size-full\"><img loading=\"lazy\" decoding=\"async\" width=\"851\" height=\"315\" src=\"https:\/\/macite.tg\/wp-content\/uploads\/2026\/07\/OTR_Ferer-pour-batir-1-1.jpg\" alt=\"\" class=\"wp-image-32334\" srcset=\"https:\/\/macite.tg\/wp-content\/uploads\/2026\/07\/OTR_Ferer-pour-batir-1-1.jpg 851w, https:\/\/macite.tg\/wp-content\/uploads\/2026\/07\/OTR_Ferer-pour-batir-1-1-300x111.jpg 300w, https:\/\/macite.tg\/wp-content\/uploads\/2026\/07\/OTR_Ferer-pour-batir-1-1-768x284.jpg 768w\" sizes=\"auto, (max-width: 851px) 100vw, 851px\" \/><\/figure>\n\n\n\n<p class=\"wp-block-paragraph\">Le forum de Lom\u00e9, port\u00e9 par le Laboratoire de Botanique et d\u2019\u00c9cologie V\u00e9g\u00e9tale (LBEV-UL) et le GGGI, avec l\u2019appui du Korea Forest Service, marque une \u00e9tape cl\u00e9 pour la valorisation durable du karit\u00e9 et l\u2019engagement collectif pour l\u2019avenir climatique. L\u2019objectif est de soutenir la reforestation en arbres de karit\u00e9 performants, former 100 experts nationaux aux bonnes pratiques, impliquer coop\u00e9ratives de femmes et de jeunes dans les programmes climatiques, int\u00e9grer 2000 hectares en r\u00e9g\u00e9n\u00e9ration sur les sites op\u00e9rationnels.<\/p>\n\n\n\n<p class=\"wp-block-paragraph\">Lors de la rencontre, le Centre National de Semences Foresti\u00e8res (CNSF) du Togo a mis en avant son r\u00f4le strat\u00e9gique dans la production de semences foresti\u00e8res de qualit\u00e9, indispensables pour restaurer le couvert v\u00e9g\u00e9tal. Aux c\u00f4t\u00e9s de l\u2019Institut National de Formation Agricole de Tov\u00e9, de l\u2019Institut Togolais de Recherche Agronomique et de partenaires comme VSF Suisse, les discussions ont montr\u00e9 que la r\u00e9ussite du reboisement repose sur une synergie entre recherche scientifique, formation des acteurs, innovation technique et implication du secteur priv\u00e9.<\/p>\n\n\n\n<p class=\"wp-block-paragraph\">La deuxi\u00e8me session a \u00e9largi les perspectives en int\u00e9grant les exp\u00e9riences du Burkina Faso, de la C\u00f4te d\u2019Ivoire, du Ghana et du Mali. Ces \u00e9changes ont confirm\u00e9 que la r\u00e9gionalisation des actions et le partage des savoirs sont des leviers essentiels pour garantir la durabilit\u00e9 des parcs \u00e0 karit\u00e9, ressource vitale pour des millions de familles en Afrique de l\u2019Ouest.<\/p>\n\n\n<div class=\"wp-block-image\">\n<figure class=\"aligncenter size-full is-resized\"><img loading=\"lazy\" decoding=\"async\" width=\"500\" height=\"304\" src=\"https:\/\/macite.tg\/wp-content\/uploads\/2026\/07\/OTR_SAM.jpg\" alt=\"\" class=\"wp-image-32265\" style=\"aspect-ratio:1.6447728971186582;width:729px;height:auto\" srcset=\"https:\/\/macite.tg\/wp-content\/uploads\/2026\/07\/OTR_SAM.jpg 500w, https:\/\/macite.tg\/wp-content\/uploads\/2026\/07\/OTR_SAM-300x182.jpg 300w\" sizes=\"auto, (max-width: 500px) 100vw, 500px\" \/><\/figure>\n<\/div>\n\n\n<p class=\"wp-block-paragraph\">Enfin, une table ronde a r\u00e9uni les grandes parties prenantes\u202f: le CNSF, le Programme des Nations Unies pour le D\u00e9veloppement (PNUD), l\u2019Organisation des Nations Unies pour l\u2019Alimentation et l\u2019Agriculture (FAO) et l\u2019Alliance mondiale du karit\u00e9. Ensemble, elles ont discut\u00e9 des m\u00e9canismes de collaboration et de financement pour renforcer la r\u00e9silience environnementale. Cette articulation entre expertise scientifique, institutions nationales et partenaires internationaux montre que la gestion durable des parcs \u00e0 karit\u00e9 ne se limite plus seulement \u00e0 des initiatives locales, mais rel\u00e8ve d\u2019une dynamique collective et int\u00e9gr\u00e9e au service de l\u2019avenir.<\/p>\n\n\n\n<p class=\"wp-block-paragraph\">Le forum de Lom\u00e9, en somme, ne se limite pas \u00e0 un \u00e9change d\u2019expertise\u202f: il trace une voie commune pour l\u2019avenir. En pla\u00e7ant le karit\u00e9 au c\u0153ur de la r\u00e9silience climatique, les acteurs nationaux et r\u00e9gionaux montrent que la protection de l\u2019environnement est une responsabilit\u00e9 partag\u00e9e. Selon les organisateurs, chaque engagement pris est une pierre pos\u00e9e pour b\u00e2tir une Afrique plus solidaire et mieux pr\u00e9par\u00e9e face aux d\u00e9fis du climat.<\/p>\n\n\n\n<p class=\"wp-block-paragraph\"><strong>(In LE MEDIUM n\u00b0712 du 21 au 27 Juillet 2026)<\/strong><\/p>\n\n\n\n<p class=\"wp-block-paragraph\"><strong><em>@macite.tg&nbsp;&nbsp;&nbsp;&nbsp;&nbsp;&nbsp;&nbsp;&nbsp;<\/em><\/strong><\/p>\n\n\n\n<p class=\"wp-block-paragraph\"><strong><em>E-mail&nbsp;: <\/em><\/strong><a href=\"mailto:maciteinfo@gmail.com\"><strong><em>maciteinfo@gmail.com<\/em><\/strong><\/a><strong><em>; <\/em><\/strong><a href=\"mailto:bawela1@gmail.com\"><strong><em>bawela1@gmail.com<\/em><\/strong><\/a><strong><em><\/em><\/strong><\/p>\n\n\n\n<p class=\"wp-block-paragraph\"><strong><em>Pour vos annonces, publi-reportages, etc., joignez-nous au (00228)91515309\/<strong>79872224 <\/strong><strong><\/strong><\/em><\/strong><\/p>\n\n\n\n<p class=\"wp-block-paragraph\"><strong><em>www.macite.tg, L\u2019information, la bonne&nbsp;!<\/em><\/strong><\/p>\n\n\n\n<p class=\"wp-block-paragraph\"><\/p>\n","protected":false},"excerpt":{"rendered":"<p class=\"text-justify mb-2\" >Le 14 juillet 2026, Lom\u00e9 a abrit\u00e9 un forum sous-r\u00e9gional consacr\u00e9 \u00e0 la production de mat\u00e9riel v\u00e9g\u00e9tal am\u00e9lior\u00e9 de karit\u00e9 et \u00e0 la gestion durable des parcs \u00e0 karit\u00e9, en lien avec le projet de \u00ab\u202fRenforcement de la r\u00e9silience aux changements climatiques des populations vuln\u00e9rables [&hellip;]<\/p>\n","protected":false},"author":2,"featured_media":32355,"comment_status":"open","ping_status":"open","sticky":false,"template":"","format":"standard","meta":{"footnotes":""},"categories":[20,22],"tags":[],"class_list":["post-32353","post","type-post","status-publish","format-standard","has-post-thumbnail","hentry","category-actualite","category-agriculture"],"yoast_head":"<!-- This site is optimized with the Yoast SEO plugin v28.4 - https:\/\/yoast.com\/product\/yoast-seo-wordpress\/ -->\n<title>KARITE\u00a0: Des pistes pour relever les d\u00e9fis de la fili\u00e8re -<\/title>\n<meta name=\"robots\" content=\"index, follow, max-snippet:-1, max-image-preview:large, max-video-preview:-1\" \/>\n<link rel=\"canonical\" href=\"https:\/\/macite.tg\/?p=32353\" \/>\n<meta property=\"og:locale\" content=\"fr_FR\" \/>\n<meta property=\"og:type\" content=\"article\" \/>\n<meta property=\"og:title\" content=\"KARITE\u00a0: Des pistes pour relever les d\u00e9fis de la fili\u00e8re -\" \/>\n<meta property=\"og:description\" content=\"Le 14 juillet 2026, Lom\u00e9 a abrit\u00e9 un forum sous-r\u00e9gional consacr\u00e9 \u00e0 la production de mat\u00e9riel v\u00e9g\u00e9tal am\u00e9lior\u00e9 de karit\u00e9 et \u00e0 la gestion durable des parcs \u00e0 karit\u00e9, en lien avec le projet de \u00ab\u202fRenforcement de la r\u00e9silience aux changements climatiques des populations vuln\u00e9rables [&hellip;]\" \/>\n<meta property=\"og:url\" content=\"https:\/\/macite.tg\/?p=32353\" \/>\n<meta property=\"article:published_time\" content=\"2026-07-22T09:32:00+00:00\" \/>\n<meta property=\"og:image\" content=\"https:\/\/macite.tg\/wp-content\/uploads\/2026\/07\/AAZE.jpg\" \/>\n\t<meta property=\"og:image:width\" content=\"500\" \/>\n\t<meta property=\"og:image:height\" content=\"284\" \/>\n\t<meta property=\"og:image:type\" content=\"image\/jpeg\" \/>\n<meta name=\"author\" content=\"Jean Pierre BAWELA\" \/>\n<meta name=\"twitter:card\" content=\"summary_large_image\" \/>\n<meta name=\"twitter:label1\" content=\"\u00c9crit par\" \/>\n\t<meta name=\"twitter:data1\" content=\"Jean Pierre BAWELA\" \/>\n\t<meta name=\"twitter:label2\" content=\"Dur\u00e9e de lecture estim\u00e9e\" \/>\n\t<meta name=\"twitter:data2\" content=\"4 minutes\" \/>\n<script type=\"application\/ld+json\" class=\"yoast-schema-graph\">{\"@context\":\"https:\\\/\\\/schema.org\",\"@graph\":[{\"@type\":\"Article\",\"@id\":\"https:\\\/\\\/macite.tg\\\/?p=32353#article\",\"isPartOf\":{\"@id\":\"https:\\\/\\\/macite.tg\\\/?p=32353\"},\"author\":{\"name\":\"Jean Pierre BAWELA\",\"@id\":\"https:\\\/\\\/macite.tg\\\/#\\\/schema\\\/person\\\/e9f2de7e5dbbe7770a9402c7ce82f5c2\"},\"headline\":\"KARITE\u00a0: Des pistes pour relever les d\u00e9fis de la fili\u00e8re\",\"datePublished\":\"2026-07-22T09:32:00+00:00\",\"mainEntityOfPage\":{\"@id\":\"https:\\\/\\\/macite.tg\\\/?p=32353\"},\"wordCount\":710,\"commentCount\":0,\"image\":{\"@id\":\"https:\\\/\\\/macite.tg\\\/?p=32353#primaryimage\"},\"thumbnailUrl\":\"https:\\\/\\\/macite.tg\\\/wp-content\\\/uploads\\\/2026\\\/07\\\/AAZE.jpg\",\"articleSection\":[\"ACTUALITE\",\"AGRICULTURE\"],\"inLanguage\":\"fr-FR\",\"potentialAction\":[{\"@type\":\"CommentAction\",\"name\":\"Comment\",\"target\":[\"https:\\\/\\\/macite.tg\\\/?p=32353#respond\"]}]},{\"@type\":\"WebPage\",\"@id\":\"https:\\\/\\\/macite.tg\\\/?p=32353\",\"url\":\"https:\\\/\\\/macite.tg\\\/?p=32353\",\"name\":\"KARITE\u00a0: Des pistes pour relever les d\u00e9fis de la fili\u00e8re -\",\"isPartOf\":{\"@id\":\"https:\\\/\\\/macite.tg\\\/#website\"},\"primaryImageOfPage\":{\"@id\":\"https:\\\/\\\/macite.tg\\\/?p=32353#primaryimage\"},\"image\":{\"@id\":\"https:\\\/\\\/macite.tg\\\/?p=32353#primaryimage\"},\"thumbnailUrl\":\"https:\\\/\\\/macite.tg\\\/wp-content\\\/uploads\\\/2026\\\/07\\\/AAZE.jpg\",\"datePublished\":\"2026-07-22T09:32:00+00:00\",\"author\":{\"@id\":\"https:\\\/\\\/macite.tg\\\/#\\\/schema\\\/person\\\/e9f2de7e5dbbe7770a9402c7ce82f5c2\"},\"breadcrumb\":{\"@id\":\"https:\\\/\\\/macite.tg\\\/?p=32353#breadcrumb\"},\"inLanguage\":\"fr-FR\",\"potentialAction\":[{\"@type\":\"ReadAction\",\"target\":[\"https:\\\/\\\/macite.tg\\\/?p=32353\"]}]},{\"@type\":\"ImageObject\",\"inLanguage\":\"fr-FR\",\"@id\":\"https:\\\/\\\/macite.tg\\\/?p=32353#primaryimage\",\"url\":\"https:\\\/\\\/macite.tg\\\/wp-content\\\/uploads\\\/2026\\\/07\\\/AAZE.jpg\",\"contentUrl\":\"https:\\\/\\\/macite.tg\\\/wp-content\\\/uploads\\\/2026\\\/07\\\/AAZE.jpg\",\"width\":500,\"height\":284},{\"@type\":\"BreadcrumbList\",\"@id\":\"https:\\\/\\\/macite.tg\\\/?p=32353#breadcrumb\",\"itemListElement\":[{\"@type\":\"ListItem\",\"position\":1,\"name\":\"Accueil\",\"item\":\"https:\\\/\\\/macite.tg\\\/\"},{\"@type\":\"ListItem\",\"position\":2,\"name\":\"KARITE\u00a0: Des pistes pour relever les d\u00e9fis de la fili\u00e8re\"}]},{\"@type\":\"WebSite\",\"@id\":\"https:\\\/\\\/macite.tg\\\/#website\",\"url\":\"https:\\\/\\\/macite.tg\\\/\",\"name\":\"\",\"description\":\"L&#039;information, la bonne!!!\",\"potentialAction\":[{\"@type\":\"SearchAction\",\"target\":{\"@type\":\"EntryPoint\",\"urlTemplate\":\"https:\\\/\\\/macite.tg\\\/?s={search_term_string}\"},\"query-input\":{\"@type\":\"PropertyValueSpecification\",\"valueRequired\":true,\"valueName\":\"search_term_string\"}}],\"inLanguage\":\"fr-FR\"},{\"@type\":\"Person\",\"@id\":\"https:\\\/\\\/macite.tg\\\/#\\\/schema\\\/person\\\/e9f2de7e5dbbe7770a9402c7ce82f5c2\",\"name\":\"Jean Pierre BAWELA\",\"image\":{\"@type\":\"ImageObject\",\"inLanguage\":\"fr-FR\",\"@id\":\"https:\\\/\\\/macite.tg\\\/wp-content\\\/uploads\\\/2023\\\/09\\\/WhatsApp-Image-2023-09-19-at-14.44.41-122x122.jpeg\",\"url\":\"https:\\\/\\\/macite.tg\\\/wp-content\\\/uploads\\\/2023\\\/09\\\/WhatsApp-Image-2023-09-19-at-14.44.41-122x122.jpeg\",\"contentUrl\":\"https:\\\/\\\/macite.tg\\\/wp-content\\\/uploads\\\/2023\\\/09\\\/WhatsApp-Image-2023-09-19-at-14.44.41-122x122.jpeg\",\"caption\":\"Jean Pierre BAWELA\"},\"url\":\"https:\\\/\\\/macite.tg\\\/?author=2\"}]}<\/script>\n<!-- \/ Yoast SEO plugin. -->","yoast_head_json":{"title":"KARITE\u00a0: Des pistes pour relever les d\u00e9fis de la fili\u00e8re -","robots":{"index":"index","follow":"follow","max-snippet":"max-snippet:-1","max-image-preview":"max-image-preview:large","max-video-preview":"max-video-preview:-1"},"canonical":"https:\/\/macite.tg\/?p=32353","og_locale":"fr_FR","og_type":"article","og_title":"KARITE\u00a0: Des pistes pour relever les d\u00e9fis de la fili\u00e8re -","og_description":"Le 14 juillet 2026, Lom\u00e9 a abrit\u00e9 un forum sous-r\u00e9gional consacr\u00e9 \u00e0 la production de mat\u00e9riel v\u00e9g\u00e9tal am\u00e9lior\u00e9 de karit\u00e9 et \u00e0 la gestion durable des parcs \u00e0 karit\u00e9, en lien avec le projet de \u00ab\u202fRenforcement de la r\u00e9silience aux changements climatiques des populations vuln\u00e9rables [&hellip;]","og_url":"https:\/\/macite.tg\/?p=32353","article_published_time":"2026-07-22T09:32:00+00:00","og_image":[{"width":500,"height":284,"url":"https:\/\/macite.tg\/wp-content\/uploads\/2026\/07\/AAZE.jpg","type":"image\/jpeg"}],"author":"Jean Pierre BAWELA","twitter_card":"summary_large_image","twitter_misc":{"\u00c9crit par":"Jean Pierre BAWELA","Dur\u00e9e de lecture estim\u00e9e":"4 minutes"},"schema":{"@context":"https:\/\/schema.org","@graph":[{"@type":"Article","@id":"https:\/\/macite.tg\/?p=32353#article","isPartOf":{"@id":"https:\/\/macite.tg\/?p=32353"},"author":{"name":"Jean Pierre BAWELA","@id":"https:\/\/macite.tg\/#\/schema\/person\/e9f2de7e5dbbe7770a9402c7ce82f5c2"},"headline":"KARITE\u00a0: Des pistes pour relever les d\u00e9fis de la fili\u00e8re","datePublished":"2026-07-22T09:32:00+00:00","mainEntityOfPage":{"@id":"https:\/\/macite.tg\/?p=32353"},"wordCount":710,"commentCount":0,"image":{"@id":"https:\/\/macite.tg\/?p=32353#primaryimage"},"thumbnailUrl":"https:\/\/macite.tg\/wp-content\/uploads\/2026\/07\/AAZE.jpg","articleSection":["ACTUALITE","AGRICULTURE"],"inLanguage":"fr-FR","potentialAction":[{"@type":"CommentAction","name":"Comment","target":["https:\/\/macite.tg\/?p=32353#respond"]}]},{"@type":"WebPage","@id":"https:\/\/macite.tg\/?p=32353","url":"https:\/\/macite.tg\/?p=32353","name":"KARITE\u00a0: Des pistes pour relever les d\u00e9fis de la fili\u00e8re -","isPartOf":{"@id":"https:\/\/macite.tg\/#website"},"primaryImageOfPage":{"@id":"https:\/\/macite.tg\/?p=32353#primaryimage"},"image":{"@id":"https:\/\/macite.tg\/?p=32353#primaryimage"},"thumbnailUrl":"https:\/\/macite.tg\/wp-content\/uploads\/2026\/07\/AAZE.jpg","datePublished":"2026-07-22T09:32:00+00:00","author":{"@id":"https:\/\/macite.tg\/#\/schema\/person\/e9f2de7e5dbbe7770a9402c7ce82f5c2"},"breadcrumb":{"@id":"https:\/\/macite.tg\/?p=32353#breadcrumb"},"inLanguage":"fr-FR","potentialAction":[{"@type":"ReadAction","target":["https:\/\/macite.tg\/?p=32353"]}]},{"@type":"ImageObject","inLanguage":"fr-FR","@id":"https:\/\/macite.tg\/?p=32353#primaryimage","url":"https:\/\/macite.tg\/wp-content\/uploads\/2026\/07\/AAZE.jpg","contentUrl":"https:\/\/macite.tg\/wp-content\/uploads\/2026\/07\/AAZE.jpg","width":500,"height":284},{"@type":"BreadcrumbList","@id":"https:\/\/macite.tg\/?p=32353#breadcrumb","itemListElement":[{"@type":"ListItem","position":1,"name":"Accueil","item":"https:\/\/macite.tg\/"},{"@type":"ListItem","position":2,"name":"KARITE\u00a0: Des pistes pour relever les d\u00e9fis de la fili\u00e8re"}]},{"@type":"WebSite","@id":"https:\/\/macite.tg\/#website","url":"https:\/\/macite.tg\/","name":"","description":"L&#039;information, la bonne!!!","potentialAction":[{"@type":"SearchAction","target":{"@type":"EntryPoint","urlTemplate":"https:\/\/macite.tg\/?s={search_term_string}"},"query-input":{"@type":"PropertyValueSpecification","valueRequired":true,"valueName":"search_term_string"}}],"inLanguage":"fr-FR"},{"@type":"Person","@id":"https:\/\/macite.tg\/#\/schema\/person\/e9f2de7e5dbbe7770a9402c7ce82f5c2","name":"Jean Pierre BAWELA","image":{"@type":"ImageObject","inLanguage":"fr-FR","@id":"https:\/\/macite.tg\/wp-content\/uploads\/2023\/09\/WhatsApp-Image-2023-09-19-at-14.44.41-122x122.jpeg","url":"https:\/\/macite.tg\/wp-content\/uploads\/2023\/09\/WhatsApp-Image-2023-09-19-at-14.44.41-122x122.jpeg","contentUrl":"https:\/\/macite.tg\/wp-content\/uploads\/2023\/09\/WhatsApp-Image-2023-09-19-at-14.44.41-122x122.jpeg","caption":"Jean Pierre BAWELA"},"url":"https:\/\/macite.tg\/?author=2"}]}},"_links":{"self":[{"href":"https:\/\/macite.tg\/index.php?rest_route=\/wp\/v2\/posts\/32353","targetHints":{"allow":["GET"]}}],"collection":[{"href":"https:\/\/macite.tg\/index.php?rest_route=\/wp\/v2\/posts"}],"about":[{"href":"https:\/\/macite.tg\/index.php?rest_route=\/wp\/v2\/types\/post"}],"author":[{"embeddable":true,"href":"https:\/\/macite.tg\/index.php?rest_route=\/wp\/v2\/users\/2"}],"replies":[{"embeddable":true,"href":"https:\/\/macite.tg\/index.php?rest_route=%2Fwp%2Fv2%2Fcomments&post=32353"}],"version-history":[{"count":0,"href":"https:\/\/macite.tg\/index.php?rest_route=\/wp\/v2\/posts\/32353\/revisions"}],"wp:featuredmedia":[{"embeddable":true,"href":"https:\/\/macite.tg\/index.php?rest_route=\/wp\/v2\/media\/32355"}],"wp:attachment":[{"href":"https:\/\/macite.tg\/index.php?rest_route=%2Fwp%2Fv2%2Fmedia&parent=32353"}],"wp:term":[{"taxonomy":"category","embeddable":true,"href":"https:\/\/macite.tg\/index.php?rest_route=%2Fwp%2Fv2%2Fcategories&post=32353"},{"taxonomy":"post_tag","embeddable":true,"href":"https:\/\/macite.tg\/index.php?rest_route=%2Fwp%2Fv2%2Ftags&post=32353"}],"curies":[{"name":"wp","href":"https:\/\/api.w.org\/{rel}","templated":true}]}}