{"id":32352,"date":"2026-07-22T10:29:00","date_gmt":"2026-07-22T10:29:00","guid":{"rendered":"https:\/\/macite.tg\/?p=32352"},"modified":"2026-07-21T20:34:45","modified_gmt":"2026-07-21T20:34:45","slug":"consommation-le-taux-dinflation-maintenu-a-01-en-juin-2026","status":"publish","type":"post","link":"https:\/\/macite.tg\/?p=32352","title":{"rendered":"CONSOMMATION\u00a0: Le taux d\u2019inflation maintenu \u00e0 0,1% en Juin 2026"},"content":{"rendered":"\n<p class=\"wp-block-paragraph\"><strong><em>En juin 2026, l\u2019indice harmonis\u00e9 des prix \u00e0 la consommation (IHPC) au Togo s\u2019est \u00e9tabli \u00e0 106,2 ; soit une hausse de 0,1% par rapport au mois de juin 2025. Comparativement \u00e0 la situation de mai 2026 (\u00e9volution mensuelle), le niveau g\u00e9n\u00e9ral des prix conna\u00eet une augmentation de 1,2%. Cette hausse est essentiellement due \u00e0 la mont\u00e9e du niveau des indices des divisions de consommation \u00abProduits alimentaires et boissons non alcoolis\u00e9es\u00bb (+2,4%) ; \u00abTransport\u00bb (+2,1%) ; \u00abRestaurants et services d&rsquo;h\u00e9bergement\u00bb (+1,1%) et \u00abLogement, eau, \u00e9lectricit\u00e9, gaz et autres combustibles\u00bb (+0,5%).<\/em><\/strong><\/p>\n\n\n\n<p class=\"wp-block-paragraph\"><strong>Les plus fortes hausses<\/strong><\/p>\n\n\n\n<p class=\"wp-block-paragraph\">La croissance du niveau des indices observ\u00e9e en juin 2026 est imputable au rench\u00e9rissement des produits suivants : \u00abIgname pour foufou (karachi)\u00bb (+18,8%) ; \u00abIgname\u00bb (+19,9%) ; \u00abTomates rondes (pomme) locales\u00bb (+30,9%) ; \u00abTomates ovales locales\u00bb (+34,8%) ; \u00abTomates rondes (pomme) import\u00e9es\u00bb (+39,0%) ; \u00abOignon frais rond\u00bb (+14,0%) ; \u00abTomates ovales import\u00e9es\u00bb (+14,8%) ; \u00abGombos sec\u00bb (+13,4%) ; \u00abPiment vert (gboy\u00e9bess\u00e9)\u00bb (+49,9%) ; \u00abPiment rouge frais\u00bb (+18,1%) ; \u00abDo\u00e8vi fum\u00e9 (anchois)\u00bb (+9,3%) ; \u00abDo\u00e8vi s\u00e9ch\u00e9 (anchois)\u00bb (+18,0%) ; \u00abMangues ordinaires\u00bb (+21,7%) ; \u00abAvocat\u00bb (+11,3%) ; \u00abEssence &lsquo;super&rsquo; dans les stations-services administr\u00e9s\u00bb (+5,5%) ; \u00abGas-oil ordinaire dans les stations-services administr\u00e9s\u00bb (+6,5%) ; \u00abEssence super de rue\u00bb (+2,9%) ; \u00abCourse en taxi-moto\u00bb (+1,2%) ; \u00abPlat de haricot + gari\u00bb (+6,4%) ; \u00abPlat de fufu + sauce poisson\u00bb (+3,9%) ; \u00abPlat de riz-haricot (ayimolou)\u00bb (+3,9%) ; \u00abBois de chauffe\u00bb (+10,3%) et \u00abP\u00e9trole lampant \u00e0 la pompe\u00bb (+45,9%).<\/p>\n\n\n\n<figure class=\"wp-block-image size-full\"><img loading=\"lazy\" decoding=\"async\" width=\"851\" height=\"315\" src=\"https:\/\/macite.tg\/wp-content\/uploads\/2026\/07\/OTR_Ferer-pour-batir-1-1.jpg\" alt=\"\" class=\"wp-image-32334\" srcset=\"https:\/\/macite.tg\/wp-content\/uploads\/2026\/07\/OTR_Ferer-pour-batir-1-1.jpg 851w, https:\/\/macite.tg\/wp-content\/uploads\/2026\/07\/OTR_Ferer-pour-batir-1-1-300x111.jpg 300w, https:\/\/macite.tg\/wp-content\/uploads\/2026\/07\/OTR_Ferer-pour-batir-1-1-768x284.jpg 768w\" sizes=\"auto, (max-width: 851px) 100vw, 851px\" \/><\/figure>\n\n\n\n<p class=\"wp-block-paragraph\">Calcul\u00e9 hors produits alimentaires, le niveau g\u00e9n\u00e9ral des prix a connu une augmentation de 0,7% sur le plan national. L&rsquo;inflation sous-jacente (variation mensuelle de l&rsquo;indice hors \u00e9nergie, hors produits frais) a quant \u00e0 elle enregistr\u00e9 une hausse (+0,3%). L\u2019indice de prix des \u00abProduits frais\u00bb tout comme celui de l\u2019\u00abEnergie \u00bb a connu une augmentation de 2,8%.<\/p>\n\n\n\n<p class=\"wp-block-paragraph\">Au regard de la provenance, les prix des produits \u00abLocaux\u00bb ont connu une hausse de 1,2% de m\u00eame que les prix des produits \u00ab import\u00e9s \u00bb (+1,3%). Du point de vue de la classification sectorielle, la hausse du niveau g\u00e9n\u00e9ral des prix est due \u00e0 la progression des prix des produits du secteur \u00ab Primaire \u00bb (+4,0%), \u00ab Secondaire \u00bb (+0,7%) et \u00ab Tertiaire \u00bb (+0,5%). Pour ce qui est de la durabilit\u00e9, la hausse observ\u00e9e provient essentiellement de l\u2019accroissement des prix des produits \u00abNon durables\u00bb (+2,0%) et des \u00ab Services \u00bb (+0,5%). Par rapport \u00e0 l\u2019origine, la progression mensuelle s\u2019explique par la hausse des prix des produits d\u2019\u00abOrigine UEMOA\u00bb (+1,3%) et \u00ab Origine Hors UEMOA \u00bb (+0,9%).<\/p>\n\n\n\n<p class=\"wp-block-paragraph\"><strong>Glissement trimestriel<\/strong><\/p>\n\n\n\n<p class=\"wp-block-paragraph\">Comparativement \u00e0 la situation de mars 2026, le niveau g\u00e9n\u00e9ral des prix en juin 2026 a connu une hausse de 1,7%. Cette augmentation est principalement due \u00e0 la progression des indices des divisions de consommation \u00abProduits alimentaires et boissons non alcoolis\u00e9es\u00bb (+4,3%) ; \u00abTransport\u00bb (+3,4%) et \u00abRestaurants et services d&rsquo;h\u00e9bergement\u00bb (+1,2%). Cette hausse a \u00e9t\u00e9 amortie par la baisse enregistr\u00e9e au niveau des produits de la division de consommation \u00abLogement, eau, \u00e9lectricit\u00e9, gaz et autres combustibles\u00bb (-1,9%) et \u00abLoisirs et culture\u00bb (-1,1%).<\/p>\n\n\n\n<p class=\"wp-block-paragraph\">Au regard des nomenclatures secondaires et par rapport \u00e0 l\u2019\u00e9tat des produits, la hausse du niveau g\u00e9n\u00e9ral des prix en variation trimestrielle est \u00e0 mettre essentiellement \u00e0 l&rsquo;actif de l\u2019augmentation des prix des produits des \u00ab Produits frais \u00bb (+5,4%). S\u2019agissant de la provenance, cette variation trimestrielle s\u2019explique par l\u2019augmentation des prix des produits \u00abLocaux\u00bb (+1,6%) et \u00abimport\u00e9s\u00bb (+1,8%). La progression de prix des produits des secteurs \u00abPrimaire\u00bb (+4,7%) et \u00ab Secondaire \u00bb (+1,6%) a contribu\u00e9 \u00e0 la hausse trimestrielle du niveau g\u00e9n\u00e9ral des prix. Du point de vue de la durabilit\u00e9, la hausse du niveau g\u00e9n\u00e9ral des prix en \u00e9volution trimestrielle est induite par la progression du niveau des prix des produits \u00abNon durables\u00bb (+3,1%).<\/p>\n\n\n<div class=\"wp-block-image\">\n<figure class=\"aligncenter size-full is-resized\"><img loading=\"lazy\" decoding=\"async\" width=\"500\" height=\"304\" src=\"https:\/\/macite.tg\/wp-content\/uploads\/2026\/07\/OTR_SAM.jpg\" alt=\"\" class=\"wp-image-32265\" style=\"width:755px;height:auto\" srcset=\"https:\/\/macite.tg\/wp-content\/uploads\/2026\/07\/OTR_SAM.jpg 500w, https:\/\/macite.tg\/wp-content\/uploads\/2026\/07\/OTR_SAM-300x182.jpg 300w\" sizes=\"auto, (max-width: 500px) 100vw, 500px\" \/><\/figure>\n<\/div>\n\n\n<p class=\"wp-block-paragraph\">Par rapport \u00e0 l\u2019origine, la progression trimestrielle s\u2019explique par la hausse des prix des produits d\u2019\u00abOrigine UEMOA\u00bb (+1,7%) et d\u2019\u00abOrigine Hors UEMOA\u00bb (+1,5%). Pour ce mois de juin 2026, le taux d\u2019inflation, calcul\u00e9 sur la base des indices moyens des douze derniers mois au niveau national, s\u2019est maintenu \u00e0 0,1% pour le cinqui\u00e8me mois cons\u00e9cutif. Cet indicateur de convergence au sein des pays de l\u2019UEMOA est obtenu en faisant le rapport de la moyenne des indices des douze derniers mois sur la moyenne des indices des douze mois qui les pr\u00e9c\u00e8dent. Il r\u00e9sulte de 24 mois d\u2019observation des prix \u00e0 la consommation.<\/p>\n\n\n\n<p class=\"wp-block-paragraph\"><strong>Evolution annuelle<\/strong><\/p>\n\n\n\n<p class=\"wp-block-paragraph\">Cette \u00e9volution annuelle s\u2019explique principalement par les hausses observ\u00e9es dans les divisions \u00abTransport\u00bb (+4,0%) ; \u00abLogement, eau, \u00e9lectricit\u00e9, gaz et autres combustibles\u00bb (+5,2%) ; \u00abRestaurants et services d&rsquo;h\u00e9bergement\u00bb (+1,3%) ; \u00abSant\u00e9\u00bb (+0,8%) ; \u00abSoins personnels, protection sociale et biens divers\u00bb (+0,8%) et \u00abArticles d&rsquo;habillement et chaussures\u00bb (+0,3%). Elle a toutefois \u00e9t\u00e9 att\u00e9nu\u00e9e par les baisses enregistr\u00e9es dans les divisions \u00abProduits alimentaires et boissons non alcoolis\u00e9es\u00bb (-2,8%) ; \u00abInformation et communication\u00bb (-3,4%) ; \u00abLoisirs et culture\u00bb (-0,9%).<\/p>\n\n\n\n<p class=\"wp-block-paragraph\">Cette augmentation a \u00e9t\u00e9 amortie par la baisse observ\u00e9e au niveau des divisions de consommation : \u00abProduits alimentaires et boissons non alcoolis\u00e9es\u00bb (-2,8%) ; \u00abInformation et communication\u00bb (-3,4%) ; \u00abLoisirs et culture\u00bb (-0,9%). Du point de vue des nomenclatures secondaires et par rapport \u00e0 l\u2019\u00e9tat des produits, la hausse du niveau g\u00e9n\u00e9ral des prix en glissement annuel est \u00e0 mettre \u00e0 l&rsquo;actif de l\u2019augmentation des prix des produits de l\u2019\u00abEnergie\u00bb (+9,3%) ralentie par la baisse des prix des \u00ab Produits frais \u00bb (-2,8%).<\/p>\n\n\n<div class=\"wp-block-image\">\n<figure class=\"aligncenter size-full\"><img loading=\"lazy\" decoding=\"async\" width=\"509\" height=\"720\" src=\"https:\/\/macite.tg\/wp-content\/uploads\/2026\/07\/OTR_Payez-la-TVM-simple-et-pratique.jpg\" alt=\"\" class=\"wp-image-32178\" srcset=\"https:\/\/macite.tg\/wp-content\/uploads\/2026\/07\/OTR_Payez-la-TVM-simple-et-pratique.jpg 509w, https:\/\/macite.tg\/wp-content\/uploads\/2026\/07\/OTR_Payez-la-TVM-simple-et-pratique-212x300.jpg 212w\" sizes=\"auto, (max-width: 509px) 100vw, 509px\" \/><\/figure>\n<\/div>\n\n\n<p class=\"wp-block-paragraph\">Au regard de la provenance, cette variation annuelle s\u2019explique par l\u2019augmentation des prix des produits \u00abimport\u00e9s\u00bb (+1,5%) amortie par la diminution des prix des produits \u00ablocaux\u00bb (-0,5%). La progression de prix des produits du secteur \u00abSecondaire\u00bb (+2,2%) frein\u00e9e par la baisse des prix des produits du secteur \u00ab Primaire \u00bb (-4,6%) a contribu\u00e9 \u00e0 la hausse annuelle du niveau g\u00e9n\u00e9ral des prix. Du point de vue de la durabilit\u00e9, la hausse du niveau g\u00e9n\u00e9ral des prix en \u00e9volution annuelle est principalement induite par la progression du niveau des prix des produits \u00ab Non durables \u00bb (+0,1%).<\/p>\n\n\n\n<p class=\"wp-block-paragraph\">Par rapport \u00e0 l\u2019origine, la progression annuelle s\u2019explique par la hausse des prix des produits <em>d\u2019\u00ab Origine Hors UEMOA \u00bb (+1,3%) ralentie par la baisse des prix des produits d\u2019\u00abOrigine UEMOA\u00bb<\/em> (-0,4%).<\/p>\n\n\n\n<p class=\"wp-block-paragraph\"><strong>(In LE MEDIUM n\u00b0712 du 21 au 27 Juillet 2026)<\/strong><\/p>\n\n\n\n<p class=\"wp-block-paragraph\"><a><strong><em>@macite.tg&nbsp;&nbsp;&nbsp;&nbsp;&nbsp;&nbsp;&nbsp;&nbsp;<\/em><\/strong><\/a><\/p>\n\n\n\n<p class=\"wp-block-paragraph\"><strong><em>E-mail&nbsp;: <\/em><\/strong><a href=\"mailto:maciteinfo@gmail.com\"><strong><em>maciteinfo@gmail.com<\/em><\/strong><\/a><strong><em>; <\/em><\/strong><a href=\"mailto:bawela1@gmail.com\"><strong><em>bawela1@gmail.com<\/em><\/strong><\/a><strong><em><\/em><\/strong><\/p>\n\n\n\n<p class=\"wp-block-paragraph\"><strong><em>Pour vos annonces, publi-reportages, etc., joignez-nous au (00228)91515309\/<strong>79872224 <\/strong><strong><\/strong><\/em><\/strong><\/p>\n\n\n\n<p class=\"wp-block-paragraph\"><strong><em>www.macite.tg, L\u2019information, la bonne&nbsp;!<\/em><\/strong><\/p>\n\n\n\n<p class=\"wp-block-paragraph\"><\/p>\n","protected":false},"excerpt":{"rendered":"<p class=\"text-justify mb-2\" >En juin 2026, l\u2019indice harmonis\u00e9 des prix \u00e0 la consommation (IHPC) au Togo s\u2019est \u00e9tabli \u00e0 106,2 ; soit une hausse de 0,1% par rapport au mois de juin 2025. Comparativement \u00e0 la situation de mai 2026 (\u00e9volution mensuelle), le niveau g\u00e9n\u00e9ral des prix conna\u00eet [&hellip;]<\/p>\n","protected":false},"author":2,"featured_media":32347,"comment_status":"open","ping_status":"open","sticky":false,"template":"","format":"standard","meta":{"footnotes":""},"categories":[20,12],"tags":[],"class_list":["post-32352","post","type-post","status-publish","format-standard","has-post-thumbnail","hentry","category-actualite","category-consommation"],"yoast_head":"<!-- This site is optimized with the Yoast SEO plugin v28.4 - https:\/\/yoast.com\/product\/yoast-seo-wordpress\/ -->\n<title>CONSOMMATION\u00a0: Le taux d\u2019inflation maintenu \u00e0 0,1% en Juin 2026 -<\/title>\n<meta name=\"robots\" content=\"index, follow, max-snippet:-1, max-image-preview:large, max-video-preview:-1\" \/>\n<link rel=\"canonical\" href=\"https:\/\/macite.tg\/?p=32352\" \/>\n<meta property=\"og:locale\" content=\"fr_FR\" \/>\n<meta property=\"og:type\" content=\"article\" \/>\n<meta property=\"og:title\" content=\"CONSOMMATION\u00a0: Le taux d\u2019inflation maintenu \u00e0 0,1% en Juin 2026 -\" \/>\n<meta property=\"og:description\" content=\"En juin 2026, l\u2019indice harmonis\u00e9 des prix \u00e0 la consommation (IHPC) au Togo s\u2019est \u00e9tabli \u00e0 106,2 ; soit une hausse de 0,1% par rapport au mois de juin 2025. Comparativement \u00e0 la situation de mai 2026 (\u00e9volution mensuelle), le niveau g\u00e9n\u00e9ral des prix conna\u00eet [&hellip;]\" \/>\n<meta property=\"og:url\" content=\"https:\/\/macite.tg\/?p=32352\" \/>\n<meta property=\"article:published_time\" content=\"2026-07-22T10:29:00+00:00\" \/>\n<meta property=\"og:image\" content=\"https:\/\/macite.tg\/wp-content\/uploads\/2026\/07\/Agri.jpg\" \/>\n\t<meta property=\"og:image:width\" content=\"500\" \/>\n\t<meta property=\"og:image:height\" content=\"271\" \/>\n\t<meta property=\"og:image:type\" content=\"image\/jpeg\" \/>\n<meta name=\"author\" content=\"Jean Pierre BAWELA\" \/>\n<meta name=\"twitter:card\" content=\"summary_large_image\" \/>\n<meta name=\"twitter:label1\" content=\"\u00c9crit par\" \/>\n\t<meta name=\"twitter:data1\" content=\"Jean Pierre BAWELA\" \/>\n\t<meta name=\"twitter:label2\" content=\"Dur\u00e9e de lecture estim\u00e9e\" \/>\n\t<meta name=\"twitter:data2\" content=\"6 minutes\" \/>\n<script type=\"application\/ld+json\" class=\"yoast-schema-graph\">{\"@context\":\"https:\\\/\\\/schema.org\",\"@graph\":[{\"@type\":\"Article\",\"@id\":\"https:\\\/\\\/macite.tg\\\/?p=32352#article\",\"isPartOf\":{\"@id\":\"https:\\\/\\\/macite.tg\\\/?p=32352\"},\"author\":{\"name\":\"Jean Pierre BAWELA\",\"@id\":\"https:\\\/\\\/macite.tg\\\/#\\\/schema\\\/person\\\/e9f2de7e5dbbe7770a9402c7ce82f5c2\"},\"headline\":\"CONSOMMATION\u00a0: Le taux d\u2019inflation maintenu \u00e0 0,1% en Juin 2026\",\"datePublished\":\"2026-07-22T10:29:00+00:00\",\"mainEntityOfPage\":{\"@id\":\"https:\\\/\\\/macite.tg\\\/?p=32352\"},\"wordCount\":989,\"commentCount\":0,\"image\":{\"@id\":\"https:\\\/\\\/macite.tg\\\/?p=32352#primaryimage\"},\"thumbnailUrl\":\"https:\\\/\\\/macite.tg\\\/wp-content\\\/uploads\\\/2026\\\/07\\\/Agri.jpg\",\"articleSection\":[\"ACTUALITE\",\"CONSOMMATION\"],\"inLanguage\":\"fr-FR\",\"potentialAction\":[{\"@type\":\"CommentAction\",\"name\":\"Comment\",\"target\":[\"https:\\\/\\\/macite.tg\\\/?p=32352#respond\"]}]},{\"@type\":\"WebPage\",\"@id\":\"https:\\\/\\\/macite.tg\\\/?p=32352\",\"url\":\"https:\\\/\\\/macite.tg\\\/?p=32352\",\"name\":\"CONSOMMATION\u00a0: Le taux d\u2019inflation maintenu \u00e0 0,1% en Juin 2026 -\",\"isPartOf\":{\"@id\":\"https:\\\/\\\/macite.tg\\\/#website\"},\"primaryImageOfPage\":{\"@id\":\"https:\\\/\\\/macite.tg\\\/?p=32352#primaryimage\"},\"image\":{\"@id\":\"https:\\\/\\\/macite.tg\\\/?p=32352#primaryimage\"},\"thumbnailUrl\":\"https:\\\/\\\/macite.tg\\\/wp-content\\\/uploads\\\/2026\\\/07\\\/Agri.jpg\",\"datePublished\":\"2026-07-22T10:29:00+00:00\",\"author\":{\"@id\":\"https:\\\/\\\/macite.tg\\\/#\\\/schema\\\/person\\\/e9f2de7e5dbbe7770a9402c7ce82f5c2\"},\"breadcrumb\":{\"@id\":\"https:\\\/\\\/macite.tg\\\/?p=32352#breadcrumb\"},\"inLanguage\":\"fr-FR\",\"potentialAction\":[{\"@type\":\"ReadAction\",\"target\":[\"https:\\\/\\\/macite.tg\\\/?p=32352\"]}]},{\"@type\":\"ImageObject\",\"inLanguage\":\"fr-FR\",\"@id\":\"https:\\\/\\\/macite.tg\\\/?p=32352#primaryimage\",\"url\":\"https:\\\/\\\/macite.tg\\\/wp-content\\\/uploads\\\/2026\\\/07\\\/Agri.jpg\",\"contentUrl\":\"https:\\\/\\\/macite.tg\\\/wp-content\\\/uploads\\\/2026\\\/07\\\/Agri.jpg\",\"width\":500,\"height\":271},{\"@type\":\"BreadcrumbList\",\"@id\":\"https:\\\/\\\/macite.tg\\\/?p=32352#breadcrumb\",\"itemListElement\":[{\"@type\":\"ListItem\",\"position\":1,\"name\":\"Accueil\",\"item\":\"https:\\\/\\\/macite.tg\\\/\"},{\"@type\":\"ListItem\",\"position\":2,\"name\":\"CONSOMMATION\u00a0: Le taux d\u2019inflation maintenu \u00e0 0,1% en Juin 2026\"}]},{\"@type\":\"WebSite\",\"@id\":\"https:\\\/\\\/macite.tg\\\/#website\",\"url\":\"https:\\\/\\\/macite.tg\\\/\",\"name\":\"\",\"description\":\"L&#039;information, la bonne!!!\",\"potentialAction\":[{\"@type\":\"SearchAction\",\"target\":{\"@type\":\"EntryPoint\",\"urlTemplate\":\"https:\\\/\\\/macite.tg\\\/?s={search_term_string}\"},\"query-input\":{\"@type\":\"PropertyValueSpecification\",\"valueRequired\":true,\"valueName\":\"search_term_string\"}}],\"inLanguage\":\"fr-FR\"},{\"@type\":\"Person\",\"@id\":\"https:\\\/\\\/macite.tg\\\/#\\\/schema\\\/person\\\/e9f2de7e5dbbe7770a9402c7ce82f5c2\",\"name\":\"Jean Pierre BAWELA\",\"image\":{\"@type\":\"ImageObject\",\"inLanguage\":\"fr-FR\",\"@id\":\"https:\\\/\\\/macite.tg\\\/wp-content\\\/uploads\\\/2023\\\/09\\\/WhatsApp-Image-2023-09-19-at-14.44.41-122x122.jpeg\",\"url\":\"https:\\\/\\\/macite.tg\\\/wp-content\\\/uploads\\\/2023\\\/09\\\/WhatsApp-Image-2023-09-19-at-14.44.41-122x122.jpeg\",\"contentUrl\":\"https:\\\/\\\/macite.tg\\\/wp-content\\\/uploads\\\/2023\\\/09\\\/WhatsApp-Image-2023-09-19-at-14.44.41-122x122.jpeg\",\"caption\":\"Jean Pierre BAWELA\"},\"url\":\"https:\\\/\\\/macite.tg\\\/?author=2\"}]}<\/script>\n<!-- \/ Yoast SEO plugin. -->","yoast_head_json":{"title":"CONSOMMATION\u00a0: Le taux d\u2019inflation maintenu \u00e0 0,1% en Juin 2026 -","robots":{"index":"index","follow":"follow","max-snippet":"max-snippet:-1","max-image-preview":"max-image-preview:large","max-video-preview":"max-video-preview:-1"},"canonical":"https:\/\/macite.tg\/?p=32352","og_locale":"fr_FR","og_type":"article","og_title":"CONSOMMATION\u00a0: Le taux d\u2019inflation maintenu \u00e0 0,1% en Juin 2026 -","og_description":"En juin 2026, l\u2019indice harmonis\u00e9 des prix \u00e0 la consommation (IHPC) au Togo s\u2019est \u00e9tabli \u00e0 106,2 ; soit une hausse de 0,1% par rapport au mois de juin 2025. Comparativement \u00e0 la situation de mai 2026 (\u00e9volution mensuelle), le niveau g\u00e9n\u00e9ral des prix conna\u00eet [&hellip;]","og_url":"https:\/\/macite.tg\/?p=32352","article_published_time":"2026-07-22T10:29:00+00:00","og_image":[{"width":500,"height":271,"url":"https:\/\/macite.tg\/wp-content\/uploads\/2026\/07\/Agri.jpg","type":"image\/jpeg"}],"author":"Jean Pierre BAWELA","twitter_card":"summary_large_image","twitter_misc":{"\u00c9crit par":"Jean Pierre BAWELA","Dur\u00e9e de lecture estim\u00e9e":"6 minutes"},"schema":{"@context":"https:\/\/schema.org","@graph":[{"@type":"Article","@id":"https:\/\/macite.tg\/?p=32352#article","isPartOf":{"@id":"https:\/\/macite.tg\/?p=32352"},"author":{"name":"Jean Pierre BAWELA","@id":"https:\/\/macite.tg\/#\/schema\/person\/e9f2de7e5dbbe7770a9402c7ce82f5c2"},"headline":"CONSOMMATION\u00a0: Le taux d\u2019inflation maintenu \u00e0 0,1% en Juin 2026","datePublished":"2026-07-22T10:29:00+00:00","mainEntityOfPage":{"@id":"https:\/\/macite.tg\/?p=32352"},"wordCount":989,"commentCount":0,"image":{"@id":"https:\/\/macite.tg\/?p=32352#primaryimage"},"thumbnailUrl":"https:\/\/macite.tg\/wp-content\/uploads\/2026\/07\/Agri.jpg","articleSection":["ACTUALITE","CONSOMMATION"],"inLanguage":"fr-FR","potentialAction":[{"@type":"CommentAction","name":"Comment","target":["https:\/\/macite.tg\/?p=32352#respond"]}]},{"@type":"WebPage","@id":"https:\/\/macite.tg\/?p=32352","url":"https:\/\/macite.tg\/?p=32352","name":"CONSOMMATION\u00a0: Le taux d\u2019inflation maintenu \u00e0 0,1% en Juin 2026 -","isPartOf":{"@id":"https:\/\/macite.tg\/#website"},"primaryImageOfPage":{"@id":"https:\/\/macite.tg\/?p=32352#primaryimage"},"image":{"@id":"https:\/\/macite.tg\/?p=32352#primaryimage"},"thumbnailUrl":"https:\/\/macite.tg\/wp-content\/uploads\/2026\/07\/Agri.jpg","datePublished":"2026-07-22T10:29:00+00:00","author":{"@id":"https:\/\/macite.tg\/#\/schema\/person\/e9f2de7e5dbbe7770a9402c7ce82f5c2"},"breadcrumb":{"@id":"https:\/\/macite.tg\/?p=32352#breadcrumb"},"inLanguage":"fr-FR","potentialAction":[{"@type":"ReadAction","target":["https:\/\/macite.tg\/?p=32352"]}]},{"@type":"ImageObject","inLanguage":"fr-FR","@id":"https:\/\/macite.tg\/?p=32352#primaryimage","url":"https:\/\/macite.tg\/wp-content\/uploads\/2026\/07\/Agri.jpg","contentUrl":"https:\/\/macite.tg\/wp-content\/uploads\/2026\/07\/Agri.jpg","width":500,"height":271},{"@type":"BreadcrumbList","@id":"https:\/\/macite.tg\/?p=32352#breadcrumb","itemListElement":[{"@type":"ListItem","position":1,"name":"Accueil","item":"https:\/\/macite.tg\/"},{"@type":"ListItem","position":2,"name":"CONSOMMATION\u00a0: Le taux d\u2019inflation maintenu \u00e0 0,1% en Juin 2026"}]},{"@type":"WebSite","@id":"https:\/\/macite.tg\/#website","url":"https:\/\/macite.tg\/","name":"","description":"L&#039;information, la bonne!!!","potentialAction":[{"@type":"SearchAction","target":{"@type":"EntryPoint","urlTemplate":"https:\/\/macite.tg\/?s={search_term_string}"},"query-input":{"@type":"PropertyValueSpecification","valueRequired":true,"valueName":"search_term_string"}}],"inLanguage":"fr-FR"},{"@type":"Person","@id":"https:\/\/macite.tg\/#\/schema\/person\/e9f2de7e5dbbe7770a9402c7ce82f5c2","name":"Jean Pierre BAWELA","image":{"@type":"ImageObject","inLanguage":"fr-FR","@id":"https:\/\/macite.tg\/wp-content\/uploads\/2023\/09\/WhatsApp-Image-2023-09-19-at-14.44.41-122x122.jpeg","url":"https:\/\/macite.tg\/wp-content\/uploads\/2023\/09\/WhatsApp-Image-2023-09-19-at-14.44.41-122x122.jpeg","contentUrl":"https:\/\/macite.tg\/wp-content\/uploads\/2023\/09\/WhatsApp-Image-2023-09-19-at-14.44.41-122x122.jpeg","caption":"Jean Pierre BAWELA"},"url":"https:\/\/macite.tg\/?author=2"}]}},"_links":{"self":[{"href":"https:\/\/macite.tg\/index.php?rest_route=\/wp\/v2\/posts\/32352","targetHints":{"allow":["GET"]}}],"collection":[{"href":"https:\/\/macite.tg\/index.php?rest_route=\/wp\/v2\/posts"}],"about":[{"href":"https:\/\/macite.tg\/index.php?rest_route=\/wp\/v2\/types\/post"}],"author":[{"embeddable":true,"href":"https:\/\/macite.tg\/index.php?rest_route=\/wp\/v2\/users\/2"}],"replies":[{"embeddable":true,"href":"https:\/\/macite.tg\/index.php?rest_route=%2Fwp%2Fv2%2Fcomments&post=32352"}],"version-history":[{"count":0,"href":"https:\/\/macite.tg\/index.php?rest_route=\/wp\/v2\/posts\/32352\/revisions"}],"wp:featuredmedia":[{"embeddable":true,"href":"https:\/\/macite.tg\/index.php?rest_route=\/wp\/v2\/media\/32347"}],"wp:attachment":[{"href":"https:\/\/macite.tg\/index.php?rest_route=%2Fwp%2Fv2%2Fmedia&parent=32352"}],"wp:term":[{"taxonomy":"category","embeddable":true,"href":"https:\/\/macite.tg\/index.php?rest_route=%2Fwp%2Fv2%2Fcategories&post=32352"},{"taxonomy":"post_tag","embeddable":true,"href":"https:\/\/macite.tg\/index.php?rest_route=%2Fwp%2Fv2%2Ftags&post=32352"}],"curies":[{"name":"wp","href":"https:\/\/api.w.org\/{rel}","templated":true}]}}