{"id":32276,"date":"2026-07-18T16:18:39","date_gmt":"2026-07-18T16:18:39","guid":{"rendered":"https:\/\/macite.tg\/?p=32276"},"modified":"2026-07-18T16:29:59","modified_gmt":"2026-07-18T16:29:59","slug":"evala-2026-lotr-au-coeur-de-la-ferveur-populaire","status":"publish","type":"post","link":"https:\/\/macite.tg\/?p=32276","title":{"rendered":"EVALA 2026 : L\u2019OTR au c\u0153ur de la ferveur populaire"},"content":{"rendered":"\n<p class=\"wp-block-paragraph\"><strong><em>Les luttes traditionnelles Evala 2026 continuent de faire vibrer le nord du Togo. Au-del\u00e0 de l&rsquo;aspect culturel et initiatique, cette \u00e9dition s&rsquo;impose comme un carrefour majeur de proximit\u00e9 entre les institutions de l&rsquo;\u00c9tat et les citoyens. Dans cette ambiance, l\u2019Office Togolais des Recettes (OTR) a marqu\u00e9 sa pr\u00e9sence culturelle et citoyenne.<\/em><\/strong><\/p>\n\n\n\n<p class=\"wp-block-paragraph\">Que ce soit \u00e0 Tchitchao, \u00e0 Yad\u00e8, \u00e0 Pya, les ar\u00e8nes ont vibr\u00e9 au rythme des empoignades spectaculaires, des chants traditionnels et d\u2019une ferveur populaire unique. <\/p>\n\n\n\n<p class=\"wp-block-paragraph\">Cet \u00e9v\u00e9nement incontournable a rassembl\u00e9 des milliers de spectateurs, venus c\u00e9l\u00e9brer le courage et l&rsquo;endurance de la jeunesse de la Kozah. Mais cette ann\u00e9e, la f\u00eate culturelle s&rsquo;est aussi doubl\u00e9e d&rsquo;une opportunit\u00e9 d&rsquo;\u00e9change citoyen.<\/p>\n\n\n<div class=\"wp-block-image\">\n<figure class=\"aligncenter size-full is-resized\"><img loading=\"lazy\" decoding=\"async\" width=\"500\" height=\"154\" src=\"https:\/\/macite.tg\/wp-content\/uploads\/2026\/07\/Otr-eval-2.jpg\" alt=\"\" class=\"wp-image-32279\" style=\"width:738px;height:auto\" srcset=\"https:\/\/macite.tg\/wp-content\/uploads\/2026\/07\/Otr-eval-2.jpg 500w, https:\/\/macite.tg\/wp-content\/uploads\/2026\/07\/Otr-eval-2-300x92.jpg 300w\" sizes=\"auto, (max-width: 500px) 100vw, 500px\" \/><\/figure>\n<\/div>\n\n\n<p class=\"wp-block-paragraph\"><strong>L&rsquo;OTR plus pr\u00e8s des contribuables\u2026 \u00e9coute et sensibilisation au rendez-vous<\/strong><\/p>\n\n\n\n<p class=\"wp-block-paragraph\">Aux c\u00f4t\u00e9s des milliers de participants, l&rsquo;OTR a r\u00e9affirm\u00e9 son engagement de proximit\u00e9. Fid\u00e8le \u00e0 sa politique d&rsquo;ouverture, l&rsquo;administration fiscale est all\u00e9e directement \u00e0 la rencontre des citoyens et des op\u00e9rateurs \u00e9conomiques pr\u00e9sents. <\/p>\n\n\n\n<p class=\"wp-block-paragraph\">L\u2019objectif est d\u2019informer, sensibiliser et r\u00e9pondre en direct aux pr\u00e9occupations des contribuables sur le civisme fiscal et les nouvelles facilit\u00e9s administratives.<\/p>\n\n\n<div class=\"wp-block-image\">\n<figure class=\"aligncenter size-full is-resized\"><img loading=\"lazy\" decoding=\"async\" width=\"500\" height=\"168\" src=\"https:\/\/macite.tg\/wp-content\/uploads\/2026\/07\/Otr-eval3.jpg\" alt=\"\" class=\"wp-image-32280\" style=\"width:824px;height:auto\" srcset=\"https:\/\/macite.tg\/wp-content\/uploads\/2026\/07\/Otr-eval3.jpg 500w, https:\/\/macite.tg\/wp-content\/uploads\/2026\/07\/Otr-eval3-300x101.jpg 300w\" sizes=\"auto, (max-width: 500px) 100vw, 500px\" \/><\/figure>\n<\/div>\n\n\n<p class=\"wp-block-paragraph\">Les \u00e9quipes de l&rsquo;OTR ont transform\u00e9 l&rsquo;effervescence d&rsquo;Evala en un moment privil\u00e9gi\u00e9 de dialogue et de p\u00e9dagogie, prouvant que l&rsquo;imp\u00f4t est avant tout un outil de d\u00e9veloppement participatif.<\/p>\n\n\n\n<p class=\"wp-block-paragraph\"><strong>La R\u00e9daction<\/strong><\/p>\n\n\n\n<p class=\"wp-block-paragraph\"><a><strong><em>@macite.tg&nbsp;&nbsp;&nbsp;&nbsp;&nbsp;&nbsp;&nbsp;&nbsp;<\/em><\/strong><\/a><\/p>\n\n\n\n<p class=\"wp-block-paragraph\"><strong><em>E-mail&nbsp;: <\/em><\/strong><a href=\"mailto:maciteinfo@gmail.com\"><strong><em>maciteinfo@gmail.com<\/em><\/strong><\/a><strong><em>; <\/em><\/strong><a href=\"mailto:bawela1@gmail.com\"><strong><em>bawela1@gmail.com<\/em><\/strong><\/a><strong><em><\/em><\/strong><\/p>\n\n\n\n<p class=\"wp-block-paragraph\"><strong><em>Pour vos annonces, publi-reportages, etc., joignez-nous au (00228)91515309\/<strong>79872224 <\/strong><strong><\/strong><\/em><\/strong><\/p>\n\n\n\n<p class=\"wp-block-paragraph\"><strong><em>www.macite.tg, L\u2019information, la bonne&nbsp;!<\/em><\/strong><\/p>\n\n\n\n<p class=\"wp-block-paragraph\"><\/p>\n","protected":false},"excerpt":{"rendered":"<p class=\"text-justify mb-2\" >Les luttes traditionnelles Evala 2026 continuent de faire vibrer le nord du Togo. Au-del\u00e0 de l&rsquo;aspect culturel et initiatique, cette \u00e9dition s&rsquo;impose comme un carrefour majeur de proximit\u00e9 entre les institutions de l&rsquo;\u00c9tat et les citoyens. Dans cette ambiance, l\u2019Office Togolais des Recettes (OTR) a [&hellip;]<\/p>\n","protected":false},"author":2,"featured_media":32277,"comment_status":"open","ping_status":"open","sticky":false,"template":"","format":"standard","meta":{"footnotes":""},"categories":[20,73],"tags":[],"class_list":["post-32276","post","type-post","status-publish","format-standard","has-post-thumbnail","hentry","category-actualite","category-inclusion"],"yoast_head":"<!-- This site is optimized with the Yoast SEO plugin v28.4 - https:\/\/yoast.com\/product\/yoast-seo-wordpress\/ -->\n<title>EVALA 2026 : L\u2019OTR au c\u0153ur de la ferveur populaire -<\/title>\n<meta name=\"robots\" content=\"index, follow, max-snippet:-1, max-image-preview:large, max-video-preview:-1\" \/>\n<link rel=\"canonical\" href=\"https:\/\/macite.tg\/?p=32276\" \/>\n<meta property=\"og:locale\" content=\"fr_FR\" \/>\n<meta property=\"og:type\" content=\"article\" \/>\n<meta property=\"og:title\" content=\"EVALA 2026 : L\u2019OTR au c\u0153ur de la ferveur populaire -\" \/>\n<meta property=\"og:description\" content=\"Les luttes traditionnelles Evala 2026 continuent de faire vibrer le nord du Togo. Au-del\u00e0 de l&rsquo;aspect culturel et initiatique, cette \u00e9dition s&rsquo;impose comme un carrefour majeur de proximit\u00e9 entre les institutions de l&rsquo;\u00c9tat et les citoyens. Dans cette ambiance, l\u2019Office Togolais des Recettes (OTR) a [&hellip;]\" \/>\n<meta property=\"og:url\" content=\"https:\/\/macite.tg\/?p=32276\" \/>\n<meta property=\"article:published_time\" content=\"2026-07-18T16:18:39+00:00\" \/>\n<meta property=\"article:modified_time\" content=\"2026-07-18T16:29:59+00:00\" \/>\n<meta property=\"og:image\" content=\"https:\/\/macite.tg\/wp-content\/uploads\/2026\/07\/Otr-evala.jpg\" \/>\n\t<meta property=\"og:image:width\" content=\"500\" \/>\n\t<meta property=\"og:image:height\" content=\"157\" \/>\n\t<meta property=\"og:image:type\" content=\"image\/jpeg\" \/>\n<meta name=\"author\" content=\"Jean Pierre BAWELA\" \/>\n<meta name=\"twitter:card\" content=\"summary_large_image\" \/>\n<meta name=\"twitter:label1\" content=\"\u00c9crit par\" \/>\n\t<meta name=\"twitter:data1\" content=\"Jean Pierre BAWELA\" \/>\n\t<meta name=\"twitter:label2\" content=\"Dur\u00e9e de lecture estim\u00e9e\" \/>\n\t<meta name=\"twitter:data2\" content=\"2 minutes\" \/>\n<script type=\"application\/ld+json\" class=\"yoast-schema-graph\">{\"@context\":\"https:\\\/\\\/schema.org\",\"@graph\":[{\"@type\":\"Article\",\"@id\":\"https:\\\/\\\/macite.tg\\\/?p=32276#article\",\"isPartOf\":{\"@id\":\"https:\\\/\\\/macite.tg\\\/?p=32276\"},\"author\":{\"name\":\"Jean Pierre BAWELA\",\"@id\":\"https:\\\/\\\/macite.tg\\\/#\\\/schema\\\/person\\\/e9f2de7e5dbbe7770a9402c7ce82f5c2\"},\"headline\":\"EVALA 2026 : L\u2019OTR au c\u0153ur de la ferveur populaire\",\"datePublished\":\"2026-07-18T16:18:39+00:00\",\"dateModified\":\"2026-07-18T16:29:59+00:00\",\"mainEntityOfPage\":{\"@id\":\"https:\\\/\\\/macite.tg\\\/?p=32276\"},\"wordCount\":285,\"commentCount\":0,\"image\":{\"@id\":\"https:\\\/\\\/macite.tg\\\/?p=32276#primaryimage\"},\"thumbnailUrl\":\"https:\\\/\\\/macite.tg\\\/wp-content\\\/uploads\\\/2026\\\/07\\\/Otr-evala.jpg\",\"articleSection\":[\"ACTUALITE\",\"INCLUSION\"],\"inLanguage\":\"fr-FR\",\"potentialAction\":[{\"@type\":\"CommentAction\",\"name\":\"Comment\",\"target\":[\"https:\\\/\\\/macite.tg\\\/?p=32276#respond\"]}]},{\"@type\":\"WebPage\",\"@id\":\"https:\\\/\\\/macite.tg\\\/?p=32276\",\"url\":\"https:\\\/\\\/macite.tg\\\/?p=32276\",\"name\":\"EVALA 2026 : L\u2019OTR au c\u0153ur de la ferveur populaire -\",\"isPartOf\":{\"@id\":\"https:\\\/\\\/macite.tg\\\/#website\"},\"primaryImageOfPage\":{\"@id\":\"https:\\\/\\\/macite.tg\\\/?p=32276#primaryimage\"},\"image\":{\"@id\":\"https:\\\/\\\/macite.tg\\\/?p=32276#primaryimage\"},\"thumbnailUrl\":\"https:\\\/\\\/macite.tg\\\/wp-content\\\/uploads\\\/2026\\\/07\\\/Otr-evala.jpg\",\"datePublished\":\"2026-07-18T16:18:39+00:00\",\"dateModified\":\"2026-07-18T16:29:59+00:00\",\"author\":{\"@id\":\"https:\\\/\\\/macite.tg\\\/#\\\/schema\\\/person\\\/e9f2de7e5dbbe7770a9402c7ce82f5c2\"},\"breadcrumb\":{\"@id\":\"https:\\\/\\\/macite.tg\\\/?p=32276#breadcrumb\"},\"inLanguage\":\"fr-FR\",\"potentialAction\":[{\"@type\":\"ReadAction\",\"target\":[\"https:\\\/\\\/macite.tg\\\/?p=32276\"]}]},{\"@type\":\"ImageObject\",\"inLanguage\":\"fr-FR\",\"@id\":\"https:\\\/\\\/macite.tg\\\/?p=32276#primaryimage\",\"url\":\"https:\\\/\\\/macite.tg\\\/wp-content\\\/uploads\\\/2026\\\/07\\\/Otr-evala.jpg\",\"contentUrl\":\"https:\\\/\\\/macite.tg\\\/wp-content\\\/uploads\\\/2026\\\/07\\\/Otr-evala.jpg\",\"width\":500,\"height\":157},{\"@type\":\"BreadcrumbList\",\"@id\":\"https:\\\/\\\/macite.tg\\\/?p=32276#breadcrumb\",\"itemListElement\":[{\"@type\":\"ListItem\",\"position\":1,\"name\":\"Accueil\",\"item\":\"https:\\\/\\\/macite.tg\\\/\"},{\"@type\":\"ListItem\",\"position\":2,\"name\":\"EVALA 2026 : L\u2019OTR au c\u0153ur de la ferveur populaire\"}]},{\"@type\":\"WebSite\",\"@id\":\"https:\\\/\\\/macite.tg\\\/#website\",\"url\":\"https:\\\/\\\/macite.tg\\\/\",\"name\":\"\",\"description\":\"L&#039;information, la bonne!!!\",\"potentialAction\":[{\"@type\":\"SearchAction\",\"target\":{\"@type\":\"EntryPoint\",\"urlTemplate\":\"https:\\\/\\\/macite.tg\\\/?s={search_term_string}\"},\"query-input\":{\"@type\":\"PropertyValueSpecification\",\"valueRequired\":true,\"valueName\":\"search_term_string\"}}],\"inLanguage\":\"fr-FR\"},{\"@type\":\"Person\",\"@id\":\"https:\\\/\\\/macite.tg\\\/#\\\/schema\\\/person\\\/e9f2de7e5dbbe7770a9402c7ce82f5c2\",\"name\":\"Jean Pierre BAWELA\",\"image\":{\"@type\":\"ImageObject\",\"inLanguage\":\"fr-FR\",\"@id\":\"https:\\\/\\\/macite.tg\\\/wp-content\\\/uploads\\\/2023\\\/09\\\/WhatsApp-Image-2023-09-19-at-14.44.41-122x122.jpeg\",\"url\":\"https:\\\/\\\/macite.tg\\\/wp-content\\\/uploads\\\/2023\\\/09\\\/WhatsApp-Image-2023-09-19-at-14.44.41-122x122.jpeg\",\"contentUrl\":\"https:\\\/\\\/macite.tg\\\/wp-content\\\/uploads\\\/2023\\\/09\\\/WhatsApp-Image-2023-09-19-at-14.44.41-122x122.jpeg\",\"caption\":\"Jean Pierre BAWELA\"},\"url\":\"https:\\\/\\\/macite.tg\\\/?author=2\"}]}<\/script>\n<!-- \/ Yoast SEO plugin. -->","yoast_head_json":{"title":"EVALA 2026 : L\u2019OTR au c\u0153ur de la ferveur populaire -","robots":{"index":"index","follow":"follow","max-snippet":"max-snippet:-1","max-image-preview":"max-image-preview:large","max-video-preview":"max-video-preview:-1"},"canonical":"https:\/\/macite.tg\/?p=32276","og_locale":"fr_FR","og_type":"article","og_title":"EVALA 2026 : L\u2019OTR au c\u0153ur de la ferveur populaire -","og_description":"Les luttes traditionnelles Evala 2026 continuent de faire vibrer le nord du Togo. Au-del\u00e0 de l&rsquo;aspect culturel et initiatique, cette \u00e9dition s&rsquo;impose comme un carrefour majeur de proximit\u00e9 entre les institutions de l&rsquo;\u00c9tat et les citoyens. Dans cette ambiance, l\u2019Office Togolais des Recettes (OTR) a [&hellip;]","og_url":"https:\/\/macite.tg\/?p=32276","article_published_time":"2026-07-18T16:18:39+00:00","article_modified_time":"2026-07-18T16:29:59+00:00","og_image":[{"width":500,"height":157,"url":"https:\/\/macite.tg\/wp-content\/uploads\/2026\/07\/Otr-evala.jpg","type":"image\/jpeg"}],"author":"Jean Pierre BAWELA","twitter_card":"summary_large_image","twitter_misc":{"\u00c9crit par":"Jean Pierre BAWELA","Dur\u00e9e de lecture estim\u00e9e":"2 minutes"},"schema":{"@context":"https:\/\/schema.org","@graph":[{"@type":"Article","@id":"https:\/\/macite.tg\/?p=32276#article","isPartOf":{"@id":"https:\/\/macite.tg\/?p=32276"},"author":{"name":"Jean Pierre BAWELA","@id":"https:\/\/macite.tg\/#\/schema\/person\/e9f2de7e5dbbe7770a9402c7ce82f5c2"},"headline":"EVALA 2026 : L\u2019OTR au c\u0153ur de la ferveur populaire","datePublished":"2026-07-18T16:18:39+00:00","dateModified":"2026-07-18T16:29:59+00:00","mainEntityOfPage":{"@id":"https:\/\/macite.tg\/?p=32276"},"wordCount":285,"commentCount":0,"image":{"@id":"https:\/\/macite.tg\/?p=32276#primaryimage"},"thumbnailUrl":"https:\/\/macite.tg\/wp-content\/uploads\/2026\/07\/Otr-evala.jpg","articleSection":["ACTUALITE","INCLUSION"],"inLanguage":"fr-FR","potentialAction":[{"@type":"CommentAction","name":"Comment","target":["https:\/\/macite.tg\/?p=32276#respond"]}]},{"@type":"WebPage","@id":"https:\/\/macite.tg\/?p=32276","url":"https:\/\/macite.tg\/?p=32276","name":"EVALA 2026 : L\u2019OTR au c\u0153ur de la ferveur populaire -","isPartOf":{"@id":"https:\/\/macite.tg\/#website"},"primaryImageOfPage":{"@id":"https:\/\/macite.tg\/?p=32276#primaryimage"},"image":{"@id":"https:\/\/macite.tg\/?p=32276#primaryimage"},"thumbnailUrl":"https:\/\/macite.tg\/wp-content\/uploads\/2026\/07\/Otr-evala.jpg","datePublished":"2026-07-18T16:18:39+00:00","dateModified":"2026-07-18T16:29:59+00:00","author":{"@id":"https:\/\/macite.tg\/#\/schema\/person\/e9f2de7e5dbbe7770a9402c7ce82f5c2"},"breadcrumb":{"@id":"https:\/\/macite.tg\/?p=32276#breadcrumb"},"inLanguage":"fr-FR","potentialAction":[{"@type":"ReadAction","target":["https:\/\/macite.tg\/?p=32276"]}]},{"@type":"ImageObject","inLanguage":"fr-FR","@id":"https:\/\/macite.tg\/?p=32276#primaryimage","url":"https:\/\/macite.tg\/wp-content\/uploads\/2026\/07\/Otr-evala.jpg","contentUrl":"https:\/\/macite.tg\/wp-content\/uploads\/2026\/07\/Otr-evala.jpg","width":500,"height":157},{"@type":"BreadcrumbList","@id":"https:\/\/macite.tg\/?p=32276#breadcrumb","itemListElement":[{"@type":"ListItem","position":1,"name":"Accueil","item":"https:\/\/macite.tg\/"},{"@type":"ListItem","position":2,"name":"EVALA 2026 : L\u2019OTR au c\u0153ur de la ferveur populaire"}]},{"@type":"WebSite","@id":"https:\/\/macite.tg\/#website","url":"https:\/\/macite.tg\/","name":"","description":"L&#039;information, la bonne!!!","potentialAction":[{"@type":"SearchAction","target":{"@type":"EntryPoint","urlTemplate":"https:\/\/macite.tg\/?s={search_term_string}"},"query-input":{"@type":"PropertyValueSpecification","valueRequired":true,"valueName":"search_term_string"}}],"inLanguage":"fr-FR"},{"@type":"Person","@id":"https:\/\/macite.tg\/#\/schema\/person\/e9f2de7e5dbbe7770a9402c7ce82f5c2","name":"Jean Pierre BAWELA","image":{"@type":"ImageObject","inLanguage":"fr-FR","@id":"https:\/\/macite.tg\/wp-content\/uploads\/2023\/09\/WhatsApp-Image-2023-09-19-at-14.44.41-122x122.jpeg","url":"https:\/\/macite.tg\/wp-content\/uploads\/2023\/09\/WhatsApp-Image-2023-09-19-at-14.44.41-122x122.jpeg","contentUrl":"https:\/\/macite.tg\/wp-content\/uploads\/2023\/09\/WhatsApp-Image-2023-09-19-at-14.44.41-122x122.jpeg","caption":"Jean Pierre BAWELA"},"url":"https:\/\/macite.tg\/?author=2"}]}},"_links":{"self":[{"href":"https:\/\/macite.tg\/index.php?rest_route=\/wp\/v2\/posts\/32276","targetHints":{"allow":["GET"]}}],"collection":[{"href":"https:\/\/macite.tg\/index.php?rest_route=\/wp\/v2\/posts"}],"about":[{"href":"https:\/\/macite.tg\/index.php?rest_route=\/wp\/v2\/types\/post"}],"author":[{"embeddable":true,"href":"https:\/\/macite.tg\/index.php?rest_route=\/wp\/v2\/users\/2"}],"replies":[{"embeddable":true,"href":"https:\/\/macite.tg\/index.php?rest_route=%2Fwp%2Fv2%2Fcomments&post=32276"}],"version-history":[{"count":0,"href":"https:\/\/macite.tg\/index.php?rest_route=\/wp\/v2\/posts\/32276\/revisions"}],"wp:featuredmedia":[{"embeddable":true,"href":"https:\/\/macite.tg\/index.php?rest_route=\/wp\/v2\/media\/32277"}],"wp:attachment":[{"href":"https:\/\/macite.tg\/index.php?rest_route=%2Fwp%2Fv2%2Fmedia&parent=32276"}],"wp:term":[{"taxonomy":"category","embeddable":true,"href":"https:\/\/macite.tg\/index.php?rest_route=%2Fwp%2Fv2%2Fcategories&post=32276"},{"taxonomy":"post_tag","embeddable":true,"href":"https:\/\/macite.tg\/index.php?rest_route=%2Fwp%2Fv2%2Ftags&post=32276"}],"curies":[{"name":"wp","href":"https:\/\/api.w.org\/{rel}","templated":true}]}}