{"id":32250,"date":"2026-07-17T20:19:13","date_gmt":"2026-07-17T20:19:13","guid":{"rendered":"https:\/\/macite.tg\/?p=32250"},"modified":"2026-07-17T20:19:37","modified_gmt":"2026-07-17T20:19:37","slug":"luttes-traditionnelles-evala-2026-ferveur-culturelle-et-communion-populaire-a-pya-et-yaka","status":"publish","type":"post","link":"https:\/\/macite.tg\/?p=32250","title":{"rendered":"LUTTES TRADITIONNELLES EVALA 2026 : Ferveur culturelle et communion populaire \u00e0 Pya et Yaka"},"content":{"rendered":"\n<p class=\"wp-block-paragraph\"><strong><em>Rendez-vous annuel et pilier de l&rsquo;identit\u00e9 kaby\u00e8, les luttes traditionnelles Evala 2026 ont atteint leur vitesse de croisi\u00e8re le jeudi 16 juillet dernier. La finale du canton de Pya s\u2019est d\u00e9roul\u00e9e en pr\u00e9sence du Pr\u00e9sident du Conseil, Faure Gnassingb\u00e9. ce rendez-vous a une nouvelle fois transform\u00e9 la r\u00e9gion de la Kara en \u00e9picentre culturel du Togo.<\/em><\/strong><\/p>\n\n\n\n<p class=\"wp-block-paragraph\">Venus des quatre coins du pays et de l&rsquo;\u00e9tranger, les spectateurs ont massivement investi les ar\u00e8nes pour observer ce rituel initiatique parmi les plus embl\u00e9matiques du pays.<\/p>\n\n\n\n<p class=\"wp-block-paragraph\">Sur le terrain, les jeunes lutteurs des diff\u00e9rentes coalitions ont livr\u00e9 des combats d&rsquo;une grande intensit\u00e9. Au-del\u00e0 de la d\u00e9monstration de force et de la ma\u00eetrise technique, la journ\u00e9e a \u00e9t\u00e9 plac\u00e9e sous le signe du fair-play et du respect des r\u00e8gles ancestrales.<\/p>\n\n\n<div class=\"wp-block-image\">\n<figure class=\"aligncenter size-large is-resized\"><img loading=\"lazy\" decoding=\"async\" width=\"1024\" height=\"787\" src=\"https:\/\/macite.tg\/wp-content\/uploads\/2026\/07\/26919de8-9548-472d-bb6c-643d769a3b50-1024x787.jpg\" alt=\"\" class=\"wp-image-32252\" style=\"aspect-ratio:1.301159329089721;width:556px;height:auto\" srcset=\"https:\/\/macite.tg\/wp-content\/uploads\/2026\/07\/26919de8-9548-472d-bb6c-643d769a3b50-1024x787.jpg 1024w, https:\/\/macite.tg\/wp-content\/uploads\/2026\/07\/26919de8-9548-472d-bb6c-643d769a3b50-300x231.jpg 300w, https:\/\/macite.tg\/wp-content\/uploads\/2026\/07\/26919de8-9548-472d-bb6c-643d769a3b50-768x590.jpg 768w, https:\/\/macite.tg\/wp-content\/uploads\/2026\/07\/26919de8-9548-472d-bb6c-643d769a3b50.jpg 1280w\" sizes=\"auto, (max-width: 1024px) 100vw, 1024px\" \/><\/figure>\n<\/div>\n\n\n<p class=\"wp-block-paragraph\">Les Evala ne se r\u00e9sument pas \u00e0 un simple tournoi sportif. Ils constituent une v\u00e9ritable \u00e9cole de la vie, ax\u00e9e sur le courage, la discipline et la solidarit\u00e9.<\/p>\n\n\n\n<p class=\"wp-block-paragraph\">Le chef de l&rsquo;ex\u00e9cutif &nbsp;a prolong\u00e9 cette immersion culturelle en se rendant \u00e9galement \u00e0 la finale de Yaka, qui opposait les lutteurs de Yaka Bas \u00e0 ceux de Yaka Haut, dans une ambiance tout aussi \u00e9lectrique.<\/p>\n\n\n\n<p class=\"wp-block-paragraph\"><strong>Un levier pour le tourisme et la coh\u00e9sion sociale<\/strong><\/p>\n\n\n\n<p class=\"wp-block-paragraph\">Autour des ar\u00e8nes, la f\u00eate a largement d\u00e9pass\u00e9 le cadre des combats. Les chants traditionnels, les danses folkloriques et les expositions artisanales ont rythm\u00e9 la journ\u00e9e, transformant l&rsquo;\u00e9v\u00e9nement en un carrefour d&rsquo;\u00e9changes interg\u00e9n\u00e9rationnels.<\/p>\n\n\n\n<figure class=\"wp-block-image size-full is-resized\"><img loading=\"lazy\" decoding=\"async\" width=\"500\" height=\"112\" src=\"https:\/\/macite.tg\/wp-content\/uploads\/2026\/07\/RENDEZVOUS.jpg\" alt=\"\" class=\"wp-image-32253\" style=\"width:786px;height:auto\" srcset=\"https:\/\/macite.tg\/wp-content\/uploads\/2026\/07\/RENDEZVOUS.jpg 500w, https:\/\/macite.tg\/wp-content\/uploads\/2026\/07\/RENDEZVOUS-300x67.jpg 300w\" sizes=\"auto, (max-width: 500px) 100vw, 500px\" \/><\/figure>\n\n\n\n<p class=\"wp-block-paragraph\">Plus qu\u2019une c\u00e9l\u00e9bration locale, les Evala s\u2019imposent aujourd&rsquo;hui comme un puissant vecteur de coh\u00e9sion sociale, de promotion touristique et de rayonnement international pour le Togo.<\/p>\n\n\n\n<p class=\"wp-block-paragraph\">En associant sport, culture et transmission de valeurs, cette \u00e9dition 2026 prouve que la tradition kaby\u00e8 reste un patrimoine vivant, capable de rassembler et de dynamiser l&rsquo;\u00e9conomie locale.<\/p>\n\n\n\n<p class=\"wp-block-paragraph\"><a><strong><em>@macite.tg&nbsp;&nbsp;&nbsp;&nbsp;&nbsp;&nbsp;&nbsp;&nbsp;<\/em><\/strong><\/a><\/p>\n\n\n\n<p class=\"wp-block-paragraph\"><strong><em>E-mail&nbsp;: <\/em><\/strong><a href=\"mailto:maciteinfo@gmail.com\"><strong><em>maciteinfo@gmail.com<\/em><\/strong><\/a><strong><em>; <\/em><\/strong><a href=\"mailto:bawela1@gmail.com\"><strong><em>bawela1@gmail.com<\/em><\/strong><\/a><strong><em><\/em><\/strong><\/p>\n\n\n\n<p class=\"wp-block-paragraph\"><strong><em>Pour vos annonces, publi-reportages, etc., joignez-nous au (00228)91515309\/<strong>79872224 <\/strong><strong><\/strong><\/em><\/strong><\/p>\n\n\n\n<p class=\"wp-block-paragraph\"><strong><em>www.macite.tg, L\u2019information, la bonne&nbsp;!<\/em><\/strong><\/p>\n\n\n\n<p class=\"wp-block-paragraph\"><\/p>\n","protected":false},"excerpt":{"rendered":"<p class=\"text-justify mb-2\" >Rendez-vous annuel et pilier de l&rsquo;identit\u00e9 kaby\u00e8, les luttes traditionnelles Evala 2026 ont atteint leur vitesse de croisi\u00e8re le jeudi 16 juillet dernier. La finale du canton de Pya s\u2019est d\u00e9roul\u00e9e en pr\u00e9sence du Pr\u00e9sident du Conseil, Faure Gnassingb\u00e9. ce rendez-vous a une nouvelle fois [&hellip;]<\/p>\n","protected":false},"author":2,"featured_media":32251,"comment_status":"open","ping_status":"open","sticky":false,"template":"","format":"standard","meta":{"footnotes":""},"categories":[20,18],"tags":[],"class_list":["post-32250","post","type-post","status-publish","format-standard","has-post-thumbnail","hentry","category-actualite","category-culture"],"yoast_head":"<!-- This site is optimized with the Yoast SEO plugin v28.4 - https:\/\/yoast.com\/product\/yoast-seo-wordpress\/ -->\n<title>LUTTES TRADITIONNELLES EVALA 2026 : Ferveur culturelle et communion populaire \u00e0 Pya et Yaka -<\/title>\n<meta name=\"robots\" content=\"index, follow, max-snippet:-1, max-image-preview:large, max-video-preview:-1\" \/>\n<link rel=\"canonical\" href=\"https:\/\/macite.tg\/?p=32250\" \/>\n<meta property=\"og:locale\" content=\"fr_FR\" \/>\n<meta property=\"og:type\" content=\"article\" \/>\n<meta property=\"og:title\" content=\"LUTTES TRADITIONNELLES EVALA 2026 : Ferveur culturelle et communion populaire \u00e0 Pya et Yaka -\" \/>\n<meta property=\"og:description\" content=\"Rendez-vous annuel et pilier de l&rsquo;identit\u00e9 kaby\u00e8, les luttes traditionnelles Evala 2026 ont atteint leur vitesse de croisi\u00e8re le jeudi 16 juillet dernier. La finale du canton de Pya s\u2019est d\u00e9roul\u00e9e en pr\u00e9sence du Pr\u00e9sident du Conseil, Faure Gnassingb\u00e9. ce rendez-vous a une nouvelle fois [&hellip;]\" \/>\n<meta property=\"og:url\" content=\"https:\/\/macite.tg\/?p=32250\" \/>\n<meta property=\"article:published_time\" content=\"2026-07-17T20:19:13+00:00\" \/>\n<meta property=\"article:modified_time\" content=\"2026-07-17T20:19:37+00:00\" \/>\n<meta property=\"og:image\" content=\"https:\/\/macite.tg\/wp-content\/uploads\/2026\/07\/PYA.jpg\" \/>\n\t<meta property=\"og:image:width\" content=\"500\" \/>\n\t<meta property=\"og:image:height\" content=\"224\" \/>\n\t<meta property=\"og:image:type\" content=\"image\/jpeg\" \/>\n<meta name=\"author\" content=\"Jean Pierre BAWELA\" \/>\n<meta name=\"twitter:card\" content=\"summary_large_image\" \/>\n<meta name=\"twitter:label1\" content=\"\u00c9crit par\" \/>\n\t<meta name=\"twitter:data1\" content=\"Jean Pierre BAWELA\" \/>\n\t<meta name=\"twitter:label2\" content=\"Dur\u00e9e de lecture estim\u00e9e\" \/>\n\t<meta name=\"twitter:data2\" content=\"3 minutes\" \/>\n<script type=\"application\/ld+json\" class=\"yoast-schema-graph\">{\"@context\":\"https:\\\/\\\/schema.org\",\"@graph\":[{\"@type\":\"Article\",\"@id\":\"https:\\\/\\\/macite.tg\\\/?p=32250#article\",\"isPartOf\":{\"@id\":\"https:\\\/\\\/macite.tg\\\/?p=32250\"},\"author\":{\"name\":\"Jean Pierre BAWELA\",\"@id\":\"https:\\\/\\\/macite.tg\\\/#\\\/schema\\\/person\\\/e9f2de7e5dbbe7770a9402c7ce82f5c2\"},\"headline\":\"LUTTES TRADITIONNELLES EVALA 2026 : Ferveur culturelle et communion populaire \u00e0 Pya et Yaka\",\"datePublished\":\"2026-07-17T20:19:13+00:00\",\"dateModified\":\"2026-07-17T20:19:37+00:00\",\"mainEntityOfPage\":{\"@id\":\"https:\\\/\\\/macite.tg\\\/?p=32250\"},\"wordCount\":364,\"commentCount\":0,\"image\":{\"@id\":\"https:\\\/\\\/macite.tg\\\/?p=32250#primaryimage\"},\"thumbnailUrl\":\"https:\\\/\\\/macite.tg\\\/wp-content\\\/uploads\\\/2026\\\/07\\\/PYA.jpg\",\"articleSection\":[\"ACTUALITE\",\"CULTURE\"],\"inLanguage\":\"fr-FR\",\"potentialAction\":[{\"@type\":\"CommentAction\",\"name\":\"Comment\",\"target\":[\"https:\\\/\\\/macite.tg\\\/?p=32250#respond\"]}]},{\"@type\":\"WebPage\",\"@id\":\"https:\\\/\\\/macite.tg\\\/?p=32250\",\"url\":\"https:\\\/\\\/macite.tg\\\/?p=32250\",\"name\":\"LUTTES TRADITIONNELLES EVALA 2026 : Ferveur culturelle et communion populaire \u00e0 Pya et Yaka -\",\"isPartOf\":{\"@id\":\"https:\\\/\\\/macite.tg\\\/#website\"},\"primaryImageOfPage\":{\"@id\":\"https:\\\/\\\/macite.tg\\\/?p=32250#primaryimage\"},\"image\":{\"@id\":\"https:\\\/\\\/macite.tg\\\/?p=32250#primaryimage\"},\"thumbnailUrl\":\"https:\\\/\\\/macite.tg\\\/wp-content\\\/uploads\\\/2026\\\/07\\\/PYA.jpg\",\"datePublished\":\"2026-07-17T20:19:13+00:00\",\"dateModified\":\"2026-07-17T20:19:37+00:00\",\"author\":{\"@id\":\"https:\\\/\\\/macite.tg\\\/#\\\/schema\\\/person\\\/e9f2de7e5dbbe7770a9402c7ce82f5c2\"},\"breadcrumb\":{\"@id\":\"https:\\\/\\\/macite.tg\\\/?p=32250#breadcrumb\"},\"inLanguage\":\"fr-FR\",\"potentialAction\":[{\"@type\":\"ReadAction\",\"target\":[\"https:\\\/\\\/macite.tg\\\/?p=32250\"]}]},{\"@type\":\"ImageObject\",\"inLanguage\":\"fr-FR\",\"@id\":\"https:\\\/\\\/macite.tg\\\/?p=32250#primaryimage\",\"url\":\"https:\\\/\\\/macite.tg\\\/wp-content\\\/uploads\\\/2026\\\/07\\\/PYA.jpg\",\"contentUrl\":\"https:\\\/\\\/macite.tg\\\/wp-content\\\/uploads\\\/2026\\\/07\\\/PYA.jpg\",\"width\":500,\"height\":224},{\"@type\":\"BreadcrumbList\",\"@id\":\"https:\\\/\\\/macite.tg\\\/?p=32250#breadcrumb\",\"itemListElement\":[{\"@type\":\"ListItem\",\"position\":1,\"name\":\"Accueil\",\"item\":\"https:\\\/\\\/macite.tg\\\/\"},{\"@type\":\"ListItem\",\"position\":2,\"name\":\"LUTTES TRADITIONNELLES EVALA 2026 : Ferveur culturelle et communion populaire \u00e0 Pya et Yaka\"}]},{\"@type\":\"WebSite\",\"@id\":\"https:\\\/\\\/macite.tg\\\/#website\",\"url\":\"https:\\\/\\\/macite.tg\\\/\",\"name\":\"\",\"description\":\"L&#039;information, la bonne!!!\",\"potentialAction\":[{\"@type\":\"SearchAction\",\"target\":{\"@type\":\"EntryPoint\",\"urlTemplate\":\"https:\\\/\\\/macite.tg\\\/?s={search_term_string}\"},\"query-input\":{\"@type\":\"PropertyValueSpecification\",\"valueRequired\":true,\"valueName\":\"search_term_string\"}}],\"inLanguage\":\"fr-FR\"},{\"@type\":\"Person\",\"@id\":\"https:\\\/\\\/macite.tg\\\/#\\\/schema\\\/person\\\/e9f2de7e5dbbe7770a9402c7ce82f5c2\",\"name\":\"Jean Pierre BAWELA\",\"image\":{\"@type\":\"ImageObject\",\"inLanguage\":\"fr-FR\",\"@id\":\"https:\\\/\\\/macite.tg\\\/wp-content\\\/uploads\\\/2023\\\/09\\\/WhatsApp-Image-2023-09-19-at-14.44.41-122x122.jpeg\",\"url\":\"https:\\\/\\\/macite.tg\\\/wp-content\\\/uploads\\\/2023\\\/09\\\/WhatsApp-Image-2023-09-19-at-14.44.41-122x122.jpeg\",\"contentUrl\":\"https:\\\/\\\/macite.tg\\\/wp-content\\\/uploads\\\/2023\\\/09\\\/WhatsApp-Image-2023-09-19-at-14.44.41-122x122.jpeg\",\"caption\":\"Jean Pierre BAWELA\"},\"url\":\"https:\\\/\\\/macite.tg\\\/?author=2\"}]}<\/script>\n<!-- \/ Yoast SEO plugin. -->","yoast_head_json":{"title":"LUTTES TRADITIONNELLES EVALA 2026 : Ferveur culturelle et communion populaire \u00e0 Pya et Yaka -","robots":{"index":"index","follow":"follow","max-snippet":"max-snippet:-1","max-image-preview":"max-image-preview:large","max-video-preview":"max-video-preview:-1"},"canonical":"https:\/\/macite.tg\/?p=32250","og_locale":"fr_FR","og_type":"article","og_title":"LUTTES TRADITIONNELLES EVALA 2026 : Ferveur culturelle et communion populaire \u00e0 Pya et Yaka -","og_description":"Rendez-vous annuel et pilier de l&rsquo;identit\u00e9 kaby\u00e8, les luttes traditionnelles Evala 2026 ont atteint leur vitesse de croisi\u00e8re le jeudi 16 juillet dernier. La finale du canton de Pya s\u2019est d\u00e9roul\u00e9e en pr\u00e9sence du Pr\u00e9sident du Conseil, Faure Gnassingb\u00e9. ce rendez-vous a une nouvelle fois [&hellip;]","og_url":"https:\/\/macite.tg\/?p=32250","article_published_time":"2026-07-17T20:19:13+00:00","article_modified_time":"2026-07-17T20:19:37+00:00","og_image":[{"width":500,"height":224,"url":"https:\/\/macite.tg\/wp-content\/uploads\/2026\/07\/PYA.jpg","type":"image\/jpeg"}],"author":"Jean Pierre BAWELA","twitter_card":"summary_large_image","twitter_misc":{"\u00c9crit par":"Jean Pierre BAWELA","Dur\u00e9e de lecture estim\u00e9e":"3 minutes"},"schema":{"@context":"https:\/\/schema.org","@graph":[{"@type":"Article","@id":"https:\/\/macite.tg\/?p=32250#article","isPartOf":{"@id":"https:\/\/macite.tg\/?p=32250"},"author":{"name":"Jean Pierre BAWELA","@id":"https:\/\/macite.tg\/#\/schema\/person\/e9f2de7e5dbbe7770a9402c7ce82f5c2"},"headline":"LUTTES TRADITIONNELLES EVALA 2026 : Ferveur culturelle et communion populaire \u00e0 Pya et Yaka","datePublished":"2026-07-17T20:19:13+00:00","dateModified":"2026-07-17T20:19:37+00:00","mainEntityOfPage":{"@id":"https:\/\/macite.tg\/?p=32250"},"wordCount":364,"commentCount":0,"image":{"@id":"https:\/\/macite.tg\/?p=32250#primaryimage"},"thumbnailUrl":"https:\/\/macite.tg\/wp-content\/uploads\/2026\/07\/PYA.jpg","articleSection":["ACTUALITE","CULTURE"],"inLanguage":"fr-FR","potentialAction":[{"@type":"CommentAction","name":"Comment","target":["https:\/\/macite.tg\/?p=32250#respond"]}]},{"@type":"WebPage","@id":"https:\/\/macite.tg\/?p=32250","url":"https:\/\/macite.tg\/?p=32250","name":"LUTTES TRADITIONNELLES EVALA 2026 : Ferveur culturelle et communion populaire \u00e0 Pya et Yaka -","isPartOf":{"@id":"https:\/\/macite.tg\/#website"},"primaryImageOfPage":{"@id":"https:\/\/macite.tg\/?p=32250#primaryimage"},"image":{"@id":"https:\/\/macite.tg\/?p=32250#primaryimage"},"thumbnailUrl":"https:\/\/macite.tg\/wp-content\/uploads\/2026\/07\/PYA.jpg","datePublished":"2026-07-17T20:19:13+00:00","dateModified":"2026-07-17T20:19:37+00:00","author":{"@id":"https:\/\/macite.tg\/#\/schema\/person\/e9f2de7e5dbbe7770a9402c7ce82f5c2"},"breadcrumb":{"@id":"https:\/\/macite.tg\/?p=32250#breadcrumb"},"inLanguage":"fr-FR","potentialAction":[{"@type":"ReadAction","target":["https:\/\/macite.tg\/?p=32250"]}]},{"@type":"ImageObject","inLanguage":"fr-FR","@id":"https:\/\/macite.tg\/?p=32250#primaryimage","url":"https:\/\/macite.tg\/wp-content\/uploads\/2026\/07\/PYA.jpg","contentUrl":"https:\/\/macite.tg\/wp-content\/uploads\/2026\/07\/PYA.jpg","width":500,"height":224},{"@type":"BreadcrumbList","@id":"https:\/\/macite.tg\/?p=32250#breadcrumb","itemListElement":[{"@type":"ListItem","position":1,"name":"Accueil","item":"https:\/\/macite.tg\/"},{"@type":"ListItem","position":2,"name":"LUTTES TRADITIONNELLES EVALA 2026 : Ferveur culturelle et communion populaire \u00e0 Pya et Yaka"}]},{"@type":"WebSite","@id":"https:\/\/macite.tg\/#website","url":"https:\/\/macite.tg\/","name":"","description":"L&#039;information, la bonne!!!","potentialAction":[{"@type":"SearchAction","target":{"@type":"EntryPoint","urlTemplate":"https:\/\/macite.tg\/?s={search_term_string}"},"query-input":{"@type":"PropertyValueSpecification","valueRequired":true,"valueName":"search_term_string"}}],"inLanguage":"fr-FR"},{"@type":"Person","@id":"https:\/\/macite.tg\/#\/schema\/person\/e9f2de7e5dbbe7770a9402c7ce82f5c2","name":"Jean Pierre BAWELA","image":{"@type":"ImageObject","inLanguage":"fr-FR","@id":"https:\/\/macite.tg\/wp-content\/uploads\/2023\/09\/WhatsApp-Image-2023-09-19-at-14.44.41-122x122.jpeg","url":"https:\/\/macite.tg\/wp-content\/uploads\/2023\/09\/WhatsApp-Image-2023-09-19-at-14.44.41-122x122.jpeg","contentUrl":"https:\/\/macite.tg\/wp-content\/uploads\/2023\/09\/WhatsApp-Image-2023-09-19-at-14.44.41-122x122.jpeg","caption":"Jean Pierre BAWELA"},"url":"https:\/\/macite.tg\/?author=2"}]}},"_links":{"self":[{"href":"https:\/\/macite.tg\/index.php?rest_route=\/wp\/v2\/posts\/32250","targetHints":{"allow":["GET"]}}],"collection":[{"href":"https:\/\/macite.tg\/index.php?rest_route=\/wp\/v2\/posts"}],"about":[{"href":"https:\/\/macite.tg\/index.php?rest_route=\/wp\/v2\/types\/post"}],"author":[{"embeddable":true,"href":"https:\/\/macite.tg\/index.php?rest_route=\/wp\/v2\/users\/2"}],"replies":[{"embeddable":true,"href":"https:\/\/macite.tg\/index.php?rest_route=%2Fwp%2Fv2%2Fcomments&post=32250"}],"version-history":[{"count":0,"href":"https:\/\/macite.tg\/index.php?rest_route=\/wp\/v2\/posts\/32250\/revisions"}],"wp:featuredmedia":[{"embeddable":true,"href":"https:\/\/macite.tg\/index.php?rest_route=\/wp\/v2\/media\/32251"}],"wp:attachment":[{"href":"https:\/\/macite.tg\/index.php?rest_route=%2Fwp%2Fv2%2Fmedia&parent=32250"}],"wp:term":[{"taxonomy":"category","embeddable":true,"href":"https:\/\/macite.tg\/index.php?rest_route=%2Fwp%2Fv2%2Fcategories&post=32250"},{"taxonomy":"post_tag","embeddable":true,"href":"https:\/\/macite.tg\/index.php?rest_route=%2Fwp%2Fv2%2Ftags&post=32250"}],"curies":[{"name":"wp","href":"https:\/\/api.w.org\/{rel}","templated":true}]}}