{"id":32219,"date":"2026-07-17T09:45:00","date_gmt":"2026-07-17T09:45:00","guid":{"rendered":"https:\/\/macite.tg\/?p=32219"},"modified":"2026-07-16T17:30:29","modified_gmt":"2026-07-16T17:30:29","slug":"agriculture-durable-les-medias-de-lafrique-de-louest-en-conclave-a-ouaga","status":"publish","type":"post","link":"https:\/\/macite.tg\/?p=32219","title":{"rendered":"AGRICULTURE DURABLE\u00a0: Les m\u00e9dias de l\u2019Afrique de l\u2019Ouest en conclave \u00e0 Ouaga"},"content":{"rendered":"\n<p class=\"wp-block-paragraph\"><strong><em>Comment reconnecter durablement les professionnels des m\u00e9dias avec le monde paysan pour transformer l&rsquo;agriculture ouest-africaine ? C\u2019est tout l\u2019enjeu de l\u2019atelier de renforcement de capacit\u00e9s qui se tient, du 16 au 17 juillet 2026, \u00e0 Ouagadougou, au Burkina Faso.<\/em><\/strong><\/p>\n\n\n\n<p class=\"wp-block-paragraph\">Organis\u00e9 par le R\u00e9seau des Journalistes pour la Promotion des syst\u00e8mes Agrosylvo Pastoraux et Halieutiques en Afrique de l\u2019Ouest et au Sahel (ReJPAH-AOS), cet \u00e9v\u00e9nement de deux jours (16 et 17 juillet 2026) r\u00e9unit des professionnels de la presse venus de l\u2019espace CEDEAO et du Sahel autour d&rsquo;une th\u00e9matique cruciale : <em>\u00ab Les m\u00e9dias de l\u2019Afrique de l\u2019Ouest et du Sahel au service des producteurs agricoles pour le d\u00e9veloppement durable \u00bb<\/em><\/p>\n\n\n\n<p class=\"wp-block-paragraph\">Plac\u00e9 sous le haut patronage du Ministre d\u2019\u00c9tat, ministre de l&rsquo;Agriculture, de l&rsquo;Eau, des Ressources animales et halieutiques du Burkina Faso, Camarade Commandant Isma\u00ebl Sombi\u00e8, cet atelier intervient dans un contexte marqu\u00e9 par des d\u00e9fis climatiques et s\u00e9curitaires majeurs.<\/p>\n\n\n<div class=\"wp-block-image\">\n<figure class=\"aligncenter size-full\"><img loading=\"lazy\" decoding=\"async\" width=\"500\" height=\"333\" src=\"https:\/\/macite.tg\/wp-content\/uploads\/2026\/07\/ebb53a64-49e1-40fc-8747-cc888938559c.jpg\" alt=\"\" class=\"wp-image-32220\" srcset=\"https:\/\/macite.tg\/wp-content\/uploads\/2026\/07\/ebb53a64-49e1-40fc-8747-cc888938559c.jpg 500w, https:\/\/macite.tg\/wp-content\/uploads\/2026\/07\/ebb53a64-49e1-40fc-8747-cc888938559c-300x200.jpg 300w, https:\/\/macite.tg\/wp-content\/uploads\/2026\/07\/ebb53a64-49e1-40fc-8747-cc888938559c-112x75.jpg 112w, https:\/\/macite.tg\/wp-content\/uploads\/2026\/07\/ebb53a64-49e1-40fc-8747-cc888938559c-425x283.jpg 425w, https:\/\/macite.tg\/wp-content\/uploads\/2026\/07\/ebb53a64-49e1-40fc-8747-cc888938559c-430x287.jpg 430w\" sizes=\"auto, (max-width: 500px) 100vw, 500px\" \/><\/figure>\n<\/div>\n\n\n<p class=\"wp-block-paragraph\">L\u2019objectif principal est d\u2019impliquer davantage les professionnels des m\u00e9dias dans le d\u00e9veloppement rural. Face aux effets du changement climatique, il devient urgent de renforcer les synergies entre la presse et le monde paysan pour non seulement mieux valoriser les producteurs locaux et leurs produits, mais \u00e9galement am\u00e9liorer le traitement et la diffusion de l&rsquo;information agricole, et \u0153uvrer \u00e0 connecter plus efficacement les journalistes aux organisations paysannes et aux institutions r\u00e9gionales sp\u00e9cialis\u00e9es.<\/p>\n\n\n\n<p class=\"wp-block-paragraph\">A l\u2019ouverture des travaux de cette rencontre strat\u00e9gique, le Secr\u00e9taire G\u00e9n\u00e9ral du minist\u00e8re burkinab\u00e8 de l&rsquo;Agriculture a chaleureusement salu\u00e9 l&rsquo;initiative du ReJPAH-AOS, qui, selon lui, s&rsquo;aligne parfaitement sur les priorit\u00e9s des \u00c9tats de la r\u00e9gion, d\u00e9termin\u00e9s \u00e0 b\u00e2tir une agriculture moderne, r\u00e9siliente et souveraine.<\/p>\n\n\n\n<p class=\"wp-block-paragraph\"><em>\u00ab Dans cette transformation, la communication n&rsquo;est plus un simple accompagnement des politiques publiques ; elle en est une composante strat\u00e9gique. Une politique agricole, aussi ambitieuse soit-elle, ne produit pleinement ses effets que lorsqu&rsquo;elle est comprise, appropri\u00e9e et port\u00e9e par les femmes et les hommes auxquels elle est destin\u00e9e. \u00bb,<\/em> a-t-il soulign\u00e9.<\/p>\n\n\n\n<p class=\"wp-block-paragraph\">D\u00e9sormais, l&rsquo;heure est \u00e0 l&rsquo;action pour traduire les formidables potentialit\u00e9s agricoles du continent en prosp\u00e9rit\u00e9 \u00e9conomique et en bien-\u00eatre partag\u00e9, notamment pour les jeunes et les femmes.<\/p>\n\n\n\n<figure class=\"wp-block-image size-full\"><img loading=\"lazy\" decoding=\"async\" width=\"851\" height=\"315\" src=\"https:\/\/macite.tg\/wp-content\/uploads\/2026\/07\/OTR_Ferer-pour-batir-1.jpg\" alt=\"\" class=\"wp-image-31769\" srcset=\"https:\/\/macite.tg\/wp-content\/uploads\/2026\/07\/OTR_Ferer-pour-batir-1.jpg 851w, https:\/\/macite.tg\/wp-content\/uploads\/2026\/07\/OTR_Ferer-pour-batir-1-300x111.jpg 300w, https:\/\/macite.tg\/wp-content\/uploads\/2026\/07\/OTR_Ferer-pour-batir-1-768x284.jpg 768w\" sizes=\"auto, (max-width: 851px) 100vw, 851px\" \/><\/figure>\n\n\n\n<p class=\"wp-block-paragraph\">Tout en saluant l\u2019imp\u00e9rieuse n\u00e9cessit\u00e9 d\u2019int\u00e9grer syst\u00e9matiquement les acteurs de la communication d\u00e8s la phase de conception et de mise en \u0153uvre des projets de d\u00e9veloppement agricole, le Pr\u00e9sident du ReJPAH-AOS, Essonana Gilles Podjoley, a insist\u00e9 sur le fait que l\u2019approche traditionnelle devrait \u00e9voluer. Cette int\u00e9gration, selon lui, est la cl\u00e9 pour concevoir des strat\u00e9gies de visibilit\u00e9 efficaces, au service d&rsquo;une agriculture durable, inclusive et cr\u00e9atrice de richesses dans le Sahel et toute l&rsquo;Afrique de l\u2019Ouest.<\/p>\n\n\n\n<p class=\"wp-block-paragraph\">Au menu des travaux de cette rencontre de deux jours, plusieurs communications notamment de l\u2019Office du Niger, du R\u00e9seau des organisations paysannes et des producteurs agricoles (ROPPA), du minist\u00e8re de l&rsquo;Agriculture, de l&rsquo;Eau, des Ressources animales et halieutiques du Burkina Faso. Les d\u00e9bats et travaux de groupe permettront de poser les jalons d&rsquo;un partenariat renouvel\u00e9 et performant entre les professionnels des m\u00e9dias, les institutions publiques et les acteurs du monde rural.<\/p>\n\n\n\n<p class=\"wp-block-paragraph\"><strong>JPB<\/strong><strong><\/strong><\/p>\n\n\n\n<p class=\"wp-block-paragraph\"><a><strong><em>@macite.tg&nbsp;&nbsp;&nbsp;&nbsp;&nbsp;&nbsp;&nbsp;&nbsp;<\/em><\/strong><\/a><\/p>\n\n\n\n<p class=\"wp-block-paragraph\"><strong><em>E-mail&nbsp;: <\/em><\/strong><a href=\"mailto:maciteinfo@gmail.com\"><strong><em>maciteinfo@gmail.com<\/em><\/strong><\/a><strong><em>; <\/em><\/strong><a href=\"mailto:bawela1@gmail.com\"><strong><em>bawela1@gmail.com<\/em><\/strong><\/a><strong><em><\/em><\/strong><\/p>\n\n\n\n<p class=\"wp-block-paragraph\"><strong><em>Pour vos annonces, publi-reportages, etc., joignez-nous au (00228)91515309\/<strong>79872224 <\/strong><strong><\/strong><\/em><\/strong><\/p>\n\n\n\n<p class=\"wp-block-paragraph\"><strong><em>www.macite.tg, L\u2019information, la bonne&nbsp;!<\/em><\/strong><\/p>\n\n\n\n<p class=\"wp-block-paragraph\"><\/p>\n","protected":false},"excerpt":{"rendered":"<p class=\"text-justify mb-2\" >Comment reconnecter durablement les professionnels des m\u00e9dias avec le monde paysan pour transformer l&rsquo;agriculture ouest-africaine ? C\u2019est tout l\u2019enjeu de l\u2019atelier de renforcement de capacit\u00e9s qui se tient, du 16 au 17 juillet 2026, \u00e0 Ouagadougou, au Burkina Faso. Organis\u00e9 par le R\u00e9seau des Journalistes [&hellip;]<\/p>\n","protected":false},"author":2,"featured_media":32221,"comment_status":"open","ping_status":"open","sticky":false,"template":"","format":"standard","meta":{"footnotes":""},"categories":[20,22,14],"tags":[],"class_list":["post-32219","post","type-post","status-publish","format-standard","has-post-thumbnail","hentry","category-actualite","category-agriculture","category-medias"],"yoast_head":"<!-- This site is optimized with the Yoast SEO plugin v28.4 - https:\/\/yoast.com\/product\/yoast-seo-wordpress\/ -->\n<title>AGRICULTURE DURABLE\u00a0: Les m\u00e9dias de l\u2019Afrique de l\u2019Ouest en conclave \u00e0 Ouaga -<\/title>\n<meta name=\"robots\" content=\"index, follow, max-snippet:-1, max-image-preview:large, max-video-preview:-1\" \/>\n<link rel=\"canonical\" href=\"https:\/\/macite.tg\/?p=32219\" \/>\n<meta property=\"og:locale\" content=\"fr_FR\" \/>\n<meta property=\"og:type\" content=\"article\" \/>\n<meta property=\"og:title\" content=\"AGRICULTURE DURABLE\u00a0: Les m\u00e9dias de l\u2019Afrique de l\u2019Ouest en conclave \u00e0 Ouaga -\" \/>\n<meta property=\"og:description\" content=\"Comment reconnecter durablement les professionnels des m\u00e9dias avec le monde paysan pour transformer l&rsquo;agriculture ouest-africaine ? C\u2019est tout l\u2019enjeu de l\u2019atelier de renforcement de capacit\u00e9s qui se tient, du 16 au 17 juillet 2026, \u00e0 Ouagadougou, au Burkina Faso. Organis\u00e9 par le R\u00e9seau des Journalistes [&hellip;]\" \/>\n<meta property=\"og:url\" content=\"https:\/\/macite.tg\/?p=32219\" \/>\n<meta property=\"article:published_time\" content=\"2026-07-17T09:45:00+00:00\" \/>\n<meta property=\"og:image\" content=\"https:\/\/macite.tg\/wp-content\/uploads\/2026\/07\/198c8641-a249-4cf1-a75e-937cf5debcf9.jpg\" \/>\n\t<meta property=\"og:image:width\" content=\"500\" \/>\n\t<meta property=\"og:image:height\" content=\"333\" \/>\n\t<meta property=\"og:image:type\" content=\"image\/jpeg\" \/>\n<meta name=\"author\" content=\"Jean Pierre BAWELA\" \/>\n<meta name=\"twitter:card\" content=\"summary_large_image\" \/>\n<meta name=\"twitter:label1\" content=\"\u00c9crit par\" \/>\n\t<meta name=\"twitter:data1\" content=\"Jean Pierre BAWELA\" \/>\n\t<meta name=\"twitter:label2\" content=\"Dur\u00e9e de lecture estim\u00e9e\" \/>\n\t<meta name=\"twitter:data2\" content=\"4 minutes\" \/>\n<script type=\"application\/ld+json\" class=\"yoast-schema-graph\">{\"@context\":\"https:\\\/\\\/schema.org\",\"@graph\":[{\"@type\":\"Article\",\"@id\":\"https:\\\/\\\/macite.tg\\\/?p=32219#article\",\"isPartOf\":{\"@id\":\"https:\\\/\\\/macite.tg\\\/?p=32219\"},\"author\":{\"name\":\"Jean Pierre BAWELA\",\"@id\":\"https:\\\/\\\/macite.tg\\\/#\\\/schema\\\/person\\\/e9f2de7e5dbbe7770a9402c7ce82f5c2\"},\"headline\":\"AGRICULTURE DURABLE\u00a0: Les m\u00e9dias de l\u2019Afrique de l\u2019Ouest en conclave \u00e0 Ouaga\",\"datePublished\":\"2026-07-17T09:45:00+00:00\",\"mainEntityOfPage\":{\"@id\":\"https:\\\/\\\/macite.tg\\\/?p=32219\"},\"wordCount\":605,\"commentCount\":0,\"image\":{\"@id\":\"https:\\\/\\\/macite.tg\\\/?p=32219#primaryimage\"},\"thumbnailUrl\":\"https:\\\/\\\/macite.tg\\\/wp-content\\\/uploads\\\/2026\\\/07\\\/198c8641-a249-4cf1-a75e-937cf5debcf9.jpg\",\"articleSection\":[\"ACTUALITE\",\"AGRICULTURE\",\"MEDIAS\"],\"inLanguage\":\"fr-FR\",\"potentialAction\":[{\"@type\":\"CommentAction\",\"name\":\"Comment\",\"target\":[\"https:\\\/\\\/macite.tg\\\/?p=32219#respond\"]}]},{\"@type\":\"WebPage\",\"@id\":\"https:\\\/\\\/macite.tg\\\/?p=32219\",\"url\":\"https:\\\/\\\/macite.tg\\\/?p=32219\",\"name\":\"AGRICULTURE DURABLE\u00a0: Les m\u00e9dias de l\u2019Afrique de l\u2019Ouest en conclave \u00e0 Ouaga -\",\"isPartOf\":{\"@id\":\"https:\\\/\\\/macite.tg\\\/#website\"},\"primaryImageOfPage\":{\"@id\":\"https:\\\/\\\/macite.tg\\\/?p=32219#primaryimage\"},\"image\":{\"@id\":\"https:\\\/\\\/macite.tg\\\/?p=32219#primaryimage\"},\"thumbnailUrl\":\"https:\\\/\\\/macite.tg\\\/wp-content\\\/uploads\\\/2026\\\/07\\\/198c8641-a249-4cf1-a75e-937cf5debcf9.jpg\",\"datePublished\":\"2026-07-17T09:45:00+00:00\",\"author\":{\"@id\":\"https:\\\/\\\/macite.tg\\\/#\\\/schema\\\/person\\\/e9f2de7e5dbbe7770a9402c7ce82f5c2\"},\"breadcrumb\":{\"@id\":\"https:\\\/\\\/macite.tg\\\/?p=32219#breadcrumb\"},\"inLanguage\":\"fr-FR\",\"potentialAction\":[{\"@type\":\"ReadAction\",\"target\":[\"https:\\\/\\\/macite.tg\\\/?p=32219\"]}]},{\"@type\":\"ImageObject\",\"inLanguage\":\"fr-FR\",\"@id\":\"https:\\\/\\\/macite.tg\\\/?p=32219#primaryimage\",\"url\":\"https:\\\/\\\/macite.tg\\\/wp-content\\\/uploads\\\/2026\\\/07\\\/198c8641-a249-4cf1-a75e-937cf5debcf9.jpg\",\"contentUrl\":\"https:\\\/\\\/macite.tg\\\/wp-content\\\/uploads\\\/2026\\\/07\\\/198c8641-a249-4cf1-a75e-937cf5debcf9.jpg\",\"width\":500,\"height\":333},{\"@type\":\"BreadcrumbList\",\"@id\":\"https:\\\/\\\/macite.tg\\\/?p=32219#breadcrumb\",\"itemListElement\":[{\"@type\":\"ListItem\",\"position\":1,\"name\":\"Accueil\",\"item\":\"https:\\\/\\\/macite.tg\\\/\"},{\"@type\":\"ListItem\",\"position\":2,\"name\":\"AGRICULTURE DURABLE\u00a0: Les m\u00e9dias de l\u2019Afrique de l\u2019Ouest en conclave \u00e0 Ouaga\"}]},{\"@type\":\"WebSite\",\"@id\":\"https:\\\/\\\/macite.tg\\\/#website\",\"url\":\"https:\\\/\\\/macite.tg\\\/\",\"name\":\"\",\"description\":\"L&#039;information, la bonne!!!\",\"potentialAction\":[{\"@type\":\"SearchAction\",\"target\":{\"@type\":\"EntryPoint\",\"urlTemplate\":\"https:\\\/\\\/macite.tg\\\/?s={search_term_string}\"},\"query-input\":{\"@type\":\"PropertyValueSpecification\",\"valueRequired\":true,\"valueName\":\"search_term_string\"}}],\"inLanguage\":\"fr-FR\"},{\"@type\":\"Person\",\"@id\":\"https:\\\/\\\/macite.tg\\\/#\\\/schema\\\/person\\\/e9f2de7e5dbbe7770a9402c7ce82f5c2\",\"name\":\"Jean Pierre BAWELA\",\"image\":{\"@type\":\"ImageObject\",\"inLanguage\":\"fr-FR\",\"@id\":\"https:\\\/\\\/macite.tg\\\/wp-content\\\/uploads\\\/2023\\\/09\\\/WhatsApp-Image-2023-09-19-at-14.44.41-122x122.jpeg\",\"url\":\"https:\\\/\\\/macite.tg\\\/wp-content\\\/uploads\\\/2023\\\/09\\\/WhatsApp-Image-2023-09-19-at-14.44.41-122x122.jpeg\",\"contentUrl\":\"https:\\\/\\\/macite.tg\\\/wp-content\\\/uploads\\\/2023\\\/09\\\/WhatsApp-Image-2023-09-19-at-14.44.41-122x122.jpeg\",\"caption\":\"Jean Pierre BAWELA\"},\"url\":\"https:\\\/\\\/macite.tg\\\/?author=2\"}]}<\/script>\n<!-- \/ Yoast SEO plugin. -->","yoast_head_json":{"title":"AGRICULTURE DURABLE\u00a0: Les m\u00e9dias de l\u2019Afrique de l\u2019Ouest en conclave \u00e0 Ouaga -","robots":{"index":"index","follow":"follow","max-snippet":"max-snippet:-1","max-image-preview":"max-image-preview:large","max-video-preview":"max-video-preview:-1"},"canonical":"https:\/\/macite.tg\/?p=32219","og_locale":"fr_FR","og_type":"article","og_title":"AGRICULTURE DURABLE\u00a0: Les m\u00e9dias de l\u2019Afrique de l\u2019Ouest en conclave \u00e0 Ouaga -","og_description":"Comment reconnecter durablement les professionnels des m\u00e9dias avec le monde paysan pour transformer l&rsquo;agriculture ouest-africaine ? C\u2019est tout l\u2019enjeu de l\u2019atelier de renforcement de capacit\u00e9s qui se tient, du 16 au 17 juillet 2026, \u00e0 Ouagadougou, au Burkina Faso. Organis\u00e9 par le R\u00e9seau des Journalistes [&hellip;]","og_url":"https:\/\/macite.tg\/?p=32219","article_published_time":"2026-07-17T09:45:00+00:00","og_image":[{"width":500,"height":333,"url":"https:\/\/macite.tg\/wp-content\/uploads\/2026\/07\/198c8641-a249-4cf1-a75e-937cf5debcf9.jpg","type":"image\/jpeg"}],"author":"Jean Pierre BAWELA","twitter_card":"summary_large_image","twitter_misc":{"\u00c9crit par":"Jean Pierre BAWELA","Dur\u00e9e de lecture estim\u00e9e":"4 minutes"},"schema":{"@context":"https:\/\/schema.org","@graph":[{"@type":"Article","@id":"https:\/\/macite.tg\/?p=32219#article","isPartOf":{"@id":"https:\/\/macite.tg\/?p=32219"},"author":{"name":"Jean Pierre BAWELA","@id":"https:\/\/macite.tg\/#\/schema\/person\/e9f2de7e5dbbe7770a9402c7ce82f5c2"},"headline":"AGRICULTURE DURABLE\u00a0: Les m\u00e9dias de l\u2019Afrique de l\u2019Ouest en conclave \u00e0 Ouaga","datePublished":"2026-07-17T09:45:00+00:00","mainEntityOfPage":{"@id":"https:\/\/macite.tg\/?p=32219"},"wordCount":605,"commentCount":0,"image":{"@id":"https:\/\/macite.tg\/?p=32219#primaryimage"},"thumbnailUrl":"https:\/\/macite.tg\/wp-content\/uploads\/2026\/07\/198c8641-a249-4cf1-a75e-937cf5debcf9.jpg","articleSection":["ACTUALITE","AGRICULTURE","MEDIAS"],"inLanguage":"fr-FR","potentialAction":[{"@type":"CommentAction","name":"Comment","target":["https:\/\/macite.tg\/?p=32219#respond"]}]},{"@type":"WebPage","@id":"https:\/\/macite.tg\/?p=32219","url":"https:\/\/macite.tg\/?p=32219","name":"AGRICULTURE DURABLE\u00a0: Les m\u00e9dias de l\u2019Afrique de l\u2019Ouest en conclave \u00e0 Ouaga -","isPartOf":{"@id":"https:\/\/macite.tg\/#website"},"primaryImageOfPage":{"@id":"https:\/\/macite.tg\/?p=32219#primaryimage"},"image":{"@id":"https:\/\/macite.tg\/?p=32219#primaryimage"},"thumbnailUrl":"https:\/\/macite.tg\/wp-content\/uploads\/2026\/07\/198c8641-a249-4cf1-a75e-937cf5debcf9.jpg","datePublished":"2026-07-17T09:45:00+00:00","author":{"@id":"https:\/\/macite.tg\/#\/schema\/person\/e9f2de7e5dbbe7770a9402c7ce82f5c2"},"breadcrumb":{"@id":"https:\/\/macite.tg\/?p=32219#breadcrumb"},"inLanguage":"fr-FR","potentialAction":[{"@type":"ReadAction","target":["https:\/\/macite.tg\/?p=32219"]}]},{"@type":"ImageObject","inLanguage":"fr-FR","@id":"https:\/\/macite.tg\/?p=32219#primaryimage","url":"https:\/\/macite.tg\/wp-content\/uploads\/2026\/07\/198c8641-a249-4cf1-a75e-937cf5debcf9.jpg","contentUrl":"https:\/\/macite.tg\/wp-content\/uploads\/2026\/07\/198c8641-a249-4cf1-a75e-937cf5debcf9.jpg","width":500,"height":333},{"@type":"BreadcrumbList","@id":"https:\/\/macite.tg\/?p=32219#breadcrumb","itemListElement":[{"@type":"ListItem","position":1,"name":"Accueil","item":"https:\/\/macite.tg\/"},{"@type":"ListItem","position":2,"name":"AGRICULTURE DURABLE\u00a0: Les m\u00e9dias de l\u2019Afrique de l\u2019Ouest en conclave \u00e0 Ouaga"}]},{"@type":"WebSite","@id":"https:\/\/macite.tg\/#website","url":"https:\/\/macite.tg\/","name":"","description":"L&#039;information, la bonne!!!","potentialAction":[{"@type":"SearchAction","target":{"@type":"EntryPoint","urlTemplate":"https:\/\/macite.tg\/?s={search_term_string}"},"query-input":{"@type":"PropertyValueSpecification","valueRequired":true,"valueName":"search_term_string"}}],"inLanguage":"fr-FR"},{"@type":"Person","@id":"https:\/\/macite.tg\/#\/schema\/person\/e9f2de7e5dbbe7770a9402c7ce82f5c2","name":"Jean Pierre BAWELA","image":{"@type":"ImageObject","inLanguage":"fr-FR","@id":"https:\/\/macite.tg\/wp-content\/uploads\/2023\/09\/WhatsApp-Image-2023-09-19-at-14.44.41-122x122.jpeg","url":"https:\/\/macite.tg\/wp-content\/uploads\/2023\/09\/WhatsApp-Image-2023-09-19-at-14.44.41-122x122.jpeg","contentUrl":"https:\/\/macite.tg\/wp-content\/uploads\/2023\/09\/WhatsApp-Image-2023-09-19-at-14.44.41-122x122.jpeg","caption":"Jean Pierre BAWELA"},"url":"https:\/\/macite.tg\/?author=2"}]}},"_links":{"self":[{"href":"https:\/\/macite.tg\/index.php?rest_route=\/wp\/v2\/posts\/32219","targetHints":{"allow":["GET"]}}],"collection":[{"href":"https:\/\/macite.tg\/index.php?rest_route=\/wp\/v2\/posts"}],"about":[{"href":"https:\/\/macite.tg\/index.php?rest_route=\/wp\/v2\/types\/post"}],"author":[{"embeddable":true,"href":"https:\/\/macite.tg\/index.php?rest_route=\/wp\/v2\/users\/2"}],"replies":[{"embeddable":true,"href":"https:\/\/macite.tg\/index.php?rest_route=%2Fwp%2Fv2%2Fcomments&post=32219"}],"version-history":[{"count":0,"href":"https:\/\/macite.tg\/index.php?rest_route=\/wp\/v2\/posts\/32219\/revisions"}],"wp:featuredmedia":[{"embeddable":true,"href":"https:\/\/macite.tg\/index.php?rest_route=\/wp\/v2\/media\/32221"}],"wp:attachment":[{"href":"https:\/\/macite.tg\/index.php?rest_route=%2Fwp%2Fv2%2Fmedia&parent=32219"}],"wp:term":[{"taxonomy":"category","embeddable":true,"href":"https:\/\/macite.tg\/index.php?rest_route=%2Fwp%2Fv2%2Fcategories&post=32219"},{"taxonomy":"post_tag","embeddable":true,"href":"https:\/\/macite.tg\/index.php?rest_route=%2Fwp%2Fv2%2Ftags&post=32219"}],"curies":[{"name":"wp","href":"https:\/\/api.w.org\/{rel}","templated":true}]}}