{"id":32211,"date":"2026-07-17T10:22:00","date_gmt":"2026-07-17T10:22:00","guid":{"rendered":"https:\/\/macite.tg\/?p=32211"},"modified":"2026-07-16T17:33:19","modified_gmt":"2026-07-16T17:33:19","slug":"en-visite-officielle-a-rabat-sebastien-lecornu-sest-recueilli-sur-les-tombes-des-regrettes-souverains-feu-mohammed-v-et-feu-hassan-ii","status":"publish","type":"post","link":"https:\/\/macite.tg\/?p=32211","title":{"rendered":"EN VISITE OFFICIELLE A RABAT\u00a0: S\u00e9bastien Lecornu s\u2019est recueilli sur les tombes des regrett\u00e9s Souverains, Feu Mohammed V et Feu Hassan II"},"content":{"rendered":"\n<p class=\"wp-block-paragraph\"><strong><em>En visite officielle au Maroc, le Premier ministre fran\u00e7ais, S\u00e9bastien Lecornu, et la d\u00e9l\u00e9gation l\u2019accompagnant se sont rendus, jeudi, au mausol\u00e9e Mohammed V \u00e0 Rabat o\u00f9 ils se sont recueillis sur les tombes des regrett\u00e9s Souverains, Feu Mohammed V et Feu Hassan II, que Dieu Les ait en Sa sainte mis\u00e9ricorde.<\/em><\/strong><\/p>\n\n\n\n<p class=\"wp-block-paragraph\">Lecornu, accompagn\u00e9 du ministre d\u00e9l\u00e9gu\u00e9 charg\u00e9 des Relations avec le Parlement, porte-parole du gouvernement, Mustapha Baitas, a d\u00e9pos\u00e9 une gerbe de fleurs sur les tombes des deux regrett\u00e9s Souverains, avant de proc\u00e9der \u00e0 la signature du livre d\u2019or du mausol\u00e9e.<\/p>\n\n\n\n<figure class=\"wp-block-image size-full\"><img loading=\"lazy\" decoding=\"async\" width=\"851\" height=\"315\" src=\"https:\/\/macite.tg\/wp-content\/uploads\/2026\/07\/OTR_Ferer-pour-batir-1.jpg\" alt=\"\" class=\"wp-image-31769\" srcset=\"https:\/\/macite.tg\/wp-content\/uploads\/2026\/07\/OTR_Ferer-pour-batir-1.jpg 851w, https:\/\/macite.tg\/wp-content\/uploads\/2026\/07\/OTR_Ferer-pour-batir-1-300x111.jpg 300w, https:\/\/macite.tg\/wp-content\/uploads\/2026\/07\/OTR_Ferer-pour-batir-1-768x284.jpg 768w\" sizes=\"auto, (max-width: 851px) 100vw, 851px\" \/><\/figure>\n\n\n\n<p class=\"wp-block-paragraph\">\u00c0 cette occasion, des explications ont \u00e9t\u00e9 fournies au Premier ministre fran\u00e7ais sur le cachet architectural authentique de ce monument civilisationnel.<\/p>\n\n\n\n<p class=\"wp-block-paragraph\">Le Premier ministre fran\u00e7ais S\u00e9bastien Lecornu est arriv\u00e9, mercredi soir \u00e0 l\u2019a\u00e9roport de Rabat-Sal\u00e9, pour une visite officielle dans le Royaume au cours de laquelle il co-pr\u00e9sidera, jeudi, avec le Chef du gouvernement, Aziz Akhannouch, la 15\u00e8 session de la R\u00e9union de Haut Niveau (RHN) Maroc-France.<\/p>\n\n\n<div class=\"wp-block-image\">\n<figure class=\"aligncenter size-full is-resized\"><img loading=\"lazy\" decoding=\"async\" width=\"500\" height=\"333\" src=\"https:\/\/macite.tg\/wp-content\/uploads\/2026\/07\/Sida.jpg\" alt=\"\" class=\"wp-image-32187\" style=\"width:648px;height:auto\" srcset=\"https:\/\/macite.tg\/wp-content\/uploads\/2026\/07\/Sida.jpg 500w, https:\/\/macite.tg\/wp-content\/uploads\/2026\/07\/Sida-300x200.jpg 300w, https:\/\/macite.tg\/wp-content\/uploads\/2026\/07\/Sida-112x75.jpg 112w, https:\/\/macite.tg\/wp-content\/uploads\/2026\/07\/Sida-425x283.jpg 425w, https:\/\/macite.tg\/wp-content\/uploads\/2026\/07\/Sida-430x287.jpg 430w\" sizes=\"auto, (max-width: 500px) 100vw, 500px\" \/><\/figure>\n<\/div>\n\n\n<p class=\"wp-block-paragraph\">La tenue de cette session intervient en cons\u00e9cration du partenariat d\u2019exception renforc\u00e9 liant le Maroc et la France, sous la conduite du Roi Mohammed VI et du Pr\u00e9sident Emmanuel Macron.<\/p>\n\n\n\n<p class=\"wp-block-paragraph\"><strong>MSN<\/strong><\/p>\n\n\n\n<p class=\"wp-block-paragraph\"><a><strong><em>@macite.tg&nbsp;&nbsp;&nbsp;&nbsp;&nbsp;&nbsp;&nbsp;&nbsp;<\/em><\/strong><\/a><\/p>\n\n\n\n<p class=\"wp-block-paragraph\"><strong><em>E-mail&nbsp;: <\/em><\/strong><a href=\"mailto:maciteinfo@gmail.com\"><strong><em>maciteinfo@gmail.com<\/em><\/strong><\/a><strong><em>; <\/em><\/strong><a href=\"mailto:bawela1@gmail.com\"><strong><em>bawela1@gmail.com<\/em><\/strong><\/a><strong><em><\/em><\/strong><\/p>\n\n\n\n<p class=\"wp-block-paragraph\"><strong><em>Pour vos annonces, publi-reportages, etc., joignez-nous au (00228)91515309\/<strong>79872224 <\/strong><strong><\/strong><\/em><\/strong><\/p>\n\n\n\n<p class=\"wp-block-paragraph\"><strong><em>www.macite.tg, L\u2019information, la bonne&nbsp;!<\/em><\/strong><\/p>\n\n\n\n<p class=\"wp-block-paragraph\"><\/p>\n","protected":false},"excerpt":{"rendered":"<p class=\"text-justify mb-2\" >En visite officielle au Maroc, le Premier ministre fran\u00e7ais, S\u00e9bastien Lecornu, et la d\u00e9l\u00e9gation l\u2019accompagnant se sont rendus, jeudi, au mausol\u00e9e Mohammed V \u00e0 Rabat o\u00f9 ils se sont recueillis sur les tombes des regrett\u00e9s Souverains, Feu Mohammed V et Feu Hassan II, que Dieu [&hellip;]<\/p>\n","protected":false},"author":2,"featured_media":32213,"comment_status":"open","ping_status":"open","sticky":false,"template":"","format":"standard","meta":{"footnotes":""},"categories":[20,62],"tags":[],"class_list":["post-32211","post","type-post","status-publish","format-standard","has-post-thumbnail","hentry","category-actualite","category-hommage"],"yoast_head":"<!-- This site is optimized with the Yoast SEO plugin v28.4 - https:\/\/yoast.com\/product\/yoast-seo-wordpress\/ -->\n<title>EN VISITE OFFICIELLE A RABAT\u00a0: S\u00e9bastien Lecornu s\u2019est recueilli sur les tombes des regrett\u00e9s Souverains, Feu Mohammed V et Feu Hassan II -<\/title>\n<meta name=\"robots\" content=\"index, follow, max-snippet:-1, max-image-preview:large, max-video-preview:-1\" \/>\n<link rel=\"canonical\" href=\"https:\/\/macite.tg\/?p=32211\" \/>\n<meta property=\"og:locale\" content=\"fr_FR\" \/>\n<meta property=\"og:type\" content=\"article\" \/>\n<meta property=\"og:title\" content=\"EN VISITE OFFICIELLE A RABAT\u00a0: S\u00e9bastien Lecornu s\u2019est recueilli sur les tombes des regrett\u00e9s Souverains, Feu Mohammed V et Feu Hassan II -\" \/>\n<meta property=\"og:description\" content=\"En visite officielle au Maroc, le Premier ministre fran\u00e7ais, S\u00e9bastien Lecornu, et la d\u00e9l\u00e9gation l\u2019accompagnant se sont rendus, jeudi, au mausol\u00e9e Mohammed V \u00e0 Rabat o\u00f9 ils se sont recueillis sur les tombes des regrett\u00e9s Souverains, Feu Mohammed V et Feu Hassan II, que Dieu [&hellip;]\" \/>\n<meta property=\"og:url\" content=\"https:\/\/macite.tg\/?p=32211\" \/>\n<meta property=\"article:published_time\" content=\"2026-07-17T10:22:00+00:00\" \/>\n<meta property=\"og:image\" content=\"https:\/\/macite.tg\/wp-content\/uploads\/2026\/07\/image-62.png\" \/>\n\t<meta property=\"og:image:width\" content=\"534\" \/>\n\t<meta property=\"og:image:height\" content=\"356\" \/>\n\t<meta property=\"og:image:type\" content=\"image\/png\" \/>\n<meta name=\"author\" content=\"Jean Pierre BAWELA\" \/>\n<meta name=\"twitter:card\" content=\"summary_large_image\" \/>\n<meta name=\"twitter:label1\" content=\"\u00c9crit par\" \/>\n\t<meta name=\"twitter:data1\" content=\"Jean Pierre BAWELA\" \/>\n\t<meta name=\"twitter:label2\" content=\"Dur\u00e9e de lecture estim\u00e9e\" \/>\n\t<meta name=\"twitter:data2\" content=\"2 minutes\" \/>\n<script type=\"application\/ld+json\" class=\"yoast-schema-graph\">{\"@context\":\"https:\\\/\\\/schema.org\",\"@graph\":[{\"@type\":\"Article\",\"@id\":\"https:\\\/\\\/macite.tg\\\/?p=32211#article\",\"isPartOf\":{\"@id\":\"https:\\\/\\\/macite.tg\\\/?p=32211\"},\"author\":{\"name\":\"Jean Pierre BAWELA\",\"@id\":\"https:\\\/\\\/macite.tg\\\/#\\\/schema\\\/person\\\/e9f2de7e5dbbe7770a9402c7ce82f5c2\"},\"headline\":\"EN VISITE OFFICIELLE A RABAT\u00a0: S\u00e9bastien Lecornu s\u2019est recueilli sur les tombes des regrett\u00e9s Souverains, Feu Mohammed V et Feu Hassan II\",\"datePublished\":\"2026-07-17T10:22:00+00:00\",\"mainEntityOfPage\":{\"@id\":\"https:\\\/\\\/macite.tg\\\/?p=32211\"},\"wordCount\":267,\"commentCount\":0,\"image\":{\"@id\":\"https:\\\/\\\/macite.tg\\\/?p=32211#primaryimage\"},\"thumbnailUrl\":\"https:\\\/\\\/macite.tg\\\/wp-content\\\/uploads\\\/2026\\\/07\\\/image-62.png\",\"articleSection\":[\"ACTUALITE\",\"HOMMAGE\"],\"inLanguage\":\"fr-FR\",\"potentialAction\":[{\"@type\":\"CommentAction\",\"name\":\"Comment\",\"target\":[\"https:\\\/\\\/macite.tg\\\/?p=32211#respond\"]}]},{\"@type\":\"WebPage\",\"@id\":\"https:\\\/\\\/macite.tg\\\/?p=32211\",\"url\":\"https:\\\/\\\/macite.tg\\\/?p=32211\",\"name\":\"EN VISITE OFFICIELLE A RABAT\u00a0: S\u00e9bastien Lecornu s\u2019est recueilli sur les tombes des regrett\u00e9s Souverains, Feu Mohammed V et Feu Hassan II -\",\"isPartOf\":{\"@id\":\"https:\\\/\\\/macite.tg\\\/#website\"},\"primaryImageOfPage\":{\"@id\":\"https:\\\/\\\/macite.tg\\\/?p=32211#primaryimage\"},\"image\":{\"@id\":\"https:\\\/\\\/macite.tg\\\/?p=32211#primaryimage\"},\"thumbnailUrl\":\"https:\\\/\\\/macite.tg\\\/wp-content\\\/uploads\\\/2026\\\/07\\\/image-62.png\",\"datePublished\":\"2026-07-17T10:22:00+00:00\",\"author\":{\"@id\":\"https:\\\/\\\/macite.tg\\\/#\\\/schema\\\/person\\\/e9f2de7e5dbbe7770a9402c7ce82f5c2\"},\"breadcrumb\":{\"@id\":\"https:\\\/\\\/macite.tg\\\/?p=32211#breadcrumb\"},\"inLanguage\":\"fr-FR\",\"potentialAction\":[{\"@type\":\"ReadAction\",\"target\":[\"https:\\\/\\\/macite.tg\\\/?p=32211\"]}]},{\"@type\":\"ImageObject\",\"inLanguage\":\"fr-FR\",\"@id\":\"https:\\\/\\\/macite.tg\\\/?p=32211#primaryimage\",\"url\":\"https:\\\/\\\/macite.tg\\\/wp-content\\\/uploads\\\/2026\\\/07\\\/image-62.png\",\"contentUrl\":\"https:\\\/\\\/macite.tg\\\/wp-content\\\/uploads\\\/2026\\\/07\\\/image-62.png\",\"width\":534,\"height\":356},{\"@type\":\"BreadcrumbList\",\"@id\":\"https:\\\/\\\/macite.tg\\\/?p=32211#breadcrumb\",\"itemListElement\":[{\"@type\":\"ListItem\",\"position\":1,\"name\":\"Accueil\",\"item\":\"https:\\\/\\\/macite.tg\\\/\"},{\"@type\":\"ListItem\",\"position\":2,\"name\":\"EN VISITE OFFICIELLE A RABAT\u00a0: S\u00e9bastien Lecornu s\u2019est recueilli sur les tombes des regrett\u00e9s Souverains, Feu Mohammed V et Feu Hassan II\"}]},{\"@type\":\"WebSite\",\"@id\":\"https:\\\/\\\/macite.tg\\\/#website\",\"url\":\"https:\\\/\\\/macite.tg\\\/\",\"name\":\"\",\"description\":\"L&#039;information, la bonne!!!\",\"potentialAction\":[{\"@type\":\"SearchAction\",\"target\":{\"@type\":\"EntryPoint\",\"urlTemplate\":\"https:\\\/\\\/macite.tg\\\/?s={search_term_string}\"},\"query-input\":{\"@type\":\"PropertyValueSpecification\",\"valueRequired\":true,\"valueName\":\"search_term_string\"}}],\"inLanguage\":\"fr-FR\"},{\"@type\":\"Person\",\"@id\":\"https:\\\/\\\/macite.tg\\\/#\\\/schema\\\/person\\\/e9f2de7e5dbbe7770a9402c7ce82f5c2\",\"name\":\"Jean Pierre BAWELA\",\"image\":{\"@type\":\"ImageObject\",\"inLanguage\":\"fr-FR\",\"@id\":\"https:\\\/\\\/macite.tg\\\/wp-content\\\/uploads\\\/2023\\\/09\\\/WhatsApp-Image-2023-09-19-at-14.44.41-122x122.jpeg\",\"url\":\"https:\\\/\\\/macite.tg\\\/wp-content\\\/uploads\\\/2023\\\/09\\\/WhatsApp-Image-2023-09-19-at-14.44.41-122x122.jpeg\",\"contentUrl\":\"https:\\\/\\\/macite.tg\\\/wp-content\\\/uploads\\\/2023\\\/09\\\/WhatsApp-Image-2023-09-19-at-14.44.41-122x122.jpeg\",\"caption\":\"Jean Pierre BAWELA\"},\"url\":\"https:\\\/\\\/macite.tg\\\/?author=2\"}]}<\/script>\n<!-- \/ Yoast SEO plugin. -->","yoast_head_json":{"title":"EN VISITE OFFICIELLE A RABAT\u00a0: S\u00e9bastien Lecornu s\u2019est recueilli sur les tombes des regrett\u00e9s Souverains, Feu Mohammed V et Feu Hassan II -","robots":{"index":"index","follow":"follow","max-snippet":"max-snippet:-1","max-image-preview":"max-image-preview:large","max-video-preview":"max-video-preview:-1"},"canonical":"https:\/\/macite.tg\/?p=32211","og_locale":"fr_FR","og_type":"article","og_title":"EN VISITE OFFICIELLE A RABAT\u00a0: S\u00e9bastien Lecornu s\u2019est recueilli sur les tombes des regrett\u00e9s Souverains, Feu Mohammed V et Feu Hassan II -","og_description":"En visite officielle au Maroc, le Premier ministre fran\u00e7ais, S\u00e9bastien Lecornu, et la d\u00e9l\u00e9gation l\u2019accompagnant se sont rendus, jeudi, au mausol\u00e9e Mohammed V \u00e0 Rabat o\u00f9 ils se sont recueillis sur les tombes des regrett\u00e9s Souverains, Feu Mohammed V et Feu Hassan II, que Dieu [&hellip;]","og_url":"https:\/\/macite.tg\/?p=32211","article_published_time":"2026-07-17T10:22:00+00:00","og_image":[{"width":534,"height":356,"url":"https:\/\/macite.tg\/wp-content\/uploads\/2026\/07\/image-62.png","type":"image\/png"}],"author":"Jean Pierre BAWELA","twitter_card":"summary_large_image","twitter_misc":{"\u00c9crit par":"Jean Pierre BAWELA","Dur\u00e9e de lecture estim\u00e9e":"2 minutes"},"schema":{"@context":"https:\/\/schema.org","@graph":[{"@type":"Article","@id":"https:\/\/macite.tg\/?p=32211#article","isPartOf":{"@id":"https:\/\/macite.tg\/?p=32211"},"author":{"name":"Jean Pierre BAWELA","@id":"https:\/\/macite.tg\/#\/schema\/person\/e9f2de7e5dbbe7770a9402c7ce82f5c2"},"headline":"EN VISITE OFFICIELLE A RABAT\u00a0: S\u00e9bastien Lecornu s\u2019est recueilli sur les tombes des regrett\u00e9s Souverains, Feu Mohammed V et Feu Hassan II","datePublished":"2026-07-17T10:22:00+00:00","mainEntityOfPage":{"@id":"https:\/\/macite.tg\/?p=32211"},"wordCount":267,"commentCount":0,"image":{"@id":"https:\/\/macite.tg\/?p=32211#primaryimage"},"thumbnailUrl":"https:\/\/macite.tg\/wp-content\/uploads\/2026\/07\/image-62.png","articleSection":["ACTUALITE","HOMMAGE"],"inLanguage":"fr-FR","potentialAction":[{"@type":"CommentAction","name":"Comment","target":["https:\/\/macite.tg\/?p=32211#respond"]}]},{"@type":"WebPage","@id":"https:\/\/macite.tg\/?p=32211","url":"https:\/\/macite.tg\/?p=32211","name":"EN VISITE OFFICIELLE A RABAT\u00a0: S\u00e9bastien Lecornu s\u2019est recueilli sur les tombes des regrett\u00e9s Souverains, Feu Mohammed V et Feu Hassan II -","isPartOf":{"@id":"https:\/\/macite.tg\/#website"},"primaryImageOfPage":{"@id":"https:\/\/macite.tg\/?p=32211#primaryimage"},"image":{"@id":"https:\/\/macite.tg\/?p=32211#primaryimage"},"thumbnailUrl":"https:\/\/macite.tg\/wp-content\/uploads\/2026\/07\/image-62.png","datePublished":"2026-07-17T10:22:00+00:00","author":{"@id":"https:\/\/macite.tg\/#\/schema\/person\/e9f2de7e5dbbe7770a9402c7ce82f5c2"},"breadcrumb":{"@id":"https:\/\/macite.tg\/?p=32211#breadcrumb"},"inLanguage":"fr-FR","potentialAction":[{"@type":"ReadAction","target":["https:\/\/macite.tg\/?p=32211"]}]},{"@type":"ImageObject","inLanguage":"fr-FR","@id":"https:\/\/macite.tg\/?p=32211#primaryimage","url":"https:\/\/macite.tg\/wp-content\/uploads\/2026\/07\/image-62.png","contentUrl":"https:\/\/macite.tg\/wp-content\/uploads\/2026\/07\/image-62.png","width":534,"height":356},{"@type":"BreadcrumbList","@id":"https:\/\/macite.tg\/?p=32211#breadcrumb","itemListElement":[{"@type":"ListItem","position":1,"name":"Accueil","item":"https:\/\/macite.tg\/"},{"@type":"ListItem","position":2,"name":"EN VISITE OFFICIELLE A RABAT\u00a0: S\u00e9bastien Lecornu s\u2019est recueilli sur les tombes des regrett\u00e9s Souverains, Feu Mohammed V et Feu Hassan II"}]},{"@type":"WebSite","@id":"https:\/\/macite.tg\/#website","url":"https:\/\/macite.tg\/","name":"","description":"L&#039;information, la bonne!!!","potentialAction":[{"@type":"SearchAction","target":{"@type":"EntryPoint","urlTemplate":"https:\/\/macite.tg\/?s={search_term_string}"},"query-input":{"@type":"PropertyValueSpecification","valueRequired":true,"valueName":"search_term_string"}}],"inLanguage":"fr-FR"},{"@type":"Person","@id":"https:\/\/macite.tg\/#\/schema\/person\/e9f2de7e5dbbe7770a9402c7ce82f5c2","name":"Jean Pierre BAWELA","image":{"@type":"ImageObject","inLanguage":"fr-FR","@id":"https:\/\/macite.tg\/wp-content\/uploads\/2023\/09\/WhatsApp-Image-2023-09-19-at-14.44.41-122x122.jpeg","url":"https:\/\/macite.tg\/wp-content\/uploads\/2023\/09\/WhatsApp-Image-2023-09-19-at-14.44.41-122x122.jpeg","contentUrl":"https:\/\/macite.tg\/wp-content\/uploads\/2023\/09\/WhatsApp-Image-2023-09-19-at-14.44.41-122x122.jpeg","caption":"Jean Pierre BAWELA"},"url":"https:\/\/macite.tg\/?author=2"}]}},"_links":{"self":[{"href":"https:\/\/macite.tg\/index.php?rest_route=\/wp\/v2\/posts\/32211","targetHints":{"allow":["GET"]}}],"collection":[{"href":"https:\/\/macite.tg\/index.php?rest_route=\/wp\/v2\/posts"}],"about":[{"href":"https:\/\/macite.tg\/index.php?rest_route=\/wp\/v2\/types\/post"}],"author":[{"embeddable":true,"href":"https:\/\/macite.tg\/index.php?rest_route=\/wp\/v2\/users\/2"}],"replies":[{"embeddable":true,"href":"https:\/\/macite.tg\/index.php?rest_route=%2Fwp%2Fv2%2Fcomments&post=32211"}],"version-history":[{"count":0,"href":"https:\/\/macite.tg\/index.php?rest_route=\/wp\/v2\/posts\/32211\/revisions"}],"wp:featuredmedia":[{"embeddable":true,"href":"https:\/\/macite.tg\/index.php?rest_route=\/wp\/v2\/media\/32213"}],"wp:attachment":[{"href":"https:\/\/macite.tg\/index.php?rest_route=%2Fwp%2Fv2%2Fmedia&parent=32211"}],"wp:term":[{"taxonomy":"category","embeddable":true,"href":"https:\/\/macite.tg\/index.php?rest_route=%2Fwp%2Fv2%2Fcategories&post=32211"},{"taxonomy":"post_tag","embeddable":true,"href":"https:\/\/macite.tg\/index.php?rest_route=%2Fwp%2Fv2%2Ftags&post=32211"}],"curies":[{"name":"wp","href":"https:\/\/api.w.org\/{rel}","templated":true}]}}