{"id":32206,"date":"2026-07-16T14:38:36","date_gmt":"2026-07-16T14:38:36","guid":{"rendered":"https:\/\/macite.tg\/?p=32206"},"modified":"2026-07-16T14:38:47","modified_gmt":"2026-07-16T14:38:47","slug":"cooperation-maroc-france-le-premier-ministre-francais-a-rabat-pour-consolider-un-partenariat-au-beau-fixe-le-souverain-marocain-annonce-a-paris","status":"publish","type":"post","link":"https:\/\/macite.tg\/?p=32206","title":{"rendered":"COOPERATION MAROC-FRANCE : Le Premier ministre fran\u00e7ais \u00e0 Rabat pour consolider un partenariat au beau fixe\u2026 le Souverain marocain annonc\u00e9 \u00e0 Paris"},"content":{"rendered":"\n<p class=\"wp-block-paragraph\"><strong><em>Le Premier ministre fran\u00e7ais S\u00e9bastien Lecornu est en visite officielle \u00e0 Rabat, au Maroc.<\/em><\/strong> <strong><em>Accompagn\u00e9 de douze ministres, S\u00e9bastien Lecornu a \u00e9t\u00e9 accueilli mercredi soir \u00e0 l\u2019a\u00e9roport de Rabat. Sa visite doit d\u00e9boucher sur une quinzaine d\u2019accords dans les domaines \u00e9conomique, s\u00e9curitaire, migratoire et de la d\u00e9fense.<\/em><\/strong><\/p>\n\n\n\n<p class=\"wp-block-paragraph\">Le Premier ministre fran\u00e7ais S\u00e9bastien Lecornu est arriv\u00e9 dans la soir\u00e9e du 15 juillet \u00e0 Rabat, accueilli par son homologue marocain Aziz Akhannouch, pour un d\u00e9placement visant \u00e0 approfondir le rapprochement entre la France et le Maroc.<\/p>\n\n\n\n<p class=\"wp-block-paragraph\">Accompagn\u00e9 de douze ministres, dont ceux des Affaires \u00e9trang\u00e8res, Jean-No\u00ebl Barrot, et de l\u2019Int\u00e9rieur, Laurent Nu\u00f1ez, S\u00e9bastien Lecornu a \u00e9t\u00e9 accueilli \u00e0 l\u2019a\u00e9roport avec les honneurs militaires vers 22 heures par le Premier ministre marocain et plusieurs membres de son gouvernement.<\/p>\n\n\n\n<figure class=\"wp-block-image size-full\"><img loading=\"lazy\" decoding=\"async\" width=\"851\" height=\"315\" src=\"https:\/\/macite.tg\/wp-content\/uploads\/2026\/07\/OTR_Ferer-pour-batir-1.jpg\" alt=\"\" class=\"wp-image-31769\" srcset=\"https:\/\/macite.tg\/wp-content\/uploads\/2026\/07\/OTR_Ferer-pour-batir-1.jpg 851w, https:\/\/macite.tg\/wp-content\/uploads\/2026\/07\/OTR_Ferer-pour-batir-1-300x111.jpg 300w, https:\/\/macite.tg\/wp-content\/uploads\/2026\/07\/OTR_Ferer-pour-batir-1-768x284.jpg 768w\" sizes=\"auto, (max-width: 851px) 100vw, 851px\" \/><\/figure>\n\n\n\n<p class=\"wp-block-paragraph\"><strong>Des relations au beau fixe<\/strong><\/p>\n\n\n\n<p class=\"wp-block-paragraph\">Le chef du gouvernement fran\u00e7ais arrivait du Qatar o\u00f9 il est all\u00e9 pr\u00e9senter les condol\u00e9ances de la France apr\u00e8s la mort de l\u2019ancien \u00e9mir, cheikh Hamad ben Khalifa al-Thani. Aziz Akhannouch s\u2019est lui aussi rendu \u00e0 Doha pour pr\u00e9senter celles du Maroc.<\/p>\n\n\n\n<p class=\"wp-block-paragraph\">Les relations franco-marocaines sont au beau fixe depuis qu\u2019Emmanuel Macron a reconnu, \u00e0 l\u2019\u00e9t\u00e9 2024, la souverainet\u00e9 marocaine sur le territoire disput\u00e9 du Sahara, suscitant la col\u00e8re d\u2019Alger.<\/p>\n\n\n\n<p class=\"wp-block-paragraph\">Le pr\u00e9sident fran\u00e7ais avait ensuite \u00e9t\u00e9 re\u00e7u en grande pompe \u00e0 Rabat&nbsp;en octobre de la m\u00eame ann\u00e9e, mettant un terme \u00e0 trois ann\u00e9es de tensions. Ce d\u00e9placement s\u2019\u00e9tait conclu par de nombreux contrats et la signature d\u2019un \u00ab&nbsp;partenariat renforc\u00e9 d\u2019exception&nbsp;\u00bb.<\/p>\n\n\n\n<p class=\"wp-block-paragraph\"><strong>Une prochaine visite de Mohammed VI en France<\/strong><\/p>\n\n\n\n<p class=\"wp-block-paragraph\">Dans un message \u00e0 Emmanuel Macron \u00e0 l\u2019occasion du 14-Juillet, f\u00eate nationale fran\u00e7aise, le roi du Maroc a salu\u00e9 la <em>\u00ab&nbsp;consolidation&nbsp;\u00bb<\/em> des <em>\u00ab&nbsp;relations privil\u00e9gi\u00e9es&nbsp;\u00bb<\/em> entre les deux pays, selon l\u2019agence officielle marocaine MAP. Ce partenariat pourrait d\u00e9boucher suur une visite de Mohammed VI en France, dont le principe a \u00e9t\u00e9 act\u00e9, mais pas la date.<\/p>\n\n\n\n<p class=\"wp-block-paragraph\">Les deux chefs de gouvernement d\u00e9marrent la visite ce jeudi au mausol\u00e9e royal, avant des entretiens bilat\u00e9raux pendant lequel chaque ministre rencontrera son homologue.<\/p>\n\n\n<div class=\"wp-block-image\">\n<figure class=\"aligncenter size-full\"><img loading=\"lazy\" decoding=\"async\" width=\"509\" height=\"720\" src=\"https:\/\/macite.tg\/wp-content\/uploads\/2026\/07\/OTR_Payez-la-TVM-simple-et-pratique.jpg\" alt=\"\" class=\"wp-image-32178\" srcset=\"https:\/\/macite.tg\/wp-content\/uploads\/2026\/07\/OTR_Payez-la-TVM-simple-et-pratique.jpg 509w, https:\/\/macite.tg\/wp-content\/uploads\/2026\/07\/OTR_Payez-la-TVM-simple-et-pratique-212x300.jpg 212w\" sizes=\"auto, (max-width: 509px) 100vw, 509px\" \/><\/figure>\n<\/div>\n\n\n<p class=\"wp-block-paragraph\">Ils pr\u00e9sideront ensuite une quinzi\u00e8me <em>\u00ab&nbsp;rencontre de haut niveau&nbsp;\u00bb<\/em> entre leurs d\u00e9l\u00e9gations, une instance de dialogue qui ne s\u2019\u00e9tait pas r\u00e9unie depuis 2019. Avec \u00e0 la clef la signature d\u2019une quinzaine d\u2019accords dans les domaines \u00e9conomique, s\u00e9curitaire, migratoire et de la d\u00e9fense, selon une source diplomatique.<\/p>\n\n\n\n<p class=\"wp-block-paragraph\">Ils concerneront notamment l\u2019aviation civile, la cr\u00e9ation d\u2019une ligne de R\u00e9seau express r\u00e9gional (RER) \u00e0 Rabat, un partenariat dans l\u2019eau ainsi qu\u2019un projet d\u2019interconnexion \u00e9lectrique entre les deux pays, selon la m\u00eame source.<\/p>\n\n\n\n<p class=\"wp-block-paragraph\"><strong>MSN<\/strong><\/p>\n\n\n\n<p class=\"wp-block-paragraph\"><a><strong><em>@macite.tg&nbsp;&nbsp;&nbsp;&nbsp;&nbsp;&nbsp;&nbsp;&nbsp;<\/em><\/strong><\/a><\/p>\n\n\n\n<p class=\"wp-block-paragraph\"><strong><em>E-mail&nbsp;: <\/em><\/strong><a href=\"mailto:maciteinfo@gmail.com\"><strong><em>maciteinfo@gmail.com<\/em><\/strong><\/a><strong><em>; <\/em><\/strong><a href=\"mailto:bawela1@gmail.com\"><strong><em>bawela1@gmail.com<\/em><\/strong><\/a><strong><em><\/em><\/strong><\/p>\n\n\n\n<p class=\"wp-block-paragraph\"><strong><em>Pour vos annonces, publi-reportages, etc., joignez-nous au (00228)91515309\/<strong>79872224 <\/strong><strong><\/strong><\/em><\/strong><\/p>\n\n\n\n<p class=\"wp-block-paragraph\"><strong><em>www.macite.tg, L\u2019information, la bonne&nbsp;!<\/em><\/strong><\/p>\n\n\n\n<p class=\"wp-block-paragraph\"><\/p>\n","protected":false},"excerpt":{"rendered":"<p class=\"text-justify mb-2\" >Le Premier ministre fran\u00e7ais S\u00e9bastien Lecornu est en visite officielle \u00e0 Rabat, au Maroc. Accompagn\u00e9 de douze ministres, S\u00e9bastien Lecornu a \u00e9t\u00e9 accueilli mercredi soir \u00e0 l\u2019a\u00e9roport de Rabat. Sa visite doit d\u00e9boucher sur une quinzaine d\u2019accords dans les domaines \u00e9conomique, s\u00e9curitaire, migratoire et de [&hellip;]<\/p>\n","protected":false},"author":2,"featured_media":32208,"comment_status":"open","ping_status":"open","sticky":false,"template":"","format":"standard","meta":{"footnotes":""},"categories":[20,8],"tags":[],"class_list":["post-32206","post","type-post","status-publish","format-standard","has-post-thumbnail","hentry","category-actualite","category-diplomatie"],"yoast_head":"<!-- This site is optimized with the Yoast SEO plugin v28.4 - https:\/\/yoast.com\/product\/yoast-seo-wordpress\/ -->\n<title>COOPERATION MAROC-FRANCE : Le Premier ministre fran\u00e7ais \u00e0 Rabat pour consolider un partenariat au beau fixe\u2026 le Souverain marocain annonc\u00e9 \u00e0 Paris -<\/title>\n<meta name=\"robots\" content=\"index, follow, max-snippet:-1, max-image-preview:large, max-video-preview:-1\" \/>\n<link rel=\"canonical\" href=\"https:\/\/macite.tg\/?p=32206\" \/>\n<meta property=\"og:locale\" content=\"fr_FR\" \/>\n<meta property=\"og:type\" content=\"article\" \/>\n<meta property=\"og:title\" content=\"COOPERATION MAROC-FRANCE : Le Premier ministre fran\u00e7ais \u00e0 Rabat pour consolider un partenariat au beau fixe\u2026 le Souverain marocain annonc\u00e9 \u00e0 Paris -\" \/>\n<meta property=\"og:description\" content=\"Le Premier ministre fran\u00e7ais S\u00e9bastien Lecornu est en visite officielle \u00e0 Rabat, au Maroc. Accompagn\u00e9 de douze ministres, S\u00e9bastien Lecornu a \u00e9t\u00e9 accueilli mercredi soir \u00e0 l\u2019a\u00e9roport de Rabat. Sa visite doit d\u00e9boucher sur une quinzaine d\u2019accords dans les domaines \u00e9conomique, s\u00e9curitaire, migratoire et de [&hellip;]\" \/>\n<meta property=\"og:url\" content=\"https:\/\/macite.tg\/?p=32206\" \/>\n<meta property=\"article:published_time\" content=\"2026-07-16T14:38:36+00:00\" \/>\n<meta property=\"article:modified_time\" content=\"2026-07-16T14:38:47+00:00\" \/>\n<meta property=\"og:image\" content=\"https:\/\/macite.tg\/wp-content\/uploads\/2026\/07\/image-61.png\" \/>\n\t<meta property=\"og:image:width\" content=\"534\" \/>\n\t<meta property=\"og:image:height\" content=\"267\" \/>\n\t<meta property=\"og:image:type\" content=\"image\/png\" \/>\n<meta name=\"author\" content=\"Jean Pierre BAWELA\" \/>\n<meta name=\"twitter:card\" content=\"summary_large_image\" \/>\n<meta name=\"twitter:label1\" content=\"\u00c9crit par\" \/>\n\t<meta name=\"twitter:data1\" content=\"Jean Pierre BAWELA\" \/>\n\t<meta name=\"twitter:label2\" content=\"Dur\u00e9e de lecture estim\u00e9e\" \/>\n\t<meta name=\"twitter:data2\" content=\"3 minutes\" \/>\n<script type=\"application\/ld+json\" class=\"yoast-schema-graph\">{\"@context\":\"https:\\\/\\\/schema.org\",\"@graph\":[{\"@type\":\"Article\",\"@id\":\"https:\\\/\\\/macite.tg\\\/?p=32206#article\",\"isPartOf\":{\"@id\":\"https:\\\/\\\/macite.tg\\\/?p=32206\"},\"author\":{\"name\":\"Jean Pierre BAWELA\",\"@id\":\"https:\\\/\\\/macite.tg\\\/#\\\/schema\\\/person\\\/e9f2de7e5dbbe7770a9402c7ce82f5c2\"},\"headline\":\"COOPERATION MAROC-FRANCE : Le Premier ministre fran\u00e7ais \u00e0 Rabat pour consolider un partenariat au beau fixe\u2026 le Souverain marocain annonc\u00e9 \u00e0 Paris\",\"datePublished\":\"2026-07-16T14:38:36+00:00\",\"dateModified\":\"2026-07-16T14:38:47+00:00\",\"mainEntityOfPage\":{\"@id\":\"https:\\\/\\\/macite.tg\\\/?p=32206\"},\"wordCount\":524,\"commentCount\":0,\"image\":{\"@id\":\"https:\\\/\\\/macite.tg\\\/?p=32206#primaryimage\"},\"thumbnailUrl\":\"https:\\\/\\\/macite.tg\\\/wp-content\\\/uploads\\\/2026\\\/07\\\/image-61.png\",\"articleSection\":[\"ACTUALITE\",\"DIPLOMATIE\"],\"inLanguage\":\"fr-FR\",\"potentialAction\":[{\"@type\":\"CommentAction\",\"name\":\"Comment\",\"target\":[\"https:\\\/\\\/macite.tg\\\/?p=32206#respond\"]}]},{\"@type\":\"WebPage\",\"@id\":\"https:\\\/\\\/macite.tg\\\/?p=32206\",\"url\":\"https:\\\/\\\/macite.tg\\\/?p=32206\",\"name\":\"COOPERATION MAROC-FRANCE : Le Premier ministre fran\u00e7ais \u00e0 Rabat pour consolider un partenariat au beau fixe\u2026 le Souverain marocain annonc\u00e9 \u00e0 Paris -\",\"isPartOf\":{\"@id\":\"https:\\\/\\\/macite.tg\\\/#website\"},\"primaryImageOfPage\":{\"@id\":\"https:\\\/\\\/macite.tg\\\/?p=32206#primaryimage\"},\"image\":{\"@id\":\"https:\\\/\\\/macite.tg\\\/?p=32206#primaryimage\"},\"thumbnailUrl\":\"https:\\\/\\\/macite.tg\\\/wp-content\\\/uploads\\\/2026\\\/07\\\/image-61.png\",\"datePublished\":\"2026-07-16T14:38:36+00:00\",\"dateModified\":\"2026-07-16T14:38:47+00:00\",\"author\":{\"@id\":\"https:\\\/\\\/macite.tg\\\/#\\\/schema\\\/person\\\/e9f2de7e5dbbe7770a9402c7ce82f5c2\"},\"breadcrumb\":{\"@id\":\"https:\\\/\\\/macite.tg\\\/?p=32206#breadcrumb\"},\"inLanguage\":\"fr-FR\",\"potentialAction\":[{\"@type\":\"ReadAction\",\"target\":[\"https:\\\/\\\/macite.tg\\\/?p=32206\"]}]},{\"@type\":\"ImageObject\",\"inLanguage\":\"fr-FR\",\"@id\":\"https:\\\/\\\/macite.tg\\\/?p=32206#primaryimage\",\"url\":\"https:\\\/\\\/macite.tg\\\/wp-content\\\/uploads\\\/2026\\\/07\\\/image-61.png\",\"contentUrl\":\"https:\\\/\\\/macite.tg\\\/wp-content\\\/uploads\\\/2026\\\/07\\\/image-61.png\",\"width\":534,\"height\":267},{\"@type\":\"BreadcrumbList\",\"@id\":\"https:\\\/\\\/macite.tg\\\/?p=32206#breadcrumb\",\"itemListElement\":[{\"@type\":\"ListItem\",\"position\":1,\"name\":\"Accueil\",\"item\":\"https:\\\/\\\/macite.tg\\\/\"},{\"@type\":\"ListItem\",\"position\":2,\"name\":\"COOPERATION MAROC-FRANCE : Le Premier ministre fran\u00e7ais \u00e0 Rabat pour consolider un partenariat au beau fixe\u2026 le Souverain marocain annonc\u00e9 \u00e0 Paris\"}]},{\"@type\":\"WebSite\",\"@id\":\"https:\\\/\\\/macite.tg\\\/#website\",\"url\":\"https:\\\/\\\/macite.tg\\\/\",\"name\":\"\",\"description\":\"L&#039;information, la bonne!!!\",\"potentialAction\":[{\"@type\":\"SearchAction\",\"target\":{\"@type\":\"EntryPoint\",\"urlTemplate\":\"https:\\\/\\\/macite.tg\\\/?s={search_term_string}\"},\"query-input\":{\"@type\":\"PropertyValueSpecification\",\"valueRequired\":true,\"valueName\":\"search_term_string\"}}],\"inLanguage\":\"fr-FR\"},{\"@type\":\"Person\",\"@id\":\"https:\\\/\\\/macite.tg\\\/#\\\/schema\\\/person\\\/e9f2de7e5dbbe7770a9402c7ce82f5c2\",\"name\":\"Jean Pierre BAWELA\",\"image\":{\"@type\":\"ImageObject\",\"inLanguage\":\"fr-FR\",\"@id\":\"https:\\\/\\\/macite.tg\\\/wp-content\\\/uploads\\\/2023\\\/09\\\/WhatsApp-Image-2023-09-19-at-14.44.41-122x122.jpeg\",\"url\":\"https:\\\/\\\/macite.tg\\\/wp-content\\\/uploads\\\/2023\\\/09\\\/WhatsApp-Image-2023-09-19-at-14.44.41-122x122.jpeg\",\"contentUrl\":\"https:\\\/\\\/macite.tg\\\/wp-content\\\/uploads\\\/2023\\\/09\\\/WhatsApp-Image-2023-09-19-at-14.44.41-122x122.jpeg\",\"caption\":\"Jean Pierre BAWELA\"},\"url\":\"https:\\\/\\\/macite.tg\\\/?author=2\"}]}<\/script>\n<!-- \/ Yoast SEO plugin. -->","yoast_head_json":{"title":"COOPERATION MAROC-FRANCE : Le Premier ministre fran\u00e7ais \u00e0 Rabat pour consolider un partenariat au beau fixe\u2026 le Souverain marocain annonc\u00e9 \u00e0 Paris -","robots":{"index":"index","follow":"follow","max-snippet":"max-snippet:-1","max-image-preview":"max-image-preview:large","max-video-preview":"max-video-preview:-1"},"canonical":"https:\/\/macite.tg\/?p=32206","og_locale":"fr_FR","og_type":"article","og_title":"COOPERATION MAROC-FRANCE : Le Premier ministre fran\u00e7ais \u00e0 Rabat pour consolider un partenariat au beau fixe\u2026 le Souverain marocain annonc\u00e9 \u00e0 Paris -","og_description":"Le Premier ministre fran\u00e7ais S\u00e9bastien Lecornu est en visite officielle \u00e0 Rabat, au Maroc. Accompagn\u00e9 de douze ministres, S\u00e9bastien Lecornu a \u00e9t\u00e9 accueilli mercredi soir \u00e0 l\u2019a\u00e9roport de Rabat. Sa visite doit d\u00e9boucher sur une quinzaine d\u2019accords dans les domaines \u00e9conomique, s\u00e9curitaire, migratoire et de [&hellip;]","og_url":"https:\/\/macite.tg\/?p=32206","article_published_time":"2026-07-16T14:38:36+00:00","article_modified_time":"2026-07-16T14:38:47+00:00","og_image":[{"width":534,"height":267,"url":"https:\/\/macite.tg\/wp-content\/uploads\/2026\/07\/image-61.png","type":"image\/png"}],"author":"Jean Pierre BAWELA","twitter_card":"summary_large_image","twitter_misc":{"\u00c9crit par":"Jean Pierre BAWELA","Dur\u00e9e de lecture estim\u00e9e":"3 minutes"},"schema":{"@context":"https:\/\/schema.org","@graph":[{"@type":"Article","@id":"https:\/\/macite.tg\/?p=32206#article","isPartOf":{"@id":"https:\/\/macite.tg\/?p=32206"},"author":{"name":"Jean Pierre BAWELA","@id":"https:\/\/macite.tg\/#\/schema\/person\/e9f2de7e5dbbe7770a9402c7ce82f5c2"},"headline":"COOPERATION MAROC-FRANCE : Le Premier ministre fran\u00e7ais \u00e0 Rabat pour consolider un partenariat au beau fixe\u2026 le Souverain marocain annonc\u00e9 \u00e0 Paris","datePublished":"2026-07-16T14:38:36+00:00","dateModified":"2026-07-16T14:38:47+00:00","mainEntityOfPage":{"@id":"https:\/\/macite.tg\/?p=32206"},"wordCount":524,"commentCount":0,"image":{"@id":"https:\/\/macite.tg\/?p=32206#primaryimage"},"thumbnailUrl":"https:\/\/macite.tg\/wp-content\/uploads\/2026\/07\/image-61.png","articleSection":["ACTUALITE","DIPLOMATIE"],"inLanguage":"fr-FR","potentialAction":[{"@type":"CommentAction","name":"Comment","target":["https:\/\/macite.tg\/?p=32206#respond"]}]},{"@type":"WebPage","@id":"https:\/\/macite.tg\/?p=32206","url":"https:\/\/macite.tg\/?p=32206","name":"COOPERATION MAROC-FRANCE : Le Premier ministre fran\u00e7ais \u00e0 Rabat pour consolider un partenariat au beau fixe\u2026 le Souverain marocain annonc\u00e9 \u00e0 Paris -","isPartOf":{"@id":"https:\/\/macite.tg\/#website"},"primaryImageOfPage":{"@id":"https:\/\/macite.tg\/?p=32206#primaryimage"},"image":{"@id":"https:\/\/macite.tg\/?p=32206#primaryimage"},"thumbnailUrl":"https:\/\/macite.tg\/wp-content\/uploads\/2026\/07\/image-61.png","datePublished":"2026-07-16T14:38:36+00:00","dateModified":"2026-07-16T14:38:47+00:00","author":{"@id":"https:\/\/macite.tg\/#\/schema\/person\/e9f2de7e5dbbe7770a9402c7ce82f5c2"},"breadcrumb":{"@id":"https:\/\/macite.tg\/?p=32206#breadcrumb"},"inLanguage":"fr-FR","potentialAction":[{"@type":"ReadAction","target":["https:\/\/macite.tg\/?p=32206"]}]},{"@type":"ImageObject","inLanguage":"fr-FR","@id":"https:\/\/macite.tg\/?p=32206#primaryimage","url":"https:\/\/macite.tg\/wp-content\/uploads\/2026\/07\/image-61.png","contentUrl":"https:\/\/macite.tg\/wp-content\/uploads\/2026\/07\/image-61.png","width":534,"height":267},{"@type":"BreadcrumbList","@id":"https:\/\/macite.tg\/?p=32206#breadcrumb","itemListElement":[{"@type":"ListItem","position":1,"name":"Accueil","item":"https:\/\/macite.tg\/"},{"@type":"ListItem","position":2,"name":"COOPERATION MAROC-FRANCE : Le Premier ministre fran\u00e7ais \u00e0 Rabat pour consolider un partenariat au beau fixe\u2026 le Souverain marocain annonc\u00e9 \u00e0 Paris"}]},{"@type":"WebSite","@id":"https:\/\/macite.tg\/#website","url":"https:\/\/macite.tg\/","name":"","description":"L&#039;information, la bonne!!!","potentialAction":[{"@type":"SearchAction","target":{"@type":"EntryPoint","urlTemplate":"https:\/\/macite.tg\/?s={search_term_string}"},"query-input":{"@type":"PropertyValueSpecification","valueRequired":true,"valueName":"search_term_string"}}],"inLanguage":"fr-FR"},{"@type":"Person","@id":"https:\/\/macite.tg\/#\/schema\/person\/e9f2de7e5dbbe7770a9402c7ce82f5c2","name":"Jean Pierre BAWELA","image":{"@type":"ImageObject","inLanguage":"fr-FR","@id":"https:\/\/macite.tg\/wp-content\/uploads\/2023\/09\/WhatsApp-Image-2023-09-19-at-14.44.41-122x122.jpeg","url":"https:\/\/macite.tg\/wp-content\/uploads\/2023\/09\/WhatsApp-Image-2023-09-19-at-14.44.41-122x122.jpeg","contentUrl":"https:\/\/macite.tg\/wp-content\/uploads\/2023\/09\/WhatsApp-Image-2023-09-19-at-14.44.41-122x122.jpeg","caption":"Jean Pierre BAWELA"},"url":"https:\/\/macite.tg\/?author=2"}]}},"_links":{"self":[{"href":"https:\/\/macite.tg\/index.php?rest_route=\/wp\/v2\/posts\/32206","targetHints":{"allow":["GET"]}}],"collection":[{"href":"https:\/\/macite.tg\/index.php?rest_route=\/wp\/v2\/posts"}],"about":[{"href":"https:\/\/macite.tg\/index.php?rest_route=\/wp\/v2\/types\/post"}],"author":[{"embeddable":true,"href":"https:\/\/macite.tg\/index.php?rest_route=\/wp\/v2\/users\/2"}],"replies":[{"embeddable":true,"href":"https:\/\/macite.tg\/index.php?rest_route=%2Fwp%2Fv2%2Fcomments&post=32206"}],"version-history":[{"count":0,"href":"https:\/\/macite.tg\/index.php?rest_route=\/wp\/v2\/posts\/32206\/revisions"}],"wp:featuredmedia":[{"embeddable":true,"href":"https:\/\/macite.tg\/index.php?rest_route=\/wp\/v2\/media\/32208"}],"wp:attachment":[{"href":"https:\/\/macite.tg\/index.php?rest_route=%2Fwp%2Fv2%2Fmedia&parent=32206"}],"wp:term":[{"taxonomy":"category","embeddable":true,"href":"https:\/\/macite.tg\/index.php?rest_route=%2Fwp%2Fv2%2Fcategories&post=32206"},{"taxonomy":"post_tag","embeddable":true,"href":"https:\/\/macite.tg\/index.php?rest_route=%2Fwp%2Fv2%2Ftags&post=32206"}],"curies":[{"name":"wp","href":"https:\/\/api.w.org\/{rel}","templated":true}]}}