{"id":32202,"date":"2026-07-16T12:57:40","date_gmt":"2026-07-16T12:57:40","guid":{"rendered":"https:\/\/macite.tg\/?p=32202"},"modified":"2026-07-16T12:57:57","modified_gmt":"2026-07-16T12:57:57","slug":"partenariat-togo-luxembourg-faure-gnassingbe-et-xavier-bettel-scellent-une-nouvelle-ere-de-cooperation","status":"publish","type":"post","link":"https:\/\/macite.tg\/?p=32202","title":{"rendered":"PARTENARIAT TOGO-LUXEMBOURG : Faure Gnassingb\u00e9 et Xavier Bettel scellent une nouvelle \u00e8re de coop\u00e9ration"},"content":{"rendered":"\n<p class=\"wp-block-paragraph\"><strong><em>Le mercredi 15 juillet 2026, le Pr\u00e9sident du Conseil, Faure Gnassingb\u00e9, a re\u00e7u \u00e0 Lom\u00e9 le Vice-Premier ministre et ministre des Affaires \u00e9trang\u00e8res du Grand-Duch\u00e9 de Luxembourg, Xavier Bettel, dans le cadre d\u2019une visite de travail hautement symbolique. Au c\u0153ur des \u00e9changes, le renforcement de la coop\u00e9ration bilat\u00e9rale et la signature de trois accords majeurs qui dessinent les contours d&rsquo;un avenir partag\u00e9 entre l&rsquo;Afrique de l&rsquo;Ouest et l&rsquo;Europe.<\/em><\/strong><\/p>\n\n\n\n<p class=\"wp-block-paragraph\"><em>\u00ab Ce sont d\u2019excellents \u00e9changes dans l\u2019honn\u00eatet\u00e9 et la franchise, comme cela se passe entre amis \u00bb,<\/em> a chaleureusement d\u00e9clar\u00e9 Xavier Bettel \u00e0 l&rsquo;issue de sa rencontre avec le Pr\u00e9sident du conseil.<\/p>\n\n\n\n<p class=\"wp-block-paragraph\">Pour donner corps \u00e0 cette vision commune, Lom\u00e9 et Luxembourg ont officialis\u00e9 la signature de trois protocoles d&rsquo;accord cl\u00e9s, ciblant des secteurs prioritaires pour la modernisation du Togo.<\/p>\n\n\n<div class=\"wp-block-image\">\n<figure class=\"aligncenter size-full\"><img loading=\"lazy\" decoding=\"async\" width=\"500\" height=\"353\" src=\"https:\/\/macite.tg\/wp-content\/uploads\/2026\/07\/MOUTISQUAIRES.jpg\" alt=\"\" class=\"wp-image-32194\" srcset=\"https:\/\/macite.tg\/wp-content\/uploads\/2026\/07\/MOUTISQUAIRES.jpg 500w, https:\/\/macite.tg\/wp-content\/uploads\/2026\/07\/MOUTISQUAIRES-300x212.jpg 300w\" sizes=\"auto, (max-width: 500px) 100vw, 500px\" \/><\/figure>\n<\/div>\n\n\n<p class=\"wp-block-paragraph\">Il s\u2019agit du Programme INCLURE, entendu \u2018\u2019Initiative pour la croissance locale, l&rsquo;utilisation des ressources et l&rsquo;\u00e9quilibre des \u00e9cosyst\u00e8mes prot\u00e9g\u00e9s\u2019\u2019. Ce protocole d&rsquo;accord de financement ax\u00e9 sur le d\u00e9veloppement local, vise \u00e0 concilier dynamisme \u00e9conomique des r\u00e9gions et pr\u00e9servation rigoureuse des ressources naturelles du Togo.<\/p>\n\n\n\n<p class=\"wp-block-paragraph\">Le second volet de cette coop\u00e9ration porte sur le cadre historique de la relation bilat\u00e9rale, notamment le nouveau PIC Togo-Luxembourg, qui fixe les orientations strat\u00e9giques et les priorit\u00e9s politiques pour les ann\u00e9es \u00e0 venir. Il consolide l&rsquo;engagement \u00e0 long terme des deux pays.<\/p>\n\n\n\n<p class=\"wp-block-paragraph\">Enfin, le Programme Togocyber+, qui se veut le bouclier num\u00e9rique du Togo. Dans un monde ultra-connect\u00e9, la s\u00e9curit\u00e9 des donn\u00e9es est devenue un enjeu de souverainet\u00e9 nationale. Ainsi, le programme Togocyber+ va s\u2019attaquer directement \u00e0 ce d\u00e9fi en renfor\u00e7ant les capacit\u00e9s nationales du Togo en mati\u00e8re de cybers\u00e9curit\u00e9.<\/p>\n\n\n<div class=\"wp-block-image\">\n<figure class=\"aligncenter size-full\"><img loading=\"lazy\" decoding=\"async\" width=\"509\" height=\"720\" src=\"https:\/\/macite.tg\/wp-content\/uploads\/2026\/07\/OTR_Payez-la-TVM-simple-et-pratique.jpg\" alt=\"\" class=\"wp-image-32178\" srcset=\"https:\/\/macite.tg\/wp-content\/uploads\/2026\/07\/OTR_Payez-la-TVM-simple-et-pratique.jpg 509w, https:\/\/macite.tg\/wp-content\/uploads\/2026\/07\/OTR_Payez-la-TVM-simple-et-pratique-212x300.jpg 212w\" sizes=\"auto, (max-width: 509px) 100vw, 509px\" \/><\/figure>\n<\/div>\n\n\n<p class=\"wp-block-paragraph\">Notons que la coop\u00e9ration entre le Togo et le Luxembourg, amorc\u00e9e dans les ann\u00e9es 1970, conna\u00eet une acc\u00e9l\u00e9ration sans pr\u00e9c\u00e9dent. Cette relation s&rsquo;est fortement intensifi\u00e9e \u00e0 partir de 2024, culminant avec l&rsquo;installation officielle de l&rsquo;agence de d\u00e9veloppement luxembourgeoise LuxDev \u00e0 Lom\u00e9 en 2026.<\/p>\n\n\n\n<p class=\"wp-block-paragraph\">A ce jour, les deux pays sont favorables pour la mise en \u0153uvre un portefeuille de projets de 49,3 millions d\u2019euros (environ 32,34 milliards FCFA), couvrant notamment la transformation num\u00e9rique, la restauration des paysages forestiers, le renforcement de l\u2019\u00c9cole Polytechnique de Lom\u00e9 et la protection du patrimoine naturel.<\/p>\n\n\n\n<p class=\"wp-block-paragraph\"><strong>La R\u00e9daction<\/strong><\/p>\n\n\n\n<p class=\"wp-block-paragraph\"><a><strong><em>@macite.tg&nbsp;&nbsp;&nbsp;&nbsp;&nbsp;&nbsp;&nbsp;&nbsp;<\/em><\/strong><\/a><\/p>\n\n\n\n<p class=\"wp-block-paragraph\"><strong><em>E-mail&nbsp;: <\/em><\/strong><a href=\"mailto:maciteinfo@gmail.com\"><strong><em>maciteinfo@gmail.com<\/em><\/strong><\/a><strong><em>; <\/em><\/strong><a href=\"mailto:bawela1@gmail.com\"><strong><em>bawela1@gmail.com<\/em><\/strong><\/a><strong><em><\/em><\/strong><\/p>\n\n\n\n<p class=\"wp-block-paragraph\"><strong><em>Pour vos annonces, publi-reportages, etc., joignez-nous au (00228)91515309\/<strong>79872224 <\/strong><strong><\/strong><\/em><\/strong><\/p>\n\n\n\n<p class=\"wp-block-paragraph\"><strong><em>www.macite.tg, L\u2019information, la bonne&nbsp;!<\/em><\/strong><\/p>\n\n\n\n<p class=\"wp-block-paragraph\"><\/p>\n","protected":false},"excerpt":{"rendered":"<p class=\"text-justify mb-2\" >Le mercredi 15 juillet 2026, le Pr\u00e9sident du Conseil, Faure Gnassingb\u00e9, a re\u00e7u \u00e0 Lom\u00e9 le Vice-Premier ministre et ministre des Affaires \u00e9trang\u00e8res du Grand-Duch\u00e9 de Luxembourg, Xavier Bettel, dans le cadre d\u2019une visite de travail hautement symbolique. Au c\u0153ur des \u00e9changes, le renforcement de [&hellip;]<\/p>\n","protected":false},"author":2,"featured_media":32205,"comment_status":"open","ping_status":"open","sticky":false,"template":"","format":"standard","meta":{"footnotes":""},"categories":[20,8],"tags":[],"class_list":["post-32202","post","type-post","status-publish","format-standard","has-post-thumbnail","hentry","category-actualite","category-diplomatie"],"yoast_head":"<!-- This site is optimized with the Yoast SEO plugin v28.4 - https:\/\/yoast.com\/product\/yoast-seo-wordpress\/ -->\n<title>PARTENARIAT TOGO-LUXEMBOURG : Faure Gnassingb\u00e9 et Xavier Bettel scellent une nouvelle \u00e8re de coop\u00e9ration -<\/title>\n<meta name=\"robots\" content=\"index, follow, max-snippet:-1, max-image-preview:large, max-video-preview:-1\" \/>\n<link rel=\"canonical\" href=\"https:\/\/macite.tg\/?p=32202\" \/>\n<meta property=\"og:locale\" content=\"fr_FR\" \/>\n<meta property=\"og:type\" content=\"article\" \/>\n<meta property=\"og:title\" content=\"PARTENARIAT TOGO-LUXEMBOURG : Faure Gnassingb\u00e9 et Xavier Bettel scellent une nouvelle \u00e8re de coop\u00e9ration -\" \/>\n<meta property=\"og:description\" content=\"Le mercredi 15 juillet 2026, le Pr\u00e9sident du Conseil, Faure Gnassingb\u00e9, a re\u00e7u \u00e0 Lom\u00e9 le Vice-Premier ministre et ministre des Affaires \u00e9trang\u00e8res du Grand-Duch\u00e9 de Luxembourg, Xavier Bettel, dans le cadre d\u2019une visite de travail hautement symbolique. Au c\u0153ur des \u00e9changes, le renforcement de [&hellip;]\" \/>\n<meta property=\"og:url\" content=\"https:\/\/macite.tg\/?p=32202\" \/>\n<meta property=\"article:published_time\" content=\"2026-07-16T12:57:40+00:00\" \/>\n<meta property=\"article:modified_time\" content=\"2026-07-16T12:57:57+00:00\" \/>\n<meta property=\"og:image\" content=\"https:\/\/macite.tg\/wp-content\/uploads\/2026\/07\/5ed5d9bf-de6a-4473-a5fc-b85b295ca14b.jpg\" \/>\n\t<meta property=\"og:image:width\" content=\"500\" \/>\n\t<meta property=\"og:image:height\" content=\"433\" \/>\n\t<meta property=\"og:image:type\" content=\"image\/jpeg\" \/>\n<meta name=\"author\" content=\"Jean Pierre BAWELA\" \/>\n<meta name=\"twitter:card\" content=\"summary_large_image\" \/>\n<meta name=\"twitter:label1\" content=\"\u00c9crit par\" \/>\n\t<meta name=\"twitter:data1\" content=\"Jean Pierre BAWELA\" \/>\n\t<meta name=\"twitter:label2\" content=\"Dur\u00e9e de lecture estim\u00e9e\" \/>\n\t<meta name=\"twitter:data2\" content=\"3 minutes\" \/>\n<script type=\"application\/ld+json\" class=\"yoast-schema-graph\">{\"@context\":\"https:\\\/\\\/schema.org\",\"@graph\":[{\"@type\":\"Article\",\"@id\":\"https:\\\/\\\/macite.tg\\\/?p=32202#article\",\"isPartOf\":{\"@id\":\"https:\\\/\\\/macite.tg\\\/?p=32202\"},\"author\":{\"name\":\"Jean Pierre BAWELA\",\"@id\":\"https:\\\/\\\/macite.tg\\\/#\\\/schema\\\/person\\\/e9f2de7e5dbbe7770a9402c7ce82f5c2\"},\"headline\":\"PARTENARIAT TOGO-LUXEMBOURG : Faure Gnassingb\u00e9 et Xavier Bettel scellent une nouvelle \u00e8re de coop\u00e9ration\",\"datePublished\":\"2026-07-16T12:57:40+00:00\",\"dateModified\":\"2026-07-16T12:57:57+00:00\",\"mainEntityOfPage\":{\"@id\":\"https:\\\/\\\/macite.tg\\\/?p=32202\"},\"wordCount\":446,\"commentCount\":0,\"image\":{\"@id\":\"https:\\\/\\\/macite.tg\\\/?p=32202#primaryimage\"},\"thumbnailUrl\":\"https:\\\/\\\/macite.tg\\\/wp-content\\\/uploads\\\/2026\\\/07\\\/5ed5d9bf-de6a-4473-a5fc-b85b295ca14b.jpg\",\"articleSection\":[\"ACTUALITE\",\"DIPLOMATIE\"],\"inLanguage\":\"fr-FR\",\"potentialAction\":[{\"@type\":\"CommentAction\",\"name\":\"Comment\",\"target\":[\"https:\\\/\\\/macite.tg\\\/?p=32202#respond\"]}]},{\"@type\":\"WebPage\",\"@id\":\"https:\\\/\\\/macite.tg\\\/?p=32202\",\"url\":\"https:\\\/\\\/macite.tg\\\/?p=32202\",\"name\":\"PARTENARIAT TOGO-LUXEMBOURG : Faure Gnassingb\u00e9 et Xavier Bettel scellent une nouvelle \u00e8re de coop\u00e9ration -\",\"isPartOf\":{\"@id\":\"https:\\\/\\\/macite.tg\\\/#website\"},\"primaryImageOfPage\":{\"@id\":\"https:\\\/\\\/macite.tg\\\/?p=32202#primaryimage\"},\"image\":{\"@id\":\"https:\\\/\\\/macite.tg\\\/?p=32202#primaryimage\"},\"thumbnailUrl\":\"https:\\\/\\\/macite.tg\\\/wp-content\\\/uploads\\\/2026\\\/07\\\/5ed5d9bf-de6a-4473-a5fc-b85b295ca14b.jpg\",\"datePublished\":\"2026-07-16T12:57:40+00:00\",\"dateModified\":\"2026-07-16T12:57:57+00:00\",\"author\":{\"@id\":\"https:\\\/\\\/macite.tg\\\/#\\\/schema\\\/person\\\/e9f2de7e5dbbe7770a9402c7ce82f5c2\"},\"breadcrumb\":{\"@id\":\"https:\\\/\\\/macite.tg\\\/?p=32202#breadcrumb\"},\"inLanguage\":\"fr-FR\",\"potentialAction\":[{\"@type\":\"ReadAction\",\"target\":[\"https:\\\/\\\/macite.tg\\\/?p=32202\"]}]},{\"@type\":\"ImageObject\",\"inLanguage\":\"fr-FR\",\"@id\":\"https:\\\/\\\/macite.tg\\\/?p=32202#primaryimage\",\"url\":\"https:\\\/\\\/macite.tg\\\/wp-content\\\/uploads\\\/2026\\\/07\\\/5ed5d9bf-de6a-4473-a5fc-b85b295ca14b.jpg\",\"contentUrl\":\"https:\\\/\\\/macite.tg\\\/wp-content\\\/uploads\\\/2026\\\/07\\\/5ed5d9bf-de6a-4473-a5fc-b85b295ca14b.jpg\",\"width\":500,\"height\":433},{\"@type\":\"BreadcrumbList\",\"@id\":\"https:\\\/\\\/macite.tg\\\/?p=32202#breadcrumb\",\"itemListElement\":[{\"@type\":\"ListItem\",\"position\":1,\"name\":\"Accueil\",\"item\":\"https:\\\/\\\/macite.tg\\\/\"},{\"@type\":\"ListItem\",\"position\":2,\"name\":\"PARTENARIAT TOGO-LUXEMBOURG : Faure Gnassingb\u00e9 et Xavier Bettel scellent une nouvelle \u00e8re de coop\u00e9ration\"}]},{\"@type\":\"WebSite\",\"@id\":\"https:\\\/\\\/macite.tg\\\/#website\",\"url\":\"https:\\\/\\\/macite.tg\\\/\",\"name\":\"\",\"description\":\"L&#039;information, la bonne!!!\",\"potentialAction\":[{\"@type\":\"SearchAction\",\"target\":{\"@type\":\"EntryPoint\",\"urlTemplate\":\"https:\\\/\\\/macite.tg\\\/?s={search_term_string}\"},\"query-input\":{\"@type\":\"PropertyValueSpecification\",\"valueRequired\":true,\"valueName\":\"search_term_string\"}}],\"inLanguage\":\"fr-FR\"},{\"@type\":\"Person\",\"@id\":\"https:\\\/\\\/macite.tg\\\/#\\\/schema\\\/person\\\/e9f2de7e5dbbe7770a9402c7ce82f5c2\",\"name\":\"Jean Pierre BAWELA\",\"image\":{\"@type\":\"ImageObject\",\"inLanguage\":\"fr-FR\",\"@id\":\"https:\\\/\\\/macite.tg\\\/wp-content\\\/uploads\\\/2023\\\/09\\\/WhatsApp-Image-2023-09-19-at-14.44.41-122x122.jpeg\",\"url\":\"https:\\\/\\\/macite.tg\\\/wp-content\\\/uploads\\\/2023\\\/09\\\/WhatsApp-Image-2023-09-19-at-14.44.41-122x122.jpeg\",\"contentUrl\":\"https:\\\/\\\/macite.tg\\\/wp-content\\\/uploads\\\/2023\\\/09\\\/WhatsApp-Image-2023-09-19-at-14.44.41-122x122.jpeg\",\"caption\":\"Jean Pierre BAWELA\"},\"url\":\"https:\\\/\\\/macite.tg\\\/?author=2\"}]}<\/script>\n<!-- \/ Yoast SEO plugin. -->","yoast_head_json":{"title":"PARTENARIAT TOGO-LUXEMBOURG : Faure Gnassingb\u00e9 et Xavier Bettel scellent une nouvelle \u00e8re de coop\u00e9ration -","robots":{"index":"index","follow":"follow","max-snippet":"max-snippet:-1","max-image-preview":"max-image-preview:large","max-video-preview":"max-video-preview:-1"},"canonical":"https:\/\/macite.tg\/?p=32202","og_locale":"fr_FR","og_type":"article","og_title":"PARTENARIAT TOGO-LUXEMBOURG : Faure Gnassingb\u00e9 et Xavier Bettel scellent une nouvelle \u00e8re de coop\u00e9ration -","og_description":"Le mercredi 15 juillet 2026, le Pr\u00e9sident du Conseil, Faure Gnassingb\u00e9, a re\u00e7u \u00e0 Lom\u00e9 le Vice-Premier ministre et ministre des Affaires \u00e9trang\u00e8res du Grand-Duch\u00e9 de Luxembourg, Xavier Bettel, dans le cadre d\u2019une visite de travail hautement symbolique. Au c\u0153ur des \u00e9changes, le renforcement de [&hellip;]","og_url":"https:\/\/macite.tg\/?p=32202","article_published_time":"2026-07-16T12:57:40+00:00","article_modified_time":"2026-07-16T12:57:57+00:00","og_image":[{"width":500,"height":433,"url":"https:\/\/macite.tg\/wp-content\/uploads\/2026\/07\/5ed5d9bf-de6a-4473-a5fc-b85b295ca14b.jpg","type":"image\/jpeg"}],"author":"Jean Pierre BAWELA","twitter_card":"summary_large_image","twitter_misc":{"\u00c9crit par":"Jean Pierre BAWELA","Dur\u00e9e de lecture estim\u00e9e":"3 minutes"},"schema":{"@context":"https:\/\/schema.org","@graph":[{"@type":"Article","@id":"https:\/\/macite.tg\/?p=32202#article","isPartOf":{"@id":"https:\/\/macite.tg\/?p=32202"},"author":{"name":"Jean Pierre BAWELA","@id":"https:\/\/macite.tg\/#\/schema\/person\/e9f2de7e5dbbe7770a9402c7ce82f5c2"},"headline":"PARTENARIAT TOGO-LUXEMBOURG : Faure Gnassingb\u00e9 et Xavier Bettel scellent une nouvelle \u00e8re de coop\u00e9ration","datePublished":"2026-07-16T12:57:40+00:00","dateModified":"2026-07-16T12:57:57+00:00","mainEntityOfPage":{"@id":"https:\/\/macite.tg\/?p=32202"},"wordCount":446,"commentCount":0,"image":{"@id":"https:\/\/macite.tg\/?p=32202#primaryimage"},"thumbnailUrl":"https:\/\/macite.tg\/wp-content\/uploads\/2026\/07\/5ed5d9bf-de6a-4473-a5fc-b85b295ca14b.jpg","articleSection":["ACTUALITE","DIPLOMATIE"],"inLanguage":"fr-FR","potentialAction":[{"@type":"CommentAction","name":"Comment","target":["https:\/\/macite.tg\/?p=32202#respond"]}]},{"@type":"WebPage","@id":"https:\/\/macite.tg\/?p=32202","url":"https:\/\/macite.tg\/?p=32202","name":"PARTENARIAT TOGO-LUXEMBOURG : Faure Gnassingb\u00e9 et Xavier Bettel scellent une nouvelle \u00e8re de coop\u00e9ration -","isPartOf":{"@id":"https:\/\/macite.tg\/#website"},"primaryImageOfPage":{"@id":"https:\/\/macite.tg\/?p=32202#primaryimage"},"image":{"@id":"https:\/\/macite.tg\/?p=32202#primaryimage"},"thumbnailUrl":"https:\/\/macite.tg\/wp-content\/uploads\/2026\/07\/5ed5d9bf-de6a-4473-a5fc-b85b295ca14b.jpg","datePublished":"2026-07-16T12:57:40+00:00","dateModified":"2026-07-16T12:57:57+00:00","author":{"@id":"https:\/\/macite.tg\/#\/schema\/person\/e9f2de7e5dbbe7770a9402c7ce82f5c2"},"breadcrumb":{"@id":"https:\/\/macite.tg\/?p=32202#breadcrumb"},"inLanguage":"fr-FR","potentialAction":[{"@type":"ReadAction","target":["https:\/\/macite.tg\/?p=32202"]}]},{"@type":"ImageObject","inLanguage":"fr-FR","@id":"https:\/\/macite.tg\/?p=32202#primaryimage","url":"https:\/\/macite.tg\/wp-content\/uploads\/2026\/07\/5ed5d9bf-de6a-4473-a5fc-b85b295ca14b.jpg","contentUrl":"https:\/\/macite.tg\/wp-content\/uploads\/2026\/07\/5ed5d9bf-de6a-4473-a5fc-b85b295ca14b.jpg","width":500,"height":433},{"@type":"BreadcrumbList","@id":"https:\/\/macite.tg\/?p=32202#breadcrumb","itemListElement":[{"@type":"ListItem","position":1,"name":"Accueil","item":"https:\/\/macite.tg\/"},{"@type":"ListItem","position":2,"name":"PARTENARIAT TOGO-LUXEMBOURG : Faure Gnassingb\u00e9 et Xavier Bettel scellent une nouvelle \u00e8re de coop\u00e9ration"}]},{"@type":"WebSite","@id":"https:\/\/macite.tg\/#website","url":"https:\/\/macite.tg\/","name":"","description":"L&#039;information, la bonne!!!","potentialAction":[{"@type":"SearchAction","target":{"@type":"EntryPoint","urlTemplate":"https:\/\/macite.tg\/?s={search_term_string}"},"query-input":{"@type":"PropertyValueSpecification","valueRequired":true,"valueName":"search_term_string"}}],"inLanguage":"fr-FR"},{"@type":"Person","@id":"https:\/\/macite.tg\/#\/schema\/person\/e9f2de7e5dbbe7770a9402c7ce82f5c2","name":"Jean Pierre BAWELA","image":{"@type":"ImageObject","inLanguage":"fr-FR","@id":"https:\/\/macite.tg\/wp-content\/uploads\/2023\/09\/WhatsApp-Image-2023-09-19-at-14.44.41-122x122.jpeg","url":"https:\/\/macite.tg\/wp-content\/uploads\/2023\/09\/WhatsApp-Image-2023-09-19-at-14.44.41-122x122.jpeg","contentUrl":"https:\/\/macite.tg\/wp-content\/uploads\/2023\/09\/WhatsApp-Image-2023-09-19-at-14.44.41-122x122.jpeg","caption":"Jean Pierre BAWELA"},"url":"https:\/\/macite.tg\/?author=2"}]}},"_links":{"self":[{"href":"https:\/\/macite.tg\/index.php?rest_route=\/wp\/v2\/posts\/32202","targetHints":{"allow":["GET"]}}],"collection":[{"href":"https:\/\/macite.tg\/index.php?rest_route=\/wp\/v2\/posts"}],"about":[{"href":"https:\/\/macite.tg\/index.php?rest_route=\/wp\/v2\/types\/post"}],"author":[{"embeddable":true,"href":"https:\/\/macite.tg\/index.php?rest_route=\/wp\/v2\/users\/2"}],"replies":[{"embeddable":true,"href":"https:\/\/macite.tg\/index.php?rest_route=%2Fwp%2Fv2%2Fcomments&post=32202"}],"version-history":[{"count":0,"href":"https:\/\/macite.tg\/index.php?rest_route=\/wp\/v2\/posts\/32202\/revisions"}],"wp:featuredmedia":[{"embeddable":true,"href":"https:\/\/macite.tg\/index.php?rest_route=\/wp\/v2\/media\/32205"}],"wp:attachment":[{"href":"https:\/\/macite.tg\/index.php?rest_route=%2Fwp%2Fv2%2Fmedia&parent=32202"}],"wp:term":[{"taxonomy":"category","embeddable":true,"href":"https:\/\/macite.tg\/index.php?rest_route=%2Fwp%2Fv2%2Fcategories&post=32202"},{"taxonomy":"post_tag","embeddable":true,"href":"https:\/\/macite.tg\/index.php?rest_route=%2Fwp%2Fv2%2Ftags&post=32202"}],"curies":[{"name":"wp","href":"https:\/\/api.w.org\/{rel}","templated":true}]}}