{"id":32196,"date":"2026-07-15T17:43:10","date_gmt":"2026-07-15T17:43:10","guid":{"rendered":"https:\/\/macite.tg\/?p=32196"},"modified":"2026-07-15T17:43:35","modified_gmt":"2026-07-15T17:43:35","slug":"cooperation-lome-kinshasa-faure-gnassingbe-a-echange-avec-le-ministre-congolais-de-lintegration-regionale-a-pya","status":"publish","type":"post","link":"https:\/\/macite.tg\/?p=32196","title":{"rendered":"COOPERATION LOME-KINSHASA : Faure Gnassingb\u00e9 a \u00e9chang\u00e9 avec le ministre congolais de l\u2019Int\u00e9gration r\u00e9gionale \u00e0 Pya"},"content":{"rendered":"\n<p class=\"wp-block-paragraph\"><strong><em>En marge des activit\u00e9s officielles dans la Kozah, le Pr\u00e9sident du conseil, Faure Essozimna Gnassingb\u00e9, a accord\u00e9 une audience le mardi 14 juillet \u00e0 Pya, dans la Kozah, au ministre de l\u2019Int\u00e9gration r\u00e9gionale de la R\u00e9publique d\u00e9mocratique du Congo (RDC), Floribert Anzuluni.<\/em><\/strong><\/p>\n\n\n\n<p class=\"wp-block-paragraph\">Cette rencontre, qui s&rsquo;inscrit dans le cadre d&rsquo;une mission diplomatique de l&rsquo;officiel congolais au Togo, a permis de r\u00e9affirmer la solidit\u00e9 des liens bilat\u00e9raux et d&rsquo;aborder des sujets cruciaux pour la stabilit\u00e9 de la r\u00e9gion des Grands Lacs.<\/p>\n\n\n\n<p class=\"wp-block-paragraph\">Pour ce qui est de la consolider l&rsquo;axe Kinshasa-Lom\u00e9, les deux personnalit\u00e9s ont abord\u00e9 principalement deux grands axes.<\/p>\n\n\n<div class=\"wp-block-image\">\n<figure class=\"aligncenter size-full\"><img loading=\"lazy\" decoding=\"async\" width=\"500\" height=\"353\" src=\"https:\/\/macite.tg\/wp-content\/uploads\/2026\/07\/MOUTISQUAIRES.jpg\" alt=\"\" class=\"wp-image-32194\" srcset=\"https:\/\/macite.tg\/wp-content\/uploads\/2026\/07\/MOUTISQUAIRES.jpg 500w, https:\/\/macite.tg\/wp-content\/uploads\/2026\/07\/MOUTISQUAIRES-300x212.jpg 300w\" sizes=\"auto, (max-width: 500px) 100vw, 500px\" \/><\/figure>\n<\/div>\n\n\n<p class=\"wp-block-paragraph\">D\u2019abord, le renforcement de la coop\u00e9ration bilat\u00e9rale via une \u00e9valuation et la consolidation des relations diplomatiques et \u00e9conomiques entre le Togo et la RDC.<\/p>\n\n\n\n<p class=\"wp-block-paragraph\">Ensuite, il \u00e9tait question, pour ce qui est des d\u00e9fis \u00e0 relever \u00e0 l&rsquo;Est de la RDC, la question de la crise s\u00e9curitaire dans cette r\u00e9gion d\u2019Afrique revient avec acuit\u00e9. Ainsi, un point a \u00e9t\u00e9 fait sur la situation humanitaire et militaire complexe dans cette partie de la RDC, en proie \u00e0 l&rsquo;activisme des groupes arm\u00e9s.<\/p>\n\n\n\n<p class=\"wp-block-paragraph\"><strong>Une diplomatie de paix reconnue au Pr\u00e9sident du conseil<\/strong><\/p>\n\n\n\n<p class=\"wp-block-paragraph\">D\u00e9sign\u00e9 M\u00e9diateur de l\u2019Union africaine (UA) pour la r\u00e9solution de cette crise r\u00e9gionale majeure, Faure Gnassingb\u00e9 joue un r\u00f4le de premier plan dans la recherche d&rsquo;une issue pacifique.<\/p>\n\n\n\n<p class=\"wp-block-paragraph\">\u00c0 l\u2019issue de l\u2019audience, le ministre Floribert Anzuluni a tenu \u00e0 exprimer la profonde gratitude de la RDC envers le chef de l&rsquo;\u00c9tat togolais. <em>\u00ab Le gouvernement congolais salue l&rsquo;implication personnelle et constante du Pr\u00e9sident Faure Gnassingb\u00e9 dans la recherche de solutions concert\u00e9es, pacifiques et durables pour le r\u00e9tablissement de la paix dans l&rsquo;Est de notre pays \u00bb,<\/em> a-t-il expliqu\u00e9.<\/p>\n\n\n<div class=\"wp-block-image\">\n<figure class=\"aligncenter size-full\"><img loading=\"lazy\" decoding=\"async\" width=\"509\" height=\"720\" src=\"https:\/\/macite.tg\/wp-content\/uploads\/2026\/07\/OTR_Payez-la-TVM-simple-et-pratique.jpg\" alt=\"\" class=\"wp-image-32178\" srcset=\"https:\/\/macite.tg\/wp-content\/uploads\/2026\/07\/OTR_Payez-la-TVM-simple-et-pratique.jpg 509w, https:\/\/macite.tg\/wp-content\/uploads\/2026\/07\/OTR_Payez-la-TVM-simple-et-pratique-212x300.jpg 212w\" sizes=\"auto, (max-width: 509px) 100vw, 509px\" \/><\/figure>\n<\/div>\n\n\n<p class=\"wp-block-paragraph\">Ainsi, depuis sa d\u00e9signation par l&rsquo;organisation panafricaine, le Pr\u00e9sident du conseil n&rsquo;a cess\u00e9 de multiplier les initiatives diplomatiques en direction des acteurs de premier plan de cette crise. Entre consultations r\u00e9guli\u00e8res avec toutes les parties prenantes au conflit, promotion du dialogue inclusif et de la d\u00e9sescalade militaire, et soutien aux processus r\u00e9gionaux de pacification (processus de Luanda et de Nairobi), le leader togolais n\u2019a pas crois\u00e9 les bras.<\/p>\n\n\n\n<p class=\"wp-block-paragraph\"><strong>MC<\/strong><\/p>\n\n\n\n<p class=\"wp-block-paragraph\"><a><strong><em>@macite.tg&nbsp;&nbsp;&nbsp;&nbsp;&nbsp;&nbsp;&nbsp;&nbsp;<\/em><\/strong><\/a><\/p>\n\n\n\n<p class=\"wp-block-paragraph\"><strong><em>E-mail&nbsp;: <\/em><\/strong><a href=\"mailto:maciteinfo@gmail.com\"><strong><em>maciteinfo@gmail.com<\/em><\/strong><\/a><strong><em>; <\/em><\/strong><a href=\"mailto:bawela1@gmail.com\"><strong><em>bawela1@gmail.com<\/em><\/strong><\/a><strong><em><\/em><\/strong><\/p>\n\n\n\n<p class=\"wp-block-paragraph\"><strong><em>Pour vos annonces, publi-reportages, etc., joignez-nous au (00228)91515309\/<strong>79872224 <\/strong><strong><\/strong><\/em><\/strong><\/p>\n\n\n\n<p class=\"wp-block-paragraph\"><strong><em>www.macite.tg, L\u2019information, la bonne&nbsp;!<\/em><\/strong><\/p>\n\n\n\n<p class=\"wp-block-paragraph\"><\/p>\n","protected":false},"excerpt":{"rendered":"<p class=\"text-justify mb-2\" >En marge des activit\u00e9s officielles dans la Kozah, le Pr\u00e9sident du conseil, Faure Essozimna Gnassingb\u00e9, a accord\u00e9 une audience le mardi 14 juillet \u00e0 Pya, dans la Kozah, au ministre de l\u2019Int\u00e9gration r\u00e9gionale de la R\u00e9publique d\u00e9mocratique du Congo (RDC), Floribert Anzuluni. Cette rencontre, qui [&hellip;]<\/p>\n","protected":false},"author":2,"featured_media":32197,"comment_status":"open","ping_status":"open","sticky":false,"template":"","format":"standard","meta":{"footnotes":""},"categories":[20,8],"tags":[],"class_list":["post-32196","post","type-post","status-publish","format-standard","has-post-thumbnail","hentry","category-actualite","category-diplomatie"],"yoast_head":"<!-- This site is optimized with the Yoast SEO plugin v28.4 - https:\/\/yoast.com\/product\/yoast-seo-wordpress\/ -->\n<title>COOPERATION LOME-KINSHASA : Faure Gnassingb\u00e9 a \u00e9chang\u00e9 avec le ministre congolais de l\u2019Int\u00e9gration r\u00e9gionale \u00e0 Pya -<\/title>\n<meta name=\"robots\" content=\"index, follow, max-snippet:-1, max-image-preview:large, max-video-preview:-1\" \/>\n<link rel=\"canonical\" href=\"https:\/\/macite.tg\/?p=32196\" \/>\n<meta property=\"og:locale\" content=\"fr_FR\" \/>\n<meta property=\"og:type\" content=\"article\" \/>\n<meta property=\"og:title\" content=\"COOPERATION LOME-KINSHASA : Faure Gnassingb\u00e9 a \u00e9chang\u00e9 avec le ministre congolais de l\u2019Int\u00e9gration r\u00e9gionale \u00e0 Pya -\" \/>\n<meta property=\"og:description\" content=\"En marge des activit\u00e9s officielles dans la Kozah, le Pr\u00e9sident du conseil, Faure Essozimna Gnassingb\u00e9, a accord\u00e9 une audience le mardi 14 juillet \u00e0 Pya, dans la Kozah, au ministre de l\u2019Int\u00e9gration r\u00e9gionale de la R\u00e9publique d\u00e9mocratique du Congo (RDC), Floribert Anzuluni. Cette rencontre, qui [&hellip;]\" \/>\n<meta property=\"og:url\" content=\"https:\/\/macite.tg\/?p=32196\" \/>\n<meta property=\"article:published_time\" content=\"2026-07-15T17:43:10+00:00\" \/>\n<meta property=\"article:modified_time\" content=\"2026-07-15T17:43:35+00:00\" \/>\n<meta property=\"og:image\" content=\"https:\/\/macite.tg\/wp-content\/uploads\/2026\/07\/CONGOLAIS.jpg\" \/>\n\t<meta property=\"og:image:width\" content=\"500\" \/>\n\t<meta property=\"og:image:height\" content=\"334\" \/>\n\t<meta property=\"og:image:type\" content=\"image\/jpeg\" \/>\n<meta name=\"author\" content=\"Jean Pierre BAWELA\" \/>\n<meta name=\"twitter:card\" content=\"summary_large_image\" \/>\n<meta name=\"twitter:label1\" content=\"\u00c9crit par\" \/>\n\t<meta name=\"twitter:data1\" content=\"Jean Pierre BAWELA\" \/>\n\t<meta name=\"twitter:label2\" content=\"Dur\u00e9e de lecture estim\u00e9e\" \/>\n\t<meta name=\"twitter:data2\" content=\"3 minutes\" \/>\n<script type=\"application\/ld+json\" class=\"yoast-schema-graph\">{\"@context\":\"https:\\\/\\\/schema.org\",\"@graph\":[{\"@type\":\"Article\",\"@id\":\"https:\\\/\\\/macite.tg\\\/?p=32196#article\",\"isPartOf\":{\"@id\":\"https:\\\/\\\/macite.tg\\\/?p=32196\"},\"author\":{\"name\":\"Jean Pierre BAWELA\",\"@id\":\"https:\\\/\\\/macite.tg\\\/#\\\/schema\\\/person\\\/e9f2de7e5dbbe7770a9402c7ce82f5c2\"},\"headline\":\"COOPERATION LOME-KINSHASA : Faure Gnassingb\u00e9 a \u00e9chang\u00e9 avec le ministre congolais de l\u2019Int\u00e9gration r\u00e9gionale \u00e0 Pya\",\"datePublished\":\"2026-07-15T17:43:10+00:00\",\"dateModified\":\"2026-07-15T17:43:35+00:00\",\"mainEntityOfPage\":{\"@id\":\"https:\\\/\\\/macite.tg\\\/?p=32196\"},\"wordCount\":436,\"commentCount\":0,\"image\":{\"@id\":\"https:\\\/\\\/macite.tg\\\/?p=32196#primaryimage\"},\"thumbnailUrl\":\"https:\\\/\\\/macite.tg\\\/wp-content\\\/uploads\\\/2026\\\/07\\\/CONGOLAIS.jpg\",\"articleSection\":[\"ACTUALITE\",\"DIPLOMATIE\"],\"inLanguage\":\"fr-FR\",\"potentialAction\":[{\"@type\":\"CommentAction\",\"name\":\"Comment\",\"target\":[\"https:\\\/\\\/macite.tg\\\/?p=32196#respond\"]}]},{\"@type\":\"WebPage\",\"@id\":\"https:\\\/\\\/macite.tg\\\/?p=32196\",\"url\":\"https:\\\/\\\/macite.tg\\\/?p=32196\",\"name\":\"COOPERATION LOME-KINSHASA : Faure Gnassingb\u00e9 a \u00e9chang\u00e9 avec le ministre congolais de l\u2019Int\u00e9gration r\u00e9gionale \u00e0 Pya -\",\"isPartOf\":{\"@id\":\"https:\\\/\\\/macite.tg\\\/#website\"},\"primaryImageOfPage\":{\"@id\":\"https:\\\/\\\/macite.tg\\\/?p=32196#primaryimage\"},\"image\":{\"@id\":\"https:\\\/\\\/macite.tg\\\/?p=32196#primaryimage\"},\"thumbnailUrl\":\"https:\\\/\\\/macite.tg\\\/wp-content\\\/uploads\\\/2026\\\/07\\\/CONGOLAIS.jpg\",\"datePublished\":\"2026-07-15T17:43:10+00:00\",\"dateModified\":\"2026-07-15T17:43:35+00:00\",\"author\":{\"@id\":\"https:\\\/\\\/macite.tg\\\/#\\\/schema\\\/person\\\/e9f2de7e5dbbe7770a9402c7ce82f5c2\"},\"breadcrumb\":{\"@id\":\"https:\\\/\\\/macite.tg\\\/?p=32196#breadcrumb\"},\"inLanguage\":\"fr-FR\",\"potentialAction\":[{\"@type\":\"ReadAction\",\"target\":[\"https:\\\/\\\/macite.tg\\\/?p=32196\"]}]},{\"@type\":\"ImageObject\",\"inLanguage\":\"fr-FR\",\"@id\":\"https:\\\/\\\/macite.tg\\\/?p=32196#primaryimage\",\"url\":\"https:\\\/\\\/macite.tg\\\/wp-content\\\/uploads\\\/2026\\\/07\\\/CONGOLAIS.jpg\",\"contentUrl\":\"https:\\\/\\\/macite.tg\\\/wp-content\\\/uploads\\\/2026\\\/07\\\/CONGOLAIS.jpg\",\"width\":500,\"height\":334},{\"@type\":\"BreadcrumbList\",\"@id\":\"https:\\\/\\\/macite.tg\\\/?p=32196#breadcrumb\",\"itemListElement\":[{\"@type\":\"ListItem\",\"position\":1,\"name\":\"Accueil\",\"item\":\"https:\\\/\\\/macite.tg\\\/\"},{\"@type\":\"ListItem\",\"position\":2,\"name\":\"COOPERATION LOME-KINSHASA : Faure Gnassingb\u00e9 a \u00e9chang\u00e9 avec le ministre congolais de l\u2019Int\u00e9gration r\u00e9gionale \u00e0 Pya\"}]},{\"@type\":\"WebSite\",\"@id\":\"https:\\\/\\\/macite.tg\\\/#website\",\"url\":\"https:\\\/\\\/macite.tg\\\/\",\"name\":\"\",\"description\":\"L&#039;information, la bonne!!!\",\"potentialAction\":[{\"@type\":\"SearchAction\",\"target\":{\"@type\":\"EntryPoint\",\"urlTemplate\":\"https:\\\/\\\/macite.tg\\\/?s={search_term_string}\"},\"query-input\":{\"@type\":\"PropertyValueSpecification\",\"valueRequired\":true,\"valueName\":\"search_term_string\"}}],\"inLanguage\":\"fr-FR\"},{\"@type\":\"Person\",\"@id\":\"https:\\\/\\\/macite.tg\\\/#\\\/schema\\\/person\\\/e9f2de7e5dbbe7770a9402c7ce82f5c2\",\"name\":\"Jean Pierre BAWELA\",\"image\":{\"@type\":\"ImageObject\",\"inLanguage\":\"fr-FR\",\"@id\":\"https:\\\/\\\/macite.tg\\\/wp-content\\\/uploads\\\/2023\\\/09\\\/WhatsApp-Image-2023-09-19-at-14.44.41-122x122.jpeg\",\"url\":\"https:\\\/\\\/macite.tg\\\/wp-content\\\/uploads\\\/2023\\\/09\\\/WhatsApp-Image-2023-09-19-at-14.44.41-122x122.jpeg\",\"contentUrl\":\"https:\\\/\\\/macite.tg\\\/wp-content\\\/uploads\\\/2023\\\/09\\\/WhatsApp-Image-2023-09-19-at-14.44.41-122x122.jpeg\",\"caption\":\"Jean Pierre BAWELA\"},\"url\":\"https:\\\/\\\/macite.tg\\\/?author=2\"}]}<\/script>\n<!-- \/ Yoast SEO plugin. -->","yoast_head_json":{"title":"COOPERATION LOME-KINSHASA : Faure Gnassingb\u00e9 a \u00e9chang\u00e9 avec le ministre congolais de l\u2019Int\u00e9gration r\u00e9gionale \u00e0 Pya -","robots":{"index":"index","follow":"follow","max-snippet":"max-snippet:-1","max-image-preview":"max-image-preview:large","max-video-preview":"max-video-preview:-1"},"canonical":"https:\/\/macite.tg\/?p=32196","og_locale":"fr_FR","og_type":"article","og_title":"COOPERATION LOME-KINSHASA : Faure Gnassingb\u00e9 a \u00e9chang\u00e9 avec le ministre congolais de l\u2019Int\u00e9gration r\u00e9gionale \u00e0 Pya -","og_description":"En marge des activit\u00e9s officielles dans la Kozah, le Pr\u00e9sident du conseil, Faure Essozimna Gnassingb\u00e9, a accord\u00e9 une audience le mardi 14 juillet \u00e0 Pya, dans la Kozah, au ministre de l\u2019Int\u00e9gration r\u00e9gionale de la R\u00e9publique d\u00e9mocratique du Congo (RDC), Floribert Anzuluni. Cette rencontre, qui [&hellip;]","og_url":"https:\/\/macite.tg\/?p=32196","article_published_time":"2026-07-15T17:43:10+00:00","article_modified_time":"2026-07-15T17:43:35+00:00","og_image":[{"width":500,"height":334,"url":"https:\/\/macite.tg\/wp-content\/uploads\/2026\/07\/CONGOLAIS.jpg","type":"image\/jpeg"}],"author":"Jean Pierre BAWELA","twitter_card":"summary_large_image","twitter_misc":{"\u00c9crit par":"Jean Pierre BAWELA","Dur\u00e9e de lecture estim\u00e9e":"3 minutes"},"schema":{"@context":"https:\/\/schema.org","@graph":[{"@type":"Article","@id":"https:\/\/macite.tg\/?p=32196#article","isPartOf":{"@id":"https:\/\/macite.tg\/?p=32196"},"author":{"name":"Jean Pierre BAWELA","@id":"https:\/\/macite.tg\/#\/schema\/person\/e9f2de7e5dbbe7770a9402c7ce82f5c2"},"headline":"COOPERATION LOME-KINSHASA : Faure Gnassingb\u00e9 a \u00e9chang\u00e9 avec le ministre congolais de l\u2019Int\u00e9gration r\u00e9gionale \u00e0 Pya","datePublished":"2026-07-15T17:43:10+00:00","dateModified":"2026-07-15T17:43:35+00:00","mainEntityOfPage":{"@id":"https:\/\/macite.tg\/?p=32196"},"wordCount":436,"commentCount":0,"image":{"@id":"https:\/\/macite.tg\/?p=32196#primaryimage"},"thumbnailUrl":"https:\/\/macite.tg\/wp-content\/uploads\/2026\/07\/CONGOLAIS.jpg","articleSection":["ACTUALITE","DIPLOMATIE"],"inLanguage":"fr-FR","potentialAction":[{"@type":"CommentAction","name":"Comment","target":["https:\/\/macite.tg\/?p=32196#respond"]}]},{"@type":"WebPage","@id":"https:\/\/macite.tg\/?p=32196","url":"https:\/\/macite.tg\/?p=32196","name":"COOPERATION LOME-KINSHASA : Faure Gnassingb\u00e9 a \u00e9chang\u00e9 avec le ministre congolais de l\u2019Int\u00e9gration r\u00e9gionale \u00e0 Pya -","isPartOf":{"@id":"https:\/\/macite.tg\/#website"},"primaryImageOfPage":{"@id":"https:\/\/macite.tg\/?p=32196#primaryimage"},"image":{"@id":"https:\/\/macite.tg\/?p=32196#primaryimage"},"thumbnailUrl":"https:\/\/macite.tg\/wp-content\/uploads\/2026\/07\/CONGOLAIS.jpg","datePublished":"2026-07-15T17:43:10+00:00","dateModified":"2026-07-15T17:43:35+00:00","author":{"@id":"https:\/\/macite.tg\/#\/schema\/person\/e9f2de7e5dbbe7770a9402c7ce82f5c2"},"breadcrumb":{"@id":"https:\/\/macite.tg\/?p=32196#breadcrumb"},"inLanguage":"fr-FR","potentialAction":[{"@type":"ReadAction","target":["https:\/\/macite.tg\/?p=32196"]}]},{"@type":"ImageObject","inLanguage":"fr-FR","@id":"https:\/\/macite.tg\/?p=32196#primaryimage","url":"https:\/\/macite.tg\/wp-content\/uploads\/2026\/07\/CONGOLAIS.jpg","contentUrl":"https:\/\/macite.tg\/wp-content\/uploads\/2026\/07\/CONGOLAIS.jpg","width":500,"height":334},{"@type":"BreadcrumbList","@id":"https:\/\/macite.tg\/?p=32196#breadcrumb","itemListElement":[{"@type":"ListItem","position":1,"name":"Accueil","item":"https:\/\/macite.tg\/"},{"@type":"ListItem","position":2,"name":"COOPERATION LOME-KINSHASA : Faure Gnassingb\u00e9 a \u00e9chang\u00e9 avec le ministre congolais de l\u2019Int\u00e9gration r\u00e9gionale \u00e0 Pya"}]},{"@type":"WebSite","@id":"https:\/\/macite.tg\/#website","url":"https:\/\/macite.tg\/","name":"","description":"L&#039;information, la bonne!!!","potentialAction":[{"@type":"SearchAction","target":{"@type":"EntryPoint","urlTemplate":"https:\/\/macite.tg\/?s={search_term_string}"},"query-input":{"@type":"PropertyValueSpecification","valueRequired":true,"valueName":"search_term_string"}}],"inLanguage":"fr-FR"},{"@type":"Person","@id":"https:\/\/macite.tg\/#\/schema\/person\/e9f2de7e5dbbe7770a9402c7ce82f5c2","name":"Jean Pierre BAWELA","image":{"@type":"ImageObject","inLanguage":"fr-FR","@id":"https:\/\/macite.tg\/wp-content\/uploads\/2023\/09\/WhatsApp-Image-2023-09-19-at-14.44.41-122x122.jpeg","url":"https:\/\/macite.tg\/wp-content\/uploads\/2023\/09\/WhatsApp-Image-2023-09-19-at-14.44.41-122x122.jpeg","contentUrl":"https:\/\/macite.tg\/wp-content\/uploads\/2023\/09\/WhatsApp-Image-2023-09-19-at-14.44.41-122x122.jpeg","caption":"Jean Pierre BAWELA"},"url":"https:\/\/macite.tg\/?author=2"}]}},"_links":{"self":[{"href":"https:\/\/macite.tg\/index.php?rest_route=\/wp\/v2\/posts\/32196","targetHints":{"allow":["GET"]}}],"collection":[{"href":"https:\/\/macite.tg\/index.php?rest_route=\/wp\/v2\/posts"}],"about":[{"href":"https:\/\/macite.tg\/index.php?rest_route=\/wp\/v2\/types\/post"}],"author":[{"embeddable":true,"href":"https:\/\/macite.tg\/index.php?rest_route=\/wp\/v2\/users\/2"}],"replies":[{"embeddable":true,"href":"https:\/\/macite.tg\/index.php?rest_route=%2Fwp%2Fv2%2Fcomments&post=32196"}],"version-history":[{"count":0,"href":"https:\/\/macite.tg\/index.php?rest_route=\/wp\/v2\/posts\/32196\/revisions"}],"wp:featuredmedia":[{"embeddable":true,"href":"https:\/\/macite.tg\/index.php?rest_route=\/wp\/v2\/media\/32197"}],"wp:attachment":[{"href":"https:\/\/macite.tg\/index.php?rest_route=%2Fwp%2Fv2%2Fmedia&parent=32196"}],"wp:term":[{"taxonomy":"category","embeddable":true,"href":"https:\/\/macite.tg\/index.php?rest_route=%2Fwp%2Fv2%2Fcategories&post=32196"},{"taxonomy":"post_tag","embeddable":true,"href":"https:\/\/macite.tg\/index.php?rest_route=%2Fwp%2Fv2%2Ftags&post=32196"}],"curies":[{"name":"wp","href":"https:\/\/api.w.org\/{rel}","templated":true}]}}