{"id":32183,"date":"2026-07-16T09:00:00","date_gmt":"2026-07-16T09:00:00","guid":{"rendered":"https:\/\/macite.tg\/?p=32183"},"modified":"2026-07-15T17:16:40","modified_gmt":"2026-07-15T17:16:40","slug":"budget-sensible-au-genre-une-feminisation-des-ressources-humaines-dans-ladministration-publique-en-progression","status":"publish","type":"post","link":"https:\/\/macite.tg\/?p=32183","title":{"rendered":"BUDGET SENSIBLE AU GENRE\u00a0: Une f\u00e9minisation des ressources humaines dans l&rsquo;administration publique en progression"},"content":{"rendered":"\n<p class=\"wp-block-paragraph\"><strong><em>Les chiffres relatifs aux effectifs f\u00e9minins dans les minist\u00e8res et institutions engag\u00e9s dans le budget sensible au genre en 2025 dessinent un tableau reluisant, quoique \u00e0 am\u00e9liorer. C&rsquo;est le Togo qui s&rsquo;affirme au f\u00e9minin.<\/em><\/strong><\/p>\n\n\n\n<p class=\"wp-block-paragraph\">Sur 78 378 agents publics, 19 335 sont des femmes, soit environ 24,7 % des effectifs. Au niveau de l&rsquo;encadrement, elles occupent 3 486 postes de responsabilit\u00e9 sur 15 303, repr\u00e9sentant 22,78 %. La question qui s&rsquo;impose est simple mais essentielle : s&rsquo;agit-il d&rsquo;un bon ou d&rsquo;un mauvais signe ?<\/p>\n\n\n\n<p class=\"wp-block-paragraph\"><strong>Une progression encourageante<\/strong><\/p>\n\n\n\n<p class=\"wp-block-paragraph\">D&rsquo;un c\u00f4t\u00e9, les donn\u00e9es \u00e9voqu\u00e9es t\u00e9moignent d&rsquo;une pr\u00e9sence f\u00e9minine r\u00e9elle dans l&rsquo;appareil administratif. Le fait que pr\u00e8s d&rsquo;un quart des agents publics soient des femmes indique une progression vers une meilleure inclusion, surtout dans un contexte o\u00f9, historiquement, les fonctions administratives et d\u00e9cisionnelles \u00e9taient fortement masculinis\u00e9es. Le principe du budget sensible au genre, justement, vise \u00e0 corriger ces d\u00e9s\u00e9quilibres structurels en int\u00e9grant la dimension de l&rsquo;\u00e9quit\u00e9 dans la gestion publique.<\/p>\n\n\n\n<figure class=\"wp-block-image size-full\"><img loading=\"lazy\" decoding=\"async\" width=\"851\" height=\"315\" src=\"https:\/\/macite.tg\/wp-content\/uploads\/2026\/07\/OTR_Ferer-pour-batir-1.jpg\" alt=\"\" class=\"wp-image-31769\" srcset=\"https:\/\/macite.tg\/wp-content\/uploads\/2026\/07\/OTR_Ferer-pour-batir-1.jpg 851w, https:\/\/macite.tg\/wp-content\/uploads\/2026\/07\/OTR_Ferer-pour-batir-1-300x111.jpg 300w, https:\/\/macite.tg\/wp-content\/uploads\/2026\/07\/OTR_Ferer-pour-batir-1-768x284.jpg 768w\" sizes=\"auto, (max-width: 851px) 100vw, 851px\" \/><\/figure>\n\n\n\n<p class=\"wp-block-paragraph\">D&rsquo;un autre c\u00f4t\u00e9, les chiffres r\u00e9v\u00e8lent quelques limites que sont en train de corriger le gouvernement, prenant en compte les barri\u00e8res souvent invisibles mais persistantes, allant des st\u00e9r\u00e9otypes sociaux aux m\u00e9canismes de promotion interne, en passant par les contraintes li\u00e9es \u00e0 la conciliation entre vie professionnelle et vie familiale.<\/p>\n\n\n\n<p class=\"wp-block-paragraph\">Les r\u00e9sultats de 2025 peuvent donc \u00eatre interpr\u00e9t\u00e9s comme un signal interm\u00e9diaire. Ni un \u00e9chec, ni une victoire aboutie. Plut\u00f4t une transition en cours, o\u00f9 les fondations de l&rsquo;\u00e9galit\u00e9 sont pos\u00e9es mais encore fragiles, mais avec la certitude que la \u00ab\u00a0f\u00e9minisation\u00a0\u00bb de l&rsquo;administration publique est de plus en plus r\u00e9elle sur le territoire.<\/p>\n\n\n\n<p class=\"wp-block-paragraph\"><strong>Faire davantage<\/strong><\/p>\n\n\n\n<p class=\"wp-block-paragraph\">Pour transformer cette pr\u00e9sence relative en v\u00e9ritable parit\u00e9, plusieurs leviers restent essentiels et les pouvoirs publics sont d&rsquo;accord&nbsp;: le renforcement des politiques de promotion interne, quotas ou objectifs chiffr\u00e9s dans les postes de direction, mentorat des jeunes fonctionnaires f\u00e9minines, application rigoureuse des principes du budget sensible au genre au-del\u00e0 des intentions d\u00e9clar\u00e9es.<\/p>\n\n\n\n<p class=\"wp-block-paragraph\">C&rsquo;est donc tout naturellement que ces chiffres sont comme un miroir de la transformation sociale en cours au Togo. Ils montrent un mouvement r\u00e9el, mais encore incomplet. Le d\u00e9fi n&rsquo;est donc pas seulement d&rsquo;augmenter la pr\u00e9sence des femmes dans l&rsquo;administration, mais de garantir leur acc\u00e8s \u00e9quitable aux lieux o\u00f9 se prennent les d\u00e9cisions. L&rsquo;engagement du pays \u00e0 y parvenir est infaillible, lui qui met d&rsquo;habitude beaucoup de moyens pour atteindre ses objectifs. Ne dit-on pas qu&rsquo;\u00e0 c\u0153ur vaillant rien d&rsquo;impossible&nbsp;?<\/p>\n\n\n\n<p class=\"wp-block-paragraph\"><strong>Budget sensible au genre en hausse de 35,72 %<\/strong><\/p>\n\n\n\n<p class=\"wp-block-paragraph\">Entre 2025 et 2026, les d\u00e9penses sensibles au genre connaissent une progression remarquable, passant de 45,24 milliards \u00e0 61,4 milliards, soit une hausse de 35,72 %. En dessous de cette \u00e9volution chiffr\u00e9e se trouve une reconfiguration progressive des priorit\u00e9s publiques en faveur de l&rsquo;\u00e9quit\u00e9 sociale et de l&rsquo;investissement humain.<\/p>\n\n\n<div class=\"wp-block-image\">\n<figure class=\"aligncenter size-full\"><img loading=\"lazy\" decoding=\"async\" width=\"509\" height=\"720\" src=\"https:\/\/macite.tg\/wp-content\/uploads\/2026\/07\/OTR_Payez-la-TVM-simple-et-pratique.jpg\" alt=\"\" class=\"wp-image-32178\" srcset=\"https:\/\/macite.tg\/wp-content\/uploads\/2026\/07\/OTR_Payez-la-TVM-simple-et-pratique.jpg 509w, https:\/\/macite.tg\/wp-content\/uploads\/2026\/07\/OTR_Payez-la-TVM-simple-et-pratique-212x300.jpg 212w\" sizes=\"auto, (max-width: 509px) 100vw, 509px\" \/><\/figure>\n<\/div>\n\n\n<p class=\"wp-block-paragraph\">L&rsquo;\u00e9lan constat\u00e9 dans les bureaux, sur le terrain et au sein m\u00eame des m\u00e9nages s&rsquo;inscrit dans une logique plus large d&rsquo;int\u00e9gration du genre dans la planification \u00e9conomique. L&rsquo;\u00c9tat ne se contente plus de financer des politiques g\u00e9n\u00e9rales suppos\u00e9es inclusives, mais il cible d\u00e9sormais des interventions explicitement orient\u00e9es vers la r\u00e9duction des in\u00e9galit\u00e9s entre les femmes et les hommes, notamment dans les secteurs sociaux strat\u00e9giques.<\/p>\n\n\n\n<p class=\"wp-block-paragraph\">La trajectoire globale prise interpelle. Cette hausse de 35,72 % des d\u00e9penses sensibles au genre t\u00e9moigne d&rsquo;une mont\u00e9e en puissance de cette approche dans l&rsquo;architecture budg\u00e9taire nationale. Elle traduit une volont\u00e9 politique de passer d&rsquo;une logique d\u00e9clarative \u00e0 une logique op\u00e9rationnelle, o\u00f9 le genre devient un crit\u00e8re concret d&rsquo;allocation des ressources publiques. La bonne avanc\u00e9e entre 2025 et 2026 est un signal positif. Elle indique que les questions d&rsquo;\u00e9galit\u00e9 de genre ne sont plus marginales dans la construction budg\u00e9taire, mais progressivement int\u00e9gr\u00e9es au c\u0153ur des politiques publiques.<\/p>\n\n\n\n<p class=\"wp-block-paragraph\"><strong>(In LE MEDIUM n\u00b0711 du 14 au 20 Juillet 2026)<\/strong><\/p>\n\n\n\n<p class=\"wp-block-paragraph\"><strong><em>@macite.tg&nbsp;&nbsp;&nbsp;&nbsp;&nbsp;&nbsp;&nbsp;&nbsp;<\/em><\/strong><\/p>\n\n\n\n<p class=\"wp-block-paragraph\"><strong><em>E-mail&nbsp;: <\/em><\/strong><a href=\"mailto:maciteinfo@gmail.com\"><strong><em>maciteinfo@gmail.com<\/em><\/strong><\/a><strong><em>; <\/em><\/strong><a href=\"mailto:bawela1@gmail.com\"><strong><em>bawela1@gmail.com<\/em><\/strong><\/a><strong><em><\/em><\/strong><\/p>\n\n\n\n<p class=\"wp-block-paragraph\"><strong><em>Pour vos annonces, publi-reportages, etc., joignez-nous au (00228)91515309\/<strong>79872224 <\/strong><strong><\/strong><\/em><\/strong><\/p>\n\n\n\n<p class=\"wp-block-paragraph\"><strong><em>www.macite.tg, L\u2019information, la bonne&nbsp;!<\/em><\/strong><\/p>\n\n\n\n<p class=\"wp-block-paragraph\"><\/p>\n","protected":false},"excerpt":{"rendered":"<p class=\"text-justify mb-2\" >Les chiffres relatifs aux effectifs f\u00e9minins dans les minist\u00e8res et institutions engag\u00e9s dans le budget sensible au genre en 2025 dessinent un tableau reluisant, quoique \u00e0 am\u00e9liorer. C&rsquo;est le Togo qui s&rsquo;affirme au f\u00e9minin. Sur 78 378 agents publics, 19 335 sont des femmes, soit [&hellip;]<\/p>\n","protected":false},"author":2,"featured_media":32185,"comment_status":"open","ping_status":"open","sticky":false,"template":"","format":"standard","meta":{"footnotes":""},"categories":[20,73],"tags":[],"class_list":["post-32183","post","type-post","status-publish","format-standard","has-post-thumbnail","hentry","category-actualite","category-inclusion"],"yoast_head":"<!-- This site is optimized with the Yoast SEO plugin v28.4 - https:\/\/yoast.com\/product\/yoast-seo-wordpress\/ -->\n<title>BUDGET SENSIBLE AU GENRE\u00a0: Une f\u00e9minisation des ressources humaines dans l&#039;administration publique en progression -<\/title>\n<meta name=\"robots\" content=\"index, follow, max-snippet:-1, max-image-preview:large, max-video-preview:-1\" \/>\n<link rel=\"canonical\" href=\"https:\/\/macite.tg\/?p=32183\" \/>\n<meta property=\"og:locale\" content=\"fr_FR\" \/>\n<meta property=\"og:type\" content=\"article\" \/>\n<meta property=\"og:title\" content=\"BUDGET SENSIBLE AU GENRE\u00a0: Une f\u00e9minisation des ressources humaines dans l&#039;administration publique en progression -\" \/>\n<meta property=\"og:description\" content=\"Les chiffres relatifs aux effectifs f\u00e9minins dans les minist\u00e8res et institutions engag\u00e9s dans le budget sensible au genre en 2025 dessinent un tableau reluisant, quoique \u00e0 am\u00e9liorer. C&rsquo;est le Togo qui s&rsquo;affirme au f\u00e9minin. Sur 78 378 agents publics, 19 335 sont des femmes, soit [&hellip;]\" \/>\n<meta property=\"og:url\" content=\"https:\/\/macite.tg\/?p=32183\" \/>\n<meta property=\"article:published_time\" content=\"2026-07-16T09:00:00+00:00\" \/>\n<meta property=\"og:image\" content=\"https:\/\/macite.tg\/wp-content\/uploads\/2026\/07\/Nouveaux-fonctionnaires-du-ministere-de-leconomie.jpg\" \/>\n\t<meta property=\"og:image:width\" content=\"500\" \/>\n\t<meta property=\"og:image:height\" content=\"283\" \/>\n\t<meta property=\"og:image:type\" content=\"image\/jpeg\" \/>\n<meta name=\"author\" content=\"Jean Pierre BAWELA\" \/>\n<meta name=\"twitter:card\" content=\"summary_large_image\" \/>\n<meta name=\"twitter:label1\" content=\"\u00c9crit par\" \/>\n\t<meta name=\"twitter:data1\" content=\"Jean Pierre BAWELA\" \/>\n\t<meta name=\"twitter:label2\" content=\"Dur\u00e9e de lecture estim\u00e9e\" \/>\n\t<meta name=\"twitter:data2\" content=\"4 minutes\" \/>\n<script type=\"application\/ld+json\" class=\"yoast-schema-graph\">{\"@context\":\"https:\\\/\\\/schema.org\",\"@graph\":[{\"@type\":\"Article\",\"@id\":\"https:\\\/\\\/macite.tg\\\/?p=32183#article\",\"isPartOf\":{\"@id\":\"https:\\\/\\\/macite.tg\\\/?p=32183\"},\"author\":{\"name\":\"Jean Pierre BAWELA\",\"@id\":\"https:\\\/\\\/macite.tg\\\/#\\\/schema\\\/person\\\/e9f2de7e5dbbe7770a9402c7ce82f5c2\"},\"headline\":\"BUDGET SENSIBLE AU GENRE\u00a0: Une f\u00e9minisation des ressources humaines dans l&rsquo;administration publique en progression\",\"datePublished\":\"2026-07-16T09:00:00+00:00\",\"mainEntityOfPage\":{\"@id\":\"https:\\\/\\\/macite.tg\\\/?p=32183\"},\"wordCount\":734,\"commentCount\":0,\"image\":{\"@id\":\"https:\\\/\\\/macite.tg\\\/?p=32183#primaryimage\"},\"thumbnailUrl\":\"https:\\\/\\\/macite.tg\\\/wp-content\\\/uploads\\\/2026\\\/07\\\/Nouveaux-fonctionnaires-du-ministere-de-leconomie.jpg\",\"articleSection\":[\"ACTUALITE\",\"INCLUSION\"],\"inLanguage\":\"fr-FR\",\"potentialAction\":[{\"@type\":\"CommentAction\",\"name\":\"Comment\",\"target\":[\"https:\\\/\\\/macite.tg\\\/?p=32183#respond\"]}]},{\"@type\":\"WebPage\",\"@id\":\"https:\\\/\\\/macite.tg\\\/?p=32183\",\"url\":\"https:\\\/\\\/macite.tg\\\/?p=32183\",\"name\":\"BUDGET SENSIBLE AU GENRE\u00a0: Une f\u00e9minisation des ressources humaines dans l'administration publique en progression -\",\"isPartOf\":{\"@id\":\"https:\\\/\\\/macite.tg\\\/#website\"},\"primaryImageOfPage\":{\"@id\":\"https:\\\/\\\/macite.tg\\\/?p=32183#primaryimage\"},\"image\":{\"@id\":\"https:\\\/\\\/macite.tg\\\/?p=32183#primaryimage\"},\"thumbnailUrl\":\"https:\\\/\\\/macite.tg\\\/wp-content\\\/uploads\\\/2026\\\/07\\\/Nouveaux-fonctionnaires-du-ministere-de-leconomie.jpg\",\"datePublished\":\"2026-07-16T09:00:00+00:00\",\"author\":{\"@id\":\"https:\\\/\\\/macite.tg\\\/#\\\/schema\\\/person\\\/e9f2de7e5dbbe7770a9402c7ce82f5c2\"},\"breadcrumb\":{\"@id\":\"https:\\\/\\\/macite.tg\\\/?p=32183#breadcrumb\"},\"inLanguage\":\"fr-FR\",\"potentialAction\":[{\"@type\":\"ReadAction\",\"target\":[\"https:\\\/\\\/macite.tg\\\/?p=32183\"]}]},{\"@type\":\"ImageObject\",\"inLanguage\":\"fr-FR\",\"@id\":\"https:\\\/\\\/macite.tg\\\/?p=32183#primaryimage\",\"url\":\"https:\\\/\\\/macite.tg\\\/wp-content\\\/uploads\\\/2026\\\/07\\\/Nouveaux-fonctionnaires-du-ministere-de-leconomie.jpg\",\"contentUrl\":\"https:\\\/\\\/macite.tg\\\/wp-content\\\/uploads\\\/2026\\\/07\\\/Nouveaux-fonctionnaires-du-ministere-de-leconomie.jpg\",\"width\":500,\"height\":283,\"caption\":\"Vue partielle des nouveaux fonctionnaires des minist\u00e8res de l\u2019\u00e9conomie et des finances\"},{\"@type\":\"BreadcrumbList\",\"@id\":\"https:\\\/\\\/macite.tg\\\/?p=32183#breadcrumb\",\"itemListElement\":[{\"@type\":\"ListItem\",\"position\":1,\"name\":\"Accueil\",\"item\":\"https:\\\/\\\/macite.tg\\\/\"},{\"@type\":\"ListItem\",\"position\":2,\"name\":\"BUDGET SENSIBLE AU GENRE\u00a0: Une f\u00e9minisation des ressources humaines dans l&rsquo;administration publique en progression\"}]},{\"@type\":\"WebSite\",\"@id\":\"https:\\\/\\\/macite.tg\\\/#website\",\"url\":\"https:\\\/\\\/macite.tg\\\/\",\"name\":\"\",\"description\":\"L&#039;information, la bonne!!!\",\"potentialAction\":[{\"@type\":\"SearchAction\",\"target\":{\"@type\":\"EntryPoint\",\"urlTemplate\":\"https:\\\/\\\/macite.tg\\\/?s={search_term_string}\"},\"query-input\":{\"@type\":\"PropertyValueSpecification\",\"valueRequired\":true,\"valueName\":\"search_term_string\"}}],\"inLanguage\":\"fr-FR\"},{\"@type\":\"Person\",\"@id\":\"https:\\\/\\\/macite.tg\\\/#\\\/schema\\\/person\\\/e9f2de7e5dbbe7770a9402c7ce82f5c2\",\"name\":\"Jean Pierre BAWELA\",\"image\":{\"@type\":\"ImageObject\",\"inLanguage\":\"fr-FR\",\"@id\":\"https:\\\/\\\/macite.tg\\\/wp-content\\\/uploads\\\/2023\\\/09\\\/WhatsApp-Image-2023-09-19-at-14.44.41-122x122.jpeg\",\"url\":\"https:\\\/\\\/macite.tg\\\/wp-content\\\/uploads\\\/2023\\\/09\\\/WhatsApp-Image-2023-09-19-at-14.44.41-122x122.jpeg\",\"contentUrl\":\"https:\\\/\\\/macite.tg\\\/wp-content\\\/uploads\\\/2023\\\/09\\\/WhatsApp-Image-2023-09-19-at-14.44.41-122x122.jpeg\",\"caption\":\"Jean Pierre BAWELA\"},\"url\":\"https:\\\/\\\/macite.tg\\\/?author=2\"}]}<\/script>\n<!-- \/ Yoast SEO plugin. -->","yoast_head_json":{"title":"BUDGET SENSIBLE AU GENRE\u00a0: Une f\u00e9minisation des ressources humaines dans l'administration publique en progression -","robots":{"index":"index","follow":"follow","max-snippet":"max-snippet:-1","max-image-preview":"max-image-preview:large","max-video-preview":"max-video-preview:-1"},"canonical":"https:\/\/macite.tg\/?p=32183","og_locale":"fr_FR","og_type":"article","og_title":"BUDGET SENSIBLE AU GENRE\u00a0: Une f\u00e9minisation des ressources humaines dans l'administration publique en progression -","og_description":"Les chiffres relatifs aux effectifs f\u00e9minins dans les minist\u00e8res et institutions engag\u00e9s dans le budget sensible au genre en 2025 dessinent un tableau reluisant, quoique \u00e0 am\u00e9liorer. C&rsquo;est le Togo qui s&rsquo;affirme au f\u00e9minin. Sur 78 378 agents publics, 19 335 sont des femmes, soit [&hellip;]","og_url":"https:\/\/macite.tg\/?p=32183","article_published_time":"2026-07-16T09:00:00+00:00","og_image":[{"width":500,"height":283,"url":"https:\/\/macite.tg\/wp-content\/uploads\/2026\/07\/Nouveaux-fonctionnaires-du-ministere-de-leconomie.jpg","type":"image\/jpeg"}],"author":"Jean Pierre BAWELA","twitter_card":"summary_large_image","twitter_misc":{"\u00c9crit par":"Jean Pierre BAWELA","Dur\u00e9e de lecture estim\u00e9e":"4 minutes"},"schema":{"@context":"https:\/\/schema.org","@graph":[{"@type":"Article","@id":"https:\/\/macite.tg\/?p=32183#article","isPartOf":{"@id":"https:\/\/macite.tg\/?p=32183"},"author":{"name":"Jean Pierre BAWELA","@id":"https:\/\/macite.tg\/#\/schema\/person\/e9f2de7e5dbbe7770a9402c7ce82f5c2"},"headline":"BUDGET SENSIBLE AU GENRE\u00a0: Une f\u00e9minisation des ressources humaines dans l&rsquo;administration publique en progression","datePublished":"2026-07-16T09:00:00+00:00","mainEntityOfPage":{"@id":"https:\/\/macite.tg\/?p=32183"},"wordCount":734,"commentCount":0,"image":{"@id":"https:\/\/macite.tg\/?p=32183#primaryimage"},"thumbnailUrl":"https:\/\/macite.tg\/wp-content\/uploads\/2026\/07\/Nouveaux-fonctionnaires-du-ministere-de-leconomie.jpg","articleSection":["ACTUALITE","INCLUSION"],"inLanguage":"fr-FR","potentialAction":[{"@type":"CommentAction","name":"Comment","target":["https:\/\/macite.tg\/?p=32183#respond"]}]},{"@type":"WebPage","@id":"https:\/\/macite.tg\/?p=32183","url":"https:\/\/macite.tg\/?p=32183","name":"BUDGET SENSIBLE AU GENRE\u00a0: Une f\u00e9minisation des ressources humaines dans l'administration publique en progression -","isPartOf":{"@id":"https:\/\/macite.tg\/#website"},"primaryImageOfPage":{"@id":"https:\/\/macite.tg\/?p=32183#primaryimage"},"image":{"@id":"https:\/\/macite.tg\/?p=32183#primaryimage"},"thumbnailUrl":"https:\/\/macite.tg\/wp-content\/uploads\/2026\/07\/Nouveaux-fonctionnaires-du-ministere-de-leconomie.jpg","datePublished":"2026-07-16T09:00:00+00:00","author":{"@id":"https:\/\/macite.tg\/#\/schema\/person\/e9f2de7e5dbbe7770a9402c7ce82f5c2"},"breadcrumb":{"@id":"https:\/\/macite.tg\/?p=32183#breadcrumb"},"inLanguage":"fr-FR","potentialAction":[{"@type":"ReadAction","target":["https:\/\/macite.tg\/?p=32183"]}]},{"@type":"ImageObject","inLanguage":"fr-FR","@id":"https:\/\/macite.tg\/?p=32183#primaryimage","url":"https:\/\/macite.tg\/wp-content\/uploads\/2026\/07\/Nouveaux-fonctionnaires-du-ministere-de-leconomie.jpg","contentUrl":"https:\/\/macite.tg\/wp-content\/uploads\/2026\/07\/Nouveaux-fonctionnaires-du-ministere-de-leconomie.jpg","width":500,"height":283,"caption":"Vue partielle des nouveaux fonctionnaires des minist\u00e8res de l\u2019\u00e9conomie et des finances"},{"@type":"BreadcrumbList","@id":"https:\/\/macite.tg\/?p=32183#breadcrumb","itemListElement":[{"@type":"ListItem","position":1,"name":"Accueil","item":"https:\/\/macite.tg\/"},{"@type":"ListItem","position":2,"name":"BUDGET SENSIBLE AU GENRE\u00a0: Une f\u00e9minisation des ressources humaines dans l&rsquo;administration publique en progression"}]},{"@type":"WebSite","@id":"https:\/\/macite.tg\/#website","url":"https:\/\/macite.tg\/","name":"","description":"L&#039;information, la bonne!!!","potentialAction":[{"@type":"SearchAction","target":{"@type":"EntryPoint","urlTemplate":"https:\/\/macite.tg\/?s={search_term_string}"},"query-input":{"@type":"PropertyValueSpecification","valueRequired":true,"valueName":"search_term_string"}}],"inLanguage":"fr-FR"},{"@type":"Person","@id":"https:\/\/macite.tg\/#\/schema\/person\/e9f2de7e5dbbe7770a9402c7ce82f5c2","name":"Jean Pierre BAWELA","image":{"@type":"ImageObject","inLanguage":"fr-FR","@id":"https:\/\/macite.tg\/wp-content\/uploads\/2023\/09\/WhatsApp-Image-2023-09-19-at-14.44.41-122x122.jpeg","url":"https:\/\/macite.tg\/wp-content\/uploads\/2023\/09\/WhatsApp-Image-2023-09-19-at-14.44.41-122x122.jpeg","contentUrl":"https:\/\/macite.tg\/wp-content\/uploads\/2023\/09\/WhatsApp-Image-2023-09-19-at-14.44.41-122x122.jpeg","caption":"Jean Pierre BAWELA"},"url":"https:\/\/macite.tg\/?author=2"}]}},"_links":{"self":[{"href":"https:\/\/macite.tg\/index.php?rest_route=\/wp\/v2\/posts\/32183","targetHints":{"allow":["GET"]}}],"collection":[{"href":"https:\/\/macite.tg\/index.php?rest_route=\/wp\/v2\/posts"}],"about":[{"href":"https:\/\/macite.tg\/index.php?rest_route=\/wp\/v2\/types\/post"}],"author":[{"embeddable":true,"href":"https:\/\/macite.tg\/index.php?rest_route=\/wp\/v2\/users\/2"}],"replies":[{"embeddable":true,"href":"https:\/\/macite.tg\/index.php?rest_route=%2Fwp%2Fv2%2Fcomments&post=32183"}],"version-history":[{"count":0,"href":"https:\/\/macite.tg\/index.php?rest_route=\/wp\/v2\/posts\/32183\/revisions"}],"wp:featuredmedia":[{"embeddable":true,"href":"https:\/\/macite.tg\/index.php?rest_route=\/wp\/v2\/media\/32185"}],"wp:attachment":[{"href":"https:\/\/macite.tg\/index.php?rest_route=%2Fwp%2Fv2%2Fmedia&parent=32183"}],"wp:term":[{"taxonomy":"category","embeddable":true,"href":"https:\/\/macite.tg\/index.php?rest_route=%2Fwp%2Fv2%2Fcategories&post=32183"},{"taxonomy":"post_tag","embeddable":true,"href":"https:\/\/macite.tg\/index.php?rest_route=%2Fwp%2Fv2%2Ftags&post=32183"}],"curies":[{"name":"wp","href":"https:\/\/api.w.org\/{rel}","templated":true}]}}