{"id":32180,"date":"2026-07-15T16:44:29","date_gmt":"2026-07-15T16:44:29","guid":{"rendered":"https:\/\/macite.tg\/?p=32180"},"modified":"2026-07-15T16:45:03","modified_gmt":"2026-07-15T16:45:03","slug":"region-de-la-kara-le-fnfi-deploie-sa-caravane-de-linclusion-financiere","status":"publish","type":"post","link":"https:\/\/macite.tg\/?p=32180","title":{"rendered":"REGION DE LA KARA\u00a0: Le FNFI d\u00e9ploie sa caravane de l\u2019inclusion financi\u00e8re"},"content":{"rendered":"\n<p class=\"wp-block-paragraph\"><strong><em>En marge de l\u2019effervescence des luttes traditionnelles Evala, le Fonds National de la Finance Inclusive (FNFI) choisit la carte de la proximit\u00e9. Jusqu\u2019au 19 juillet, l\u2019institution d\u00e9ploie une mission de terrain dans la r\u00e9gion de la Kara. L\u2019objectif est d\u2019aller \u00e0 la rencontre des populations, vulgariser ses produits financiers, et renforcer les capacit\u00e9s des entrepreneurs locaux.<\/em><\/strong><\/p>\n\n\n\n<p class=\"wp-block-paragraph\">Profitant du grand rassemblement culturel et touristique des Evala, le FNFI s&rsquo;invite au plus pr\u00e8s des communaut\u00e9s de la pr\u00e9fecture de la Kozah. Les \u00e9quipes mobilis\u00e9es m\u00e8nent sur place une campagne active de sensibilisation pour pr\u00e9senter les opportunit\u00e9s offertes par les diff\u00e9rents dispositifs du Fonds.<\/p>\n\n\n\n<p class=\"wp-block-paragraph\">Au-del\u00e0 de la simple vitrine, cette descente sur le terrain est un v\u00e9ritable espace d\u2019\u00e9change dans l\u2019optique de rapprocher les services du Fonds des populations, en mettant l\u2019accent sur la sensibilisation aux m\u00e9canismes de financement inclusif, et un accompagnement adapt\u00e9 aux r\u00e9alit\u00e9s des b\u00e9n\u00e9ficiaires des cr\u00e9dits. \u00c0 travers cette d\u00e9marche, le FNFI entend faire conna\u00eetre davantage ses produits, faciliter ainsi leur acc\u00e8s et encourager une utilisation efficace des financements accord\u00e9s<\/p>\n\n\n\n<figure class=\"wp-block-image size-full\"><img loading=\"lazy\" decoding=\"async\" width=\"851\" height=\"315\" src=\"https:\/\/macite.tg\/wp-content\/uploads\/2026\/07\/OTR_Ferer-pour-batir-1.jpg\" alt=\"\" class=\"wp-image-31769\" srcset=\"https:\/\/macite.tg\/wp-content\/uploads\/2026\/07\/OTR_Ferer-pour-batir-1.jpg 851w, https:\/\/macite.tg\/wp-content\/uploads\/2026\/07\/OTR_Ferer-pour-batir-1-300x111.jpg 300w, https:\/\/macite.tg\/wp-content\/uploads\/2026\/07\/OTR_Ferer-pour-batir-1-768x284.jpg 768w\" sizes=\"auto, (max-width: 851px) 100vw, 851px\" \/><\/figure>\n\n\n\n<p class=\"wp-block-paragraph\"><strong>Un marathon de formations dans 7 pr\u00e9fectures de la Kara<\/strong><\/p>\n\n\n\n<p class=\"wp-block-paragraph\">Parce que l&rsquo;inclusion financi\u00e8re ne se limite pas \u00e0 l&rsquo;octroi de cr\u00e9dits, le FNFI met un point d&rsquo;honneur \u00e0 assurer la viabilit\u00e9 des projets qu&rsquo;il soutient.<\/p>\n\n\n\n<p class=\"wp-block-paragraph\">Ainsi, en parall\u00e8le des sensibilisations, des sessions de renforcement des capacit\u00e9s sont organis\u00e9es \u00e0 l\u2019attention des b\u00e9n\u00e9ficiaires de cr\u00e9dits dans sept pr\u00e9fectures cl\u00e9s de la r\u00e9gion. Il s\u2019agit de Bafilo, Bassar, Dankpen, Doufelgou, K\u00e9ran, Binah et Kozah.<\/p>\n\n\n\n<p class=\"wp-block-paragraph\">Ces formations cibl\u00e9es portent notamment sur la gestion efficace des activit\u00e9s \u00e9conomiques, la consolidation des acquis entrepreneuriaux et les cl\u00e9s pour p\u00e9renniser les initiatives financ\u00e9es.<\/p>\n\n\n\n<p class=\"wp-block-paragraph\"><strong>Le FNFI, un pilier de l&rsquo;\u00e9conomie sociale depuis 2013<\/strong><\/p>\n\n\n\n<p class=\"wp-block-paragraph\">Cr\u00e9\u00e9 en 2013, le FNFI s\u2019est impos\u00e9 en un peu plus d\u2019une d\u00e9cennie comme le moteur incontournable de la politique nationale d\u2019inclusion financi\u00e8re au Togo.<\/p>\n\n\n<div class=\"wp-block-image\">\n<figure class=\"aligncenter size-full\"><img loading=\"lazy\" decoding=\"async\" width=\"509\" height=\"720\" src=\"https:\/\/macite.tg\/wp-content\/uploads\/2026\/07\/OTR_Payez-la-TVM-simple-et-pratique.jpg\" alt=\"\" class=\"wp-image-32178\" srcset=\"https:\/\/macite.tg\/wp-content\/uploads\/2026\/07\/OTR_Payez-la-TVM-simple-et-pratique.jpg 509w, https:\/\/macite.tg\/wp-content\/uploads\/2026\/07\/OTR_Payez-la-TVM-simple-et-pratique-212x300.jpg 212w\" sizes=\"auto, (max-width: 509px) 100vw, 509px\" \/><\/figure>\n<\/div>\n\n\n<p class=\"wp-block-paragraph\">Son bilan entre 2014 et 2025 t\u00e9moigne de son impact profond sur le tissu \u00e9conomique national. Pour un volume global de financements de 117,7 milliards de francs CFA, repr\u00e9sentant 1,94 million de cr\u00e9dits octroy\u00e9s \u00e0 1,12 million de personnes dont 65% de femmes. Avec un taux de remboursement de 94,98%, gr\u00e2ce \u00e0 un partenariat solide avec les syst\u00e8mes financiers d\u00e9centralis\u00e9s et les \u00e9tablissements bancaires, le m\u00e9canisme a touch\u00e9 72,6% de localit\u00e9s sur l\u2019ensemble du pays.<\/p>\n\n\n\n<p class=\"wp-block-paragraph\"><strong>La R\u00e9daction<\/strong><\/p>\n\n\n\n<p class=\"wp-block-paragraph\"><a><strong><em>@macite.tg&nbsp;&nbsp;&nbsp;&nbsp;&nbsp;&nbsp;&nbsp;&nbsp;<\/em><\/strong><\/a><\/p>\n\n\n\n<p class=\"wp-block-paragraph\"><strong><em>E-mail&nbsp;: <\/em><\/strong><a href=\"mailto:maciteinfo@gmail.com\"><strong><em>maciteinfo@gmail.com<\/em><\/strong><\/a><strong><em>; <\/em><\/strong><a href=\"mailto:bawela1@gmail.com\"><strong><em>bawela1@gmail.com<\/em><\/strong><\/a><strong><em><\/em><\/strong><\/p>\n\n\n\n<p class=\"wp-block-paragraph\"><strong><em>Pour vos annonces, publi-reportages, etc., joignez-nous au (00228)91515309\/<strong>79872224 <\/strong><strong><\/strong><\/em><\/strong><\/p>\n\n\n\n<p class=\"wp-block-paragraph\"><strong><em>www.macite.tg, L\u2019information, la bonne&nbsp;!<\/em><\/strong><\/p>\n\n\n\n<p class=\"wp-block-paragraph\"><\/p>\n","protected":false},"excerpt":{"rendered":"<p class=\"text-justify mb-2\" >En marge de l\u2019effervescence des luttes traditionnelles Evala, le Fonds National de la Finance Inclusive (FNFI) choisit la carte de la proximit\u00e9. Jusqu\u2019au 19 juillet, l\u2019institution d\u00e9ploie une mission de terrain dans la r\u00e9gion de la Kara. L\u2019objectif est d\u2019aller \u00e0 la rencontre des populations, [&hellip;]<\/p>\n","protected":false},"author":2,"featured_media":32181,"comment_status":"open","ping_status":"open","sticky":false,"template":"","format":"standard","meta":{"footnotes":""},"categories":[20,73],"tags":[],"class_list":["post-32180","post","type-post","status-publish","format-standard","has-post-thumbnail","hentry","category-actualite","category-inclusion"],"yoast_head":"<!-- This site is optimized with the Yoast SEO plugin v28.4 - https:\/\/yoast.com\/product\/yoast-seo-wordpress\/ -->\n<title>REGION DE LA KARA\u00a0: Le FNFI d\u00e9ploie sa caravane de l\u2019inclusion financi\u00e8re -<\/title>\n<meta name=\"robots\" content=\"index, follow, max-snippet:-1, max-image-preview:large, max-video-preview:-1\" \/>\n<link rel=\"canonical\" href=\"https:\/\/macite.tg\/?p=32180\" \/>\n<meta property=\"og:locale\" content=\"fr_FR\" \/>\n<meta property=\"og:type\" content=\"article\" \/>\n<meta property=\"og:title\" content=\"REGION DE LA KARA\u00a0: Le FNFI d\u00e9ploie sa caravane de l\u2019inclusion financi\u00e8re -\" \/>\n<meta property=\"og:description\" content=\"En marge de l\u2019effervescence des luttes traditionnelles Evala, le Fonds National de la Finance Inclusive (FNFI) choisit la carte de la proximit\u00e9. Jusqu\u2019au 19 juillet, l\u2019institution d\u00e9ploie une mission de terrain dans la r\u00e9gion de la Kara. L\u2019objectif est d\u2019aller \u00e0 la rencontre des populations, [&hellip;]\" \/>\n<meta property=\"og:url\" content=\"https:\/\/macite.tg\/?p=32180\" \/>\n<meta property=\"article:published_time\" content=\"2026-07-15T16:44:29+00:00\" \/>\n<meta property=\"article:modified_time\" content=\"2026-07-15T16:45:03+00:00\" \/>\n<meta property=\"og:image\" content=\"https:\/\/macite.tg\/wp-content\/uploads\/2026\/07\/image-60.png\" \/>\n\t<meta property=\"og:image:width\" content=\"500\" \/>\n\t<meta property=\"og:image:height\" content=\"342\" \/>\n\t<meta property=\"og:image:type\" content=\"image\/png\" \/>\n<meta name=\"author\" content=\"Jean Pierre BAWELA\" \/>\n<meta name=\"twitter:card\" content=\"summary_large_image\" \/>\n<meta name=\"twitter:label1\" content=\"\u00c9crit par\" \/>\n\t<meta name=\"twitter:data1\" content=\"Jean Pierre BAWELA\" \/>\n\t<meta name=\"twitter:label2\" content=\"Dur\u00e9e de lecture estim\u00e9e\" \/>\n\t<meta name=\"twitter:data2\" content=\"3 minutes\" \/>\n<script type=\"application\/ld+json\" class=\"yoast-schema-graph\">{\"@context\":\"https:\\\/\\\/schema.org\",\"@graph\":[{\"@type\":\"Article\",\"@id\":\"https:\\\/\\\/macite.tg\\\/?p=32180#article\",\"isPartOf\":{\"@id\":\"https:\\\/\\\/macite.tg\\\/?p=32180\"},\"author\":{\"name\":\"Jean Pierre BAWELA\",\"@id\":\"https:\\\/\\\/macite.tg\\\/#\\\/schema\\\/person\\\/e9f2de7e5dbbe7770a9402c7ce82f5c2\"},\"headline\":\"REGION DE LA KARA\u00a0: Le FNFI d\u00e9ploie sa caravane de l\u2019inclusion financi\u00e8re\",\"datePublished\":\"2026-07-15T16:44:29+00:00\",\"dateModified\":\"2026-07-15T16:45:03+00:00\",\"mainEntityOfPage\":{\"@id\":\"https:\\\/\\\/macite.tg\\\/?p=32180\"},\"wordCount\":482,\"commentCount\":0,\"image\":{\"@id\":\"https:\\\/\\\/macite.tg\\\/?p=32180#primaryimage\"},\"thumbnailUrl\":\"https:\\\/\\\/macite.tg\\\/wp-content\\\/uploads\\\/2026\\\/07\\\/image-60.png\",\"articleSection\":[\"ACTUALITE\",\"INCLUSION\"],\"inLanguage\":\"fr-FR\",\"potentialAction\":[{\"@type\":\"CommentAction\",\"name\":\"Comment\",\"target\":[\"https:\\\/\\\/macite.tg\\\/?p=32180#respond\"]}]},{\"@type\":\"WebPage\",\"@id\":\"https:\\\/\\\/macite.tg\\\/?p=32180\",\"url\":\"https:\\\/\\\/macite.tg\\\/?p=32180\",\"name\":\"REGION DE LA KARA\u00a0: Le FNFI d\u00e9ploie sa caravane de l\u2019inclusion financi\u00e8re -\",\"isPartOf\":{\"@id\":\"https:\\\/\\\/macite.tg\\\/#website\"},\"primaryImageOfPage\":{\"@id\":\"https:\\\/\\\/macite.tg\\\/?p=32180#primaryimage\"},\"image\":{\"@id\":\"https:\\\/\\\/macite.tg\\\/?p=32180#primaryimage\"},\"thumbnailUrl\":\"https:\\\/\\\/macite.tg\\\/wp-content\\\/uploads\\\/2026\\\/07\\\/image-60.png\",\"datePublished\":\"2026-07-15T16:44:29+00:00\",\"dateModified\":\"2026-07-15T16:45:03+00:00\",\"author\":{\"@id\":\"https:\\\/\\\/macite.tg\\\/#\\\/schema\\\/person\\\/e9f2de7e5dbbe7770a9402c7ce82f5c2\"},\"breadcrumb\":{\"@id\":\"https:\\\/\\\/macite.tg\\\/?p=32180#breadcrumb\"},\"inLanguage\":\"fr-FR\",\"potentialAction\":[{\"@type\":\"ReadAction\",\"target\":[\"https:\\\/\\\/macite.tg\\\/?p=32180\"]}]},{\"@type\":\"ImageObject\",\"inLanguage\":\"fr-FR\",\"@id\":\"https:\\\/\\\/macite.tg\\\/?p=32180#primaryimage\",\"url\":\"https:\\\/\\\/macite.tg\\\/wp-content\\\/uploads\\\/2026\\\/07\\\/image-60.png\",\"contentUrl\":\"https:\\\/\\\/macite.tg\\\/wp-content\\\/uploads\\\/2026\\\/07\\\/image-60.png\",\"width\":500,\"height\":342},{\"@type\":\"BreadcrumbList\",\"@id\":\"https:\\\/\\\/macite.tg\\\/?p=32180#breadcrumb\",\"itemListElement\":[{\"@type\":\"ListItem\",\"position\":1,\"name\":\"Accueil\",\"item\":\"https:\\\/\\\/macite.tg\\\/\"},{\"@type\":\"ListItem\",\"position\":2,\"name\":\"REGION DE LA KARA\u00a0: Le FNFI d\u00e9ploie sa caravane de l\u2019inclusion financi\u00e8re\"}]},{\"@type\":\"WebSite\",\"@id\":\"https:\\\/\\\/macite.tg\\\/#website\",\"url\":\"https:\\\/\\\/macite.tg\\\/\",\"name\":\"\",\"description\":\"L&#039;information, la bonne!!!\",\"potentialAction\":[{\"@type\":\"SearchAction\",\"target\":{\"@type\":\"EntryPoint\",\"urlTemplate\":\"https:\\\/\\\/macite.tg\\\/?s={search_term_string}\"},\"query-input\":{\"@type\":\"PropertyValueSpecification\",\"valueRequired\":true,\"valueName\":\"search_term_string\"}}],\"inLanguage\":\"fr-FR\"},{\"@type\":\"Person\",\"@id\":\"https:\\\/\\\/macite.tg\\\/#\\\/schema\\\/person\\\/e9f2de7e5dbbe7770a9402c7ce82f5c2\",\"name\":\"Jean Pierre BAWELA\",\"image\":{\"@type\":\"ImageObject\",\"inLanguage\":\"fr-FR\",\"@id\":\"https:\\\/\\\/macite.tg\\\/wp-content\\\/uploads\\\/2023\\\/09\\\/WhatsApp-Image-2023-09-19-at-14.44.41-122x122.jpeg\",\"url\":\"https:\\\/\\\/macite.tg\\\/wp-content\\\/uploads\\\/2023\\\/09\\\/WhatsApp-Image-2023-09-19-at-14.44.41-122x122.jpeg\",\"contentUrl\":\"https:\\\/\\\/macite.tg\\\/wp-content\\\/uploads\\\/2023\\\/09\\\/WhatsApp-Image-2023-09-19-at-14.44.41-122x122.jpeg\",\"caption\":\"Jean Pierre BAWELA\"},\"url\":\"https:\\\/\\\/macite.tg\\\/?author=2\"}]}<\/script>\n<!-- \/ Yoast SEO plugin. -->","yoast_head_json":{"title":"REGION DE LA KARA\u00a0: Le FNFI d\u00e9ploie sa caravane de l\u2019inclusion financi\u00e8re -","robots":{"index":"index","follow":"follow","max-snippet":"max-snippet:-1","max-image-preview":"max-image-preview:large","max-video-preview":"max-video-preview:-1"},"canonical":"https:\/\/macite.tg\/?p=32180","og_locale":"fr_FR","og_type":"article","og_title":"REGION DE LA KARA\u00a0: Le FNFI d\u00e9ploie sa caravane de l\u2019inclusion financi\u00e8re -","og_description":"En marge de l\u2019effervescence des luttes traditionnelles Evala, le Fonds National de la Finance Inclusive (FNFI) choisit la carte de la proximit\u00e9. Jusqu\u2019au 19 juillet, l\u2019institution d\u00e9ploie une mission de terrain dans la r\u00e9gion de la Kara. L\u2019objectif est d\u2019aller \u00e0 la rencontre des populations, [&hellip;]","og_url":"https:\/\/macite.tg\/?p=32180","article_published_time":"2026-07-15T16:44:29+00:00","article_modified_time":"2026-07-15T16:45:03+00:00","og_image":[{"width":500,"height":342,"url":"https:\/\/macite.tg\/wp-content\/uploads\/2026\/07\/image-60.png","type":"image\/png"}],"author":"Jean Pierre BAWELA","twitter_card":"summary_large_image","twitter_misc":{"\u00c9crit par":"Jean Pierre BAWELA","Dur\u00e9e de lecture estim\u00e9e":"3 minutes"},"schema":{"@context":"https:\/\/schema.org","@graph":[{"@type":"Article","@id":"https:\/\/macite.tg\/?p=32180#article","isPartOf":{"@id":"https:\/\/macite.tg\/?p=32180"},"author":{"name":"Jean Pierre BAWELA","@id":"https:\/\/macite.tg\/#\/schema\/person\/e9f2de7e5dbbe7770a9402c7ce82f5c2"},"headline":"REGION DE LA KARA\u00a0: Le FNFI d\u00e9ploie sa caravane de l\u2019inclusion financi\u00e8re","datePublished":"2026-07-15T16:44:29+00:00","dateModified":"2026-07-15T16:45:03+00:00","mainEntityOfPage":{"@id":"https:\/\/macite.tg\/?p=32180"},"wordCount":482,"commentCount":0,"image":{"@id":"https:\/\/macite.tg\/?p=32180#primaryimage"},"thumbnailUrl":"https:\/\/macite.tg\/wp-content\/uploads\/2026\/07\/image-60.png","articleSection":["ACTUALITE","INCLUSION"],"inLanguage":"fr-FR","potentialAction":[{"@type":"CommentAction","name":"Comment","target":["https:\/\/macite.tg\/?p=32180#respond"]}]},{"@type":"WebPage","@id":"https:\/\/macite.tg\/?p=32180","url":"https:\/\/macite.tg\/?p=32180","name":"REGION DE LA KARA\u00a0: Le FNFI d\u00e9ploie sa caravane de l\u2019inclusion financi\u00e8re -","isPartOf":{"@id":"https:\/\/macite.tg\/#website"},"primaryImageOfPage":{"@id":"https:\/\/macite.tg\/?p=32180#primaryimage"},"image":{"@id":"https:\/\/macite.tg\/?p=32180#primaryimage"},"thumbnailUrl":"https:\/\/macite.tg\/wp-content\/uploads\/2026\/07\/image-60.png","datePublished":"2026-07-15T16:44:29+00:00","dateModified":"2026-07-15T16:45:03+00:00","author":{"@id":"https:\/\/macite.tg\/#\/schema\/person\/e9f2de7e5dbbe7770a9402c7ce82f5c2"},"breadcrumb":{"@id":"https:\/\/macite.tg\/?p=32180#breadcrumb"},"inLanguage":"fr-FR","potentialAction":[{"@type":"ReadAction","target":["https:\/\/macite.tg\/?p=32180"]}]},{"@type":"ImageObject","inLanguage":"fr-FR","@id":"https:\/\/macite.tg\/?p=32180#primaryimage","url":"https:\/\/macite.tg\/wp-content\/uploads\/2026\/07\/image-60.png","contentUrl":"https:\/\/macite.tg\/wp-content\/uploads\/2026\/07\/image-60.png","width":500,"height":342},{"@type":"BreadcrumbList","@id":"https:\/\/macite.tg\/?p=32180#breadcrumb","itemListElement":[{"@type":"ListItem","position":1,"name":"Accueil","item":"https:\/\/macite.tg\/"},{"@type":"ListItem","position":2,"name":"REGION DE LA KARA\u00a0: Le FNFI d\u00e9ploie sa caravane de l\u2019inclusion financi\u00e8re"}]},{"@type":"WebSite","@id":"https:\/\/macite.tg\/#website","url":"https:\/\/macite.tg\/","name":"","description":"L&#039;information, la bonne!!!","potentialAction":[{"@type":"SearchAction","target":{"@type":"EntryPoint","urlTemplate":"https:\/\/macite.tg\/?s={search_term_string}"},"query-input":{"@type":"PropertyValueSpecification","valueRequired":true,"valueName":"search_term_string"}}],"inLanguage":"fr-FR"},{"@type":"Person","@id":"https:\/\/macite.tg\/#\/schema\/person\/e9f2de7e5dbbe7770a9402c7ce82f5c2","name":"Jean Pierre BAWELA","image":{"@type":"ImageObject","inLanguage":"fr-FR","@id":"https:\/\/macite.tg\/wp-content\/uploads\/2023\/09\/WhatsApp-Image-2023-09-19-at-14.44.41-122x122.jpeg","url":"https:\/\/macite.tg\/wp-content\/uploads\/2023\/09\/WhatsApp-Image-2023-09-19-at-14.44.41-122x122.jpeg","contentUrl":"https:\/\/macite.tg\/wp-content\/uploads\/2023\/09\/WhatsApp-Image-2023-09-19-at-14.44.41-122x122.jpeg","caption":"Jean Pierre BAWELA"},"url":"https:\/\/macite.tg\/?author=2"}]}},"_links":{"self":[{"href":"https:\/\/macite.tg\/index.php?rest_route=\/wp\/v2\/posts\/32180","targetHints":{"allow":["GET"]}}],"collection":[{"href":"https:\/\/macite.tg\/index.php?rest_route=\/wp\/v2\/posts"}],"about":[{"href":"https:\/\/macite.tg\/index.php?rest_route=\/wp\/v2\/types\/post"}],"author":[{"embeddable":true,"href":"https:\/\/macite.tg\/index.php?rest_route=\/wp\/v2\/users\/2"}],"replies":[{"embeddable":true,"href":"https:\/\/macite.tg\/index.php?rest_route=%2Fwp%2Fv2%2Fcomments&post=32180"}],"version-history":[{"count":0,"href":"https:\/\/macite.tg\/index.php?rest_route=\/wp\/v2\/posts\/32180\/revisions"}],"wp:featuredmedia":[{"embeddable":true,"href":"https:\/\/macite.tg\/index.php?rest_route=\/wp\/v2\/media\/32181"}],"wp:attachment":[{"href":"https:\/\/macite.tg\/index.php?rest_route=%2Fwp%2Fv2%2Fmedia&parent=32180"}],"wp:term":[{"taxonomy":"category","embeddable":true,"href":"https:\/\/macite.tg\/index.php?rest_route=%2Fwp%2Fv2%2Fcategories&post=32180"},{"taxonomy":"post_tag","embeddable":true,"href":"https:\/\/macite.tg\/index.php?rest_route=%2Fwp%2Fv2%2Ftags&post=32180"}],"curies":[{"name":"wp","href":"https:\/\/api.w.org\/{rel}","templated":true}]}}