{"id":32171,"date":"2026-07-15T13:05:47","date_gmt":"2026-07-15T13:05:47","guid":{"rendered":"https:\/\/macite.tg\/?p=32171"},"modified":"2026-07-15T13:06:08","modified_gmt":"2026-07-15T13:06:08","slug":"finale-du-mondial-2026-un-spectacle-musical-a-la-pause-pour-marquer-les-coeurs","status":"publish","type":"post","link":"https:\/\/macite.tg\/?p=32171","title":{"rendered":"FINALE DU MONDIAL 2026\u00a0: Un spectacle musical \u00e0 la pause pour marquer les c\u0153urs"},"content":{"rendered":"\n<p class=\"wp-block-paragraph\"><strong><em>La pause de la finale de la Coupe du monde 2026, pr\u00e9vue dimanche, devrait d\u00e9passer les 15 minutes r\u00e9glementaires afin d\u2019accueillir un spectacle musical r\u00e9unissant plusieurs stars internationales. La dur\u00e9e de cette parenth\u00e8se festive pourrait atteindre jusqu\u2019\u00e0 30 minutes.<\/em><\/strong><\/p>\n\n\n\n<p class=\"wp-block-paragraph\">La finale de la Coupe du monde 2026, programm\u00e9e dimanche, devrait conna\u00eetre une interruption plus longue qu\u2019\u00e0 l\u2019accoutum\u00e9e entre les deux p\u00e9riodes. Selon plusieurs m\u00e9dias, la pause de la mi-temps sera prolong\u00e9e pour permettre la tenue d\u2019un spectacle musical d\u2019envergure.<\/p>\n\n\n\n<p class=\"wp-block-paragraph\">Si la dur\u00e9e officielle n\u2019a pas encore \u00e9t\u00e9 confirm\u00e9e, les estimations \u00e9voquent un show de 20 \u00e0 30 minutes, bien au-del\u00e0 des 15 minutes pr\u00e9vues par les Lois du jeu.<\/p>\n\n\n\n<figure class=\"wp-block-image size-full\"><img loading=\"lazy\" decoding=\"async\" width=\"851\" height=\"315\" src=\"https:\/\/macite.tg\/wp-content\/uploads\/2026\/07\/OTR_Ferer-pour-batir-1.jpg\" alt=\"\" class=\"wp-image-31769\" srcset=\"https:\/\/macite.tg\/wp-content\/uploads\/2026\/07\/OTR_Ferer-pour-batir-1.jpg 851w, https:\/\/macite.tg\/wp-content\/uploads\/2026\/07\/OTR_Ferer-pour-batir-1-300x111.jpg 300w, https:\/\/macite.tg\/wp-content\/uploads\/2026\/07\/OTR_Ferer-pour-batir-1-768x284.jpg 768w\" sizes=\"auto, (max-width: 851px) 100vw, 851px\" \/><\/figure>\n\n\n\n<p class=\"wp-block-paragraph\">Il y a quelques semaines, la FIFA avait annonc\u00e9 la participation de plusieurs artistes de renomm\u00e9e mondiale \u00e0 cette prestation, parmi lesquels Madonna, Shakira, Justin Bieber, le groupe Coldplay et la formation sud-cor\u00e9enne BTS, sans toutefois pr\u00e9ciser la dur\u00e9e exacte du spectacle.<\/p>\n\n\n\n<p class=\"wp-block-paragraph\">Les r\u00e8gles de l\u2019International Football Association Board (IFAB) stipulent que la pause entre les deux mi-temps ne doit pas exc\u00e9der 15 minutes, sauf autorisation expresse de l\u2019arbitre de la rencontre.<\/p>\n\n\n\n<p class=\"wp-block-paragraph\">Avant le coup d\u2019envoi de la finale, un spectacle de cl\u00f4ture est \u00e9galement pr\u00e9vu avec les prestations de Laura Pausini, Nicole Scherzinger et Robbie Williams, ainsi que la participation du c\u00e9l\u00e8bre youtubeur IShowSpeed.<\/p>\n\n\n<div class=\"wp-block-image\">\n<figure class=\"aligncenter size-full is-resized\"><img loading=\"lazy\" decoding=\"async\" width=\"431\" height=\"431\" src=\"https:\/\/macite.tg\/wp-content\/uploads\/2026\/06\/image-78.png\" alt=\"\" class=\"wp-image-31645\" style=\"width:557px;height:auto\" srcset=\"https:\/\/macite.tg\/wp-content\/uploads\/2026\/06\/image-78.png 431w, https:\/\/macite.tg\/wp-content\/uploads\/2026\/06\/image-78-300x300.png 300w, https:\/\/macite.tg\/wp-content\/uploads\/2026\/06\/image-78-150x150.png 150w, https:\/\/macite.tg\/wp-content\/uploads\/2026\/06\/image-78-122x122.png 122w\" sizes=\"auto, (max-width: 431px) 100vw, 431px\" \/><\/figure>\n<\/div>\n\n\n<p class=\"wp-block-paragraph\">L\u2019acteur am\u00e9ricain Tom Cruise prendra lui aussi part \u00e0 la c\u00e9r\u00e9monie organis\u00e9e au MetLife Stadium, \u00e0 East Rutherford (New Jersey). Selon la FIFA, ce spectacle retracera les moments marquants de cette \u00e9dition historique de la Coupe du monde, disput\u00e9e pour la premi\u00e8re fois avec 48 s\u00e9lections \u00e0 travers les \u00c9tats-Unis, le Canada et le Mexique.<\/p>\n\n\n\n<p class=\"wp-block-paragraph\"><strong>MSN<\/strong><\/p>\n\n\n\n<p class=\"wp-block-paragraph\"><a><strong><em>@macite.tg&nbsp;&nbsp;&nbsp;&nbsp;&nbsp;&nbsp;&nbsp;&nbsp;<\/em><\/strong><\/a><\/p>\n\n\n\n<p class=\"wp-block-paragraph\"><strong><em>E-mail&nbsp;: <\/em><\/strong><a href=\"mailto:maciteinfo@gmail.com\"><strong><em>maciteinfo@gmail.com<\/em><\/strong><\/a><strong><em>; <\/em><\/strong><a href=\"mailto:bawela1@gmail.com\"><strong><em>bawela1@gmail.com<\/em><\/strong><\/a><strong><em><\/em><\/strong><\/p>\n\n\n\n<p class=\"wp-block-paragraph\"><strong><em>Pour vos annonces, publi-reportages, etc., joignez-nous au (00228)91515309\/<strong>79872224 <\/strong><strong><\/strong><\/em><\/strong><\/p>\n\n\n\n<p class=\"wp-block-paragraph\"><strong><em>www.macite.tg, L\u2019information, la bonne&nbsp;!<\/em><\/strong><\/p>\n\n\n\n<p class=\"wp-block-paragraph\"><\/p>\n","protected":false},"excerpt":{"rendered":"<p class=\"text-justify mb-2\" >La pause de la finale de la Coupe du monde 2026, pr\u00e9vue dimanche, devrait d\u00e9passer les 15 minutes r\u00e9glementaires afin d\u2019accueillir un spectacle musical r\u00e9unissant plusieurs stars internationales. La dur\u00e9e de cette parenth\u00e8se festive pourrait atteindre jusqu\u2019\u00e0 30 minutes. La finale de la Coupe du [&hellip;]<\/p>\n","protected":false},"author":2,"featured_media":32172,"comment_status":"open","ping_status":"open","sticky":false,"template":"","format":"standard","meta":{"footnotes":""},"categories":[20,63,51],"tags":[],"class_list":["post-32171","post","type-post","status-publish","format-standard","has-post-thumbnail","hentry","category-actualite","category-football","category-musique"],"yoast_head":"<!-- This site is optimized with the Yoast SEO plugin v28.4 - https:\/\/yoast.com\/product\/yoast-seo-wordpress\/ -->\n<title>FINALE DU MONDIAL 2026\u00a0: Un spectacle musical \u00e0 la pause pour marquer les c\u0153urs -<\/title>\n<meta name=\"robots\" content=\"index, follow, max-snippet:-1, max-image-preview:large, max-video-preview:-1\" \/>\n<link rel=\"canonical\" href=\"https:\/\/macite.tg\/?p=32171\" \/>\n<meta property=\"og:locale\" content=\"fr_FR\" \/>\n<meta property=\"og:type\" content=\"article\" \/>\n<meta property=\"og:title\" content=\"FINALE DU MONDIAL 2026\u00a0: Un spectacle musical \u00e0 la pause pour marquer les c\u0153urs -\" \/>\n<meta property=\"og:description\" content=\"La pause de la finale de la Coupe du monde 2026, pr\u00e9vue dimanche, devrait d\u00e9passer les 15 minutes r\u00e9glementaires afin d\u2019accueillir un spectacle musical r\u00e9unissant plusieurs stars internationales. La dur\u00e9e de cette parenth\u00e8se festive pourrait atteindre jusqu\u2019\u00e0 30 minutes. La finale de la Coupe du [&hellip;]\" \/>\n<meta property=\"og:url\" content=\"https:\/\/macite.tg\/?p=32171\" \/>\n<meta property=\"article:published_time\" content=\"2026-07-15T13:05:47+00:00\" \/>\n<meta property=\"article:modified_time\" content=\"2026-07-15T13:06:08+00:00\" \/>\n<meta property=\"og:image\" content=\"https:\/\/macite.tg\/wp-content\/uploads\/2026\/07\/image-58.png\" \/>\n\t<meta property=\"og:image:width\" content=\"474\" \/>\n\t<meta property=\"og:image:height\" content=\"278\" \/>\n\t<meta property=\"og:image:type\" content=\"image\/png\" \/>\n<meta name=\"author\" content=\"Jean Pierre BAWELA\" \/>\n<meta name=\"twitter:card\" content=\"summary_large_image\" \/>\n<meta name=\"twitter:label1\" content=\"\u00c9crit par\" \/>\n\t<meta name=\"twitter:data1\" content=\"Jean Pierre BAWELA\" \/>\n\t<meta name=\"twitter:label2\" content=\"Dur\u00e9e de lecture estim\u00e9e\" \/>\n\t<meta name=\"twitter:data2\" content=\"3 minutes\" \/>\n<script type=\"application\/ld+json\" class=\"yoast-schema-graph\">{\"@context\":\"https:\\\/\\\/schema.org\",\"@graph\":[{\"@type\":\"Article\",\"@id\":\"https:\\\/\\\/macite.tg\\\/?p=32171#article\",\"isPartOf\":{\"@id\":\"https:\\\/\\\/macite.tg\\\/?p=32171\"},\"author\":{\"name\":\"Jean Pierre BAWELA\",\"@id\":\"https:\\\/\\\/macite.tg\\\/#\\\/schema\\\/person\\\/e9f2de7e5dbbe7770a9402c7ce82f5c2\"},\"headline\":\"FINALE DU MONDIAL 2026\u00a0: Un spectacle musical \u00e0 la pause pour marquer les c\u0153urs\",\"datePublished\":\"2026-07-15T13:05:47+00:00\",\"dateModified\":\"2026-07-15T13:06:08+00:00\",\"mainEntityOfPage\":{\"@id\":\"https:\\\/\\\/macite.tg\\\/?p=32171\"},\"wordCount\":343,\"commentCount\":0,\"image\":{\"@id\":\"https:\\\/\\\/macite.tg\\\/?p=32171#primaryimage\"},\"thumbnailUrl\":\"https:\\\/\\\/macite.tg\\\/wp-content\\\/uploads\\\/2026\\\/07\\\/image-58.png\",\"articleSection\":[\"ACTUALITE\",\"FOOTBALL\",\"MUSIQUE\"],\"inLanguage\":\"fr-FR\",\"potentialAction\":[{\"@type\":\"CommentAction\",\"name\":\"Comment\",\"target\":[\"https:\\\/\\\/macite.tg\\\/?p=32171#respond\"]}]},{\"@type\":\"WebPage\",\"@id\":\"https:\\\/\\\/macite.tg\\\/?p=32171\",\"url\":\"https:\\\/\\\/macite.tg\\\/?p=32171\",\"name\":\"FINALE DU MONDIAL 2026\u00a0: Un spectacle musical \u00e0 la pause pour marquer les c\u0153urs -\",\"isPartOf\":{\"@id\":\"https:\\\/\\\/macite.tg\\\/#website\"},\"primaryImageOfPage\":{\"@id\":\"https:\\\/\\\/macite.tg\\\/?p=32171#primaryimage\"},\"image\":{\"@id\":\"https:\\\/\\\/macite.tg\\\/?p=32171#primaryimage\"},\"thumbnailUrl\":\"https:\\\/\\\/macite.tg\\\/wp-content\\\/uploads\\\/2026\\\/07\\\/image-58.png\",\"datePublished\":\"2026-07-15T13:05:47+00:00\",\"dateModified\":\"2026-07-15T13:06:08+00:00\",\"author\":{\"@id\":\"https:\\\/\\\/macite.tg\\\/#\\\/schema\\\/person\\\/e9f2de7e5dbbe7770a9402c7ce82f5c2\"},\"breadcrumb\":{\"@id\":\"https:\\\/\\\/macite.tg\\\/?p=32171#breadcrumb\"},\"inLanguage\":\"fr-FR\",\"potentialAction\":[{\"@type\":\"ReadAction\",\"target\":[\"https:\\\/\\\/macite.tg\\\/?p=32171\"]}]},{\"@type\":\"ImageObject\",\"inLanguage\":\"fr-FR\",\"@id\":\"https:\\\/\\\/macite.tg\\\/?p=32171#primaryimage\",\"url\":\"https:\\\/\\\/macite.tg\\\/wp-content\\\/uploads\\\/2026\\\/07\\\/image-58.png\",\"contentUrl\":\"https:\\\/\\\/macite.tg\\\/wp-content\\\/uploads\\\/2026\\\/07\\\/image-58.png\",\"width\":474,\"height\":278},{\"@type\":\"BreadcrumbList\",\"@id\":\"https:\\\/\\\/macite.tg\\\/?p=32171#breadcrumb\",\"itemListElement\":[{\"@type\":\"ListItem\",\"position\":1,\"name\":\"Accueil\",\"item\":\"https:\\\/\\\/macite.tg\\\/\"},{\"@type\":\"ListItem\",\"position\":2,\"name\":\"FINALE DU MONDIAL 2026\u00a0: Un spectacle musical \u00e0 la pause pour marquer les c\u0153urs\"}]},{\"@type\":\"WebSite\",\"@id\":\"https:\\\/\\\/macite.tg\\\/#website\",\"url\":\"https:\\\/\\\/macite.tg\\\/\",\"name\":\"\",\"description\":\"L&#039;information, la bonne!!!\",\"potentialAction\":[{\"@type\":\"SearchAction\",\"target\":{\"@type\":\"EntryPoint\",\"urlTemplate\":\"https:\\\/\\\/macite.tg\\\/?s={search_term_string}\"},\"query-input\":{\"@type\":\"PropertyValueSpecification\",\"valueRequired\":true,\"valueName\":\"search_term_string\"}}],\"inLanguage\":\"fr-FR\"},{\"@type\":\"Person\",\"@id\":\"https:\\\/\\\/macite.tg\\\/#\\\/schema\\\/person\\\/e9f2de7e5dbbe7770a9402c7ce82f5c2\",\"name\":\"Jean Pierre BAWELA\",\"image\":{\"@type\":\"ImageObject\",\"inLanguage\":\"fr-FR\",\"@id\":\"https:\\\/\\\/macite.tg\\\/wp-content\\\/uploads\\\/2023\\\/09\\\/WhatsApp-Image-2023-09-19-at-14.44.41-122x122.jpeg\",\"url\":\"https:\\\/\\\/macite.tg\\\/wp-content\\\/uploads\\\/2023\\\/09\\\/WhatsApp-Image-2023-09-19-at-14.44.41-122x122.jpeg\",\"contentUrl\":\"https:\\\/\\\/macite.tg\\\/wp-content\\\/uploads\\\/2023\\\/09\\\/WhatsApp-Image-2023-09-19-at-14.44.41-122x122.jpeg\",\"caption\":\"Jean Pierre BAWELA\"},\"url\":\"https:\\\/\\\/macite.tg\\\/?author=2\"}]}<\/script>\n<!-- \/ Yoast SEO plugin. -->","yoast_head_json":{"title":"FINALE DU MONDIAL 2026\u00a0: Un spectacle musical \u00e0 la pause pour marquer les c\u0153urs -","robots":{"index":"index","follow":"follow","max-snippet":"max-snippet:-1","max-image-preview":"max-image-preview:large","max-video-preview":"max-video-preview:-1"},"canonical":"https:\/\/macite.tg\/?p=32171","og_locale":"fr_FR","og_type":"article","og_title":"FINALE DU MONDIAL 2026\u00a0: Un spectacle musical \u00e0 la pause pour marquer les c\u0153urs -","og_description":"La pause de la finale de la Coupe du monde 2026, pr\u00e9vue dimanche, devrait d\u00e9passer les 15 minutes r\u00e9glementaires afin d\u2019accueillir un spectacle musical r\u00e9unissant plusieurs stars internationales. La dur\u00e9e de cette parenth\u00e8se festive pourrait atteindre jusqu\u2019\u00e0 30 minutes. La finale de la Coupe du [&hellip;]","og_url":"https:\/\/macite.tg\/?p=32171","article_published_time":"2026-07-15T13:05:47+00:00","article_modified_time":"2026-07-15T13:06:08+00:00","og_image":[{"width":474,"height":278,"url":"https:\/\/macite.tg\/wp-content\/uploads\/2026\/07\/image-58.png","type":"image\/png"}],"author":"Jean Pierre BAWELA","twitter_card":"summary_large_image","twitter_misc":{"\u00c9crit par":"Jean Pierre BAWELA","Dur\u00e9e de lecture estim\u00e9e":"3 minutes"},"schema":{"@context":"https:\/\/schema.org","@graph":[{"@type":"Article","@id":"https:\/\/macite.tg\/?p=32171#article","isPartOf":{"@id":"https:\/\/macite.tg\/?p=32171"},"author":{"name":"Jean Pierre BAWELA","@id":"https:\/\/macite.tg\/#\/schema\/person\/e9f2de7e5dbbe7770a9402c7ce82f5c2"},"headline":"FINALE DU MONDIAL 2026\u00a0: Un spectacle musical \u00e0 la pause pour marquer les c\u0153urs","datePublished":"2026-07-15T13:05:47+00:00","dateModified":"2026-07-15T13:06:08+00:00","mainEntityOfPage":{"@id":"https:\/\/macite.tg\/?p=32171"},"wordCount":343,"commentCount":0,"image":{"@id":"https:\/\/macite.tg\/?p=32171#primaryimage"},"thumbnailUrl":"https:\/\/macite.tg\/wp-content\/uploads\/2026\/07\/image-58.png","articleSection":["ACTUALITE","FOOTBALL","MUSIQUE"],"inLanguage":"fr-FR","potentialAction":[{"@type":"CommentAction","name":"Comment","target":["https:\/\/macite.tg\/?p=32171#respond"]}]},{"@type":"WebPage","@id":"https:\/\/macite.tg\/?p=32171","url":"https:\/\/macite.tg\/?p=32171","name":"FINALE DU MONDIAL 2026\u00a0: Un spectacle musical \u00e0 la pause pour marquer les c\u0153urs -","isPartOf":{"@id":"https:\/\/macite.tg\/#website"},"primaryImageOfPage":{"@id":"https:\/\/macite.tg\/?p=32171#primaryimage"},"image":{"@id":"https:\/\/macite.tg\/?p=32171#primaryimage"},"thumbnailUrl":"https:\/\/macite.tg\/wp-content\/uploads\/2026\/07\/image-58.png","datePublished":"2026-07-15T13:05:47+00:00","dateModified":"2026-07-15T13:06:08+00:00","author":{"@id":"https:\/\/macite.tg\/#\/schema\/person\/e9f2de7e5dbbe7770a9402c7ce82f5c2"},"breadcrumb":{"@id":"https:\/\/macite.tg\/?p=32171#breadcrumb"},"inLanguage":"fr-FR","potentialAction":[{"@type":"ReadAction","target":["https:\/\/macite.tg\/?p=32171"]}]},{"@type":"ImageObject","inLanguage":"fr-FR","@id":"https:\/\/macite.tg\/?p=32171#primaryimage","url":"https:\/\/macite.tg\/wp-content\/uploads\/2026\/07\/image-58.png","contentUrl":"https:\/\/macite.tg\/wp-content\/uploads\/2026\/07\/image-58.png","width":474,"height":278},{"@type":"BreadcrumbList","@id":"https:\/\/macite.tg\/?p=32171#breadcrumb","itemListElement":[{"@type":"ListItem","position":1,"name":"Accueil","item":"https:\/\/macite.tg\/"},{"@type":"ListItem","position":2,"name":"FINALE DU MONDIAL 2026\u00a0: Un spectacle musical \u00e0 la pause pour marquer les c\u0153urs"}]},{"@type":"WebSite","@id":"https:\/\/macite.tg\/#website","url":"https:\/\/macite.tg\/","name":"","description":"L&#039;information, la bonne!!!","potentialAction":[{"@type":"SearchAction","target":{"@type":"EntryPoint","urlTemplate":"https:\/\/macite.tg\/?s={search_term_string}"},"query-input":{"@type":"PropertyValueSpecification","valueRequired":true,"valueName":"search_term_string"}}],"inLanguage":"fr-FR"},{"@type":"Person","@id":"https:\/\/macite.tg\/#\/schema\/person\/e9f2de7e5dbbe7770a9402c7ce82f5c2","name":"Jean Pierre BAWELA","image":{"@type":"ImageObject","inLanguage":"fr-FR","@id":"https:\/\/macite.tg\/wp-content\/uploads\/2023\/09\/WhatsApp-Image-2023-09-19-at-14.44.41-122x122.jpeg","url":"https:\/\/macite.tg\/wp-content\/uploads\/2023\/09\/WhatsApp-Image-2023-09-19-at-14.44.41-122x122.jpeg","contentUrl":"https:\/\/macite.tg\/wp-content\/uploads\/2023\/09\/WhatsApp-Image-2023-09-19-at-14.44.41-122x122.jpeg","caption":"Jean Pierre BAWELA"},"url":"https:\/\/macite.tg\/?author=2"}]}},"_links":{"self":[{"href":"https:\/\/macite.tg\/index.php?rest_route=\/wp\/v2\/posts\/32171","targetHints":{"allow":["GET"]}}],"collection":[{"href":"https:\/\/macite.tg\/index.php?rest_route=\/wp\/v2\/posts"}],"about":[{"href":"https:\/\/macite.tg\/index.php?rest_route=\/wp\/v2\/types\/post"}],"author":[{"embeddable":true,"href":"https:\/\/macite.tg\/index.php?rest_route=\/wp\/v2\/users\/2"}],"replies":[{"embeddable":true,"href":"https:\/\/macite.tg\/index.php?rest_route=%2Fwp%2Fv2%2Fcomments&post=32171"}],"version-history":[{"count":0,"href":"https:\/\/macite.tg\/index.php?rest_route=\/wp\/v2\/posts\/32171\/revisions"}],"wp:featuredmedia":[{"embeddable":true,"href":"https:\/\/macite.tg\/index.php?rest_route=\/wp\/v2\/media\/32172"}],"wp:attachment":[{"href":"https:\/\/macite.tg\/index.php?rest_route=%2Fwp%2Fv2%2Fmedia&parent=32171"}],"wp:term":[{"taxonomy":"category","embeddable":true,"href":"https:\/\/macite.tg\/index.php?rest_route=%2Fwp%2Fv2%2Fcategories&post=32171"},{"taxonomy":"post_tag","embeddable":true,"href":"https:\/\/macite.tg\/index.php?rest_route=%2Fwp%2Fv2%2Ftags&post=32171"}],"curies":[{"name":"wp","href":"https:\/\/api.w.org\/{rel}","templated":true}]}}