{"id":32161,"date":"2026-07-15T12:47:33","date_gmt":"2026-07-15T12:47:33","guid":{"rendered":"https:\/\/macite.tg\/?p=32161"},"modified":"2026-07-15T12:47:47","modified_gmt":"2026-07-15T12:47:47","slug":"evala-2026-la-jeunesse-et-les-traditions-kabye-a-lhonneur","status":"publish","type":"post","link":"https:\/\/macite.tg\/?p=32161","title":{"rendered":"EVALA 2026 : La jeunesse et les traditions kaby\u00e8 \u00e0 l\u2019honneur&#8230;"},"content":{"rendered":"\n<p class=\"wp-block-paragraph\"><strong><em>Au Togo, le mois de juillet vibre traditionnellement au rythme des luttes initiatiques en pays kaby\u00e8. Depuis le lundi 13 juillet dernier, les festivit\u00e9s Evala 2026 se poursuivies avec une ferveur intacte, rassemblant des milliers de spectateurs, de touristes et de communaut\u00e9s locales autour de ce riche patrimoine culturel.<\/em><\/strong><\/p>\n\n\n\n<p class=\"wp-block-paragraph\">Fid\u00e8le \u00e0 sa politique de valorisation des traditions et de l&rsquo;identit\u00e9 nationale, le Pr\u00e9sident du Conseil, Faure Essozimna Gnassingb\u00e9, a personnellement assist\u00e9 \u00e0 plusieurs moments cl\u00e9s de ces festivit\u00e9s riches en \u00e9motions.<\/p>\n\n\n\n<p class=\"wp-block-paragraph\"><strong>Des ar\u00e8nes en \u00e9bullition<\/strong><\/p>\n\n\n\n<p class=\"wp-block-paragraph\">Les journ\u00e9es sont marqu\u00e9es par des confrontations physiques de haut niveau, d\u00e9montrant toute l&rsquo;agilit\u00e9, la force et la pr\u00e9paration des jeunes lutteurs (<em>les Evala<\/em>).<\/p>\n\n\n<div class=\"wp-block-image\">\n<figure class=\"aligncenter size-large is-resized\"><img loading=\"lazy\" decoding=\"async\" width=\"1024\" height=\"745\" src=\"https:\/\/macite.tg\/wp-content\/uploads\/2026\/07\/0b922e5f-3faf-48b4-bb54-018c0516a8ec-1024x745.jpg\" alt=\"\" class=\"wp-image-32166\" style=\"aspect-ratio:1.3745142155860095;width:575px;height:auto\" srcset=\"https:\/\/macite.tg\/wp-content\/uploads\/2026\/07\/0b922e5f-3faf-48b4-bb54-018c0516a8ec-1024x745.jpg 1024w, https:\/\/macite.tg\/wp-content\/uploads\/2026\/07\/0b922e5f-3faf-48b4-bb54-018c0516a8ec-300x218.jpg 300w, https:\/\/macite.tg\/wp-content\/uploads\/2026\/07\/0b922e5f-3faf-48b4-bb54-018c0516a8ec-768x559.jpg 768w, https:\/\/macite.tg\/wp-content\/uploads\/2026\/07\/0b922e5f-3faf-48b4-bb54-018c0516a8ec.jpg 1280w\" sizes=\"auto, (max-width: 1024px) 100vw, 1024px\" \/><\/figure>\n<\/div>\n\n\n<p class=\"wp-block-paragraph\">Dans le canton de Tchitchao, d\u00e9j\u00e0 lundi dernier, le Pr\u00e9sident du Conseil a assist\u00e9 \u00e0 la grande finale opposant la coalition Bou-Fatou \u00e0 celle de Kigb\u00e8ling-Haz\u00e9-Lohou. Dans une ambiance \u00e9lectrique, rythm\u00e9e par les chants de supporters survolt\u00e9s, la jeunesse locale a livr\u00e9 des duels spectaculaires, symboles de courage et de t\u00e9nacit\u00e9.<\/p>\n\n\n\n<p class=\"wp-block-paragraph\"><strong>Les pr\u00e9liminaires de Pya<\/strong><\/p>\n\n\n\n<p class=\"wp-block-paragraph\">Le chef de l&rsquo;ex\u00e9cutif s&rsquo;est ensuite rendu dans le canton de Pya pour suivre de tr\u00e8s pr\u00e8s les phases \u00e9liminatoires. Les spectateurs ont vibr\u00e9 devant deux chocs majeurs, d\u2019abord les Evala d&rsquo;Ak\u00e9i contre ceux de Lao, puis les lutteurs de Gnama contre ceux de Kioud\u00e8.<\/p>\n\n\n\n<p class=\"wp-block-paragraph\">Entour\u00e9s de leurs familles et de leurs communaut\u00e9s venues en masse pour les galvaniser, les jeunes comp\u00e9titeurs ont fait preuve d&rsquo;un fair-play et d&rsquo;une combativit\u00e9 exemplaires.<\/p>\n\n\n<div class=\"wp-block-image\">\n<figure class=\"aligncenter size-large is-resized\"><img loading=\"lazy\" decoding=\"async\" width=\"1024\" height=\"724\" src=\"https:\/\/macite.tg\/wp-content\/uploads\/2026\/07\/852085e5-b3de-439c-8a27-df8c5cacd52d-1024x724.jpg\" alt=\"\" class=\"wp-image-32167\" style=\"aspect-ratio:1.4144018521929016;width:605px;height:auto\" srcset=\"https:\/\/macite.tg\/wp-content\/uploads\/2026\/07\/852085e5-b3de-439c-8a27-df8c5cacd52d-1024x724.jpg 1024w, https:\/\/macite.tg\/wp-content\/uploads\/2026\/07\/852085e5-b3de-439c-8a27-df8c5cacd52d-300x212.jpg 300w, https:\/\/macite.tg\/wp-content\/uploads\/2026\/07\/852085e5-b3de-439c-8a27-df8c5cacd52d-768x543.jpg 768w, https:\/\/macite.tg\/wp-content\/uploads\/2026\/07\/852085e5-b3de-439c-8a27-df8c5cacd52d-1536x1087.jpg 1536w, https:\/\/macite.tg\/wp-content\/uploads\/2026\/07\/852085e5-b3de-439c-8a27-df8c5cacd52d.jpg 1600w\" sizes=\"auto, (max-width: 1024px) 100vw, 1024px\" \/><\/figure>\n<\/div>\n\n\n<p class=\"wp-block-paragraph\"><strong>Les danses rituelles, au c\u0153ur de l&rsquo;initiation kaby\u00e8<\/strong><\/p>\n\n\n\n<p class=\"wp-block-paragraph\">Au-del\u00e0 de l&rsquo;aspect purement sportif, Evala est un ensemble de rites de passage hautement symboliques. En pr\u00e9sence du Pr\u00e9sident du Conseil, les march\u00e9s de Tchar\u00e8 et de Pya-Hodo ont accueilli des danses initiatiques charg\u00e9es de spiritualit\u00e9 et d&rsquo;histoire.<\/p>\n\n\n\n<p class=\"wp-block-paragraph\">Les jeunes initi\u00e9s, par\u00e9s de leurs plus beaux attributs traditionnels, ont offert un spectacle saisissant. Le corps enti\u00e8rement recouvert de talc traditionnel, la t\u00eate coiff\u00e9e de casquettes orn\u00e9es de plumes d&rsquo;oiseaux, jeunes et initi\u00e9s ont esquiss\u00e9 des pas de danse cadenc\u00e9s, ex\u00e9cut\u00e9s au rythme envo\u00fbtant des chants rituels ancestraux.<\/p>\n\n\n\n<p class=\"wp-block-paragraph\">Ces rituels marquent officiellement l&rsquo;entr\u00e9e de ces jeunes hommes dans la classe des adultes, leur conf\u00e9rant de nouvelles responsabilit\u00e9s au sein de la communaut\u00e9.<\/p>\n\n\n<div class=\"wp-block-image\">\n<figure class=\"aligncenter size-large is-resized\"><img loading=\"lazy\" decoding=\"async\" width=\"1024\" height=\"750\" src=\"https:\/\/macite.tg\/wp-content\/uploads\/2026\/07\/c8a7a9e2-7a36-4130-8427-406d7ef138e2-1024x750.jpg\" alt=\"\" class=\"wp-image-32169\" style=\"aspect-ratio:1.365368009346269;width:545px;height:auto\" srcset=\"https:\/\/macite.tg\/wp-content\/uploads\/2026\/07\/c8a7a9e2-7a36-4130-8427-406d7ef138e2-1024x750.jpg 1024w, https:\/\/macite.tg\/wp-content\/uploads\/2026\/07\/c8a7a9e2-7a36-4130-8427-406d7ef138e2-300x220.jpg 300w, https:\/\/macite.tg\/wp-content\/uploads\/2026\/07\/c8a7a9e2-7a36-4130-8427-406d7ef138e2-768x563.jpg 768w, https:\/\/macite.tg\/wp-content\/uploads\/2026\/07\/c8a7a9e2-7a36-4130-8427-406d7ef138e2.jpg 1280w\" sizes=\"auto, (max-width: 1024px) 100vw, 1024px\" \/><\/figure>\n<\/div>\n\n\n<p class=\"wp-block-paragraph\"><strong>Les Evala, une v\u00e9ritable \u00e9cole de vie<\/strong><\/p>\n\n\n\n<p class=\"wp-block-paragraph\">Chaque \u00e9dition des Evala rappelle que ces luttes traditionnelles ne se limitent pas \u00e0 un simple affrontement dans l&rsquo;ar\u00e8ne. Elles constituent une v\u00e9ritable \u00e9cole de vie et un vecteur essentiel de coh\u00e9sion sociale.<\/p>\n\n\n\n<p class=\"wp-block-paragraph\">C&rsquo;est un espace privil\u00e9gi\u00e9 de transmission interg\u00e9n\u00e9rationnelle des savoirs, des coutumes et des valeurs de solidarit\u00e9, de discipline et d&rsquo;effort qui fa\u00e7onneront les citoyens togolais de demain.<\/p>\n\n\n\n<p class=\"wp-block-paragraph\"><strong>MC<\/strong><\/p>\n\n\n\n<p class=\"wp-block-paragraph\"><a><strong><em>@macite.tg&nbsp;&nbsp;&nbsp;&nbsp;&nbsp;&nbsp;&nbsp;&nbsp;<\/em><\/strong><\/a><\/p>\n\n\n\n<p class=\"wp-block-paragraph\"><strong><em>E-mail&nbsp;: <\/em><\/strong><a href=\"mailto:maciteinfo@gmail.com\"><strong><em>maciteinfo@gmail.com<\/em><\/strong><\/a><strong><em>; <\/em><\/strong><a href=\"mailto:bawela1@gmail.com\"><strong><em>bawela1@gmail.com<\/em><\/strong><\/a><strong><em><\/em><\/strong><\/p>\n\n\n\n<p class=\"wp-block-paragraph\"><strong><em>Pour vos annonces, publi-reportages, etc., joignez-nous au (00228)91515309\/<strong>79872224 <\/strong><strong><\/strong><\/em><\/strong><\/p>\n\n\n\n<p class=\"wp-block-paragraph\"><strong><em>www.macite.tg, L\u2019information, la bonne&nbsp;!<\/em><\/strong><\/p>\n\n\n\n<p class=\"wp-block-paragraph\"><\/p>\n","protected":false},"excerpt":{"rendered":"<p class=\"text-justify mb-2\" >Au Togo, le mois de juillet vibre traditionnellement au rythme des luttes initiatiques en pays kaby\u00e8. Depuis le lundi 13 juillet dernier, les festivit\u00e9s Evala 2026 se poursuivies avec une ferveur intacte, rassemblant des milliers de spectateurs, de touristes et de communaut\u00e9s locales autour de [&hellip;]<\/p>\n","protected":false},"author":2,"featured_media":32165,"comment_status":"open","ping_status":"open","sticky":false,"template":"","format":"standard","meta":{"footnotes":""},"categories":[20,18],"tags":[],"class_list":["post-32161","post","type-post","status-publish","format-standard","has-post-thumbnail","hentry","category-actualite","category-culture"],"yoast_head":"<!-- This site is optimized with the Yoast SEO plugin v28.4 - https:\/\/yoast.com\/product\/yoast-seo-wordpress\/ -->\n<title>EVALA 2026 : La jeunesse et les traditions kaby\u00e8 \u00e0 l\u2019honneur... -<\/title>\n<meta name=\"robots\" content=\"index, follow, max-snippet:-1, max-image-preview:large, max-video-preview:-1\" \/>\n<link rel=\"canonical\" href=\"https:\/\/macite.tg\/?p=32161\" \/>\n<meta property=\"og:locale\" content=\"fr_FR\" \/>\n<meta property=\"og:type\" content=\"article\" \/>\n<meta property=\"og:title\" content=\"EVALA 2026 : La jeunesse et les traditions kaby\u00e8 \u00e0 l\u2019honneur... -\" \/>\n<meta property=\"og:description\" content=\"Au Togo, le mois de juillet vibre traditionnellement au rythme des luttes initiatiques en pays kaby\u00e8. Depuis le lundi 13 juillet dernier, les festivit\u00e9s Evala 2026 se poursuivies avec une ferveur intacte, rassemblant des milliers de spectateurs, de touristes et de communaut\u00e9s locales autour de [&hellip;]\" \/>\n<meta property=\"og:url\" content=\"https:\/\/macite.tg\/?p=32161\" \/>\n<meta property=\"article:published_time\" content=\"2026-07-15T12:47:33+00:00\" \/>\n<meta property=\"article:modified_time\" content=\"2026-07-15T12:47:47+00:00\" \/>\n<meta property=\"og:image\" content=\"https:\/\/macite.tg\/wp-content\/uploads\/2026\/07\/EVALAAA.jpg\" \/>\n\t<meta property=\"og:image:width\" content=\"500\" \/>\n\t<meta property=\"og:image:height\" content=\"305\" \/>\n\t<meta property=\"og:image:type\" content=\"image\/jpeg\" \/>\n<meta name=\"author\" content=\"Jean Pierre BAWELA\" \/>\n<meta name=\"twitter:card\" content=\"summary_large_image\" \/>\n<meta name=\"twitter:label1\" content=\"\u00c9crit par\" \/>\n\t<meta name=\"twitter:data1\" content=\"Jean Pierre BAWELA\" \/>\n\t<meta name=\"twitter:label2\" content=\"Dur\u00e9e de lecture estim\u00e9e\" \/>\n\t<meta name=\"twitter:data2\" content=\"4 minutes\" \/>\n<script type=\"application\/ld+json\" class=\"yoast-schema-graph\">{\"@context\":\"https:\\\/\\\/schema.org\",\"@graph\":[{\"@type\":\"Article\",\"@id\":\"https:\\\/\\\/macite.tg\\\/?p=32161#article\",\"isPartOf\":{\"@id\":\"https:\\\/\\\/macite.tg\\\/?p=32161\"},\"author\":{\"name\":\"Jean Pierre BAWELA\",\"@id\":\"https:\\\/\\\/macite.tg\\\/#\\\/schema\\\/person\\\/e9f2de7e5dbbe7770a9402c7ce82f5c2\"},\"headline\":\"EVALA 2026 : La jeunesse et les traditions kaby\u00e8 \u00e0 l\u2019honneur&#8230;\",\"datePublished\":\"2026-07-15T12:47:33+00:00\",\"dateModified\":\"2026-07-15T12:47:47+00:00\",\"mainEntityOfPage\":{\"@id\":\"https:\\\/\\\/macite.tg\\\/?p=32161\"},\"wordCount\":526,\"commentCount\":0,\"image\":{\"@id\":\"https:\\\/\\\/macite.tg\\\/?p=32161#primaryimage\"},\"thumbnailUrl\":\"https:\\\/\\\/macite.tg\\\/wp-content\\\/uploads\\\/2026\\\/07\\\/EVALAAA.jpg\",\"articleSection\":[\"ACTUALITE\",\"CULTURE\"],\"inLanguage\":\"fr-FR\",\"potentialAction\":[{\"@type\":\"CommentAction\",\"name\":\"Comment\",\"target\":[\"https:\\\/\\\/macite.tg\\\/?p=32161#respond\"]}]},{\"@type\":\"WebPage\",\"@id\":\"https:\\\/\\\/macite.tg\\\/?p=32161\",\"url\":\"https:\\\/\\\/macite.tg\\\/?p=32161\",\"name\":\"EVALA 2026 : La jeunesse et les traditions kaby\u00e8 \u00e0 l\u2019honneur... -\",\"isPartOf\":{\"@id\":\"https:\\\/\\\/macite.tg\\\/#website\"},\"primaryImageOfPage\":{\"@id\":\"https:\\\/\\\/macite.tg\\\/?p=32161#primaryimage\"},\"image\":{\"@id\":\"https:\\\/\\\/macite.tg\\\/?p=32161#primaryimage\"},\"thumbnailUrl\":\"https:\\\/\\\/macite.tg\\\/wp-content\\\/uploads\\\/2026\\\/07\\\/EVALAAA.jpg\",\"datePublished\":\"2026-07-15T12:47:33+00:00\",\"dateModified\":\"2026-07-15T12:47:47+00:00\",\"author\":{\"@id\":\"https:\\\/\\\/macite.tg\\\/#\\\/schema\\\/person\\\/e9f2de7e5dbbe7770a9402c7ce82f5c2\"},\"breadcrumb\":{\"@id\":\"https:\\\/\\\/macite.tg\\\/?p=32161#breadcrumb\"},\"inLanguage\":\"fr-FR\",\"potentialAction\":[{\"@type\":\"ReadAction\",\"target\":[\"https:\\\/\\\/macite.tg\\\/?p=32161\"]}]},{\"@type\":\"ImageObject\",\"inLanguage\":\"fr-FR\",\"@id\":\"https:\\\/\\\/macite.tg\\\/?p=32161#primaryimage\",\"url\":\"https:\\\/\\\/macite.tg\\\/wp-content\\\/uploads\\\/2026\\\/07\\\/EVALAAA.jpg\",\"contentUrl\":\"https:\\\/\\\/macite.tg\\\/wp-content\\\/uploads\\\/2026\\\/07\\\/EVALAAA.jpg\",\"width\":500,\"height\":305},{\"@type\":\"BreadcrumbList\",\"@id\":\"https:\\\/\\\/macite.tg\\\/?p=32161#breadcrumb\",\"itemListElement\":[{\"@type\":\"ListItem\",\"position\":1,\"name\":\"Accueil\",\"item\":\"https:\\\/\\\/macite.tg\\\/\"},{\"@type\":\"ListItem\",\"position\":2,\"name\":\"EVALA 2026 : La jeunesse et les traditions kaby\u00e8 \u00e0 l\u2019honneur&#8230;\"}]},{\"@type\":\"WebSite\",\"@id\":\"https:\\\/\\\/macite.tg\\\/#website\",\"url\":\"https:\\\/\\\/macite.tg\\\/\",\"name\":\"\",\"description\":\"L&#039;information, la bonne!!!\",\"potentialAction\":[{\"@type\":\"SearchAction\",\"target\":{\"@type\":\"EntryPoint\",\"urlTemplate\":\"https:\\\/\\\/macite.tg\\\/?s={search_term_string}\"},\"query-input\":{\"@type\":\"PropertyValueSpecification\",\"valueRequired\":true,\"valueName\":\"search_term_string\"}}],\"inLanguage\":\"fr-FR\"},{\"@type\":\"Person\",\"@id\":\"https:\\\/\\\/macite.tg\\\/#\\\/schema\\\/person\\\/e9f2de7e5dbbe7770a9402c7ce82f5c2\",\"name\":\"Jean Pierre BAWELA\",\"image\":{\"@type\":\"ImageObject\",\"inLanguage\":\"fr-FR\",\"@id\":\"https:\\\/\\\/macite.tg\\\/wp-content\\\/uploads\\\/2023\\\/09\\\/WhatsApp-Image-2023-09-19-at-14.44.41-122x122.jpeg\",\"url\":\"https:\\\/\\\/macite.tg\\\/wp-content\\\/uploads\\\/2023\\\/09\\\/WhatsApp-Image-2023-09-19-at-14.44.41-122x122.jpeg\",\"contentUrl\":\"https:\\\/\\\/macite.tg\\\/wp-content\\\/uploads\\\/2023\\\/09\\\/WhatsApp-Image-2023-09-19-at-14.44.41-122x122.jpeg\",\"caption\":\"Jean Pierre BAWELA\"},\"url\":\"https:\\\/\\\/macite.tg\\\/?author=2\"}]}<\/script>\n<!-- \/ Yoast SEO plugin. -->","yoast_head_json":{"title":"EVALA 2026 : La jeunesse et les traditions kaby\u00e8 \u00e0 l\u2019honneur... -","robots":{"index":"index","follow":"follow","max-snippet":"max-snippet:-1","max-image-preview":"max-image-preview:large","max-video-preview":"max-video-preview:-1"},"canonical":"https:\/\/macite.tg\/?p=32161","og_locale":"fr_FR","og_type":"article","og_title":"EVALA 2026 : La jeunesse et les traditions kaby\u00e8 \u00e0 l\u2019honneur... -","og_description":"Au Togo, le mois de juillet vibre traditionnellement au rythme des luttes initiatiques en pays kaby\u00e8. Depuis le lundi 13 juillet dernier, les festivit\u00e9s Evala 2026 se poursuivies avec une ferveur intacte, rassemblant des milliers de spectateurs, de touristes et de communaut\u00e9s locales autour de [&hellip;]","og_url":"https:\/\/macite.tg\/?p=32161","article_published_time":"2026-07-15T12:47:33+00:00","article_modified_time":"2026-07-15T12:47:47+00:00","og_image":[{"width":500,"height":305,"url":"https:\/\/macite.tg\/wp-content\/uploads\/2026\/07\/EVALAAA.jpg","type":"image\/jpeg"}],"author":"Jean Pierre BAWELA","twitter_card":"summary_large_image","twitter_misc":{"\u00c9crit par":"Jean Pierre BAWELA","Dur\u00e9e de lecture estim\u00e9e":"4 minutes"},"schema":{"@context":"https:\/\/schema.org","@graph":[{"@type":"Article","@id":"https:\/\/macite.tg\/?p=32161#article","isPartOf":{"@id":"https:\/\/macite.tg\/?p=32161"},"author":{"name":"Jean Pierre BAWELA","@id":"https:\/\/macite.tg\/#\/schema\/person\/e9f2de7e5dbbe7770a9402c7ce82f5c2"},"headline":"EVALA 2026 : La jeunesse et les traditions kaby\u00e8 \u00e0 l\u2019honneur&#8230;","datePublished":"2026-07-15T12:47:33+00:00","dateModified":"2026-07-15T12:47:47+00:00","mainEntityOfPage":{"@id":"https:\/\/macite.tg\/?p=32161"},"wordCount":526,"commentCount":0,"image":{"@id":"https:\/\/macite.tg\/?p=32161#primaryimage"},"thumbnailUrl":"https:\/\/macite.tg\/wp-content\/uploads\/2026\/07\/EVALAAA.jpg","articleSection":["ACTUALITE","CULTURE"],"inLanguage":"fr-FR","potentialAction":[{"@type":"CommentAction","name":"Comment","target":["https:\/\/macite.tg\/?p=32161#respond"]}]},{"@type":"WebPage","@id":"https:\/\/macite.tg\/?p=32161","url":"https:\/\/macite.tg\/?p=32161","name":"EVALA 2026 : La jeunesse et les traditions kaby\u00e8 \u00e0 l\u2019honneur... -","isPartOf":{"@id":"https:\/\/macite.tg\/#website"},"primaryImageOfPage":{"@id":"https:\/\/macite.tg\/?p=32161#primaryimage"},"image":{"@id":"https:\/\/macite.tg\/?p=32161#primaryimage"},"thumbnailUrl":"https:\/\/macite.tg\/wp-content\/uploads\/2026\/07\/EVALAAA.jpg","datePublished":"2026-07-15T12:47:33+00:00","dateModified":"2026-07-15T12:47:47+00:00","author":{"@id":"https:\/\/macite.tg\/#\/schema\/person\/e9f2de7e5dbbe7770a9402c7ce82f5c2"},"breadcrumb":{"@id":"https:\/\/macite.tg\/?p=32161#breadcrumb"},"inLanguage":"fr-FR","potentialAction":[{"@type":"ReadAction","target":["https:\/\/macite.tg\/?p=32161"]}]},{"@type":"ImageObject","inLanguage":"fr-FR","@id":"https:\/\/macite.tg\/?p=32161#primaryimage","url":"https:\/\/macite.tg\/wp-content\/uploads\/2026\/07\/EVALAAA.jpg","contentUrl":"https:\/\/macite.tg\/wp-content\/uploads\/2026\/07\/EVALAAA.jpg","width":500,"height":305},{"@type":"BreadcrumbList","@id":"https:\/\/macite.tg\/?p=32161#breadcrumb","itemListElement":[{"@type":"ListItem","position":1,"name":"Accueil","item":"https:\/\/macite.tg\/"},{"@type":"ListItem","position":2,"name":"EVALA 2026 : La jeunesse et les traditions kaby\u00e8 \u00e0 l\u2019honneur&#8230;"}]},{"@type":"WebSite","@id":"https:\/\/macite.tg\/#website","url":"https:\/\/macite.tg\/","name":"","description":"L&#039;information, la bonne!!!","potentialAction":[{"@type":"SearchAction","target":{"@type":"EntryPoint","urlTemplate":"https:\/\/macite.tg\/?s={search_term_string}"},"query-input":{"@type":"PropertyValueSpecification","valueRequired":true,"valueName":"search_term_string"}}],"inLanguage":"fr-FR"},{"@type":"Person","@id":"https:\/\/macite.tg\/#\/schema\/person\/e9f2de7e5dbbe7770a9402c7ce82f5c2","name":"Jean Pierre BAWELA","image":{"@type":"ImageObject","inLanguage":"fr-FR","@id":"https:\/\/macite.tg\/wp-content\/uploads\/2023\/09\/WhatsApp-Image-2023-09-19-at-14.44.41-122x122.jpeg","url":"https:\/\/macite.tg\/wp-content\/uploads\/2023\/09\/WhatsApp-Image-2023-09-19-at-14.44.41-122x122.jpeg","contentUrl":"https:\/\/macite.tg\/wp-content\/uploads\/2023\/09\/WhatsApp-Image-2023-09-19-at-14.44.41-122x122.jpeg","caption":"Jean Pierre BAWELA"},"url":"https:\/\/macite.tg\/?author=2"}]}},"_links":{"self":[{"href":"https:\/\/macite.tg\/index.php?rest_route=\/wp\/v2\/posts\/32161","targetHints":{"allow":["GET"]}}],"collection":[{"href":"https:\/\/macite.tg\/index.php?rest_route=\/wp\/v2\/posts"}],"about":[{"href":"https:\/\/macite.tg\/index.php?rest_route=\/wp\/v2\/types\/post"}],"author":[{"embeddable":true,"href":"https:\/\/macite.tg\/index.php?rest_route=\/wp\/v2\/users\/2"}],"replies":[{"embeddable":true,"href":"https:\/\/macite.tg\/index.php?rest_route=%2Fwp%2Fv2%2Fcomments&post=32161"}],"version-history":[{"count":0,"href":"https:\/\/macite.tg\/index.php?rest_route=\/wp\/v2\/posts\/32161\/revisions"}],"wp:featuredmedia":[{"embeddable":true,"href":"https:\/\/macite.tg\/index.php?rest_route=\/wp\/v2\/media\/32165"}],"wp:attachment":[{"href":"https:\/\/macite.tg\/index.php?rest_route=%2Fwp%2Fv2%2Fmedia&parent=32161"}],"wp:term":[{"taxonomy":"category","embeddable":true,"href":"https:\/\/macite.tg\/index.php?rest_route=%2Fwp%2Fv2%2Fcategories&post=32161"},{"taxonomy":"post_tag","embeddable":true,"href":"https:\/\/macite.tg\/index.php?rest_route=%2Fwp%2Fv2%2Ftags&post=32161"}],"curies":[{"name":"wp","href":"https:\/\/api.w.org\/{rel}","templated":true}]}}