{"id":32160,"date":"2026-07-15T12:25:04","date_gmt":"2026-07-15T12:25:04","guid":{"rendered":"https:\/\/macite.tg\/?p=32160"},"modified":"2026-07-15T12:25:16","modified_gmt":"2026-07-15T12:25:16","slug":"peaa-gouvernance-maritime-les-23-etats-riverains-dont-le-togo-posent-a-cotonou-les-bases-dune-alliance-economique-et-securitaire-durable","status":"publish","type":"post","link":"https:\/\/macite.tg\/?p=32160","title":{"rendered":"PEAA \/GOUVERNANCE MARITIME\u00a0: Les 23 \u00c9tats riverains, dont le Togo, posent \u00e0 Cotonou les bases d&rsquo;une alliance \u00e9conomique et s\u00e9curitaire durable"},"content":{"rendered":"\n<p class=\"wp-block-paragraph\"><strong><em>La fa\u00e7ade atlantique africaine franchit un nouveau cap vers son int\u00e9gration \u00e9conomique et s\u00e9curitaire. Coorganis\u00e9e par le Maroc et le B\u00e9nin, la 7\u00e8 R\u00e9union minist\u00e9rielle du Processus des \u00c9tats Atlantiques Africains (PEAA) s&rsquo;est tenue du 12 au 13 juillet 2026 \u00e0 Cotonou. R\u00e9unissant 23 \u00c9tats riverains, dont le Togo, cette rencontre de haut niveau s&rsquo;est cl\u00f4tur\u00e9e sur une note de grande satisfaction et d\u2019espoir, marqu\u00e9e par l&rsquo;adoption historique de la \u00ab D\u00e9claration de Cotonou \u00bb.<\/em><\/strong><\/p>\n\n\n\n<p class=\"wp-block-paragraph\">Initi\u00e9 en juin 2022 par Sa Majest\u00e9 le Roi Mohammed VI du Maroc, le PEAA ambitionne de transformer l&rsquo;espace atlantique africain en un p\u00f4le g\u00e9ostrat\u00e9gique majeur. L&rsquo;objectif est de permettre aux pays africains ayant une ouverture sur la c\u00f4te, de capitaliser sur les atouts de l&rsquo;oc\u00e9an Atlantique, pour s&rsquo;imposer comme des acteurs cl\u00e9s de la gouvernance maritime mondiale.<\/p>\n\n\n\n<p class=\"wp-block-paragraph\">Lors de la c\u00e9r\u00e9monie d&rsquo;ouverture, l&rsquo;Ambassadeur Mohamed Methqual, Directeur g\u00e9n\u00e9ral de l&rsquo;Agence marocaine de coop\u00e9ration internationale (AMCI), a rappel\u00e9 l&rsquo;urgence de cette initiative face aux bouleversements \u00e9conomiques et s\u00e9curitaires actuels. Il a lanc\u00e9 un plaidoyer vibrant pour une int\u00e9gration africaine assum\u00e9e et mutuellement b\u00e9n\u00e9fique.<\/p>\n\n\n<div class=\"wp-block-image\">\n<figure class=\"aligncenter size-large is-resized\"><img loading=\"lazy\" decoding=\"async\" width=\"1024\" height=\"694\" src=\"https:\/\/macite.tg\/wp-content\/uploads\/2026\/07\/99bfea50-3120-4f54-82a4-51f8cf5ffdc0-1024x694.jpg\" alt=\"\" class=\"wp-image-32163\" style=\"aspect-ratio:1.4755448207718065;width:618px;height:auto\" srcset=\"https:\/\/macite.tg\/wp-content\/uploads\/2026\/07\/99bfea50-3120-4f54-82a4-51f8cf5ffdc0-1024x694.jpg 1024w, https:\/\/macite.tg\/wp-content\/uploads\/2026\/07\/99bfea50-3120-4f54-82a4-51f8cf5ffdc0-300x203.jpg 300w, https:\/\/macite.tg\/wp-content\/uploads\/2026\/07\/99bfea50-3120-4f54-82a4-51f8cf5ffdc0-768x521.jpg 768w, https:\/\/macite.tg\/wp-content\/uploads\/2026\/07\/99bfea50-3120-4f54-82a4-51f8cf5ffdc0-112x75.jpg 112w, https:\/\/macite.tg\/wp-content\/uploads\/2026\/07\/99bfea50-3120-4f54-82a4-51f8cf5ffdc0.jpg 1280w\" sizes=\"auto, (max-width: 1024px) 100vw, 1024px\" \/><\/figure>\n<\/div>\n\n\n<p class=\"wp-block-paragraph\"><strong>Les grands chantiers de Cotonou \u2026<\/strong><\/p>\n\n\n\n<p class=\"wp-block-paragraph\">Pour que l&rsquo;Afrique atlantique devienne un carrefour d&rsquo;opportunit\u00e9s, la stabilit\u00e9 est un pr\u00e9requis non n\u00e9gociable. Les discussions de Cotonou ont mis l&rsquo;accent sur trois piliers fondamentaux \u00e0 savoir&nbsp;:<\/p>\n\n\n\n<ul class=\"wp-block-list\">\n<li>La s\u00e9curit\u00e9 et la d\u00e9fense collective<\/li>\n<\/ul>\n\n\n\n<p class=\"wp-block-paragraph\">L&rsquo;Ambassadeur Mohamed Methqual a d\u00e9sign\u00e9 la s\u00e9curit\u00e9 maritime comme le chantier prioritaire. Les \u00c9tats membres se sont accord\u00e9s sur la n\u00e9cessit\u00e9 de renforcer l\u2019\u00e9change de renseignements et la coop\u00e9ration op\u00e9rationnelle, coordonner la lutte active contre la piraterie maritime et les trafics illicites, et mener le combat contre la criminalit\u00e9 transfrontali\u00e8re et les cybermenaces ciblant les infrastructures portuaires.<\/p>\n\n\n\n<ul class=\"wp-block-list\">\n<li>Des corridors logistiques verts et interconnect\u00e9s<\/li>\n<\/ul>\n\n\n\n<p class=\"wp-block-paragraph\">Le d\u00e9veloppement \u00e9conomique de la r\u00e9gion repose sur la modernisation des ports. Le PEAA encourage la cr\u00e9ation d&rsquo;infrastructures portuaires modernes et interconnect\u00e9es, tout en veillant scrupuleusement au respect de l&rsquo;environnement gr\u00e2ce \u00e0 des technologies durables et \u00e0 la promotion d&rsquo;\u00e9nergies propres.<\/p>\n\n\n\n<ul class=\"wp-block-list\">\n<li>Synergie avec la ZLECAf et d\u00e9senclavement de l&rsquo;hinterland<\/li>\n<\/ul>\n\n\n\n<p class=\"wp-block-paragraph\">Sur ce sujet, la ministre b\u00e9ninoise des Affaires \u00e9trang\u00e8res, Mme Corinne Amorin Brunet, s&rsquo;est r\u00e9jouie de voir l&rsquo;Afrique prendre son destin en main. Elle a soulign\u00e9 la parfaite compl\u00e9mentarit\u00e9 entre le PEAA et la Zone de libre-\u00e9change continentale africaine (ZLECAf).<\/p>\n\n\n\n<p class=\"wp-block-paragraph\">Selon la diplomate b\u00e9ninoise, <em>\u00ab le PEAA apporte une v\u00e9ritable plus-value aux pays de l\u2019hinterland (pays enclav\u00e9s) gr\u00e2ce au d\u00e9veloppement de corridors logistiques reliant efficacement les ports maritimes aux territoires de l&rsquo;int\u00e9rieur. \u00bb<\/em><\/p>\n\n\n\n<figure class=\"wp-block-image size-full\"><img loading=\"lazy\" decoding=\"async\" width=\"851\" height=\"315\" src=\"https:\/\/macite.tg\/wp-content\/uploads\/2026\/07\/OTR_Ferer-pour-batir-1.jpg\" alt=\"\" class=\"wp-image-31769\" srcset=\"https:\/\/macite.tg\/wp-content\/uploads\/2026\/07\/OTR_Ferer-pour-batir-1.jpg 851w, https:\/\/macite.tg\/wp-content\/uploads\/2026\/07\/OTR_Ferer-pour-batir-1-300x111.jpg 300w, https:\/\/macite.tg\/wp-content\/uploads\/2026\/07\/OTR_Ferer-pour-batir-1-768x284.jpg 768w\" sizes=\"auto, (max-width: 851px) 100vw, 851px\" \/><\/figure>\n\n\n\n<p class=\"wp-block-paragraph\"><strong>Le Togo r\u00e9affirme son leadership r\u00e9gional<\/strong><\/p>\n\n\n\n<p class=\"wp-block-paragraph\">Le Togo, repr\u00e9sent\u00e9 par son ministre des Affaires \u00e9trang\u00e8res, le Prof. Robert Dussey, a jou\u00e9 un r\u00f4le actif dans la r\u00e9ussite de ce sommet. Saluant le pragmatisme et l&rsquo;ambition du PEAA, le chef de la diplomatie togolaise a r\u00e9affirm\u00e9 l&rsquo;engagement ind\u00e9fectible du Togo en faveur d&rsquo;une coop\u00e9ration r\u00e9gionale concr\u00e8te, ax\u00e9e sur la paix, la s\u00e9curit\u00e9 et le d\u00e9veloppement partag\u00e9.<\/p>\n\n\n\n<p class=\"wp-block-paragraph\">Notons que la D\u00e9claration de Cotonou, adopt\u00e9e \u00e0 l&rsquo;unanimit\u00e9 des 23 d\u00e9l\u00e9gations, pose les bases d&rsquo;une alliance \u00e9conomique et s\u00e9curitaire durable le long des c\u00f4tes atlantiques. Ce projet, ambitieux mais r\u00e9aliste, franchira une nouvelle \u00e9tape tr\u00e8s prochainement : les \u00c9tats membres ont d\u00e9j\u00e0 pris rendez-vous en septembre 2026 pour assurer le suivi op\u00e9rationnel de ces d\u00e9cisions historiques.<\/p>\n\n\n\n<p class=\"wp-block-paragraph\"><strong>MC<\/strong><\/p>\n\n\n\n<p class=\"wp-block-paragraph\"><a><strong><em>@macite.tg&nbsp;&nbsp;&nbsp;&nbsp;&nbsp;&nbsp;&nbsp;&nbsp;<\/em><\/strong><\/a><\/p>\n\n\n\n<p class=\"wp-block-paragraph\"><strong><em>E-mail&nbsp;: <\/em><\/strong><a href=\"mailto:maciteinfo@gmail.com\"><strong><em>maciteinfo@gmail.com<\/em><\/strong><\/a><strong><em>; <\/em><\/strong><a href=\"mailto:bawela1@gmail.com\"><strong><em>bawela1@gmail.com<\/em><\/strong><\/a><strong><em><\/em><\/strong><\/p>\n\n\n\n<p class=\"wp-block-paragraph\"><strong><em>Pour vos annonces, publi-reportages, etc., joignez-nous au (00228)91515309\/<strong>79872224 <\/strong><strong><\/strong><\/em><\/strong><\/p>\n\n\n\n<p class=\"wp-block-paragraph\"><strong><em>www.macite.tg, L\u2019information, la bonne&nbsp;!<\/em><\/strong><\/p>\n\n\n\n<p class=\"wp-block-paragraph\"><\/p>\n","protected":false},"excerpt":{"rendered":"<p class=\"text-justify mb-2\" >La fa\u00e7ade atlantique africaine franchit un nouveau cap vers son int\u00e9gration \u00e9conomique et s\u00e9curitaire. Coorganis\u00e9e par le Maroc et le B\u00e9nin, la 7\u00e8 R\u00e9union minist\u00e9rielle du Processus des \u00c9tats Atlantiques Africains (PEAA) s&rsquo;est tenue du 12 au 13 juillet 2026 \u00e0 Cotonou. R\u00e9unissant 23 \u00c9tats [&hellip;]<\/p>\n","protected":false},"author":2,"featured_media":32162,"comment_status":"open","ping_status":"open","sticky":false,"template":"","format":"standard","meta":{"footnotes":""},"categories":[20,15],"tags":[],"class_list":["post-32160","post","type-post","status-publish","format-standard","has-post-thumbnail","hentry","category-actualite","category-developpement"],"yoast_head":"<!-- This site is optimized with the Yoast SEO plugin v28.4 - https:\/\/yoast.com\/product\/yoast-seo-wordpress\/ -->\n<title>PEAA \/GOUVERNANCE MARITIME\u00a0: Les 23 \u00c9tats riverains, dont le Togo, posent \u00e0 Cotonou les bases d&#039;une alliance \u00e9conomique et s\u00e9curitaire durable -<\/title>\n<meta name=\"robots\" content=\"index, follow, max-snippet:-1, max-image-preview:large, max-video-preview:-1\" \/>\n<link rel=\"canonical\" href=\"https:\/\/macite.tg\/?p=32160\" \/>\n<meta property=\"og:locale\" content=\"fr_FR\" \/>\n<meta property=\"og:type\" content=\"article\" \/>\n<meta property=\"og:title\" content=\"PEAA \/GOUVERNANCE MARITIME\u00a0: Les 23 \u00c9tats riverains, dont le Togo, posent \u00e0 Cotonou les bases d&#039;une alliance \u00e9conomique et s\u00e9curitaire durable -\" \/>\n<meta property=\"og:description\" content=\"La fa\u00e7ade atlantique africaine franchit un nouveau cap vers son int\u00e9gration \u00e9conomique et s\u00e9curitaire. Coorganis\u00e9e par le Maroc et le B\u00e9nin, la 7\u00e8 R\u00e9union minist\u00e9rielle du Processus des \u00c9tats Atlantiques Africains (PEAA) s&rsquo;est tenue du 12 au 13 juillet 2026 \u00e0 Cotonou. R\u00e9unissant 23 \u00c9tats [&hellip;]\" \/>\n<meta property=\"og:url\" content=\"https:\/\/macite.tg\/?p=32160\" \/>\n<meta property=\"article:published_time\" content=\"2026-07-15T12:25:04+00:00\" \/>\n<meta property=\"article:modified_time\" content=\"2026-07-15T12:25:16+00:00\" \/>\n<meta property=\"og:image\" content=\"https:\/\/macite.tg\/wp-content\/uploads\/2026\/07\/97f687e9-aef9-4f5c-982b-c197732666c2.jpg\" \/>\n\t<meta property=\"og:image:width\" content=\"500\" \/>\n\t<meta property=\"og:image:height\" content=\"518\" \/>\n\t<meta property=\"og:image:type\" content=\"image\/jpeg\" \/>\n<meta name=\"author\" content=\"Jean Pierre BAWELA\" \/>\n<meta name=\"twitter:card\" content=\"summary_large_image\" \/>\n<meta name=\"twitter:label1\" content=\"\u00c9crit par\" \/>\n\t<meta name=\"twitter:data1\" content=\"Jean Pierre BAWELA\" \/>\n\t<meta name=\"twitter:label2\" content=\"Dur\u00e9e de lecture estim\u00e9e\" \/>\n\t<meta name=\"twitter:data2\" content=\"4 minutes\" \/>\n<script type=\"application\/ld+json\" class=\"yoast-schema-graph\">{\"@context\":\"https:\\\/\\\/schema.org\",\"@graph\":[{\"@type\":\"Article\",\"@id\":\"https:\\\/\\\/macite.tg\\\/?p=32160#article\",\"isPartOf\":{\"@id\":\"https:\\\/\\\/macite.tg\\\/?p=32160\"},\"author\":{\"name\":\"Jean Pierre BAWELA\",\"@id\":\"https:\\\/\\\/macite.tg\\\/#\\\/schema\\\/person\\\/e9f2de7e5dbbe7770a9402c7ce82f5c2\"},\"headline\":\"PEAA \\\/GOUVERNANCE MARITIME\u00a0: Les 23 \u00c9tats riverains, dont le Togo, posent \u00e0 Cotonou les bases d&rsquo;une alliance \u00e9conomique et s\u00e9curitaire durable\",\"datePublished\":\"2026-07-15T12:25:04+00:00\",\"dateModified\":\"2026-07-15T12:25:16+00:00\",\"mainEntityOfPage\":{\"@id\":\"https:\\\/\\\/macite.tg\\\/?p=32160\"},\"wordCount\":674,\"commentCount\":0,\"image\":{\"@id\":\"https:\\\/\\\/macite.tg\\\/?p=32160#primaryimage\"},\"thumbnailUrl\":\"https:\\\/\\\/macite.tg\\\/wp-content\\\/uploads\\\/2026\\\/07\\\/97f687e9-aef9-4f5c-982b-c197732666c2.jpg\",\"articleSection\":[\"ACTUALITE\",\"DEVELOPPEMENT\"],\"inLanguage\":\"fr-FR\",\"potentialAction\":[{\"@type\":\"CommentAction\",\"name\":\"Comment\",\"target\":[\"https:\\\/\\\/macite.tg\\\/?p=32160#respond\"]}]},{\"@type\":\"WebPage\",\"@id\":\"https:\\\/\\\/macite.tg\\\/?p=32160\",\"url\":\"https:\\\/\\\/macite.tg\\\/?p=32160\",\"name\":\"PEAA \\\/GOUVERNANCE MARITIME\u00a0: Les 23 \u00c9tats riverains, dont le Togo, posent \u00e0 Cotonou les bases d'une alliance \u00e9conomique et s\u00e9curitaire durable -\",\"isPartOf\":{\"@id\":\"https:\\\/\\\/macite.tg\\\/#website\"},\"primaryImageOfPage\":{\"@id\":\"https:\\\/\\\/macite.tg\\\/?p=32160#primaryimage\"},\"image\":{\"@id\":\"https:\\\/\\\/macite.tg\\\/?p=32160#primaryimage\"},\"thumbnailUrl\":\"https:\\\/\\\/macite.tg\\\/wp-content\\\/uploads\\\/2026\\\/07\\\/97f687e9-aef9-4f5c-982b-c197732666c2.jpg\",\"datePublished\":\"2026-07-15T12:25:04+00:00\",\"dateModified\":\"2026-07-15T12:25:16+00:00\",\"author\":{\"@id\":\"https:\\\/\\\/macite.tg\\\/#\\\/schema\\\/person\\\/e9f2de7e5dbbe7770a9402c7ce82f5c2\"},\"breadcrumb\":{\"@id\":\"https:\\\/\\\/macite.tg\\\/?p=32160#breadcrumb\"},\"inLanguage\":\"fr-FR\",\"potentialAction\":[{\"@type\":\"ReadAction\",\"target\":[\"https:\\\/\\\/macite.tg\\\/?p=32160\"]}]},{\"@type\":\"ImageObject\",\"inLanguage\":\"fr-FR\",\"@id\":\"https:\\\/\\\/macite.tg\\\/?p=32160#primaryimage\",\"url\":\"https:\\\/\\\/macite.tg\\\/wp-content\\\/uploads\\\/2026\\\/07\\\/97f687e9-aef9-4f5c-982b-c197732666c2.jpg\",\"contentUrl\":\"https:\\\/\\\/macite.tg\\\/wp-content\\\/uploads\\\/2026\\\/07\\\/97f687e9-aef9-4f5c-982b-c197732666c2.jpg\",\"width\":500,\"height\":518},{\"@type\":\"BreadcrumbList\",\"@id\":\"https:\\\/\\\/macite.tg\\\/?p=32160#breadcrumb\",\"itemListElement\":[{\"@type\":\"ListItem\",\"position\":1,\"name\":\"Accueil\",\"item\":\"https:\\\/\\\/macite.tg\\\/\"},{\"@type\":\"ListItem\",\"position\":2,\"name\":\"PEAA \\\/GOUVERNANCE MARITIME\u00a0: Les 23 \u00c9tats riverains, dont le Togo, posent \u00e0 Cotonou les bases d&rsquo;une alliance \u00e9conomique et s\u00e9curitaire durable\"}]},{\"@type\":\"WebSite\",\"@id\":\"https:\\\/\\\/macite.tg\\\/#website\",\"url\":\"https:\\\/\\\/macite.tg\\\/\",\"name\":\"\",\"description\":\"L&#039;information, la bonne!!!\",\"potentialAction\":[{\"@type\":\"SearchAction\",\"target\":{\"@type\":\"EntryPoint\",\"urlTemplate\":\"https:\\\/\\\/macite.tg\\\/?s={search_term_string}\"},\"query-input\":{\"@type\":\"PropertyValueSpecification\",\"valueRequired\":true,\"valueName\":\"search_term_string\"}}],\"inLanguage\":\"fr-FR\"},{\"@type\":\"Person\",\"@id\":\"https:\\\/\\\/macite.tg\\\/#\\\/schema\\\/person\\\/e9f2de7e5dbbe7770a9402c7ce82f5c2\",\"name\":\"Jean Pierre BAWELA\",\"image\":{\"@type\":\"ImageObject\",\"inLanguage\":\"fr-FR\",\"@id\":\"https:\\\/\\\/macite.tg\\\/wp-content\\\/uploads\\\/2023\\\/09\\\/WhatsApp-Image-2023-09-19-at-14.44.41-122x122.jpeg\",\"url\":\"https:\\\/\\\/macite.tg\\\/wp-content\\\/uploads\\\/2023\\\/09\\\/WhatsApp-Image-2023-09-19-at-14.44.41-122x122.jpeg\",\"contentUrl\":\"https:\\\/\\\/macite.tg\\\/wp-content\\\/uploads\\\/2023\\\/09\\\/WhatsApp-Image-2023-09-19-at-14.44.41-122x122.jpeg\",\"caption\":\"Jean Pierre BAWELA\"},\"url\":\"https:\\\/\\\/macite.tg\\\/?author=2\"}]}<\/script>\n<!-- \/ Yoast SEO plugin. -->","yoast_head_json":{"title":"PEAA \/GOUVERNANCE MARITIME\u00a0: Les 23 \u00c9tats riverains, dont le Togo, posent \u00e0 Cotonou les bases d'une alliance \u00e9conomique et s\u00e9curitaire durable -","robots":{"index":"index","follow":"follow","max-snippet":"max-snippet:-1","max-image-preview":"max-image-preview:large","max-video-preview":"max-video-preview:-1"},"canonical":"https:\/\/macite.tg\/?p=32160","og_locale":"fr_FR","og_type":"article","og_title":"PEAA \/GOUVERNANCE MARITIME\u00a0: Les 23 \u00c9tats riverains, dont le Togo, posent \u00e0 Cotonou les bases d'une alliance \u00e9conomique et s\u00e9curitaire durable -","og_description":"La fa\u00e7ade atlantique africaine franchit un nouveau cap vers son int\u00e9gration \u00e9conomique et s\u00e9curitaire. Coorganis\u00e9e par le Maroc et le B\u00e9nin, la 7\u00e8 R\u00e9union minist\u00e9rielle du Processus des \u00c9tats Atlantiques Africains (PEAA) s&rsquo;est tenue du 12 au 13 juillet 2026 \u00e0 Cotonou. R\u00e9unissant 23 \u00c9tats [&hellip;]","og_url":"https:\/\/macite.tg\/?p=32160","article_published_time":"2026-07-15T12:25:04+00:00","article_modified_time":"2026-07-15T12:25:16+00:00","og_image":[{"width":500,"height":518,"url":"https:\/\/macite.tg\/wp-content\/uploads\/2026\/07\/97f687e9-aef9-4f5c-982b-c197732666c2.jpg","type":"image\/jpeg"}],"author":"Jean Pierre BAWELA","twitter_card":"summary_large_image","twitter_misc":{"\u00c9crit par":"Jean Pierre BAWELA","Dur\u00e9e de lecture estim\u00e9e":"4 minutes"},"schema":{"@context":"https:\/\/schema.org","@graph":[{"@type":"Article","@id":"https:\/\/macite.tg\/?p=32160#article","isPartOf":{"@id":"https:\/\/macite.tg\/?p=32160"},"author":{"name":"Jean Pierre BAWELA","@id":"https:\/\/macite.tg\/#\/schema\/person\/e9f2de7e5dbbe7770a9402c7ce82f5c2"},"headline":"PEAA \/GOUVERNANCE MARITIME\u00a0: Les 23 \u00c9tats riverains, dont le Togo, posent \u00e0 Cotonou les bases d&rsquo;une alliance \u00e9conomique et s\u00e9curitaire durable","datePublished":"2026-07-15T12:25:04+00:00","dateModified":"2026-07-15T12:25:16+00:00","mainEntityOfPage":{"@id":"https:\/\/macite.tg\/?p=32160"},"wordCount":674,"commentCount":0,"image":{"@id":"https:\/\/macite.tg\/?p=32160#primaryimage"},"thumbnailUrl":"https:\/\/macite.tg\/wp-content\/uploads\/2026\/07\/97f687e9-aef9-4f5c-982b-c197732666c2.jpg","articleSection":["ACTUALITE","DEVELOPPEMENT"],"inLanguage":"fr-FR","potentialAction":[{"@type":"CommentAction","name":"Comment","target":["https:\/\/macite.tg\/?p=32160#respond"]}]},{"@type":"WebPage","@id":"https:\/\/macite.tg\/?p=32160","url":"https:\/\/macite.tg\/?p=32160","name":"PEAA \/GOUVERNANCE MARITIME\u00a0: Les 23 \u00c9tats riverains, dont le Togo, posent \u00e0 Cotonou les bases d'une alliance \u00e9conomique et s\u00e9curitaire durable -","isPartOf":{"@id":"https:\/\/macite.tg\/#website"},"primaryImageOfPage":{"@id":"https:\/\/macite.tg\/?p=32160#primaryimage"},"image":{"@id":"https:\/\/macite.tg\/?p=32160#primaryimage"},"thumbnailUrl":"https:\/\/macite.tg\/wp-content\/uploads\/2026\/07\/97f687e9-aef9-4f5c-982b-c197732666c2.jpg","datePublished":"2026-07-15T12:25:04+00:00","dateModified":"2026-07-15T12:25:16+00:00","author":{"@id":"https:\/\/macite.tg\/#\/schema\/person\/e9f2de7e5dbbe7770a9402c7ce82f5c2"},"breadcrumb":{"@id":"https:\/\/macite.tg\/?p=32160#breadcrumb"},"inLanguage":"fr-FR","potentialAction":[{"@type":"ReadAction","target":["https:\/\/macite.tg\/?p=32160"]}]},{"@type":"ImageObject","inLanguage":"fr-FR","@id":"https:\/\/macite.tg\/?p=32160#primaryimage","url":"https:\/\/macite.tg\/wp-content\/uploads\/2026\/07\/97f687e9-aef9-4f5c-982b-c197732666c2.jpg","contentUrl":"https:\/\/macite.tg\/wp-content\/uploads\/2026\/07\/97f687e9-aef9-4f5c-982b-c197732666c2.jpg","width":500,"height":518},{"@type":"BreadcrumbList","@id":"https:\/\/macite.tg\/?p=32160#breadcrumb","itemListElement":[{"@type":"ListItem","position":1,"name":"Accueil","item":"https:\/\/macite.tg\/"},{"@type":"ListItem","position":2,"name":"PEAA \/GOUVERNANCE MARITIME\u00a0: Les 23 \u00c9tats riverains, dont le Togo, posent \u00e0 Cotonou les bases d&rsquo;une alliance \u00e9conomique et s\u00e9curitaire durable"}]},{"@type":"WebSite","@id":"https:\/\/macite.tg\/#website","url":"https:\/\/macite.tg\/","name":"","description":"L&#039;information, la bonne!!!","potentialAction":[{"@type":"SearchAction","target":{"@type":"EntryPoint","urlTemplate":"https:\/\/macite.tg\/?s={search_term_string}"},"query-input":{"@type":"PropertyValueSpecification","valueRequired":true,"valueName":"search_term_string"}}],"inLanguage":"fr-FR"},{"@type":"Person","@id":"https:\/\/macite.tg\/#\/schema\/person\/e9f2de7e5dbbe7770a9402c7ce82f5c2","name":"Jean Pierre BAWELA","image":{"@type":"ImageObject","inLanguage":"fr-FR","@id":"https:\/\/macite.tg\/wp-content\/uploads\/2023\/09\/WhatsApp-Image-2023-09-19-at-14.44.41-122x122.jpeg","url":"https:\/\/macite.tg\/wp-content\/uploads\/2023\/09\/WhatsApp-Image-2023-09-19-at-14.44.41-122x122.jpeg","contentUrl":"https:\/\/macite.tg\/wp-content\/uploads\/2023\/09\/WhatsApp-Image-2023-09-19-at-14.44.41-122x122.jpeg","caption":"Jean Pierre BAWELA"},"url":"https:\/\/macite.tg\/?author=2"}]}},"_links":{"self":[{"href":"https:\/\/macite.tg\/index.php?rest_route=\/wp\/v2\/posts\/32160","targetHints":{"allow":["GET"]}}],"collection":[{"href":"https:\/\/macite.tg\/index.php?rest_route=\/wp\/v2\/posts"}],"about":[{"href":"https:\/\/macite.tg\/index.php?rest_route=\/wp\/v2\/types\/post"}],"author":[{"embeddable":true,"href":"https:\/\/macite.tg\/index.php?rest_route=\/wp\/v2\/users\/2"}],"replies":[{"embeddable":true,"href":"https:\/\/macite.tg\/index.php?rest_route=%2Fwp%2Fv2%2Fcomments&post=32160"}],"version-history":[{"count":0,"href":"https:\/\/macite.tg\/index.php?rest_route=\/wp\/v2\/posts\/32160\/revisions"}],"wp:featuredmedia":[{"embeddable":true,"href":"https:\/\/macite.tg\/index.php?rest_route=\/wp\/v2\/media\/32162"}],"wp:attachment":[{"href":"https:\/\/macite.tg\/index.php?rest_route=%2Fwp%2Fv2%2Fmedia&parent=32160"}],"wp:term":[{"taxonomy":"category","embeddable":true,"href":"https:\/\/macite.tg\/index.php?rest_route=%2Fwp%2Fv2%2Fcategories&post=32160"},{"taxonomy":"post_tag","embeddable":true,"href":"https:\/\/macite.tg\/index.php?rest_route=%2Fwp%2Fv2%2Ftags&post=32160"}],"curies":[{"name":"wp","href":"https:\/\/api.w.org\/{rel}","templated":true}]}}