{"id":32152,"date":"2026-07-15T11:38:04","date_gmt":"2026-07-15T11:38:04","guid":{"rendered":"https:\/\/macite.tg\/?p=32152"},"modified":"2026-07-15T11:38:20","modified_gmt":"2026-07-15T11:38:20","slug":"securite-en-afrique-de-louest-et-au-sahel-lonu-de-plus-en-plus-preoccupee-tire-la-sonnette-dalarme","status":"publish","type":"post","link":"https:\/\/macite.tg\/?p=32152","title":{"rendered":"SECURITE EN AFRIQUE DE L&rsquo;OUEST ET AU SAHEL\u00a0: L\u2019ONU, de plus en plus pr\u00e9occup\u00e9e, tire la sonnette d\u2019alarme"},"content":{"rendered":"\n<p class=\"wp-block-paragraph\"><strong><em>La situation s\u00e9curitaire en Afrique de l&rsquo;Ouest et au Sahel \u00e9tait au c\u0153ur des \u00e9changes lors de la rencontre du Conseil de s\u00e9curit\u00e9 de l&rsquo;ONU, ce mardi 14 juillet. Leonardo Santos Sim\u00e3o,<\/em><\/strong> <strong><em>chef du Bureau des Nations Unies pour cette r\u00e9gion a pr\u00e9sent\u00e9 le dernier rapport sur la situation actuelle.<\/em><\/strong><\/p>\n\n\n\n<p class=\"wp-block-paragraph\"><em>\u00ab&nbsp;La menace pos\u00e9e par les groupes terroristes et autres groupes arm\u00e9s non \u00e9tatiques reste grave, en particulier dans le centre du Sahel et le nord du Nigeria, et s&rsquo;\u00e9tend rapidement aux \u00c9tats c\u00f4tiers du golfe de Guin\u00e9e. Ces groupes adaptent leurs tactiques et recourent de plus en plus \u00e0 des technologies de pointe, telles que les drones, les moyens de communication et les cryptomonnaies&nbsp;\u00bb,<\/em>&nbsp;a-t-il indiqu\u00e9.<\/p>\n\n\n\n<p class=\"wp-block-paragraph\">Leonardo Santos Sim\u00e3o a aussi abord\u00e9 la question du regain d\u2019\u00e9lan en faveur du dialogue et de la coop\u00e9ration ; ainsi que les avanc\u00e9es d\u00e9mocratiques observ\u00e9es dans la r\u00e9gion. Il a mis en avant&nbsp;le r\u00f4le croissant de l\u2019Union africaine&nbsp;pour favoriser le dialogue, rapprocher les parties et garantir la coh\u00e9rence strat\u00e9gique.<\/p>\n\n\n\n<figure class=\"wp-block-image size-full\"><img loading=\"lazy\" decoding=\"async\" width=\"851\" height=\"315\" src=\"https:\/\/macite.tg\/wp-content\/uploads\/2026\/07\/OTR_Ferer-pour-batir-1.jpg\" alt=\"\" class=\"wp-image-31769\" srcset=\"https:\/\/macite.tg\/wp-content\/uploads\/2026\/07\/OTR_Ferer-pour-batir-1.jpg 851w, https:\/\/macite.tg\/wp-content\/uploads\/2026\/07\/OTR_Ferer-pour-batir-1-300x111.jpg 300w, https:\/\/macite.tg\/wp-content\/uploads\/2026\/07\/OTR_Ferer-pour-batir-1-768x284.jpg 768w\" sizes=\"auto, (max-width: 851px) 100vw, 851px\" \/><\/figure>\n\n\n\n<p class=\"wp-block-paragraph\">Au cours de cette r\u00e9union, plusieurs repr\u00e9sentants de pays de la r\u00e9gion se sont exprim\u00e9s.<\/p>\n\n\n\n<p class=\"wp-block-paragraph\">L\u2019ambassadeur du Lib\u00e9ria, Lewis G. Brown, s\u2019est exprim\u00e9 au nom de la R\u00e9publique d\u00e9mocratique du Congo, de la Somalie et de son propre pays. Il a r\u00e9affirm\u00e9 :&nbsp;<em>\u00ab&nbsp;L\u2019A3<\/em>&nbsp;(<em>Lib\u00e9ria<\/em>, R\u00e9publique d\u00e9mocratique du Congo et Somalie)&nbsp;<em>l\u2019a d\u00e9j\u00e0 dit et le r\u00e9p\u00e8te : il n\u2019y a pas de solution militaire \u00e0 ces crises&nbsp;\u00bb. <\/em>L\u2019officielsoulignant que&nbsp;<em>\u00ab&nbsp;pour instaurer une paix durable, il faut s\u2019attaquer aux causes profondes : la pauvret\u00e9, l\u2019exclusion, la gouvernance, l\u2019endettement et la vuln\u00e9rabilit\u00e9 climatique&nbsp;\u00bb.<\/em><\/p>\n\n\n\n<p class=\"wp-block-paragraph\">Pour sa part, l\u2019ambassadeur de C\u00f4te d\u2019Ivoire, Ti\u00e9moko Moriko, a r\u00e9affirm\u00e9 que&nbsp;<em>\u00ab&nbsp;la lutte contre le terrorisme n\u00e9cessite une r\u00e9ponse collective fond\u00e9e sur le partage du renseignement, la coop\u00e9ration transfrontali\u00e8re, la mise en commun de nos capacit\u00e9s et le financement durable du m\u00e9canisme de s\u00e9curit\u00e9 africain&nbsp;\u00bb.<\/em><\/p>\n\n\n\n<p class=\"wp-block-paragraph\">L\u2019ambassadeur du Burkina Faso, Sa\u00efdou Zongo, a d\u00e9clar\u00e9 que son pays et les pays de l\u2019Alliance des \u00c9tats du Sahel&nbsp;<em>\u00ab&nbsp;ont foi en l\u2019avenir&nbsp;\u00bb. <\/em>L\u2019ambassadeur Zongo a ajout\u00e9 :&nbsp;\u00ab&nbsp;<em>La Conf\u00e9d\u00e9ration et l\u2019Alliance sont ouvertes \u00e0 tout dialogue, et nous saluons tous les efforts en cours, en particulier les initiatives entreprises par le Togo, l\u2019Union africaine et le Bureau des Nations unies pour l\u2019Afrique de l\u2019Ouest et le Sahel.&nbsp;\u00bb<\/em><\/p>\n\n\n<div class=\"wp-block-image\">\n<figure class=\"aligncenter size-full\"><img loading=\"lazy\" decoding=\"async\" width=\"431\" height=\"431\" src=\"https:\/\/macite.tg\/wp-content\/uploads\/2026\/06\/image-78.png\" alt=\"\" class=\"wp-image-31645\" srcset=\"https:\/\/macite.tg\/wp-content\/uploads\/2026\/06\/image-78.png 431w, https:\/\/macite.tg\/wp-content\/uploads\/2026\/06\/image-78-300x300.png 300w, https:\/\/macite.tg\/wp-content\/uploads\/2026\/06\/image-78-150x150.png 150w, https:\/\/macite.tg\/wp-content\/uploads\/2026\/06\/image-78-122x122.png 122w\" sizes=\"auto, (max-width: 431px) 100vw, 431px\" \/><\/figure>\n<\/div>\n\n\n<p class=\"wp-block-paragraph\">\u00c0 l\u2019issue de la r\u00e9union du Conseil, le chef de l\u2019UNOWAS, Leonardo Santos Sim\u00e3o, a d\u00e9clar\u00e9 aux journalistes :&nbsp;<em>\u00ab&nbsp;La r\u00e9gion a fait preuve d\u2019une r\u00e9silience remarquable. Mais elle ne peut r\u00e9ussir sans un soutien international soutenu.&nbsp;\u00bb<\/em><\/p>\n\n\n\n<p class=\"wp-block-paragraph\"><strong>MSN<\/strong><\/p>\n\n\n\n<p class=\"wp-block-paragraph\"><a><strong><em>@macite.tg&nbsp;&nbsp;&nbsp;&nbsp;&nbsp;&nbsp;&nbsp;&nbsp;<\/em><\/strong><\/a><\/p>\n\n\n\n<p class=\"wp-block-paragraph\"><strong><em>E-mail&nbsp;: <\/em><\/strong><a href=\"mailto:maciteinfo@gmail.com\"><strong><em>maciteinfo@gmail.com<\/em><\/strong><\/a><strong><em>; <\/em><\/strong><a href=\"mailto:bawela1@gmail.com\"><strong><em>bawela1@gmail.com<\/em><\/strong><\/a><strong><em><\/em><\/strong><\/p>\n\n\n\n<p class=\"wp-block-paragraph\"><strong><em>Pour vos annonces, publi-reportages, etc., joignez-nous au (00228)91515309\/<strong>79872224 <\/strong><strong><\/strong><\/em><\/strong><\/p>\n\n\n\n<p class=\"wp-block-paragraph\"><strong><em>www.macite.tg, L\u2019information, la bonne&nbsp;!<\/em><\/strong><\/p>\n\n\n\n<p class=\"wp-block-paragraph\"><\/p>\n","protected":false},"excerpt":{"rendered":"<p class=\"text-justify mb-2\" >La situation s\u00e9curitaire en Afrique de l&rsquo;Ouest et au Sahel \u00e9tait au c\u0153ur des \u00e9changes lors de la rencontre du Conseil de s\u00e9curit\u00e9 de l&rsquo;ONU, ce mardi 14 juillet. Leonardo Santos Sim\u00e3o, chef du Bureau des Nations Unies pour cette r\u00e9gion a pr\u00e9sent\u00e9 le dernier [&hellip;]<\/p>\n","protected":false},"author":2,"featured_media":32155,"comment_status":"open","ping_status":"open","sticky":false,"template":"","format":"standard","meta":{"footnotes":""},"categories":[20,70],"tags":[],"class_list":["post-32152","post","type-post","status-publish","format-standard","has-post-thumbnail","hentry","category-actualite","category-paix-securite"],"yoast_head":"<!-- This site is optimized with the Yoast SEO plugin v28.4 - https:\/\/yoast.com\/product\/yoast-seo-wordpress\/ -->\n<title>SECURITE EN AFRIQUE DE L&#039;OUEST ET AU SAHEL\u00a0: L\u2019ONU, de plus en plus pr\u00e9occup\u00e9e, tire la sonnette d\u2019alarme -<\/title>\n<meta name=\"robots\" content=\"index, follow, max-snippet:-1, max-image-preview:large, max-video-preview:-1\" \/>\n<link rel=\"canonical\" href=\"https:\/\/macite.tg\/?p=32152\" \/>\n<meta property=\"og:locale\" content=\"fr_FR\" \/>\n<meta property=\"og:type\" content=\"article\" \/>\n<meta property=\"og:title\" content=\"SECURITE EN AFRIQUE DE L&#039;OUEST ET AU SAHEL\u00a0: L\u2019ONU, de plus en plus pr\u00e9occup\u00e9e, tire la sonnette d\u2019alarme -\" \/>\n<meta property=\"og:description\" content=\"La situation s\u00e9curitaire en Afrique de l&rsquo;Ouest et au Sahel \u00e9tait au c\u0153ur des \u00e9changes lors de la rencontre du Conseil de s\u00e9curit\u00e9 de l&rsquo;ONU, ce mardi 14 juillet. Leonardo Santos Sim\u00e3o, chef du Bureau des Nations Unies pour cette r\u00e9gion a pr\u00e9sent\u00e9 le dernier [&hellip;]\" \/>\n<meta property=\"og:url\" content=\"https:\/\/macite.tg\/?p=32152\" \/>\n<meta property=\"article:published_time\" content=\"2026-07-15T11:38:04+00:00\" \/>\n<meta property=\"article:modified_time\" content=\"2026-07-15T11:38:20+00:00\" \/>\n<meta property=\"og:image\" content=\"https:\/\/macite.tg\/wp-content\/uploads\/2026\/07\/image-56.png\" \/>\n\t<meta property=\"og:image:width\" content=\"534\" \/>\n\t<meta property=\"og:image:height\" content=\"300\" \/>\n\t<meta property=\"og:image:type\" content=\"image\/png\" \/>\n<meta name=\"author\" content=\"Jean Pierre BAWELA\" \/>\n<meta name=\"twitter:card\" content=\"summary_large_image\" \/>\n<meta name=\"twitter:label1\" content=\"\u00c9crit par\" \/>\n\t<meta name=\"twitter:data1\" content=\"Jean Pierre BAWELA\" \/>\n\t<meta name=\"twitter:label2\" content=\"Dur\u00e9e de lecture estim\u00e9e\" \/>\n\t<meta name=\"twitter:data2\" content=\"3 minutes\" \/>\n<script type=\"application\/ld+json\" class=\"yoast-schema-graph\">{\"@context\":\"https:\\\/\\\/schema.org\",\"@graph\":[{\"@type\":\"Article\",\"@id\":\"https:\\\/\\\/macite.tg\\\/?p=32152#article\",\"isPartOf\":{\"@id\":\"https:\\\/\\\/macite.tg\\\/?p=32152\"},\"author\":{\"name\":\"Jean Pierre BAWELA\",\"@id\":\"https:\\\/\\\/macite.tg\\\/#\\\/schema\\\/person\\\/e9f2de7e5dbbe7770a9402c7ce82f5c2\"},\"headline\":\"SECURITE EN AFRIQUE DE L&rsquo;OUEST ET AU SAHEL\u00a0: L\u2019ONU, de plus en plus pr\u00e9occup\u00e9e, tire la sonnette d\u2019alarme\",\"datePublished\":\"2026-07-15T11:38:04+00:00\",\"dateModified\":\"2026-07-15T11:38:20+00:00\",\"mainEntityOfPage\":{\"@id\":\"https:\\\/\\\/macite.tg\\\/?p=32152\"},\"wordCount\":565,\"commentCount\":0,\"image\":{\"@id\":\"https:\\\/\\\/macite.tg\\\/?p=32152#primaryimage\"},\"thumbnailUrl\":\"https:\\\/\\\/macite.tg\\\/wp-content\\\/uploads\\\/2026\\\/07\\\/image-56.png\",\"articleSection\":[\"ACTUALITE\",\"PAIX &amp; SECURITE\"],\"inLanguage\":\"fr-FR\",\"potentialAction\":[{\"@type\":\"CommentAction\",\"name\":\"Comment\",\"target\":[\"https:\\\/\\\/macite.tg\\\/?p=32152#respond\"]}]},{\"@type\":\"WebPage\",\"@id\":\"https:\\\/\\\/macite.tg\\\/?p=32152\",\"url\":\"https:\\\/\\\/macite.tg\\\/?p=32152\",\"name\":\"SECURITE EN AFRIQUE DE L'OUEST ET AU SAHEL\u00a0: L\u2019ONU, de plus en plus pr\u00e9occup\u00e9e, tire la sonnette d\u2019alarme -\",\"isPartOf\":{\"@id\":\"https:\\\/\\\/macite.tg\\\/#website\"},\"primaryImageOfPage\":{\"@id\":\"https:\\\/\\\/macite.tg\\\/?p=32152#primaryimage\"},\"image\":{\"@id\":\"https:\\\/\\\/macite.tg\\\/?p=32152#primaryimage\"},\"thumbnailUrl\":\"https:\\\/\\\/macite.tg\\\/wp-content\\\/uploads\\\/2026\\\/07\\\/image-56.png\",\"datePublished\":\"2026-07-15T11:38:04+00:00\",\"dateModified\":\"2026-07-15T11:38:20+00:00\",\"author\":{\"@id\":\"https:\\\/\\\/macite.tg\\\/#\\\/schema\\\/person\\\/e9f2de7e5dbbe7770a9402c7ce82f5c2\"},\"breadcrumb\":{\"@id\":\"https:\\\/\\\/macite.tg\\\/?p=32152#breadcrumb\"},\"inLanguage\":\"fr-FR\",\"potentialAction\":[{\"@type\":\"ReadAction\",\"target\":[\"https:\\\/\\\/macite.tg\\\/?p=32152\"]}]},{\"@type\":\"ImageObject\",\"inLanguage\":\"fr-FR\",\"@id\":\"https:\\\/\\\/macite.tg\\\/?p=32152#primaryimage\",\"url\":\"https:\\\/\\\/macite.tg\\\/wp-content\\\/uploads\\\/2026\\\/07\\\/image-56.png\",\"contentUrl\":\"https:\\\/\\\/macite.tg\\\/wp-content\\\/uploads\\\/2026\\\/07\\\/image-56.png\",\"width\":534,\"height\":300},{\"@type\":\"BreadcrumbList\",\"@id\":\"https:\\\/\\\/macite.tg\\\/?p=32152#breadcrumb\",\"itemListElement\":[{\"@type\":\"ListItem\",\"position\":1,\"name\":\"Accueil\",\"item\":\"https:\\\/\\\/macite.tg\\\/\"},{\"@type\":\"ListItem\",\"position\":2,\"name\":\"SECURITE EN AFRIQUE DE L&rsquo;OUEST ET AU SAHEL\u00a0: L\u2019ONU, de plus en plus pr\u00e9occup\u00e9e, tire la sonnette d\u2019alarme\"}]},{\"@type\":\"WebSite\",\"@id\":\"https:\\\/\\\/macite.tg\\\/#website\",\"url\":\"https:\\\/\\\/macite.tg\\\/\",\"name\":\"\",\"description\":\"L&#039;information, la bonne!!!\",\"potentialAction\":[{\"@type\":\"SearchAction\",\"target\":{\"@type\":\"EntryPoint\",\"urlTemplate\":\"https:\\\/\\\/macite.tg\\\/?s={search_term_string}\"},\"query-input\":{\"@type\":\"PropertyValueSpecification\",\"valueRequired\":true,\"valueName\":\"search_term_string\"}}],\"inLanguage\":\"fr-FR\"},{\"@type\":\"Person\",\"@id\":\"https:\\\/\\\/macite.tg\\\/#\\\/schema\\\/person\\\/e9f2de7e5dbbe7770a9402c7ce82f5c2\",\"name\":\"Jean Pierre BAWELA\",\"image\":{\"@type\":\"ImageObject\",\"inLanguage\":\"fr-FR\",\"@id\":\"https:\\\/\\\/macite.tg\\\/wp-content\\\/uploads\\\/2023\\\/09\\\/WhatsApp-Image-2023-09-19-at-14.44.41-122x122.jpeg\",\"url\":\"https:\\\/\\\/macite.tg\\\/wp-content\\\/uploads\\\/2023\\\/09\\\/WhatsApp-Image-2023-09-19-at-14.44.41-122x122.jpeg\",\"contentUrl\":\"https:\\\/\\\/macite.tg\\\/wp-content\\\/uploads\\\/2023\\\/09\\\/WhatsApp-Image-2023-09-19-at-14.44.41-122x122.jpeg\",\"caption\":\"Jean Pierre BAWELA\"},\"url\":\"https:\\\/\\\/macite.tg\\\/?author=2\"}]}<\/script>\n<!-- \/ Yoast SEO plugin. -->","yoast_head_json":{"title":"SECURITE EN AFRIQUE DE L'OUEST ET AU SAHEL\u00a0: L\u2019ONU, de plus en plus pr\u00e9occup\u00e9e, tire la sonnette d\u2019alarme -","robots":{"index":"index","follow":"follow","max-snippet":"max-snippet:-1","max-image-preview":"max-image-preview:large","max-video-preview":"max-video-preview:-1"},"canonical":"https:\/\/macite.tg\/?p=32152","og_locale":"fr_FR","og_type":"article","og_title":"SECURITE EN AFRIQUE DE L'OUEST ET AU SAHEL\u00a0: L\u2019ONU, de plus en plus pr\u00e9occup\u00e9e, tire la sonnette d\u2019alarme -","og_description":"La situation s\u00e9curitaire en Afrique de l&rsquo;Ouest et au Sahel \u00e9tait au c\u0153ur des \u00e9changes lors de la rencontre du Conseil de s\u00e9curit\u00e9 de l&rsquo;ONU, ce mardi 14 juillet. Leonardo Santos Sim\u00e3o, chef du Bureau des Nations Unies pour cette r\u00e9gion a pr\u00e9sent\u00e9 le dernier [&hellip;]","og_url":"https:\/\/macite.tg\/?p=32152","article_published_time":"2026-07-15T11:38:04+00:00","article_modified_time":"2026-07-15T11:38:20+00:00","og_image":[{"width":534,"height":300,"url":"https:\/\/macite.tg\/wp-content\/uploads\/2026\/07\/image-56.png","type":"image\/png"}],"author":"Jean Pierre BAWELA","twitter_card":"summary_large_image","twitter_misc":{"\u00c9crit par":"Jean Pierre BAWELA","Dur\u00e9e de lecture estim\u00e9e":"3 minutes"},"schema":{"@context":"https:\/\/schema.org","@graph":[{"@type":"Article","@id":"https:\/\/macite.tg\/?p=32152#article","isPartOf":{"@id":"https:\/\/macite.tg\/?p=32152"},"author":{"name":"Jean Pierre BAWELA","@id":"https:\/\/macite.tg\/#\/schema\/person\/e9f2de7e5dbbe7770a9402c7ce82f5c2"},"headline":"SECURITE EN AFRIQUE DE L&rsquo;OUEST ET AU SAHEL\u00a0: L\u2019ONU, de plus en plus pr\u00e9occup\u00e9e, tire la sonnette d\u2019alarme","datePublished":"2026-07-15T11:38:04+00:00","dateModified":"2026-07-15T11:38:20+00:00","mainEntityOfPage":{"@id":"https:\/\/macite.tg\/?p=32152"},"wordCount":565,"commentCount":0,"image":{"@id":"https:\/\/macite.tg\/?p=32152#primaryimage"},"thumbnailUrl":"https:\/\/macite.tg\/wp-content\/uploads\/2026\/07\/image-56.png","articleSection":["ACTUALITE","PAIX &amp; SECURITE"],"inLanguage":"fr-FR","potentialAction":[{"@type":"CommentAction","name":"Comment","target":["https:\/\/macite.tg\/?p=32152#respond"]}]},{"@type":"WebPage","@id":"https:\/\/macite.tg\/?p=32152","url":"https:\/\/macite.tg\/?p=32152","name":"SECURITE EN AFRIQUE DE L'OUEST ET AU SAHEL\u00a0: L\u2019ONU, de plus en plus pr\u00e9occup\u00e9e, tire la sonnette d\u2019alarme -","isPartOf":{"@id":"https:\/\/macite.tg\/#website"},"primaryImageOfPage":{"@id":"https:\/\/macite.tg\/?p=32152#primaryimage"},"image":{"@id":"https:\/\/macite.tg\/?p=32152#primaryimage"},"thumbnailUrl":"https:\/\/macite.tg\/wp-content\/uploads\/2026\/07\/image-56.png","datePublished":"2026-07-15T11:38:04+00:00","dateModified":"2026-07-15T11:38:20+00:00","author":{"@id":"https:\/\/macite.tg\/#\/schema\/person\/e9f2de7e5dbbe7770a9402c7ce82f5c2"},"breadcrumb":{"@id":"https:\/\/macite.tg\/?p=32152#breadcrumb"},"inLanguage":"fr-FR","potentialAction":[{"@type":"ReadAction","target":["https:\/\/macite.tg\/?p=32152"]}]},{"@type":"ImageObject","inLanguage":"fr-FR","@id":"https:\/\/macite.tg\/?p=32152#primaryimage","url":"https:\/\/macite.tg\/wp-content\/uploads\/2026\/07\/image-56.png","contentUrl":"https:\/\/macite.tg\/wp-content\/uploads\/2026\/07\/image-56.png","width":534,"height":300},{"@type":"BreadcrumbList","@id":"https:\/\/macite.tg\/?p=32152#breadcrumb","itemListElement":[{"@type":"ListItem","position":1,"name":"Accueil","item":"https:\/\/macite.tg\/"},{"@type":"ListItem","position":2,"name":"SECURITE EN AFRIQUE DE L&rsquo;OUEST ET AU SAHEL\u00a0: L\u2019ONU, de plus en plus pr\u00e9occup\u00e9e, tire la sonnette d\u2019alarme"}]},{"@type":"WebSite","@id":"https:\/\/macite.tg\/#website","url":"https:\/\/macite.tg\/","name":"","description":"L&#039;information, la bonne!!!","potentialAction":[{"@type":"SearchAction","target":{"@type":"EntryPoint","urlTemplate":"https:\/\/macite.tg\/?s={search_term_string}"},"query-input":{"@type":"PropertyValueSpecification","valueRequired":true,"valueName":"search_term_string"}}],"inLanguage":"fr-FR"},{"@type":"Person","@id":"https:\/\/macite.tg\/#\/schema\/person\/e9f2de7e5dbbe7770a9402c7ce82f5c2","name":"Jean Pierre BAWELA","image":{"@type":"ImageObject","inLanguage":"fr-FR","@id":"https:\/\/macite.tg\/wp-content\/uploads\/2023\/09\/WhatsApp-Image-2023-09-19-at-14.44.41-122x122.jpeg","url":"https:\/\/macite.tg\/wp-content\/uploads\/2023\/09\/WhatsApp-Image-2023-09-19-at-14.44.41-122x122.jpeg","contentUrl":"https:\/\/macite.tg\/wp-content\/uploads\/2023\/09\/WhatsApp-Image-2023-09-19-at-14.44.41-122x122.jpeg","caption":"Jean Pierre BAWELA"},"url":"https:\/\/macite.tg\/?author=2"}]}},"_links":{"self":[{"href":"https:\/\/macite.tg\/index.php?rest_route=\/wp\/v2\/posts\/32152","targetHints":{"allow":["GET"]}}],"collection":[{"href":"https:\/\/macite.tg\/index.php?rest_route=\/wp\/v2\/posts"}],"about":[{"href":"https:\/\/macite.tg\/index.php?rest_route=\/wp\/v2\/types\/post"}],"author":[{"embeddable":true,"href":"https:\/\/macite.tg\/index.php?rest_route=\/wp\/v2\/users\/2"}],"replies":[{"embeddable":true,"href":"https:\/\/macite.tg\/index.php?rest_route=%2Fwp%2Fv2%2Fcomments&post=32152"}],"version-history":[{"count":0,"href":"https:\/\/macite.tg\/index.php?rest_route=\/wp\/v2\/posts\/32152\/revisions"}],"wp:featuredmedia":[{"embeddable":true,"href":"https:\/\/macite.tg\/index.php?rest_route=\/wp\/v2\/media\/32155"}],"wp:attachment":[{"href":"https:\/\/macite.tg\/index.php?rest_route=%2Fwp%2Fv2%2Fmedia&parent=32152"}],"wp:term":[{"taxonomy":"category","embeddable":true,"href":"https:\/\/macite.tg\/index.php?rest_route=%2Fwp%2Fv2%2Fcategories&post=32152"},{"taxonomy":"post_tag","embeddable":true,"href":"https:\/\/macite.tg\/index.php?rest_route=%2Fwp%2Fv2%2Ftags&post=32152"}],"curies":[{"name":"wp","href":"https:\/\/api.w.org\/{rel}","templated":true}]}}