{"id":32144,"date":"2026-07-14T13:57:13","date_gmt":"2026-07-14T13:57:13","guid":{"rendered":"https:\/\/macite.tg\/?p=32144"},"modified":"2026-07-14T14:08:18","modified_gmt":"2026-07-14T14:08:18","slug":"tchad-au-togo-et-au-benin-mme-anna-bjerde-de-la-banque-mondiale-en-visite-officielle","status":"publish","type":"post","link":"https:\/\/macite.tg\/?p=32144","title":{"rendered":"TCHAD, AU TOGO ET AU BENIN\u00a0: Anna Bjerde de la Banque mondiale en visite officielle \u2026"},"content":{"rendered":"\n<p class=\"wp-block-paragraph\"><strong><em>Le Groupe de la Banque mondiale (GBM) intensifie son accompagnement en faveur du d\u00e9veloppement durable en Afrique. Anna Bjerde, Directrice g\u00e9n\u00e9rale des op\u00e9rations du GBM, effectuera une visite officielle d\u2019envergure du 15 au 17 juillet 2026 en Afrique de l\u2019Ouest et Centrale. Elle est attendue respectivement au Tchad, au Togo et au B\u00e9nin.<\/em><\/strong><\/p>\n\n\n\n<p class=\"wp-block-paragraph\">Accompagn\u00e9e d\u2019Ousmane Diagana, Vice-pr\u00e9sident de la Banque mondiale pour l\u2019Afrique de l\u2019Ouest et du Centre, cette mission de haut niveau vise \u00e0 consolider le dialogue strat\u00e9gique avec les plus hautes autorit\u00e9s de ces trois nations. Les discussions vont porter sur les r\u00e9formes prioritaires et les investissements d&rsquo;avenir indispensables pour stimuler la cr\u00e9ation d\u2019emplois, renforcer la r\u00e9silience des populations et \u00e9largir les opportunit\u00e9s \u00e9conomiques dans la sous-r\u00e9gion.<\/p>\n\n\n\n<p class=\"wp-block-paragraph\">Au-del\u00e0 des cercles gouvernementaux, Mme Bjerde rencontrera des acteurs cl\u00e9s de la soci\u00e9t\u00e9 civile, des repr\u00e9sentants du secteur priv\u00e9, des partenaires au d\u00e9veloppement ainsi que des leaders d\u2019opinion.<\/p>\n\n\n\n<figure class=\"wp-block-image size-full\"><img loading=\"lazy\" decoding=\"async\" width=\"851\" height=\"315\" src=\"https:\/\/macite.tg\/wp-content\/uploads\/2026\/07\/OTR_Ferer-pour-batir-1.jpg\" alt=\"\" class=\"wp-image-31769\" srcset=\"https:\/\/macite.tg\/wp-content\/uploads\/2026\/07\/OTR_Ferer-pour-batir-1.jpg 851w, https:\/\/macite.tg\/wp-content\/uploads\/2026\/07\/OTR_Ferer-pour-batir-1-300x111.jpg 300w, https:\/\/macite.tg\/wp-content\/uploads\/2026\/07\/OTR_Ferer-pour-batir-1-768x284.jpg 768w\" sizes=\"auto, (max-width: 851px) 100vw, 851px\" \/><\/figure>\n\n\n\n<p class=\"wp-block-paragraph\"><strong>Le Tchad et le d\u00e9fi crucial de la s\u00e9curit\u00e9 hydrique<\/strong><\/p>\n\n\n\n<p class=\"wp-block-paragraph\">La tourn\u00e9e d\u00e9butera au Tchad, du 15-16 juillet 2026, o\u00f9 la Directrice g\u00e9n\u00e9rale participera \u00e0 un \u00e9v\u00e9nement de port\u00e9e continentale : le Forum africain de l\u2019eau.<\/p>\n\n\n\n<p class=\"wp-block-paragraph\">Co-organis\u00e9 par le gouvernement tchadien et la Banque mondiale sous le th\u00e8me porteur \u00ab De la vision \u00e0 l\u2019action \u00bb, ce sommet r\u00e9unira plusieurs dirigeants africains. L&rsquo;enjeu est de taille : acc\u00e9l\u00e9rer les investissements autour de la s\u00e9curit\u00e9 hydrique, de la r\u00e9silience face au changement climatique et de l\u2019acc\u00e8s universel \u00e0 l\u2019eau potable, trois leviers essentiels pour la sant\u00e9 publique et la croissance \u00e9conomique.<\/p>\n\n\n\n<p class=\"wp-block-paragraph\">Cette \u00e9tape sera \u00e9galement l\u2019occasion de propulser l\u2019initiative Water Forward, lanc\u00e9e en avril 2026 lors des R\u00e9unions de printemps de la Banque mondiale et du FMI. Cette initiative vise \u00e0 am\u00e9liorer durablement la s\u00e9curit\u00e9 hydrique de 400 millions de personnes d\u2019ici 2030.<\/p>\n\n\n\n<p class=\"wp-block-paragraph\"><strong>Le Togo, un carrefour logistique en pleine transformation<\/strong><\/p>\n\n\n\n<p class=\"wp-block-paragraph\">La mission se poursuivra les 16 et 17 juillet 2026 au Togo, \u00e0 un moment charni\u00e8re pour le pays, qui finalise sa toute nouvelle feuille de route de d\u00e9veloppement (2026-2031).<\/p>\n\n\n\n<figure class=\"wp-block-image size-full\"><img loading=\"lazy\" decoding=\"async\" width=\"947\" height=\"202\" src=\"https:\/\/macite.tg\/wp-content\/uploads\/2026\/07\/zio-lodge.jpg\" alt=\"\" class=\"wp-image-31806\" srcset=\"https:\/\/macite.tg\/wp-content\/uploads\/2026\/07\/zio-lodge.jpg 947w, https:\/\/macite.tg\/wp-content\/uploads\/2026\/07\/zio-lodge-300x64.jpg 300w, https:\/\/macite.tg\/wp-content\/uploads\/2026\/07\/zio-lodge-768x164.jpg 768w\" sizes=\"auto, (max-width: 947px) 100vw, 947px\" \/><\/figure>\n\n\n\n<p class=\"wp-block-paragraph\">Les s\u00e9ances de travail s\u2019articuleront autour de th\u00e9matiques \u00e9conomiques majeures de la cr\u00e9ation d\u2019emplois et connectivit\u00e9 \u00e0 travers la valorisation des corridors \u00e9conomiques et des plateformes logistiques nationales, le commerce r\u00e9gional via l\u2019optimisation des infrastructures strat\u00e9giques, notamment autour du Port Autonome de Lom\u00e9, et enfin la r\u00e9silience c\u00f4ti\u00e8re qui sera suivi des des investissements critiques li\u00e9s au Programme de gestion du littoral ouest-africain (WACA) pour faire face aux d\u00e9fis climatiques.<\/p>\n\n\n\n<p class=\"wp-block-paragraph\"><strong>Le B\u00e9nin et le lancement du nouveau cadre de partenariat d\u00e9cennal<\/strong><\/p>\n\n\n\n<p class=\"wp-block-paragraph\">Enfin, la d\u00e9l\u00e9gation se rendra au B\u00e9nin (16-17 juillet 2026) pour marquer une \u00e9tape historique dans la coop\u00e9ration bilat\u00e9rale. Mme Anna Bjerde participera au lancement officiel du nouveau Cadre de partenariat pays (CPP) 2026-2036.<\/p>\n\n\n\n<p class=\"wp-block-paragraph\">Cette feuille de route strat\u00e9gique, qui guidera les actions de la Banque mondiale au B\u00e9nin pour la prochaine d\u00e9cennie, mettra l\u2019accent sur des secteurs hautement structurants, \u00e0 savoir&nbsp;: l\u2019industrialisation et l\u2019\u00e9nergie pour attirer l&rsquo;investissement priv\u00e9, l\u2019inclusion des jeunes et la nutrition pour consolider le capital humain, et le soutien \u00e0 une croissance \u00e9conomique durable, inclusive et cr\u00e9atrice d\u2019emplois.<\/p>\n\n\n\n<p class=\"wp-block-paragraph\"><strong>Le terrain au c\u0153ur de la mission<\/strong><\/p>\n\n\n\n<p class=\"wp-block-paragraph\">Fid\u00e8le \u00e0 l&rsquo;approche de la Banque mondiale, Anna Bjerde profitera de son passage dans chaque pays pour visiter plusieurs projets financ\u00e9s par l\u2019institution. Ces visites de terrain lui permettront d&rsquo;\u00e9changer directement avec les populations b\u00e9n\u00e9ficiaires dans l\u2019optique d\u2019\u00e9valuer concr\u00e8tement l&rsquo;impact des programmes, de mesurer les progr\u00e8s accomplis et d&rsquo;identifier les d\u00e9fis qui restent \u00e0 relever.<\/p>\n\n\n<div class=\"wp-block-image\">\n<figure class=\"aligncenter size-full is-resized\"><img loading=\"lazy\" decoding=\"async\" width=\"431\" height=\"431\" src=\"https:\/\/macite.tg\/wp-content\/uploads\/2026\/06\/image-78.png\" alt=\"\" class=\"wp-image-31645\" style=\"width:533px;height:auto\" srcset=\"https:\/\/macite.tg\/wp-content\/uploads\/2026\/06\/image-78.png 431w, https:\/\/macite.tg\/wp-content\/uploads\/2026\/06\/image-78-300x300.png 300w, https:\/\/macite.tg\/wp-content\/uploads\/2026\/06\/image-78-150x150.png 150w, https:\/\/macite.tg\/wp-content\/uploads\/2026\/06\/image-78-122x122.png 122w\" sizes=\"auto, (max-width: 431px) 100vw, 431px\" \/><\/figure>\n<\/div>\n\n\n<p class=\"wp-block-paragraph\">Notons qu\u2019\u00e0 travers ce voyage officiel, le Groupe de la Banque mondiale r\u00e9affirme son r\u00f4le de partenaire de premier plan \u00e0 long terme, engag\u00e9 aux c\u00f4t\u00e9s des \u00c9tats africains pour b\u00e2tir des \u00e9conomies r\u00e9silientes, prosp\u00e8res et tourn\u00e9es vers l&rsquo;avenir.<\/p>\n\n\n\n<p class=\"wp-block-paragraph\"><a><strong><em>@macite.tg&nbsp;&nbsp;&nbsp;&nbsp;&nbsp;&nbsp;&nbsp;&nbsp;<\/em><\/strong><\/a><\/p>\n\n\n\n<p class=\"wp-block-paragraph\"><strong><em>E-mail&nbsp;: <\/em><\/strong><a href=\"mailto:maciteinfo@gmail.com\"><strong><em>maciteinfo@gmail.com<\/em><\/strong><\/a><strong><em>; <\/em><\/strong><a href=\"mailto:bawela1@gmail.com\"><strong><em>bawela1@gmail.com<\/em><\/strong><\/a><strong><em><\/em><\/strong><\/p>\n\n\n\n<p class=\"wp-block-paragraph\"><strong><em>Pour vos annonces, publi-reportages, etc., joignez-nous au (00228)91515309\/<strong>79872224 <\/strong><strong><\/strong><\/em><\/strong><\/p>\n\n\n\n<p class=\"wp-block-paragraph\"><strong><em>www.macite.tg, L\u2019information, la bonne&nbsp;!<\/em><\/strong><\/p>\n\n\n\n<p class=\"wp-block-paragraph\"><\/p>\n","protected":false},"excerpt":{"rendered":"<p class=\"text-justify mb-2\" >Le Groupe de la Banque mondiale (GBM) intensifie son accompagnement en faveur du d\u00e9veloppement durable en Afrique. Anna Bjerde, Directrice g\u00e9n\u00e9rale des op\u00e9rations du GBM, effectuera une visite officielle d\u2019envergure du 15 au 17 juillet 2026 en Afrique de l\u2019Ouest et Centrale. Elle est attendue [&hellip;]<\/p>\n","protected":false},"author":2,"featured_media":32145,"comment_status":"open","ping_status":"open","sticky":false,"template":"","format":"standard","meta":{"footnotes":""},"categories":[20,3],"tags":[],"class_list":["post-32144","post","type-post","status-publish","format-standard","has-post-thumbnail","hentry","category-actualite","category-economie"],"yoast_head":"<!-- This site is optimized with the Yoast SEO plugin v28.4 - https:\/\/yoast.com\/product\/yoast-seo-wordpress\/ -->\n<title>TCHAD, AU TOGO ET AU BENIN\u00a0: Anna Bjerde de la Banque mondiale en visite officielle \u2026 -<\/title>\n<meta name=\"robots\" content=\"index, follow, max-snippet:-1, max-image-preview:large, max-video-preview:-1\" \/>\n<link rel=\"canonical\" href=\"https:\/\/macite.tg\/?p=32144\" \/>\n<meta property=\"og:locale\" content=\"fr_FR\" \/>\n<meta property=\"og:type\" content=\"article\" \/>\n<meta property=\"og:title\" content=\"TCHAD, AU TOGO ET AU BENIN\u00a0: Anna Bjerde de la Banque mondiale en visite officielle \u2026 -\" \/>\n<meta property=\"og:description\" content=\"Le Groupe de la Banque mondiale (GBM) intensifie son accompagnement en faveur du d\u00e9veloppement durable en Afrique. Anna Bjerde, Directrice g\u00e9n\u00e9rale des op\u00e9rations du GBM, effectuera une visite officielle d\u2019envergure du 15 au 17 juillet 2026 en Afrique de l\u2019Ouest et Centrale. Elle est attendue [&hellip;]\" \/>\n<meta property=\"og:url\" content=\"https:\/\/macite.tg\/?p=32144\" \/>\n<meta property=\"article:published_time\" content=\"2026-07-14T13:57:13+00:00\" \/>\n<meta property=\"article:modified_time\" content=\"2026-07-14T14:08:18+00:00\" \/>\n<meta property=\"og:image\" content=\"https:\/\/macite.tg\/wp-content\/uploads\/2026\/07\/image-54.png\" \/>\n\t<meta property=\"og:image:width\" content=\"371\" \/>\n\t<meta property=\"og:image:height\" content=\"234\" \/>\n\t<meta property=\"og:image:type\" content=\"image\/png\" \/>\n<meta name=\"author\" content=\"Jean Pierre BAWELA\" \/>\n<meta name=\"twitter:card\" content=\"summary_large_image\" \/>\n<meta name=\"twitter:label1\" content=\"\u00c9crit par\" \/>\n\t<meta name=\"twitter:data1\" content=\"Jean Pierre BAWELA\" \/>\n\t<meta name=\"twitter:label2\" content=\"Dur\u00e9e de lecture estim\u00e9e\" \/>\n\t<meta name=\"twitter:data2\" content=\"4 minutes\" \/>\n<script type=\"application\/ld+json\" class=\"yoast-schema-graph\">{\"@context\":\"https:\\\/\\\/schema.org\",\"@graph\":[{\"@type\":\"Article\",\"@id\":\"https:\\\/\\\/macite.tg\\\/?p=32144#article\",\"isPartOf\":{\"@id\":\"https:\\\/\\\/macite.tg\\\/?p=32144\"},\"author\":{\"name\":\"Jean Pierre BAWELA\",\"@id\":\"https:\\\/\\\/macite.tg\\\/#\\\/schema\\\/person\\\/e9f2de7e5dbbe7770a9402c7ce82f5c2\"},\"headline\":\"TCHAD, AU TOGO ET AU BENIN\u00a0: Anna Bjerde de la Banque mondiale en visite officielle \u2026\",\"datePublished\":\"2026-07-14T13:57:13+00:00\",\"dateModified\":\"2026-07-14T14:08:18+00:00\",\"mainEntityOfPage\":{\"@id\":\"https:\\\/\\\/macite.tg\\\/?p=32144\"},\"wordCount\":732,\"commentCount\":0,\"image\":{\"@id\":\"https:\\\/\\\/macite.tg\\\/?p=32144#primaryimage\"},\"thumbnailUrl\":\"https:\\\/\\\/macite.tg\\\/wp-content\\\/uploads\\\/2026\\\/07\\\/image-54.png\",\"articleSection\":[\"ACTUALITE\",\"ECONOMIE\"],\"inLanguage\":\"fr-FR\",\"potentialAction\":[{\"@type\":\"CommentAction\",\"name\":\"Comment\",\"target\":[\"https:\\\/\\\/macite.tg\\\/?p=32144#respond\"]}]},{\"@type\":\"WebPage\",\"@id\":\"https:\\\/\\\/macite.tg\\\/?p=32144\",\"url\":\"https:\\\/\\\/macite.tg\\\/?p=32144\",\"name\":\"TCHAD, AU TOGO ET AU BENIN\u00a0: Anna Bjerde de la Banque mondiale en visite officielle \u2026 -\",\"isPartOf\":{\"@id\":\"https:\\\/\\\/macite.tg\\\/#website\"},\"primaryImageOfPage\":{\"@id\":\"https:\\\/\\\/macite.tg\\\/?p=32144#primaryimage\"},\"image\":{\"@id\":\"https:\\\/\\\/macite.tg\\\/?p=32144#primaryimage\"},\"thumbnailUrl\":\"https:\\\/\\\/macite.tg\\\/wp-content\\\/uploads\\\/2026\\\/07\\\/image-54.png\",\"datePublished\":\"2026-07-14T13:57:13+00:00\",\"dateModified\":\"2026-07-14T14:08:18+00:00\",\"author\":{\"@id\":\"https:\\\/\\\/macite.tg\\\/#\\\/schema\\\/person\\\/e9f2de7e5dbbe7770a9402c7ce82f5c2\"},\"breadcrumb\":{\"@id\":\"https:\\\/\\\/macite.tg\\\/?p=32144#breadcrumb\"},\"inLanguage\":\"fr-FR\",\"potentialAction\":[{\"@type\":\"ReadAction\",\"target\":[\"https:\\\/\\\/macite.tg\\\/?p=32144\"]}]},{\"@type\":\"ImageObject\",\"inLanguage\":\"fr-FR\",\"@id\":\"https:\\\/\\\/macite.tg\\\/?p=32144#primaryimage\",\"url\":\"https:\\\/\\\/macite.tg\\\/wp-content\\\/uploads\\\/2026\\\/07\\\/image-54.png\",\"contentUrl\":\"https:\\\/\\\/macite.tg\\\/wp-content\\\/uploads\\\/2026\\\/07\\\/image-54.png\",\"width\":371,\"height\":234},{\"@type\":\"BreadcrumbList\",\"@id\":\"https:\\\/\\\/macite.tg\\\/?p=32144#breadcrumb\",\"itemListElement\":[{\"@type\":\"ListItem\",\"position\":1,\"name\":\"Accueil\",\"item\":\"https:\\\/\\\/macite.tg\\\/\"},{\"@type\":\"ListItem\",\"position\":2,\"name\":\"TCHAD, AU TOGO ET AU BENIN\u00a0: Anna Bjerde de la Banque mondiale en visite officielle \u2026\"}]},{\"@type\":\"WebSite\",\"@id\":\"https:\\\/\\\/macite.tg\\\/#website\",\"url\":\"https:\\\/\\\/macite.tg\\\/\",\"name\":\"\",\"description\":\"L&#039;information, la bonne!!!\",\"potentialAction\":[{\"@type\":\"SearchAction\",\"target\":{\"@type\":\"EntryPoint\",\"urlTemplate\":\"https:\\\/\\\/macite.tg\\\/?s={search_term_string}\"},\"query-input\":{\"@type\":\"PropertyValueSpecification\",\"valueRequired\":true,\"valueName\":\"search_term_string\"}}],\"inLanguage\":\"fr-FR\"},{\"@type\":\"Person\",\"@id\":\"https:\\\/\\\/macite.tg\\\/#\\\/schema\\\/person\\\/e9f2de7e5dbbe7770a9402c7ce82f5c2\",\"name\":\"Jean Pierre BAWELA\",\"image\":{\"@type\":\"ImageObject\",\"inLanguage\":\"fr-FR\",\"@id\":\"https:\\\/\\\/macite.tg\\\/wp-content\\\/uploads\\\/2023\\\/09\\\/WhatsApp-Image-2023-09-19-at-14.44.41-122x122.jpeg\",\"url\":\"https:\\\/\\\/macite.tg\\\/wp-content\\\/uploads\\\/2023\\\/09\\\/WhatsApp-Image-2023-09-19-at-14.44.41-122x122.jpeg\",\"contentUrl\":\"https:\\\/\\\/macite.tg\\\/wp-content\\\/uploads\\\/2023\\\/09\\\/WhatsApp-Image-2023-09-19-at-14.44.41-122x122.jpeg\",\"caption\":\"Jean Pierre BAWELA\"},\"url\":\"https:\\\/\\\/macite.tg\\\/?author=2\"}]}<\/script>\n<!-- \/ Yoast SEO plugin. -->","yoast_head_json":{"title":"TCHAD, AU TOGO ET AU BENIN\u00a0: Anna Bjerde de la Banque mondiale en visite officielle \u2026 -","robots":{"index":"index","follow":"follow","max-snippet":"max-snippet:-1","max-image-preview":"max-image-preview:large","max-video-preview":"max-video-preview:-1"},"canonical":"https:\/\/macite.tg\/?p=32144","og_locale":"fr_FR","og_type":"article","og_title":"TCHAD, AU TOGO ET AU BENIN\u00a0: Anna Bjerde de la Banque mondiale en visite officielle \u2026 -","og_description":"Le Groupe de la Banque mondiale (GBM) intensifie son accompagnement en faveur du d\u00e9veloppement durable en Afrique. Anna Bjerde, Directrice g\u00e9n\u00e9rale des op\u00e9rations du GBM, effectuera une visite officielle d\u2019envergure du 15 au 17 juillet 2026 en Afrique de l\u2019Ouest et Centrale. Elle est attendue [&hellip;]","og_url":"https:\/\/macite.tg\/?p=32144","article_published_time":"2026-07-14T13:57:13+00:00","article_modified_time":"2026-07-14T14:08:18+00:00","og_image":[{"width":371,"height":234,"url":"https:\/\/macite.tg\/wp-content\/uploads\/2026\/07\/image-54.png","type":"image\/png"}],"author":"Jean Pierre BAWELA","twitter_card":"summary_large_image","twitter_misc":{"\u00c9crit par":"Jean Pierre BAWELA","Dur\u00e9e de lecture estim\u00e9e":"4 minutes"},"schema":{"@context":"https:\/\/schema.org","@graph":[{"@type":"Article","@id":"https:\/\/macite.tg\/?p=32144#article","isPartOf":{"@id":"https:\/\/macite.tg\/?p=32144"},"author":{"name":"Jean Pierre BAWELA","@id":"https:\/\/macite.tg\/#\/schema\/person\/e9f2de7e5dbbe7770a9402c7ce82f5c2"},"headline":"TCHAD, AU TOGO ET AU BENIN\u00a0: Anna Bjerde de la Banque mondiale en visite officielle \u2026","datePublished":"2026-07-14T13:57:13+00:00","dateModified":"2026-07-14T14:08:18+00:00","mainEntityOfPage":{"@id":"https:\/\/macite.tg\/?p=32144"},"wordCount":732,"commentCount":0,"image":{"@id":"https:\/\/macite.tg\/?p=32144#primaryimage"},"thumbnailUrl":"https:\/\/macite.tg\/wp-content\/uploads\/2026\/07\/image-54.png","articleSection":["ACTUALITE","ECONOMIE"],"inLanguage":"fr-FR","potentialAction":[{"@type":"CommentAction","name":"Comment","target":["https:\/\/macite.tg\/?p=32144#respond"]}]},{"@type":"WebPage","@id":"https:\/\/macite.tg\/?p=32144","url":"https:\/\/macite.tg\/?p=32144","name":"TCHAD, AU TOGO ET AU BENIN\u00a0: Anna Bjerde de la Banque mondiale en visite officielle \u2026 -","isPartOf":{"@id":"https:\/\/macite.tg\/#website"},"primaryImageOfPage":{"@id":"https:\/\/macite.tg\/?p=32144#primaryimage"},"image":{"@id":"https:\/\/macite.tg\/?p=32144#primaryimage"},"thumbnailUrl":"https:\/\/macite.tg\/wp-content\/uploads\/2026\/07\/image-54.png","datePublished":"2026-07-14T13:57:13+00:00","dateModified":"2026-07-14T14:08:18+00:00","author":{"@id":"https:\/\/macite.tg\/#\/schema\/person\/e9f2de7e5dbbe7770a9402c7ce82f5c2"},"breadcrumb":{"@id":"https:\/\/macite.tg\/?p=32144#breadcrumb"},"inLanguage":"fr-FR","potentialAction":[{"@type":"ReadAction","target":["https:\/\/macite.tg\/?p=32144"]}]},{"@type":"ImageObject","inLanguage":"fr-FR","@id":"https:\/\/macite.tg\/?p=32144#primaryimage","url":"https:\/\/macite.tg\/wp-content\/uploads\/2026\/07\/image-54.png","contentUrl":"https:\/\/macite.tg\/wp-content\/uploads\/2026\/07\/image-54.png","width":371,"height":234},{"@type":"BreadcrumbList","@id":"https:\/\/macite.tg\/?p=32144#breadcrumb","itemListElement":[{"@type":"ListItem","position":1,"name":"Accueil","item":"https:\/\/macite.tg\/"},{"@type":"ListItem","position":2,"name":"TCHAD, AU TOGO ET AU BENIN\u00a0: Anna Bjerde de la Banque mondiale en visite officielle \u2026"}]},{"@type":"WebSite","@id":"https:\/\/macite.tg\/#website","url":"https:\/\/macite.tg\/","name":"","description":"L&#039;information, la bonne!!!","potentialAction":[{"@type":"SearchAction","target":{"@type":"EntryPoint","urlTemplate":"https:\/\/macite.tg\/?s={search_term_string}"},"query-input":{"@type":"PropertyValueSpecification","valueRequired":true,"valueName":"search_term_string"}}],"inLanguage":"fr-FR"},{"@type":"Person","@id":"https:\/\/macite.tg\/#\/schema\/person\/e9f2de7e5dbbe7770a9402c7ce82f5c2","name":"Jean Pierre BAWELA","image":{"@type":"ImageObject","inLanguage":"fr-FR","@id":"https:\/\/macite.tg\/wp-content\/uploads\/2023\/09\/WhatsApp-Image-2023-09-19-at-14.44.41-122x122.jpeg","url":"https:\/\/macite.tg\/wp-content\/uploads\/2023\/09\/WhatsApp-Image-2023-09-19-at-14.44.41-122x122.jpeg","contentUrl":"https:\/\/macite.tg\/wp-content\/uploads\/2023\/09\/WhatsApp-Image-2023-09-19-at-14.44.41-122x122.jpeg","caption":"Jean Pierre BAWELA"},"url":"https:\/\/macite.tg\/?author=2"}]}},"_links":{"self":[{"href":"https:\/\/macite.tg\/index.php?rest_route=\/wp\/v2\/posts\/32144","targetHints":{"allow":["GET"]}}],"collection":[{"href":"https:\/\/macite.tg\/index.php?rest_route=\/wp\/v2\/posts"}],"about":[{"href":"https:\/\/macite.tg\/index.php?rest_route=\/wp\/v2\/types\/post"}],"author":[{"embeddable":true,"href":"https:\/\/macite.tg\/index.php?rest_route=\/wp\/v2\/users\/2"}],"replies":[{"embeddable":true,"href":"https:\/\/macite.tg\/index.php?rest_route=%2Fwp%2Fv2%2Fcomments&post=32144"}],"version-history":[{"count":0,"href":"https:\/\/macite.tg\/index.php?rest_route=\/wp\/v2\/posts\/32144\/revisions"}],"wp:featuredmedia":[{"embeddable":true,"href":"https:\/\/macite.tg\/index.php?rest_route=\/wp\/v2\/media\/32145"}],"wp:attachment":[{"href":"https:\/\/macite.tg\/index.php?rest_route=%2Fwp%2Fv2%2Fmedia&parent=32144"}],"wp:term":[{"taxonomy":"category","embeddable":true,"href":"https:\/\/macite.tg\/index.php?rest_route=%2Fwp%2Fv2%2Fcategories&post=32144"},{"taxonomy":"post_tag","embeddable":true,"href":"https:\/\/macite.tg\/index.php?rest_route=%2Fwp%2Fv2%2Ftags&post=32144"}],"curies":[{"name":"wp","href":"https:\/\/api.w.org\/{rel}","templated":true}]}}