{"id":32124,"date":"2026-07-14T12:09:17","date_gmt":"2026-07-14T12:09:17","guid":{"rendered":"https:\/\/macite.tg\/?p=32124"},"modified":"2026-07-14T12:20:19","modified_gmt":"2026-07-14T12:20:19","slug":"evala-2026-et-securite-lancement-de-loperation-integree-de-proximite-au-coeur-des-populations","status":"publish","type":"post","link":"https:\/\/macite.tg\/?p=32124","title":{"rendered":"EVALA 2026 ET SECURITE\u00a0: Lancement de l\u2019op\u00e9ration int\u00e9gr\u00e9e de proximit\u00e9 au c\u0153ur des populations"},"content":{"rendered":"\n<p class=\"wp-block-paragraph\"><strong><em>La s\u00e9curit\u00e9 va d\u00e9sormais \u00e0 la rencontre des citoyens togolais. C&rsquo;est tout le sens de l&rsquo;op\u00e9ration int\u00e9gr\u00e9e de proximit\u00e9 EVALA 2026, officiellement lanc\u00e9e ce 13 juillet 2026 par le minist\u00e8re de la S\u00e9curit\u00e9. Le coup d&rsquo;envoi de cette initiative a \u00e9t\u00e9 donn\u00e9 \u00e0 l&rsquo;occasion de la grande finale des luttes traditionnelles du canton de Tchitchao, dans la pr\u00e9fecture de la Kozah.<\/em><\/strong><\/p>\n\n\n\n<p class=\"wp-block-paragraph\">\u00c0 travers cette action innovation, le Gouvernement fait le choix fort d&rsquo;une s\u00e9curit\u00e9 plus proche, plus pr\u00e9ventive et plus accessible. L&rsquo;objectif est de rapprocher activement les services de s\u00e9curit\u00e9 des populations durant les festivit\u00e9s traditionnelles, et ce, dans toutes les r\u00e9gions du Togo.<\/p>\n\n\n\n<p class=\"wp-block-paragraph\"><strong>Une journ\u00e9e de lancement sous le signe de la sensibilisation et du partage<\/strong><\/p>\n\n\n\n<p class=\"wp-block-paragraph\">Tout au long de cette journ\u00e9e inaugurale, les diff\u00e9rentes structures rattach\u00e9es au minist\u00e8re de la S\u00e9curit\u00e9 ont investi le terrain. Elles ont anim\u00e9 des s\u00e9ances de sensibilisation et des d\u00e9monstrations pratiques qui ont suscit\u00e9 un vif int\u00e9r\u00eat et une forte adh\u00e9sion de la part du public pr\u00e9sent.<\/p>\n\n\n\n<figure class=\"wp-block-image size-full\"><img loading=\"lazy\" decoding=\"async\" width=\"851\" height=\"315\" src=\"https:\/\/macite.tg\/wp-content\/uploads\/2026\/07\/OTR_Ferer-pour-batir-1.jpg\" alt=\"\" class=\"wp-image-31769\" srcset=\"https:\/\/macite.tg\/wp-content\/uploads\/2026\/07\/OTR_Ferer-pour-batir-1.jpg 851w, https:\/\/macite.tg\/wp-content\/uploads\/2026\/07\/OTR_Ferer-pour-batir-1-300x111.jpg 300w, https:\/\/macite.tg\/wp-content\/uploads\/2026\/07\/OTR_Ferer-pour-batir-1-768x284.jpg 768w\" sizes=\"auto, (max-width: 851px) 100vw, 851px\" \/><\/figure>\n\n\n\n<p class=\"wp-block-paragraph\">Plusieurs entit\u00e9s cl\u00e9s se sont mobilis\u00e9es pour partager des conseils simples, concrets et pratiques afin de permettre \u00e0 chacun de mieux se prot\u00e9ger au quotidien. Il s\u2019agit de&nbsp;:<\/p>\n\n\n\n<p class=\"wp-block-paragraph\">&#8211; L&rsquo;Agence Nationale de la Protection Civile (ANPC) qui sensibilise aux comportements r\u00e9flexes \u00e0 adopter en cas de catastrophe naturelle ou d&rsquo;accident majeur&nbsp;;<\/p>\n\n\n\n<p class=\"wp-block-paragraph\">&#8211; La Division de la S\u00e9curit\u00e9 Routi\u00e8re (DSR), pr\u00e9sente pour rappeler essentiellement le respect du code de la route et les r\u00e8gles de s\u00e9curit\u00e9 routi\u00e8re pour sauver des vies&nbsp;;<\/p>\n\n\n<div class=\"wp-block-image\">\n<figure class=\"alignleft size-full is-resized\"><img loading=\"lazy\" decoding=\"async\" width=\"500\" height=\"333\" src=\"https:\/\/macite.tg\/wp-content\/uploads\/2026\/07\/ANCY.jpg\" alt=\"\" class=\"wp-image-32131\" style=\"aspect-ratio:1.5016149673959414;width:393px;height:auto\" srcset=\"https:\/\/macite.tg\/wp-content\/uploads\/2026\/07\/ANCY.jpg 500w, https:\/\/macite.tg\/wp-content\/uploads\/2026\/07\/ANCY-300x200.jpg 300w, https:\/\/macite.tg\/wp-content\/uploads\/2026\/07\/ANCY-112x75.jpg 112w, https:\/\/macite.tg\/wp-content\/uploads\/2026\/07\/ANCY-425x283.jpg 425w, https:\/\/macite.tg\/wp-content\/uploads\/2026\/07\/ANCY-430x287.jpg 430w\" sizes=\"auto, (max-width: 500px) 100vw, 500px\" \/><\/figure>\n<\/div>\n\n\n<p class=\"wp-block-paragraph\">&#8211; L&rsquo;Agence Nationale de la Cybers\u00e9curit\u00e9 (ANCy) qui conseille sur les pratiques pour acqu\u00e9rir les bons r\u00e9flexes face aux menaces num\u00e9riques et \u00e0 la cybercriminalit\u00e9.<\/p>\n\n\n<div class=\"wp-block-image\">\n<figure class=\"alignright size-full is-resized\"><img loading=\"lazy\" decoding=\"async\" width=\"500\" height=\"333\" src=\"https:\/\/macite.tg\/wp-content\/uploads\/2026\/07\/Securite-2.jpg\" alt=\"\" class=\"wp-image-32132\" style=\"width:412px;height:auto\" srcset=\"https:\/\/macite.tg\/wp-content\/uploads\/2026\/07\/Securite-2.jpg 500w, https:\/\/macite.tg\/wp-content\/uploads\/2026\/07\/Securite-2-300x200.jpg 300w, https:\/\/macite.tg\/wp-content\/uploads\/2026\/07\/Securite-2-112x75.jpg 112w, https:\/\/macite.tg\/wp-content\/uploads\/2026\/07\/Securite-2-425x283.jpg 425w, https:\/\/macite.tg\/wp-content\/uploads\/2026\/07\/Securite-2-430x287.jpg 430w\" sizes=\"auto, (max-width: 500px) 100vw, 500px\" \/><\/figure>\n<\/div>\n\n\n<p class=\"wp-block-paragraph\">&#8211; Le Comit\u00e9 National Anti-Drogue (CNAD) qui \u0153uvre pour la pr\u00e9vention et la sensibilisation active face aux dangers li\u00e9s \u00e0 la consommation de substances psychoactives.<\/p>\n\n\n\n<p class=\"wp-block-paragraph\">&#8211; Le Comit\u00e9 Interminist\u00e9riel de Pr\u00e9vention et de Lutte contre l&rsquo;Extr\u00e9misme Violent (CIPLEV) pr\u00e9sente et \u00e9change sur les m\u00e9canismes de vigilance collective et de pr\u00e9vention contre l&rsquo;extr\u00e9misme&nbsp;; et<\/p>\n\n\n\n<p class=\"wp-block-paragraph\">&#8211; Le Corps des sapeurs-pompiers, qui fait des d\u00e9monstrations en direct des techniques de premi\u00e8re intervention, notamment l&rsquo;extinction rapide d&rsquo;un feu de gaz domestique.<\/p>\n\n\n\n<p class=\"wp-block-paragraph\"><strong>Des services de police de proximit\u00e9 d\u00e9ploy\u00e9s sur le terrain<\/strong><\/p>\n\n\n\n<p class=\"wp-block-paragraph\">L&rsquo;op\u00e9ration int\u00e9gr\u00e9e de proximit\u00e9 ne s&rsquo;arr\u00eate pas aux conseils th\u00e9oriques. D\u00e9ploy\u00e9e sur les sites des finales cantonales et au niveau des principaux lieux de rassemblement, elle se poursuivra tout au long des festivit\u00e9s d&rsquo;Evala pour maintenir ce lien direct avec la population.<\/p>\n\n\n\n<p class=\"wp-block-paragraph\">Notons qu\u2019au-del\u00e0 de la pr\u00e9vention, les citoyens peuvent b\u00e9n\u00e9ficier directement sur place de prestations concr\u00e8tes de police de proximit\u00e9, \u00e0 l&rsquo;instar des d\u00e9marches pour l&rsquo;\u00e9tablissement de la carte nationale d&rsquo;identit\u00e9, ainsi que de conseils hautement personnalis\u00e9s.<\/p>\n\n\n<div class=\"wp-block-image\">\n<figure class=\"aligncenter size-full is-resized\"><img loading=\"lazy\" decoding=\"async\" width=\"431\" height=\"431\" src=\"https:\/\/macite.tg\/wp-content\/uploads\/2026\/06\/image-78.png\" alt=\"\" class=\"wp-image-31645\" style=\"width:506px;height:auto\" srcset=\"https:\/\/macite.tg\/wp-content\/uploads\/2026\/06\/image-78.png 431w, https:\/\/macite.tg\/wp-content\/uploads\/2026\/06\/image-78-300x300.png 300w, https:\/\/macite.tg\/wp-content\/uploads\/2026\/06\/image-78-150x150.png 150w, https:\/\/macite.tg\/wp-content\/uploads\/2026\/06\/image-78-122x122.png 122w\" sizes=\"auto, (max-width: 431px) 100vw, 431px\" \/><\/figure>\n<\/div>\n\n\n<p class=\"wp-block-paragraph\"><strong>C\u00e9l\u00e9brer la tradition dans la paix et la coh\u00e9sion sociale<\/strong><\/p>\n\n\n\n<p class=\"wp-block-paragraph\">\u00c0 travers le d\u00e9ploiement de cette campagne d&rsquo;envergure, le minist\u00e8re de la S\u00e9curit\u00e9 r\u00e9affirme sa vision globale : une s\u00e9curit\u00e9 r\u00e9solument au service du citoyen, b\u00e2tie sur les piliers de la proximit\u00e9, de la pr\u00e9vention, de l&rsquo;\u00e9coute active et de la confiance mutuelle.<\/p>\n\n\n<div class=\"wp-block-image\">\n<figure class=\"aligncenter size-full\"><img loading=\"lazy\" decoding=\"async\" width=\"500\" height=\"333\" src=\"https:\/\/macite.tg\/wp-content\/uploads\/2026\/07\/Securite-3.jpg\" alt=\"\" class=\"wp-image-32133\" srcset=\"https:\/\/macite.tg\/wp-content\/uploads\/2026\/07\/Securite-3.jpg 500w, https:\/\/macite.tg\/wp-content\/uploads\/2026\/07\/Securite-3-300x200.jpg 300w, https:\/\/macite.tg\/wp-content\/uploads\/2026\/07\/Securite-3-112x75.jpg 112w, https:\/\/macite.tg\/wp-content\/uploads\/2026\/07\/Securite-3-425x283.jpg 425w, https:\/\/macite.tg\/wp-content\/uploads\/2026\/07\/Securite-3-430x287.jpg 430w\" sizes=\"auto, (max-width: 500px) 100vw, 500px\" \/><\/figure>\n<\/div>\n\n\n<p class=\"wp-block-paragraph\">Cette approche concert\u00e9e traduit la volont\u00e9 ferme de l\u2019ex\u00e9cutif togolais de prot\u00e9ger efficacement les personnes et leurs biens. Elle vise \u00e9galement \u00e0 faire des rites traditionnels Evala 2026 un grand moment de communion nationale, de coh\u00e9sion sociale et de c\u00e9l\u00e9bration collective dans la paix, la s\u00e9curit\u00e9 et la plus grande s\u00e9r\u00e9nit\u00e9.<\/p>\n\n\n\n<p class=\"wp-block-paragraph\"><a><strong><em>@macite.tg&nbsp;&nbsp;&nbsp;&nbsp;&nbsp;&nbsp;&nbsp;&nbsp;<\/em><\/strong><\/a><\/p>\n\n\n\n<p class=\"wp-block-paragraph\"><strong><em>E-mail&nbsp;: <\/em><\/strong><a href=\"mailto:maciteinfo@gmail.com\"><strong><em>maciteinfo@gmail.com<\/em><\/strong><\/a><strong><em>; <\/em><\/strong><a href=\"mailto:bawela1@gmail.com\"><strong><em>bawela1@gmail.com<\/em><\/strong><\/a><strong><em><\/em><\/strong><\/p>\n\n\n\n<p class=\"wp-block-paragraph\"><strong><em>Pour vos annonces, publi-reportages, etc., joignez-nous au (00228)91515309\/<strong>79872224 <\/strong><strong><\/strong><\/em><\/strong><\/p>\n\n\n\n<p class=\"wp-block-paragraph\"><strong><em>www.macite.tg, L\u2019information, la bonne&nbsp;!<\/em><\/strong><\/p>\n\n\n\n<p class=\"wp-block-paragraph\"><\/p>\n","protected":false},"excerpt":{"rendered":"<p class=\"text-justify mb-2\" >La s\u00e9curit\u00e9 va d\u00e9sormais \u00e0 la rencontre des citoyens togolais. C&rsquo;est tout le sens de l&rsquo;op\u00e9ration int\u00e9gr\u00e9e de proximit\u00e9 EVALA 2026, officiellement lanc\u00e9e ce 13 juillet 2026 par le minist\u00e8re de la S\u00e9curit\u00e9. Le coup d&rsquo;envoi de cette initiative a \u00e9t\u00e9 donn\u00e9 \u00e0 l&rsquo;occasion de [&hellip;]<\/p>\n","protected":false},"author":2,"featured_media":32130,"comment_status":"open","ping_status":"open","sticky":false,"template":"","format":"standard","meta":{"footnotes":""},"categories":[20,18,28],"tags":[],"class_list":["post-32124","post","type-post","status-publish","format-standard","has-post-thumbnail","hentry","category-actualite","category-culture","category-securite"],"yoast_head":"<!-- This site is optimized with the Yoast SEO plugin v28.4 - https:\/\/yoast.com\/product\/yoast-seo-wordpress\/ -->\n<title>EVALA 2026 ET SECURITE\u00a0: Lancement de l\u2019op\u00e9ration int\u00e9gr\u00e9e de proximit\u00e9 au c\u0153ur des populations -<\/title>\n<meta name=\"robots\" content=\"index, follow, max-snippet:-1, max-image-preview:large, max-video-preview:-1\" \/>\n<link rel=\"canonical\" href=\"https:\/\/macite.tg\/?p=32124\" \/>\n<meta property=\"og:locale\" content=\"fr_FR\" \/>\n<meta property=\"og:type\" content=\"article\" \/>\n<meta property=\"og:title\" content=\"EVALA 2026 ET SECURITE\u00a0: Lancement de l\u2019op\u00e9ration int\u00e9gr\u00e9e de proximit\u00e9 au c\u0153ur des populations -\" \/>\n<meta property=\"og:description\" content=\"La s\u00e9curit\u00e9 va d\u00e9sormais \u00e0 la rencontre des citoyens togolais. C&rsquo;est tout le sens de l&rsquo;op\u00e9ration int\u00e9gr\u00e9e de proximit\u00e9 EVALA 2026, officiellement lanc\u00e9e ce 13 juillet 2026 par le minist\u00e8re de la S\u00e9curit\u00e9. Le coup d&rsquo;envoi de cette initiative a \u00e9t\u00e9 donn\u00e9 \u00e0 l&rsquo;occasion de [&hellip;]\" \/>\n<meta property=\"og:url\" content=\"https:\/\/macite.tg\/?p=32124\" \/>\n<meta property=\"article:published_time\" content=\"2026-07-14T12:09:17+00:00\" \/>\n<meta property=\"article:modified_time\" content=\"2026-07-14T12:20:19+00:00\" \/>\n<meta property=\"og:image\" content=\"https:\/\/macite.tg\/wp-content\/uploads\/2026\/07\/securite-1.jpg\" \/>\n\t<meta property=\"og:image:width\" content=\"500\" \/>\n\t<meta property=\"og:image:height\" content=\"281\" \/>\n\t<meta property=\"og:image:type\" content=\"image\/jpeg\" \/>\n<meta name=\"author\" content=\"Jean Pierre BAWELA\" \/>\n<meta name=\"twitter:card\" content=\"summary_large_image\" \/>\n<meta name=\"twitter:label1\" content=\"\u00c9crit par\" \/>\n\t<meta name=\"twitter:data1\" content=\"Jean Pierre BAWELA\" \/>\n\t<meta name=\"twitter:label2\" content=\"Dur\u00e9e de lecture estim\u00e9e\" \/>\n\t<meta name=\"twitter:data2\" content=\"5 minutes\" \/>\n<script type=\"application\/ld+json\" class=\"yoast-schema-graph\">{\"@context\":\"https:\\\/\\\/schema.org\",\"@graph\":[{\"@type\":\"Article\",\"@id\":\"https:\\\/\\\/macite.tg\\\/?p=32124#article\",\"isPartOf\":{\"@id\":\"https:\\\/\\\/macite.tg\\\/?p=32124\"},\"author\":{\"name\":\"Jean Pierre BAWELA\",\"@id\":\"https:\\\/\\\/macite.tg\\\/#\\\/schema\\\/person\\\/e9f2de7e5dbbe7770a9402c7ce82f5c2\"},\"headline\":\"EVALA 2026 ET SECURITE\u00a0: Lancement de l\u2019op\u00e9ration int\u00e9gr\u00e9e de proximit\u00e9 au c\u0153ur des populations\",\"datePublished\":\"2026-07-14T12:09:17+00:00\",\"dateModified\":\"2026-07-14T12:20:19+00:00\",\"mainEntityOfPage\":{\"@id\":\"https:\\\/\\\/macite.tg\\\/?p=32124\"},\"wordCount\":690,\"commentCount\":0,\"image\":{\"@id\":\"https:\\\/\\\/macite.tg\\\/?p=32124#primaryimage\"},\"thumbnailUrl\":\"https:\\\/\\\/macite.tg\\\/wp-content\\\/uploads\\\/2026\\\/07\\\/securite-1.jpg\",\"articleSection\":[\"ACTUALITE\",\"CULTURE\",\"SECURITE\"],\"inLanguage\":\"fr-FR\",\"potentialAction\":[{\"@type\":\"CommentAction\",\"name\":\"Comment\",\"target\":[\"https:\\\/\\\/macite.tg\\\/?p=32124#respond\"]}]},{\"@type\":\"WebPage\",\"@id\":\"https:\\\/\\\/macite.tg\\\/?p=32124\",\"url\":\"https:\\\/\\\/macite.tg\\\/?p=32124\",\"name\":\"EVALA 2026 ET SECURITE\u00a0: Lancement de l\u2019op\u00e9ration int\u00e9gr\u00e9e de proximit\u00e9 au c\u0153ur des populations -\",\"isPartOf\":{\"@id\":\"https:\\\/\\\/macite.tg\\\/#website\"},\"primaryImageOfPage\":{\"@id\":\"https:\\\/\\\/macite.tg\\\/?p=32124#primaryimage\"},\"image\":{\"@id\":\"https:\\\/\\\/macite.tg\\\/?p=32124#primaryimage\"},\"thumbnailUrl\":\"https:\\\/\\\/macite.tg\\\/wp-content\\\/uploads\\\/2026\\\/07\\\/securite-1.jpg\",\"datePublished\":\"2026-07-14T12:09:17+00:00\",\"dateModified\":\"2026-07-14T12:20:19+00:00\",\"author\":{\"@id\":\"https:\\\/\\\/macite.tg\\\/#\\\/schema\\\/person\\\/e9f2de7e5dbbe7770a9402c7ce82f5c2\"},\"breadcrumb\":{\"@id\":\"https:\\\/\\\/macite.tg\\\/?p=32124#breadcrumb\"},\"inLanguage\":\"fr-FR\",\"potentialAction\":[{\"@type\":\"ReadAction\",\"target\":[\"https:\\\/\\\/macite.tg\\\/?p=32124\"]}]},{\"@type\":\"ImageObject\",\"inLanguage\":\"fr-FR\",\"@id\":\"https:\\\/\\\/macite.tg\\\/?p=32124#primaryimage\",\"url\":\"https:\\\/\\\/macite.tg\\\/wp-content\\\/uploads\\\/2026\\\/07\\\/securite-1.jpg\",\"contentUrl\":\"https:\\\/\\\/macite.tg\\\/wp-content\\\/uploads\\\/2026\\\/07\\\/securite-1.jpg\",\"width\":500,\"height\":281},{\"@type\":\"BreadcrumbList\",\"@id\":\"https:\\\/\\\/macite.tg\\\/?p=32124#breadcrumb\",\"itemListElement\":[{\"@type\":\"ListItem\",\"position\":1,\"name\":\"Accueil\",\"item\":\"https:\\\/\\\/macite.tg\\\/\"},{\"@type\":\"ListItem\",\"position\":2,\"name\":\"EVALA 2026 ET SECURITE\u00a0: Lancement de l\u2019op\u00e9ration int\u00e9gr\u00e9e de proximit\u00e9 au c\u0153ur des populations\"}]},{\"@type\":\"WebSite\",\"@id\":\"https:\\\/\\\/macite.tg\\\/#website\",\"url\":\"https:\\\/\\\/macite.tg\\\/\",\"name\":\"\",\"description\":\"L&#039;information, la bonne!!!\",\"potentialAction\":[{\"@type\":\"SearchAction\",\"target\":{\"@type\":\"EntryPoint\",\"urlTemplate\":\"https:\\\/\\\/macite.tg\\\/?s={search_term_string}\"},\"query-input\":{\"@type\":\"PropertyValueSpecification\",\"valueRequired\":true,\"valueName\":\"search_term_string\"}}],\"inLanguage\":\"fr-FR\"},{\"@type\":\"Person\",\"@id\":\"https:\\\/\\\/macite.tg\\\/#\\\/schema\\\/person\\\/e9f2de7e5dbbe7770a9402c7ce82f5c2\",\"name\":\"Jean Pierre BAWELA\",\"image\":{\"@type\":\"ImageObject\",\"inLanguage\":\"fr-FR\",\"@id\":\"https:\\\/\\\/macite.tg\\\/wp-content\\\/uploads\\\/2023\\\/09\\\/WhatsApp-Image-2023-09-19-at-14.44.41-122x122.jpeg\",\"url\":\"https:\\\/\\\/macite.tg\\\/wp-content\\\/uploads\\\/2023\\\/09\\\/WhatsApp-Image-2023-09-19-at-14.44.41-122x122.jpeg\",\"contentUrl\":\"https:\\\/\\\/macite.tg\\\/wp-content\\\/uploads\\\/2023\\\/09\\\/WhatsApp-Image-2023-09-19-at-14.44.41-122x122.jpeg\",\"caption\":\"Jean Pierre BAWELA\"},\"url\":\"https:\\\/\\\/macite.tg\\\/?author=2\"}]}<\/script>\n<!-- \/ Yoast SEO plugin. -->","yoast_head_json":{"title":"EVALA 2026 ET SECURITE\u00a0: Lancement de l\u2019op\u00e9ration int\u00e9gr\u00e9e de proximit\u00e9 au c\u0153ur des populations -","robots":{"index":"index","follow":"follow","max-snippet":"max-snippet:-1","max-image-preview":"max-image-preview:large","max-video-preview":"max-video-preview:-1"},"canonical":"https:\/\/macite.tg\/?p=32124","og_locale":"fr_FR","og_type":"article","og_title":"EVALA 2026 ET SECURITE\u00a0: Lancement de l\u2019op\u00e9ration int\u00e9gr\u00e9e de proximit\u00e9 au c\u0153ur des populations -","og_description":"La s\u00e9curit\u00e9 va d\u00e9sormais \u00e0 la rencontre des citoyens togolais. C&rsquo;est tout le sens de l&rsquo;op\u00e9ration int\u00e9gr\u00e9e de proximit\u00e9 EVALA 2026, officiellement lanc\u00e9e ce 13 juillet 2026 par le minist\u00e8re de la S\u00e9curit\u00e9. Le coup d&rsquo;envoi de cette initiative a \u00e9t\u00e9 donn\u00e9 \u00e0 l&rsquo;occasion de [&hellip;]","og_url":"https:\/\/macite.tg\/?p=32124","article_published_time":"2026-07-14T12:09:17+00:00","article_modified_time":"2026-07-14T12:20:19+00:00","og_image":[{"width":500,"height":281,"url":"https:\/\/macite.tg\/wp-content\/uploads\/2026\/07\/securite-1.jpg","type":"image\/jpeg"}],"author":"Jean Pierre BAWELA","twitter_card":"summary_large_image","twitter_misc":{"\u00c9crit par":"Jean Pierre BAWELA","Dur\u00e9e de lecture estim\u00e9e":"5 minutes"},"schema":{"@context":"https:\/\/schema.org","@graph":[{"@type":"Article","@id":"https:\/\/macite.tg\/?p=32124#article","isPartOf":{"@id":"https:\/\/macite.tg\/?p=32124"},"author":{"name":"Jean Pierre BAWELA","@id":"https:\/\/macite.tg\/#\/schema\/person\/e9f2de7e5dbbe7770a9402c7ce82f5c2"},"headline":"EVALA 2026 ET SECURITE\u00a0: Lancement de l\u2019op\u00e9ration int\u00e9gr\u00e9e de proximit\u00e9 au c\u0153ur des populations","datePublished":"2026-07-14T12:09:17+00:00","dateModified":"2026-07-14T12:20:19+00:00","mainEntityOfPage":{"@id":"https:\/\/macite.tg\/?p=32124"},"wordCount":690,"commentCount":0,"image":{"@id":"https:\/\/macite.tg\/?p=32124#primaryimage"},"thumbnailUrl":"https:\/\/macite.tg\/wp-content\/uploads\/2026\/07\/securite-1.jpg","articleSection":["ACTUALITE","CULTURE","SECURITE"],"inLanguage":"fr-FR","potentialAction":[{"@type":"CommentAction","name":"Comment","target":["https:\/\/macite.tg\/?p=32124#respond"]}]},{"@type":"WebPage","@id":"https:\/\/macite.tg\/?p=32124","url":"https:\/\/macite.tg\/?p=32124","name":"EVALA 2026 ET SECURITE\u00a0: Lancement de l\u2019op\u00e9ration int\u00e9gr\u00e9e de proximit\u00e9 au c\u0153ur des populations -","isPartOf":{"@id":"https:\/\/macite.tg\/#website"},"primaryImageOfPage":{"@id":"https:\/\/macite.tg\/?p=32124#primaryimage"},"image":{"@id":"https:\/\/macite.tg\/?p=32124#primaryimage"},"thumbnailUrl":"https:\/\/macite.tg\/wp-content\/uploads\/2026\/07\/securite-1.jpg","datePublished":"2026-07-14T12:09:17+00:00","dateModified":"2026-07-14T12:20:19+00:00","author":{"@id":"https:\/\/macite.tg\/#\/schema\/person\/e9f2de7e5dbbe7770a9402c7ce82f5c2"},"breadcrumb":{"@id":"https:\/\/macite.tg\/?p=32124#breadcrumb"},"inLanguage":"fr-FR","potentialAction":[{"@type":"ReadAction","target":["https:\/\/macite.tg\/?p=32124"]}]},{"@type":"ImageObject","inLanguage":"fr-FR","@id":"https:\/\/macite.tg\/?p=32124#primaryimage","url":"https:\/\/macite.tg\/wp-content\/uploads\/2026\/07\/securite-1.jpg","contentUrl":"https:\/\/macite.tg\/wp-content\/uploads\/2026\/07\/securite-1.jpg","width":500,"height":281},{"@type":"BreadcrumbList","@id":"https:\/\/macite.tg\/?p=32124#breadcrumb","itemListElement":[{"@type":"ListItem","position":1,"name":"Accueil","item":"https:\/\/macite.tg\/"},{"@type":"ListItem","position":2,"name":"EVALA 2026 ET SECURITE\u00a0: Lancement de l\u2019op\u00e9ration int\u00e9gr\u00e9e de proximit\u00e9 au c\u0153ur des populations"}]},{"@type":"WebSite","@id":"https:\/\/macite.tg\/#website","url":"https:\/\/macite.tg\/","name":"","description":"L&#039;information, la bonne!!!","potentialAction":[{"@type":"SearchAction","target":{"@type":"EntryPoint","urlTemplate":"https:\/\/macite.tg\/?s={search_term_string}"},"query-input":{"@type":"PropertyValueSpecification","valueRequired":true,"valueName":"search_term_string"}}],"inLanguage":"fr-FR"},{"@type":"Person","@id":"https:\/\/macite.tg\/#\/schema\/person\/e9f2de7e5dbbe7770a9402c7ce82f5c2","name":"Jean Pierre BAWELA","image":{"@type":"ImageObject","inLanguage":"fr-FR","@id":"https:\/\/macite.tg\/wp-content\/uploads\/2023\/09\/WhatsApp-Image-2023-09-19-at-14.44.41-122x122.jpeg","url":"https:\/\/macite.tg\/wp-content\/uploads\/2023\/09\/WhatsApp-Image-2023-09-19-at-14.44.41-122x122.jpeg","contentUrl":"https:\/\/macite.tg\/wp-content\/uploads\/2023\/09\/WhatsApp-Image-2023-09-19-at-14.44.41-122x122.jpeg","caption":"Jean Pierre BAWELA"},"url":"https:\/\/macite.tg\/?author=2"}]}},"_links":{"self":[{"href":"https:\/\/macite.tg\/index.php?rest_route=\/wp\/v2\/posts\/32124","targetHints":{"allow":["GET"]}}],"collection":[{"href":"https:\/\/macite.tg\/index.php?rest_route=\/wp\/v2\/posts"}],"about":[{"href":"https:\/\/macite.tg\/index.php?rest_route=\/wp\/v2\/types\/post"}],"author":[{"embeddable":true,"href":"https:\/\/macite.tg\/index.php?rest_route=\/wp\/v2\/users\/2"}],"replies":[{"embeddable":true,"href":"https:\/\/macite.tg\/index.php?rest_route=%2Fwp%2Fv2%2Fcomments&post=32124"}],"version-history":[{"count":0,"href":"https:\/\/macite.tg\/index.php?rest_route=\/wp\/v2\/posts\/32124\/revisions"}],"wp:featuredmedia":[{"embeddable":true,"href":"https:\/\/macite.tg\/index.php?rest_route=\/wp\/v2\/media\/32130"}],"wp:attachment":[{"href":"https:\/\/macite.tg\/index.php?rest_route=%2Fwp%2Fv2%2Fmedia&parent=32124"}],"wp:term":[{"taxonomy":"category","embeddable":true,"href":"https:\/\/macite.tg\/index.php?rest_route=%2Fwp%2Fv2%2Fcategories&post=32124"},{"taxonomy":"post_tag","embeddable":true,"href":"https:\/\/macite.tg\/index.php?rest_route=%2Fwp%2Fv2%2Ftags&post=32124"}],"curies":[{"name":"wp","href":"https:\/\/api.w.org\/{rel}","templated":true}]}}