{"id":32109,"date":"2026-07-13T14:38:53","date_gmt":"2026-07-13T14:38:53","guid":{"rendered":"https:\/\/macite.tg\/?p=32109"},"modified":"2026-07-16T17:54:48","modified_gmt":"2026-07-16T17:54:48","slug":"retraite-la-crt-et-la-cnss-lancent-la-liquidation-coordonnee-des-pensions","status":"publish","type":"post","link":"https:\/\/macite.tg\/?p=32109","title":{"rendered":"RETRAITE : La CRT et la CNSS lancent la liquidation coordonn\u00e9e des pensions"},"content":{"rendered":"\n<p class=\"wp-block-paragraph\"><strong><em>C\u2019est une excellente nouvelle pour les travailleurs togolais ayant altern\u00e9 entre le secteur public et le secteur priv\u00e9. La Caisse de Retraites du Togo (CRT) et la Caisse Nationale de S\u00e9curit\u00e9 Sociale (CNSS) ont annonc\u00e9 la mise en \u0153uvre effective du m\u00e9canisme de liquidation coordonn\u00e9e des pensions.<\/em><\/strong><\/p>\n\n\n\n<p class=\"wp-block-paragraph\">Conforme aux arr\u00eat\u00e9s interminist\u00e9riels en vigueur, ce dispositif historique harmonise enfin le traitement des droits \u00e0 la retraite pour les b\u00e9n\u00e9ficiaires ayant cotis\u00e9 aupr\u00e8s des deux institutions au cours de leur carri\u00e8re.<\/p>\n\n\n\n<p class=\"wp-block-paragraph\"><strong>Fin du rachat de cotisations, des ann\u00e9es de travail enfin cumul\u00e9es<\/strong><\/p>\n\n\n\n<p class=\"wp-block-paragraph\">Auparavant, changer de statut professionnel (passer du priv\u00e9 au public, ou inversement) imposait un processus de rachat de p\u00e9riodes de cotisation jug\u00e9 <em>\u00ab p\u00e9nible et d\u00e9favorable \u00bb<\/em> par les b\u00e9n\u00e9ficiaires d&rsquo;assurance. D\u00e9sormais, cette pratique appartient au pass\u00e9.<\/p>\n\n\n\n<figure class=\"wp-block-image size-full\"><img loading=\"lazy\" decoding=\"async\" width=\"851\" height=\"315\" src=\"https:\/\/macite.tg\/wp-content\/uploads\/2026\/07\/OTR_Ferer-pour-batir-1.jpg\" alt=\"\" class=\"wp-image-31769\" srcset=\"https:\/\/macite.tg\/wp-content\/uploads\/2026\/07\/OTR_Ferer-pour-batir-1.jpg 851w, https:\/\/macite.tg\/wp-content\/uploads\/2026\/07\/OTR_Ferer-pour-batir-1-300x111.jpg 300w, https:\/\/macite.tg\/wp-content\/uploads\/2026\/07\/OTR_Ferer-pour-batir-1-768x284.jpg 768w\" sizes=\"auto, (max-width: 851px) 100vw, 851px\" \/><\/figure>\n\n\n\n<p class=\"wp-block-paragraph\">Le nouveau m\u00e9canisme s&rsquo;adresse directement aux travailleurs affili\u00e9s successivement ou alternativement aux deux r\u00e9gimes. Toutes les p\u00e9riodes accomplies sous la CRT et la CNSS seront totalis\u00e9es pour le calcul final de la pension de retraite. L&rsquo;objectif est simple : permettre \u00e0 chaque citoyen de faire valoir l&rsquo;int\u00e9gralit\u00e9 de sa carri\u00e8re professionnelle sans perdre un seul mois de cotisation.<\/p>\n\n\n\n<p class=\"wp-block-paragraph\"><strong>Comment fonctionne la liquidation coordonn\u00e9e ?<\/strong><\/p>\n\n\n\n<p class=\"wp-block-paragraph\">Pour b\u00e9n\u00e9ficier de cette totalisation des droits, les assur\u00e9s doivent remplir les conditions d&rsquo;\u00e2ge et de cessation d&rsquo;activit\u00e9 fix\u00e9es par chacun des deux r\u00e9gimes.<\/p>\n\n\n\n<p class=\"wp-block-paragraph\">Toutefois, une flexibilit\u00e9 est accord\u00e9e pour \u00e9viter de p\u00e9naliser les travailleurs : <em>\u00ab Pour un assur\u00e9 qui n&rsquo;a r\u00e9uni les conditions de liquidation qu&rsquo;au titre d&rsquo;un seul r\u00e9gime, il peut obtenir la liquidation de son droit aupr\u00e8s de ce r\u00e9gime en attendant l&rsquo;accomplissement des conditions au titre de l&rsquo;autre r\u00e9gime \u00bb<\/em>, pr\u00e9cisent la CRT et la CNSS.<\/p>\n\n\n\n<p class=\"wp-block-paragraph\"><strong>Un pilier majeur du renforcement de la protection sociale au Togo<\/strong><\/p>\n\n\n\n<p class=\"wp-block-paragraph\">Notons que cette r\u00e9forme s&rsquo;inscrit dans la dynamique gouvernementale de modernisation et de renforcement de la protection sociale pour tous les Togolais.<\/p>\n\n\n<div class=\"wp-block-image\">\n<figure class=\"aligncenter size-full is-resized\"><img loading=\"lazy\" decoding=\"async\" width=\"431\" height=\"431\" src=\"https:\/\/macite.tg\/wp-content\/uploads\/2026\/06\/image-78.png\" alt=\"\" class=\"wp-image-31645\" style=\"width:507px;height:auto\" srcset=\"https:\/\/macite.tg\/wp-content\/uploads\/2026\/06\/image-78.png 431w, https:\/\/macite.tg\/wp-content\/uploads\/2026\/06\/image-78-300x300.png 300w, https:\/\/macite.tg\/wp-content\/uploads\/2026\/06\/image-78-150x150.png 150w, https:\/\/macite.tg\/wp-content\/uploads\/2026\/06\/image-78-122x122.png 122w\" sizes=\"auto, (max-width: 431px) 100vw, 431px\" \/><\/figure>\n<\/div>\n\n\n<p class=\"wp-block-paragraph\">Les deux institutions continuent d&rsquo;ailleurs d&rsquo;afficher une solide sant\u00e9 financi\u00e8re au service des populations. En 2025, la CRT, qui assure la gestion des pensions des agents publics civils et militaires, a vers\u00e9 52,5 milliards CFA de prestations sociales. La CNSS couvre, de son c\u00f4t\u00e9, les travailleurs du secteur priv\u00e9, les travailleurs ind\u00e9pendants et ceux de l&rsquo;\u00e9conomie informelle, avec des taux de cotisation de 17,5&nbsp;% \u00e0 la charge de l&#8217;employeur et 4&nbsp;% \u00e0 la charge du travailleur.<\/p>\n\n\n\n<p class=\"wp-block-paragraph\">Gr\u00e2ce \u00e0 cette synergie entre la CRT et la CNSS, le Togo franchit un cap d\u00e9cisif vers un syst\u00e8me de retraite plus juste, plus fluide et protecteur pour l&rsquo;ensemble des travailleurs.<\/p>\n\n\n\n<p class=\"wp-block-paragraph\"><a><strong><em>@macite.tg&nbsp;&nbsp;&nbsp;&nbsp;&nbsp;&nbsp;&nbsp;&nbsp;<\/em><\/strong><\/a><\/p>\n\n\n\n<p class=\"wp-block-paragraph\"><strong><em>E-mail&nbsp;: <\/em><\/strong><a href=\"mailto:maciteinfo@gmail.com\"><strong><em>maciteinfo@gmail.com<\/em><\/strong><\/a><strong><em>; <\/em><\/strong><a href=\"mailto:bawela1@gmail.com\"><strong><em>bawela1@gmail.com<\/em><\/strong><\/a><strong><em><\/em><\/strong><\/p>\n\n\n\n<p class=\"wp-block-paragraph\"><strong><em>Pour vos annonces, publi-reportages, etc., joignez-nous au (00228)91515309\/<strong>79872224 <\/strong><strong><\/strong><\/em><\/strong><\/p>\n\n\n\n<p class=\"wp-block-paragraph\"><strong><em>www.macite.tg, L\u2019information, la bonne&nbsp;!<\/em><\/strong><\/p>\n\n\n\n<p class=\"wp-block-paragraph\"><\/p>\n","protected":false},"excerpt":{"rendered":"<p class=\"text-justify mb-2\" >C\u2019est une excellente nouvelle pour les travailleurs togolais ayant altern\u00e9 entre le secteur public et le secteur priv\u00e9. La Caisse de Retraites du Togo (CRT) et la Caisse Nationale de S\u00e9curit\u00e9 Sociale (CNSS) ont annonc\u00e9 la mise en \u0153uvre effective du m\u00e9canisme de liquidation coordonn\u00e9e [&hellip;]<\/p>\n","protected":false},"author":2,"featured_media":32113,"comment_status":"open","ping_status":"open","sticky":false,"template":"","format":"standard","meta":{"footnotes":""},"categories":[20,28,6],"tags":[],"class_list":["post-32109","post","type-post","status-publish","format-standard","has-post-thumbnail","hentry","category-actualite","category-securite","category-societe"],"yoast_head":"<!-- This site is optimized with the Yoast SEO plugin v28.4 - https:\/\/yoast.com\/product\/yoast-seo-wordpress\/ -->\n<title>RETRAITE : La CRT et la CNSS lancent la liquidation coordonn\u00e9e des pensions -<\/title>\n<meta name=\"robots\" content=\"index, follow, max-snippet:-1, max-image-preview:large, max-video-preview:-1\" \/>\n<link rel=\"canonical\" href=\"https:\/\/macite.tg\/?p=32109\" \/>\n<meta property=\"og:locale\" content=\"fr_FR\" \/>\n<meta property=\"og:type\" content=\"article\" \/>\n<meta property=\"og:title\" content=\"RETRAITE : La CRT et la CNSS lancent la liquidation coordonn\u00e9e des pensions -\" \/>\n<meta property=\"og:description\" content=\"C\u2019est une excellente nouvelle pour les travailleurs togolais ayant altern\u00e9 entre le secteur public et le secteur priv\u00e9. La Caisse de Retraites du Togo (CRT) et la Caisse Nationale de S\u00e9curit\u00e9 Sociale (CNSS) ont annonc\u00e9 la mise en \u0153uvre effective du m\u00e9canisme de liquidation coordonn\u00e9e [&hellip;]\" \/>\n<meta property=\"og:url\" content=\"https:\/\/macite.tg\/?p=32109\" \/>\n<meta property=\"article:published_time\" content=\"2026-07-13T14:38:53+00:00\" \/>\n<meta property=\"article:modified_time\" content=\"2026-07-16T17:54:48+00:00\" \/>\n<meta property=\"og:image\" content=\"https:\/\/macite.tg\/wp-content\/uploads\/2026\/07\/image-51.png\" \/>\n\t<meta property=\"og:image:width\" content=\"288\" \/>\n\t<meta property=\"og:image:height\" content=\"234\" \/>\n\t<meta property=\"og:image:type\" content=\"image\/png\" \/>\n<meta name=\"author\" content=\"Jean Pierre BAWELA\" \/>\n<meta name=\"twitter:card\" content=\"summary_large_image\" \/>\n<meta name=\"twitter:label1\" content=\"\u00c9crit par\" \/>\n\t<meta name=\"twitter:data1\" content=\"Jean Pierre BAWELA\" \/>\n\t<meta name=\"twitter:label2\" content=\"Dur\u00e9e de lecture estim\u00e9e\" \/>\n\t<meta name=\"twitter:data2\" content=\"3 minutes\" \/>\n<script type=\"application\/ld+json\" class=\"yoast-schema-graph\">{\"@context\":\"https:\\\/\\\/schema.org\",\"@graph\":[{\"@type\":\"Article\",\"@id\":\"https:\\\/\\\/macite.tg\\\/?p=32109#article\",\"isPartOf\":{\"@id\":\"https:\\\/\\\/macite.tg\\\/?p=32109\"},\"author\":{\"name\":\"Jean Pierre BAWELA\",\"@id\":\"https:\\\/\\\/macite.tg\\\/#\\\/schema\\\/person\\\/e9f2de7e5dbbe7770a9402c7ce82f5c2\"},\"headline\":\"RETRAITE : La CRT et la CNSS lancent la liquidation coordonn\u00e9e des pensions\",\"datePublished\":\"2026-07-13T14:38:53+00:00\",\"dateModified\":\"2026-07-16T17:54:48+00:00\",\"mainEntityOfPage\":{\"@id\":\"https:\\\/\\\/macite.tg\\\/?p=32109\"},\"wordCount\":508,\"commentCount\":0,\"image\":{\"@id\":\"https:\\\/\\\/macite.tg\\\/?p=32109#primaryimage\"},\"thumbnailUrl\":\"https:\\\/\\\/macite.tg\\\/wp-content\\\/uploads\\\/2026\\\/07\\\/image-51.png\",\"articleSection\":[\"ACTUALITE\",\"SECURITE\",\"SOCIETE\"],\"inLanguage\":\"fr-FR\",\"potentialAction\":[{\"@type\":\"CommentAction\",\"name\":\"Comment\",\"target\":[\"https:\\\/\\\/macite.tg\\\/?p=32109#respond\"]}]},{\"@type\":\"WebPage\",\"@id\":\"https:\\\/\\\/macite.tg\\\/?p=32109\",\"url\":\"https:\\\/\\\/macite.tg\\\/?p=32109\",\"name\":\"RETRAITE : La CRT et la CNSS lancent la liquidation coordonn\u00e9e des pensions -\",\"isPartOf\":{\"@id\":\"https:\\\/\\\/macite.tg\\\/#website\"},\"primaryImageOfPage\":{\"@id\":\"https:\\\/\\\/macite.tg\\\/?p=32109#primaryimage\"},\"image\":{\"@id\":\"https:\\\/\\\/macite.tg\\\/?p=32109#primaryimage\"},\"thumbnailUrl\":\"https:\\\/\\\/macite.tg\\\/wp-content\\\/uploads\\\/2026\\\/07\\\/image-51.png\",\"datePublished\":\"2026-07-13T14:38:53+00:00\",\"dateModified\":\"2026-07-16T17:54:48+00:00\",\"author\":{\"@id\":\"https:\\\/\\\/macite.tg\\\/#\\\/schema\\\/person\\\/e9f2de7e5dbbe7770a9402c7ce82f5c2\"},\"breadcrumb\":{\"@id\":\"https:\\\/\\\/macite.tg\\\/?p=32109#breadcrumb\"},\"inLanguage\":\"fr-FR\",\"potentialAction\":[{\"@type\":\"ReadAction\",\"target\":[\"https:\\\/\\\/macite.tg\\\/?p=32109\"]}]},{\"@type\":\"ImageObject\",\"inLanguage\":\"fr-FR\",\"@id\":\"https:\\\/\\\/macite.tg\\\/?p=32109#primaryimage\",\"url\":\"https:\\\/\\\/macite.tg\\\/wp-content\\\/uploads\\\/2026\\\/07\\\/image-51.png\",\"contentUrl\":\"https:\\\/\\\/macite.tg\\\/wp-content\\\/uploads\\\/2026\\\/07\\\/image-51.png\",\"width\":288,\"height\":234},{\"@type\":\"BreadcrumbList\",\"@id\":\"https:\\\/\\\/macite.tg\\\/?p=32109#breadcrumb\",\"itemListElement\":[{\"@type\":\"ListItem\",\"position\":1,\"name\":\"Accueil\",\"item\":\"https:\\\/\\\/macite.tg\\\/\"},{\"@type\":\"ListItem\",\"position\":2,\"name\":\"RETRAITE : La CRT et la CNSS lancent la liquidation coordonn\u00e9e des pensions\"}]},{\"@type\":\"WebSite\",\"@id\":\"https:\\\/\\\/macite.tg\\\/#website\",\"url\":\"https:\\\/\\\/macite.tg\\\/\",\"name\":\"\",\"description\":\"L&#039;information, la bonne!!!\",\"potentialAction\":[{\"@type\":\"SearchAction\",\"target\":{\"@type\":\"EntryPoint\",\"urlTemplate\":\"https:\\\/\\\/macite.tg\\\/?s={search_term_string}\"},\"query-input\":{\"@type\":\"PropertyValueSpecification\",\"valueRequired\":true,\"valueName\":\"search_term_string\"}}],\"inLanguage\":\"fr-FR\"},{\"@type\":\"Person\",\"@id\":\"https:\\\/\\\/macite.tg\\\/#\\\/schema\\\/person\\\/e9f2de7e5dbbe7770a9402c7ce82f5c2\",\"name\":\"Jean Pierre BAWELA\",\"image\":{\"@type\":\"ImageObject\",\"inLanguage\":\"fr-FR\",\"@id\":\"https:\\\/\\\/macite.tg\\\/wp-content\\\/uploads\\\/2023\\\/09\\\/WhatsApp-Image-2023-09-19-at-14.44.41-122x122.jpeg\",\"url\":\"https:\\\/\\\/macite.tg\\\/wp-content\\\/uploads\\\/2023\\\/09\\\/WhatsApp-Image-2023-09-19-at-14.44.41-122x122.jpeg\",\"contentUrl\":\"https:\\\/\\\/macite.tg\\\/wp-content\\\/uploads\\\/2023\\\/09\\\/WhatsApp-Image-2023-09-19-at-14.44.41-122x122.jpeg\",\"caption\":\"Jean Pierre BAWELA\"},\"url\":\"https:\\\/\\\/macite.tg\\\/?author=2\"}]}<\/script>\n<!-- \/ Yoast SEO plugin. -->","yoast_head_json":{"title":"RETRAITE : La CRT et la CNSS lancent la liquidation coordonn\u00e9e des pensions -","robots":{"index":"index","follow":"follow","max-snippet":"max-snippet:-1","max-image-preview":"max-image-preview:large","max-video-preview":"max-video-preview:-1"},"canonical":"https:\/\/macite.tg\/?p=32109","og_locale":"fr_FR","og_type":"article","og_title":"RETRAITE : La CRT et la CNSS lancent la liquidation coordonn\u00e9e des pensions -","og_description":"C\u2019est une excellente nouvelle pour les travailleurs togolais ayant altern\u00e9 entre le secteur public et le secteur priv\u00e9. La Caisse de Retraites du Togo (CRT) et la Caisse Nationale de S\u00e9curit\u00e9 Sociale (CNSS) ont annonc\u00e9 la mise en \u0153uvre effective du m\u00e9canisme de liquidation coordonn\u00e9e [&hellip;]","og_url":"https:\/\/macite.tg\/?p=32109","article_published_time":"2026-07-13T14:38:53+00:00","article_modified_time":"2026-07-16T17:54:48+00:00","og_image":[{"width":288,"height":234,"url":"https:\/\/macite.tg\/wp-content\/uploads\/2026\/07\/image-51.png","type":"image\/png"}],"author":"Jean Pierre BAWELA","twitter_card":"summary_large_image","twitter_misc":{"\u00c9crit par":"Jean Pierre BAWELA","Dur\u00e9e de lecture estim\u00e9e":"3 minutes"},"schema":{"@context":"https:\/\/schema.org","@graph":[{"@type":"Article","@id":"https:\/\/macite.tg\/?p=32109#article","isPartOf":{"@id":"https:\/\/macite.tg\/?p=32109"},"author":{"name":"Jean Pierre BAWELA","@id":"https:\/\/macite.tg\/#\/schema\/person\/e9f2de7e5dbbe7770a9402c7ce82f5c2"},"headline":"RETRAITE : La CRT et la CNSS lancent la liquidation coordonn\u00e9e des pensions","datePublished":"2026-07-13T14:38:53+00:00","dateModified":"2026-07-16T17:54:48+00:00","mainEntityOfPage":{"@id":"https:\/\/macite.tg\/?p=32109"},"wordCount":508,"commentCount":0,"image":{"@id":"https:\/\/macite.tg\/?p=32109#primaryimage"},"thumbnailUrl":"https:\/\/macite.tg\/wp-content\/uploads\/2026\/07\/image-51.png","articleSection":["ACTUALITE","SECURITE","SOCIETE"],"inLanguage":"fr-FR","potentialAction":[{"@type":"CommentAction","name":"Comment","target":["https:\/\/macite.tg\/?p=32109#respond"]}]},{"@type":"WebPage","@id":"https:\/\/macite.tg\/?p=32109","url":"https:\/\/macite.tg\/?p=32109","name":"RETRAITE : La CRT et la CNSS lancent la liquidation coordonn\u00e9e des pensions -","isPartOf":{"@id":"https:\/\/macite.tg\/#website"},"primaryImageOfPage":{"@id":"https:\/\/macite.tg\/?p=32109#primaryimage"},"image":{"@id":"https:\/\/macite.tg\/?p=32109#primaryimage"},"thumbnailUrl":"https:\/\/macite.tg\/wp-content\/uploads\/2026\/07\/image-51.png","datePublished":"2026-07-13T14:38:53+00:00","dateModified":"2026-07-16T17:54:48+00:00","author":{"@id":"https:\/\/macite.tg\/#\/schema\/person\/e9f2de7e5dbbe7770a9402c7ce82f5c2"},"breadcrumb":{"@id":"https:\/\/macite.tg\/?p=32109#breadcrumb"},"inLanguage":"fr-FR","potentialAction":[{"@type":"ReadAction","target":["https:\/\/macite.tg\/?p=32109"]}]},{"@type":"ImageObject","inLanguage":"fr-FR","@id":"https:\/\/macite.tg\/?p=32109#primaryimage","url":"https:\/\/macite.tg\/wp-content\/uploads\/2026\/07\/image-51.png","contentUrl":"https:\/\/macite.tg\/wp-content\/uploads\/2026\/07\/image-51.png","width":288,"height":234},{"@type":"BreadcrumbList","@id":"https:\/\/macite.tg\/?p=32109#breadcrumb","itemListElement":[{"@type":"ListItem","position":1,"name":"Accueil","item":"https:\/\/macite.tg\/"},{"@type":"ListItem","position":2,"name":"RETRAITE : La CRT et la CNSS lancent la liquidation coordonn\u00e9e des pensions"}]},{"@type":"WebSite","@id":"https:\/\/macite.tg\/#website","url":"https:\/\/macite.tg\/","name":"","description":"L&#039;information, la bonne!!!","potentialAction":[{"@type":"SearchAction","target":{"@type":"EntryPoint","urlTemplate":"https:\/\/macite.tg\/?s={search_term_string}"},"query-input":{"@type":"PropertyValueSpecification","valueRequired":true,"valueName":"search_term_string"}}],"inLanguage":"fr-FR"},{"@type":"Person","@id":"https:\/\/macite.tg\/#\/schema\/person\/e9f2de7e5dbbe7770a9402c7ce82f5c2","name":"Jean Pierre BAWELA","image":{"@type":"ImageObject","inLanguage":"fr-FR","@id":"https:\/\/macite.tg\/wp-content\/uploads\/2023\/09\/WhatsApp-Image-2023-09-19-at-14.44.41-122x122.jpeg","url":"https:\/\/macite.tg\/wp-content\/uploads\/2023\/09\/WhatsApp-Image-2023-09-19-at-14.44.41-122x122.jpeg","contentUrl":"https:\/\/macite.tg\/wp-content\/uploads\/2023\/09\/WhatsApp-Image-2023-09-19-at-14.44.41-122x122.jpeg","caption":"Jean Pierre BAWELA"},"url":"https:\/\/macite.tg\/?author=2"}]}},"_links":{"self":[{"href":"https:\/\/macite.tg\/index.php?rest_route=\/wp\/v2\/posts\/32109","targetHints":{"allow":["GET"]}}],"collection":[{"href":"https:\/\/macite.tg\/index.php?rest_route=\/wp\/v2\/posts"}],"about":[{"href":"https:\/\/macite.tg\/index.php?rest_route=\/wp\/v2\/types\/post"}],"author":[{"embeddable":true,"href":"https:\/\/macite.tg\/index.php?rest_route=\/wp\/v2\/users\/2"}],"replies":[{"embeddable":true,"href":"https:\/\/macite.tg\/index.php?rest_route=%2Fwp%2Fv2%2Fcomments&post=32109"}],"version-history":[{"count":0,"href":"https:\/\/macite.tg\/index.php?rest_route=\/wp\/v2\/posts\/32109\/revisions"}],"wp:featuredmedia":[{"embeddable":true,"href":"https:\/\/macite.tg\/index.php?rest_route=\/wp\/v2\/media\/32113"}],"wp:attachment":[{"href":"https:\/\/macite.tg\/index.php?rest_route=%2Fwp%2Fv2%2Fmedia&parent=32109"}],"wp:term":[{"taxonomy":"category","embeddable":true,"href":"https:\/\/macite.tg\/index.php?rest_route=%2Fwp%2Fv2%2Fcategories&post=32109"},{"taxonomy":"post_tag","embeddable":true,"href":"https:\/\/macite.tg\/index.php?rest_route=%2Fwp%2Fv2%2Ftags&post=32109"}],"curies":[{"name":"wp","href":"https:\/\/api.w.org\/{rel}","templated":true}]}}