{"id":32108,"date":"2026-07-13T14:05:52","date_gmt":"2026-07-13T14:05:52","guid":{"rendered":"https:\/\/macite.tg\/?p=32108"},"modified":"2026-07-13T14:09:31","modified_gmt":"2026-07-13T14:09:31","slug":"diplomatie-le-togo-et-le-congo-sunissent-pour-la-paix-et-la-securite-en-afrique","status":"publish","type":"post","link":"https:\/\/macite.tg\/?p=32108","title":{"rendered":"DIPLOMATIE : Le Togo et le Congo s&rsquo;unissent pour la paix et la s\u00e9curit\u00e9 en Afrique"},"content":{"rendered":"\n<p class=\"wp-block-paragraph\"><strong><em>Le Pr\u00e9sident du Conseil, Faure Essozimna Gnassingb\u00e9, a accord\u00e9, le 9 juillet dernier, une audience au ministre des Affaires \u00e9trang\u00e8res, de la Francophonie et des Congolais de l\u2019\u00e9tranger de la R\u00e9publique du Congo, Constant-Serge Bounda. Cette rencontre strat\u00e9gique qui s\u2019inscrit dans le cadre des consultations r\u00e9guli\u00e8res entre Lom\u00e9 et Brazzaville, vise \u00e0 peaufiner les m\u00e9canismes africains de pr\u00e9vention et de r\u00e9solution des conflits.<\/em><\/strong><\/p>\n\n\n\n<p class=\"wp-block-paragraph\">Face \u00e0 l&rsquo;urgence des crises humanitaires et s\u00e9curitaires qui secouent plusieurs r\u00e9gions d&rsquo;Afrique, le Togo et le Congo r\u00e9affirment la n\u00e9cessit\u00e9 d&rsquo;une r\u00e9ponse unie et purement africaine. Les deux nations plaident activement pour le renforcement des cadres de dialogue et de concertation directe entre \u00c9tats.<\/p>\n\n\n\n<p class=\"wp-block-paragraph\">Le chef de la diplomatie congolaise a d&rsquo;ailleurs soulign\u00e9 la nature profonde de cette collaboration : <em>\u00ab Par leur vocation panafricaniste, Son Excellence Monsieur Denis Sassou N\u2019Guesso et son fr\u00e8re, Son Excellence Monsieur Faure Essozimna Gnassingb\u00e9 se consultent r\u00e9guli\u00e8rement sur des questions d\u2019importance majeure qui concernent notre continent, notamment les questions de paix et de s\u00e9curit\u00e9. C\u2019est dans ce sens que nous avons \u00e9t\u00e9 envoy\u00e9s \u00e0 Lom\u00e9 pour recueillir les avis du Pr\u00e9sident du Conseil. \u00bb, <\/em>a expliqu\u00e9 le diplomate congolais<em>.<\/em><\/p>\n\n\n\n<figure class=\"wp-block-image size-full\"><img loading=\"lazy\" decoding=\"async\" width=\"851\" height=\"315\" src=\"https:\/\/macite.tg\/wp-content\/uploads\/2026\/07\/OTR_Ferer-pour-batir-1.jpg\" alt=\"\" class=\"wp-image-31769\" srcset=\"https:\/\/macite.tg\/wp-content\/uploads\/2026\/07\/OTR_Ferer-pour-batir-1.jpg 851w, https:\/\/macite.tg\/wp-content\/uploads\/2026\/07\/OTR_Ferer-pour-batir-1-300x111.jpg 300w, https:\/\/macite.tg\/wp-content\/uploads\/2026\/07\/OTR_Ferer-pour-batir-1-768x284.jpg 768w\" sizes=\"auto, (max-width: 851px) 100vw, 851px\" \/><\/figure>\n\n\n\n<p class=\"wp-block-paragraph\">Cette mission diplomatique met une nouvelle fois en lumi\u00e8re le leadership diplomatique du Pr\u00e9sident du conseil togolais. Connu pour sa politique de neutralit\u00e9 et de facilitation du dialogue, Faure Gnassingb\u00e9 s&rsquo;impose comme une voix incontournable pour la stabilit\u00e9 r\u00e9gionale.<\/p>\n\n\n\n<p class=\"wp-block-paragraph\">Pour rappel, le Pr\u00e9sident du Conseil togolais assume une responsabilit\u00e9 de premier plan au niveau continental. Il est le M\u00e9diateur d\u00e9sign\u00e9 de l\u2019Union africaine (UA) pour la r\u00e9solution de la crise complexe qui secoue depuis plusieurs mois d\u00e9j\u00e0 l\u2019Est de la R\u00e9publique D\u00e9mocratique du Congo (RDC) et dans la r\u00e9gion des Grands Lacs.<\/p>\n\n\n<div class=\"wp-block-image\">\n<figure class=\"aligncenter size-full\"><img loading=\"lazy\" decoding=\"async\" width=\"431\" height=\"431\" src=\"https:\/\/macite.tg\/wp-content\/uploads\/2026\/06\/image-78.png\" alt=\"\" class=\"wp-image-31645\" srcset=\"https:\/\/macite.tg\/wp-content\/uploads\/2026\/06\/image-78.png 431w, https:\/\/macite.tg\/wp-content\/uploads\/2026\/06\/image-78-300x300.png 300w, https:\/\/macite.tg\/wp-content\/uploads\/2026\/06\/image-78-150x150.png 150w, https:\/\/macite.tg\/wp-content\/uploads\/2026\/06\/image-78-122x122.png 122w\" sizes=\"auto, (max-width: 431px) 100vw, 431px\" \/><\/figure>\n<\/div>\n\n\n<p class=\"wp-block-paragraph\">Cette audience de Lom\u00e9 marque ainsi une \u00e9tape suppl\u00e9mentaire dans la recherche de solutions durables et concert\u00e9es, port\u00e9es par deux figures majeures du panafricanisme moderne.<\/p>\n\n\n\n<p class=\"wp-block-paragraph\"><strong>La R\u00e9daction<\/strong><\/p>\n\n\n\n<p class=\"wp-block-paragraph\"><a><strong><em>@macite.tg&nbsp;&nbsp;&nbsp;&nbsp;&nbsp;&nbsp;&nbsp;&nbsp;<\/em><\/strong><\/a><\/p>\n\n\n\n<p class=\"wp-block-paragraph\"><strong><em>E-mail&nbsp;: <\/em><\/strong><a href=\"mailto:maciteinfo@gmail.com\"><strong><em>maciteinfo@gmail.com<\/em><\/strong><\/a><strong><em>; <\/em><\/strong><a href=\"mailto:bawela1@gmail.com\"><strong><em>bawela1@gmail.com<\/em><\/strong><\/a><strong><em><\/em><\/strong><\/p>\n\n\n\n<p class=\"wp-block-paragraph\"><strong><em>Pour vos annonces, publi-reportages, etc., joignez-nous au (00228)91515309\/<strong>79872224 <\/strong><strong><\/strong><\/em><\/strong><\/p>\n\n\n\n<p class=\"wp-block-paragraph\"><strong><em>www.macite.tg, L\u2019information, la bonne&nbsp;!<\/em><\/strong><\/p>\n\n\n\n<p class=\"wp-block-paragraph\"><\/p>\n","protected":false},"excerpt":{"rendered":"<p class=\"text-justify mb-2\" >Le Pr\u00e9sident du Conseil, Faure Essozimna Gnassingb\u00e9, a accord\u00e9, le 9 juillet dernier, une audience au ministre des Affaires \u00e9trang\u00e8res, de la Francophonie et des Congolais de l\u2019\u00e9tranger de la R\u00e9publique du Congo, Constant-Serge Bounda. Cette rencontre strat\u00e9gique qui s\u2019inscrit dans le cadre des consultations [&hellip;]<\/p>\n","protected":false},"author":2,"featured_media":32112,"comment_status":"open","ping_status":"open","sticky":false,"template":"","format":"standard","meta":{"footnotes":""},"categories":[20,8],"tags":[],"class_list":["post-32108","post","type-post","status-publish","format-standard","has-post-thumbnail","hentry","category-actualite","category-diplomatie"],"yoast_head":"<!-- This site is optimized with the Yoast SEO plugin v28.4 - https:\/\/yoast.com\/product\/yoast-seo-wordpress\/ -->\n<title>DIPLOMATIE : Le Togo et le Congo s&#039;unissent pour la paix et la s\u00e9curit\u00e9 en Afrique -<\/title>\n<meta name=\"robots\" content=\"index, follow, max-snippet:-1, max-image-preview:large, max-video-preview:-1\" \/>\n<link rel=\"canonical\" href=\"https:\/\/macite.tg\/?p=32108\" \/>\n<meta property=\"og:locale\" content=\"fr_FR\" \/>\n<meta property=\"og:type\" content=\"article\" \/>\n<meta property=\"og:title\" content=\"DIPLOMATIE : Le Togo et le Congo s&#039;unissent pour la paix et la s\u00e9curit\u00e9 en Afrique -\" \/>\n<meta property=\"og:description\" content=\"Le Pr\u00e9sident du Conseil, Faure Essozimna Gnassingb\u00e9, a accord\u00e9, le 9 juillet dernier, une audience au ministre des Affaires \u00e9trang\u00e8res, de la Francophonie et des Congolais de l\u2019\u00e9tranger de la R\u00e9publique du Congo, Constant-Serge Bounda. Cette rencontre strat\u00e9gique qui s\u2019inscrit dans le cadre des consultations [&hellip;]\" \/>\n<meta property=\"og:url\" content=\"https:\/\/macite.tg\/?p=32108\" \/>\n<meta property=\"article:published_time\" content=\"2026-07-13T14:05:52+00:00\" \/>\n<meta property=\"article:modified_time\" content=\"2026-07-13T14:09:31+00:00\" \/>\n<meta property=\"og:image\" content=\"https:\/\/macite.tg\/wp-content\/uploads\/2026\/07\/CONGO-1.jpg\" \/>\n\t<meta property=\"og:image:width\" content=\"500\" \/>\n\t<meta property=\"og:image:height\" content=\"353\" \/>\n\t<meta property=\"og:image:type\" content=\"image\/jpeg\" \/>\n<meta name=\"author\" content=\"Jean Pierre BAWELA\" \/>\n<meta name=\"twitter:card\" content=\"summary_large_image\" \/>\n<meta name=\"twitter:label1\" content=\"\u00c9crit par\" \/>\n\t<meta name=\"twitter:data1\" content=\"Jean Pierre BAWELA\" \/>\n\t<meta name=\"twitter:label2\" content=\"Dur\u00e9e de lecture estim\u00e9e\" \/>\n\t<meta name=\"twitter:data2\" content=\"3 minutes\" \/>\n<script type=\"application\/ld+json\" class=\"yoast-schema-graph\">{\"@context\":\"https:\\\/\\\/schema.org\",\"@graph\":[{\"@type\":\"Article\",\"@id\":\"https:\\\/\\\/macite.tg\\\/?p=32108#article\",\"isPartOf\":{\"@id\":\"https:\\\/\\\/macite.tg\\\/?p=32108\"},\"author\":{\"name\":\"Jean Pierre BAWELA\",\"@id\":\"https:\\\/\\\/macite.tg\\\/#\\\/schema\\\/person\\\/e9f2de7e5dbbe7770a9402c7ce82f5c2\"},\"headline\":\"DIPLOMATIE : Le Togo et le Congo s&rsquo;unissent pour la paix et la s\u00e9curit\u00e9 en Afrique\",\"datePublished\":\"2026-07-13T14:05:52+00:00\",\"dateModified\":\"2026-07-13T14:09:31+00:00\",\"mainEntityOfPage\":{\"@id\":\"https:\\\/\\\/macite.tg\\\/?p=32108\"},\"wordCount\":398,\"commentCount\":0,\"image\":{\"@id\":\"https:\\\/\\\/macite.tg\\\/?p=32108#primaryimage\"},\"thumbnailUrl\":\"https:\\\/\\\/macite.tg\\\/wp-content\\\/uploads\\\/2026\\\/07\\\/CONGO-1.jpg\",\"articleSection\":[\"ACTUALITE\",\"DIPLOMATIE\"],\"inLanguage\":\"fr-FR\",\"potentialAction\":[{\"@type\":\"CommentAction\",\"name\":\"Comment\",\"target\":[\"https:\\\/\\\/macite.tg\\\/?p=32108#respond\"]}]},{\"@type\":\"WebPage\",\"@id\":\"https:\\\/\\\/macite.tg\\\/?p=32108\",\"url\":\"https:\\\/\\\/macite.tg\\\/?p=32108\",\"name\":\"DIPLOMATIE : Le Togo et le Congo s'unissent pour la paix et la s\u00e9curit\u00e9 en Afrique -\",\"isPartOf\":{\"@id\":\"https:\\\/\\\/macite.tg\\\/#website\"},\"primaryImageOfPage\":{\"@id\":\"https:\\\/\\\/macite.tg\\\/?p=32108#primaryimage\"},\"image\":{\"@id\":\"https:\\\/\\\/macite.tg\\\/?p=32108#primaryimage\"},\"thumbnailUrl\":\"https:\\\/\\\/macite.tg\\\/wp-content\\\/uploads\\\/2026\\\/07\\\/CONGO-1.jpg\",\"datePublished\":\"2026-07-13T14:05:52+00:00\",\"dateModified\":\"2026-07-13T14:09:31+00:00\",\"author\":{\"@id\":\"https:\\\/\\\/macite.tg\\\/#\\\/schema\\\/person\\\/e9f2de7e5dbbe7770a9402c7ce82f5c2\"},\"breadcrumb\":{\"@id\":\"https:\\\/\\\/macite.tg\\\/?p=32108#breadcrumb\"},\"inLanguage\":\"fr-FR\",\"potentialAction\":[{\"@type\":\"ReadAction\",\"target\":[\"https:\\\/\\\/macite.tg\\\/?p=32108\"]}]},{\"@type\":\"ImageObject\",\"inLanguage\":\"fr-FR\",\"@id\":\"https:\\\/\\\/macite.tg\\\/?p=32108#primaryimage\",\"url\":\"https:\\\/\\\/macite.tg\\\/wp-content\\\/uploads\\\/2026\\\/07\\\/CONGO-1.jpg\",\"contentUrl\":\"https:\\\/\\\/macite.tg\\\/wp-content\\\/uploads\\\/2026\\\/07\\\/CONGO-1.jpg\",\"width\":500,\"height\":353},{\"@type\":\"BreadcrumbList\",\"@id\":\"https:\\\/\\\/macite.tg\\\/?p=32108#breadcrumb\",\"itemListElement\":[{\"@type\":\"ListItem\",\"position\":1,\"name\":\"Accueil\",\"item\":\"https:\\\/\\\/macite.tg\\\/\"},{\"@type\":\"ListItem\",\"position\":2,\"name\":\"DIPLOMATIE : Le Togo et le Congo s&rsquo;unissent pour la paix et la s\u00e9curit\u00e9 en Afrique\"}]},{\"@type\":\"WebSite\",\"@id\":\"https:\\\/\\\/macite.tg\\\/#website\",\"url\":\"https:\\\/\\\/macite.tg\\\/\",\"name\":\"\",\"description\":\"L&#039;information, la bonne!!!\",\"potentialAction\":[{\"@type\":\"SearchAction\",\"target\":{\"@type\":\"EntryPoint\",\"urlTemplate\":\"https:\\\/\\\/macite.tg\\\/?s={search_term_string}\"},\"query-input\":{\"@type\":\"PropertyValueSpecification\",\"valueRequired\":true,\"valueName\":\"search_term_string\"}}],\"inLanguage\":\"fr-FR\"},{\"@type\":\"Person\",\"@id\":\"https:\\\/\\\/macite.tg\\\/#\\\/schema\\\/person\\\/e9f2de7e5dbbe7770a9402c7ce82f5c2\",\"name\":\"Jean Pierre BAWELA\",\"image\":{\"@type\":\"ImageObject\",\"inLanguage\":\"fr-FR\",\"@id\":\"https:\\\/\\\/macite.tg\\\/wp-content\\\/uploads\\\/2023\\\/09\\\/WhatsApp-Image-2023-09-19-at-14.44.41-122x122.jpeg\",\"url\":\"https:\\\/\\\/macite.tg\\\/wp-content\\\/uploads\\\/2023\\\/09\\\/WhatsApp-Image-2023-09-19-at-14.44.41-122x122.jpeg\",\"contentUrl\":\"https:\\\/\\\/macite.tg\\\/wp-content\\\/uploads\\\/2023\\\/09\\\/WhatsApp-Image-2023-09-19-at-14.44.41-122x122.jpeg\",\"caption\":\"Jean Pierre BAWELA\"},\"url\":\"https:\\\/\\\/macite.tg\\\/?author=2\"}]}<\/script>\n<!-- \/ Yoast SEO plugin. -->","yoast_head_json":{"title":"DIPLOMATIE : Le Togo et le Congo s'unissent pour la paix et la s\u00e9curit\u00e9 en Afrique -","robots":{"index":"index","follow":"follow","max-snippet":"max-snippet:-1","max-image-preview":"max-image-preview:large","max-video-preview":"max-video-preview:-1"},"canonical":"https:\/\/macite.tg\/?p=32108","og_locale":"fr_FR","og_type":"article","og_title":"DIPLOMATIE : Le Togo et le Congo s'unissent pour la paix et la s\u00e9curit\u00e9 en Afrique -","og_description":"Le Pr\u00e9sident du Conseil, Faure Essozimna Gnassingb\u00e9, a accord\u00e9, le 9 juillet dernier, une audience au ministre des Affaires \u00e9trang\u00e8res, de la Francophonie et des Congolais de l\u2019\u00e9tranger de la R\u00e9publique du Congo, Constant-Serge Bounda. Cette rencontre strat\u00e9gique qui s\u2019inscrit dans le cadre des consultations [&hellip;]","og_url":"https:\/\/macite.tg\/?p=32108","article_published_time":"2026-07-13T14:05:52+00:00","article_modified_time":"2026-07-13T14:09:31+00:00","og_image":[{"width":500,"height":353,"url":"https:\/\/macite.tg\/wp-content\/uploads\/2026\/07\/CONGO-1.jpg","type":"image\/jpeg"}],"author":"Jean Pierre BAWELA","twitter_card":"summary_large_image","twitter_misc":{"\u00c9crit par":"Jean Pierre BAWELA","Dur\u00e9e de lecture estim\u00e9e":"3 minutes"},"schema":{"@context":"https:\/\/schema.org","@graph":[{"@type":"Article","@id":"https:\/\/macite.tg\/?p=32108#article","isPartOf":{"@id":"https:\/\/macite.tg\/?p=32108"},"author":{"name":"Jean Pierre BAWELA","@id":"https:\/\/macite.tg\/#\/schema\/person\/e9f2de7e5dbbe7770a9402c7ce82f5c2"},"headline":"DIPLOMATIE : Le Togo et le Congo s&rsquo;unissent pour la paix et la s\u00e9curit\u00e9 en Afrique","datePublished":"2026-07-13T14:05:52+00:00","dateModified":"2026-07-13T14:09:31+00:00","mainEntityOfPage":{"@id":"https:\/\/macite.tg\/?p=32108"},"wordCount":398,"commentCount":0,"image":{"@id":"https:\/\/macite.tg\/?p=32108#primaryimage"},"thumbnailUrl":"https:\/\/macite.tg\/wp-content\/uploads\/2026\/07\/CONGO-1.jpg","articleSection":["ACTUALITE","DIPLOMATIE"],"inLanguage":"fr-FR","potentialAction":[{"@type":"CommentAction","name":"Comment","target":["https:\/\/macite.tg\/?p=32108#respond"]}]},{"@type":"WebPage","@id":"https:\/\/macite.tg\/?p=32108","url":"https:\/\/macite.tg\/?p=32108","name":"DIPLOMATIE : Le Togo et le Congo s'unissent pour la paix et la s\u00e9curit\u00e9 en Afrique -","isPartOf":{"@id":"https:\/\/macite.tg\/#website"},"primaryImageOfPage":{"@id":"https:\/\/macite.tg\/?p=32108#primaryimage"},"image":{"@id":"https:\/\/macite.tg\/?p=32108#primaryimage"},"thumbnailUrl":"https:\/\/macite.tg\/wp-content\/uploads\/2026\/07\/CONGO-1.jpg","datePublished":"2026-07-13T14:05:52+00:00","dateModified":"2026-07-13T14:09:31+00:00","author":{"@id":"https:\/\/macite.tg\/#\/schema\/person\/e9f2de7e5dbbe7770a9402c7ce82f5c2"},"breadcrumb":{"@id":"https:\/\/macite.tg\/?p=32108#breadcrumb"},"inLanguage":"fr-FR","potentialAction":[{"@type":"ReadAction","target":["https:\/\/macite.tg\/?p=32108"]}]},{"@type":"ImageObject","inLanguage":"fr-FR","@id":"https:\/\/macite.tg\/?p=32108#primaryimage","url":"https:\/\/macite.tg\/wp-content\/uploads\/2026\/07\/CONGO-1.jpg","contentUrl":"https:\/\/macite.tg\/wp-content\/uploads\/2026\/07\/CONGO-1.jpg","width":500,"height":353},{"@type":"BreadcrumbList","@id":"https:\/\/macite.tg\/?p=32108#breadcrumb","itemListElement":[{"@type":"ListItem","position":1,"name":"Accueil","item":"https:\/\/macite.tg\/"},{"@type":"ListItem","position":2,"name":"DIPLOMATIE : Le Togo et le Congo s&rsquo;unissent pour la paix et la s\u00e9curit\u00e9 en Afrique"}]},{"@type":"WebSite","@id":"https:\/\/macite.tg\/#website","url":"https:\/\/macite.tg\/","name":"","description":"L&#039;information, la bonne!!!","potentialAction":[{"@type":"SearchAction","target":{"@type":"EntryPoint","urlTemplate":"https:\/\/macite.tg\/?s={search_term_string}"},"query-input":{"@type":"PropertyValueSpecification","valueRequired":true,"valueName":"search_term_string"}}],"inLanguage":"fr-FR"},{"@type":"Person","@id":"https:\/\/macite.tg\/#\/schema\/person\/e9f2de7e5dbbe7770a9402c7ce82f5c2","name":"Jean Pierre BAWELA","image":{"@type":"ImageObject","inLanguage":"fr-FR","@id":"https:\/\/macite.tg\/wp-content\/uploads\/2023\/09\/WhatsApp-Image-2023-09-19-at-14.44.41-122x122.jpeg","url":"https:\/\/macite.tg\/wp-content\/uploads\/2023\/09\/WhatsApp-Image-2023-09-19-at-14.44.41-122x122.jpeg","contentUrl":"https:\/\/macite.tg\/wp-content\/uploads\/2023\/09\/WhatsApp-Image-2023-09-19-at-14.44.41-122x122.jpeg","caption":"Jean Pierre BAWELA"},"url":"https:\/\/macite.tg\/?author=2"}]}},"_links":{"self":[{"href":"https:\/\/macite.tg\/index.php?rest_route=\/wp\/v2\/posts\/32108","targetHints":{"allow":["GET"]}}],"collection":[{"href":"https:\/\/macite.tg\/index.php?rest_route=\/wp\/v2\/posts"}],"about":[{"href":"https:\/\/macite.tg\/index.php?rest_route=\/wp\/v2\/types\/post"}],"author":[{"embeddable":true,"href":"https:\/\/macite.tg\/index.php?rest_route=\/wp\/v2\/users\/2"}],"replies":[{"embeddable":true,"href":"https:\/\/macite.tg\/index.php?rest_route=%2Fwp%2Fv2%2Fcomments&post=32108"}],"version-history":[{"count":0,"href":"https:\/\/macite.tg\/index.php?rest_route=\/wp\/v2\/posts\/32108\/revisions"}],"wp:featuredmedia":[{"embeddable":true,"href":"https:\/\/macite.tg\/index.php?rest_route=\/wp\/v2\/media\/32112"}],"wp:attachment":[{"href":"https:\/\/macite.tg\/index.php?rest_route=%2Fwp%2Fv2%2Fmedia&parent=32108"}],"wp:term":[{"taxonomy":"category","embeddable":true,"href":"https:\/\/macite.tg\/index.php?rest_route=%2Fwp%2Fv2%2Fcategories&post=32108"},{"taxonomy":"post_tag","embeddable":true,"href":"https:\/\/macite.tg\/index.php?rest_route=%2Fwp%2Fv2%2Ftags&post=32108"}],"curies":[{"name":"wp","href":"https:\/\/api.w.org\/{rel}","templated":true}]}}