{"id":32093,"date":"2026-07-13T09:29:00","date_gmt":"2026-07-13T09:29:00","guid":{"rendered":"https:\/\/macite.tg\/?p=32093"},"modified":"2026-07-13T13:11:19","modified_gmt":"2026-07-13T13:11:19","slug":"evala-2026-le-ministere-de-la-securite-deploie-ses-services-de-proximite-dans-la-kara","status":"publish","type":"post","link":"https:\/\/macite.tg\/?p=32093","title":{"rendered":"EVALA 2026 : Le minist\u00e8re de la S\u00e9curit\u00e9 d\u00e9ploie ses services de proximit\u00e9 dans la Kara"},"content":{"rendered":"\n<p class=\"wp-block-paragraph\"><strong><em>Les luttes traditionnelles Evala ne sont pas seulement le rendez-vous de la culture en pays Kaby\u00e8. Elles constituent \u00e9galement une belle vitrine de proximit\u00e9 pour les institutions nationales. \u00c0 compter de ce lundi 13 juillet, le minist\u00e8re de la S\u00e9curit\u00e9 franchit une nouvelle \u00e9tape en d\u00e9ployant une op\u00e9ration int\u00e9gr\u00e9e de proximit\u00e9 dans la r\u00e9gion de la Kara.<\/em><\/strong><\/p>\n\n\n\n<p class=\"wp-block-paragraph\">L\u2019initiative, qui co\u00efncide avec la ferveur des luttes, a pour objectif de renforcer les liens entre les forces de l&rsquo;ordre et les citoyens, tout en facilitant l&rsquo;acc\u00e8s de la population \u00e0 des services administratifs et s\u00e9curitaires essentiels.<\/p>\n\n\n\n<p class=\"wp-block-paragraph\">Les \u00e9quipes du minist\u00e8re de la S\u00e9curit\u00e9 vont investir, jusqu\u2019au 19 juillet prochain, le terrain dans les pr\u00e9fectures de la Kozah et de Doufelgou. L&rsquo;op\u00e9ration mobilise un large \u00e9ventail d&rsquo;expertises pour r\u00e9pondre aux enjeux contemporains et assurer la tranquillit\u00e9 de tous pendant les festivit\u00e9s.<\/p>\n\n\n<div class=\"wp-block-image\">\n<figure class=\"aligncenter size-full is-resized\"><img loading=\"lazy\" decoding=\"async\" width=\"900\" height=\"900\" src=\"https:\/\/macite.tg\/wp-content\/uploads\/2026\/07\/image-49.png\" alt=\"\" class=\"wp-image-32098\" style=\"width:680px;height:auto\" srcset=\"https:\/\/macite.tg\/wp-content\/uploads\/2026\/07\/image-49.png 900w, https:\/\/macite.tg\/wp-content\/uploads\/2026\/07\/image-49-300x300.png 300w, https:\/\/macite.tg\/wp-content\/uploads\/2026\/07\/image-49-150x150.png 150w, https:\/\/macite.tg\/wp-content\/uploads\/2026\/07\/image-49-768x768.png 768w, https:\/\/macite.tg\/wp-content\/uploads\/2026\/07\/image-49-122x122.png 122w\" sizes=\"auto, (max-width: 900px) 100vw, 900px\" \/><\/figure>\n<\/div>\n\n\n<p class=\"wp-block-paragraph\">Les citoyens et les visiteurs pourront ainsi interagir directement avec plusieurs p\u00f4les sp\u00e9cialis\u00e9s. D\u2019abord, au plan s\u00e9curit\u00e9, il y aura une pr\u00e9sence renforc\u00e9e de la police de proximit\u00e9 et de la s\u00e9curit\u00e9 routi\u00e8re. En outre, des ateliers et informations sur la cybers\u00e9curit\u00e9 seront diss\u00e9min\u00e9s dans le cadre de la lutte anti-drogue, la protection civile, ainsi que la pr\u00e9vention du terrorisme et de l\u2019extr\u00e9misme violent.<\/p>\n\n\n\n<p class=\"wp-block-paragraph\">Enfin, au plan administratif, des services de la Direction G\u00e9n\u00e9rale de la Documentation Nationale (DGDN) devront faciliter les d\u00e9marches et acc\u00e9l\u00e9rer la d\u00e9livrance de documents importants tels que la carte nationale d\u2019identit\u00e9.<\/p>\n\n\n\n<p class=\"wp-block-paragraph\">Notons que chaque ann\u00e9e, le rite initiatique du pays Kaby\u00e8 draine des centaines de milliers de spectateurs et de touristes venus du monde entier. Cette affluence record transforme la r\u00e9gion de la Kara en un p\u00f4le d&rsquo;attraction unique.<\/p>\n\n\n<div class=\"wp-block-image\">\n<figure class=\"aligncenter size-full is-resized\"><img loading=\"lazy\" decoding=\"async\" width=\"431\" height=\"431\" src=\"https:\/\/macite.tg\/wp-content\/uploads\/2026\/06\/image-78.png\" alt=\"\" class=\"wp-image-31645\" style=\"width:540px;height:auto\" srcset=\"https:\/\/macite.tg\/wp-content\/uploads\/2026\/06\/image-78.png 431w, https:\/\/macite.tg\/wp-content\/uploads\/2026\/06\/image-78-300x300.png 300w, https:\/\/macite.tg\/wp-content\/uploads\/2026\/06\/image-78-150x150.png 150w, https:\/\/macite.tg\/wp-content\/uploads\/2026\/06\/image-78-122x122.png 122w\" sizes=\"auto, (max-width: 431px) 100vw, 431px\" \/><\/figure>\n<\/div>\n\n\n<p class=\"wp-block-paragraph\">En installant ces services au plus pr\u00e8s des r\u00e9alit\u00e9s locales, les autorit\u00e9s togolaises r\u00e9affirment leur volont\u00e9 de moderniser l&rsquo;administration publique en la rendant plus accessible, humaine et r\u00e9active, au c\u0153ur m\u00eame des grandes c\u00e9l\u00e9brations du patrimoine national.<\/p>\n\n\n\n<p class=\"wp-block-paragraph\"><strong>Mab\u00e9 B.<\/strong><\/p>\n\n\n\n<p class=\"wp-block-paragraph\"><strong><em>@macite.tg&nbsp;&nbsp;&nbsp;&nbsp;&nbsp;&nbsp;&nbsp;&nbsp;<\/em><\/strong><\/p>\n\n\n\n<p class=\"wp-block-paragraph\"><strong><em>E-mail&nbsp;: <\/em><\/strong><a href=\"mailto:maciteinfo@gmail.com\"><strong><em>maciteinfo@gmail.com<\/em><\/strong><\/a><strong><em>; <\/em><\/strong><a href=\"mailto:bawela1@gmail.com\"><strong><em>bawela1@gmail.com<\/em><\/strong><\/a><strong><em><\/em><\/strong><\/p>\n\n\n\n<p class=\"wp-block-paragraph\"><strong><em>Pour vos annonces, publi-reportages, etc., joignez-nous au (00228)91515309\/<strong>79872224 <\/strong><strong><\/strong><\/em><\/strong><strong><em>www.macite.tg, L\u2019information, la bonne&nbsp;<\/em><\/strong><\/p>\n\n\n\n<p class=\"wp-block-paragraph\"><\/p>\n","protected":false},"excerpt":{"rendered":"<p class=\"text-justify mb-2\" >Les luttes traditionnelles Evala ne sont pas seulement le rendez-vous de la culture en pays Kaby\u00e8. Elles constituent \u00e9galement une belle vitrine de proximit\u00e9 pour les institutions nationales. \u00c0 compter de ce lundi 13 juillet, le minist\u00e8re de la S\u00e9curit\u00e9 franchit une nouvelle \u00e9tape en [&hellip;]<\/p>\n","protected":false},"author":2,"featured_media":32097,"comment_status":"open","ping_status":"open","sticky":false,"template":"","format":"standard","meta":{"footnotes":""},"categories":[20,18,28],"tags":[],"class_list":["post-32093","post","type-post","status-publish","format-standard","has-post-thumbnail","hentry","category-actualite","category-culture","category-securite"],"yoast_head":"<!-- This site is optimized with the Yoast SEO plugin v28.4 - https:\/\/yoast.com\/product\/yoast-seo-wordpress\/ -->\n<title>EVALA 2026 : Le minist\u00e8re de la S\u00e9curit\u00e9 d\u00e9ploie ses services de proximit\u00e9 dans la Kara -<\/title>\n<meta name=\"robots\" content=\"index, follow, max-snippet:-1, max-image-preview:large, max-video-preview:-1\" \/>\n<link rel=\"canonical\" href=\"https:\/\/macite.tg\/?p=32093\" \/>\n<meta property=\"og:locale\" content=\"fr_FR\" \/>\n<meta property=\"og:type\" content=\"article\" \/>\n<meta property=\"og:title\" content=\"EVALA 2026 : Le minist\u00e8re de la S\u00e9curit\u00e9 d\u00e9ploie ses services de proximit\u00e9 dans la Kara -\" \/>\n<meta property=\"og:description\" content=\"Les luttes traditionnelles Evala ne sont pas seulement le rendez-vous de la culture en pays Kaby\u00e8. Elles constituent \u00e9galement une belle vitrine de proximit\u00e9 pour les institutions nationales. \u00c0 compter de ce lundi 13 juillet, le minist\u00e8re de la S\u00e9curit\u00e9 franchit une nouvelle \u00e9tape en [&hellip;]\" \/>\n<meta property=\"og:url\" content=\"https:\/\/macite.tg\/?p=32093\" \/>\n<meta property=\"article:published_time\" content=\"2026-07-13T09:29:00+00:00\" \/>\n<meta property=\"article:modified_time\" content=\"2026-07-13T13:11:19+00:00\" \/>\n<meta property=\"og:image\" content=\"https:\/\/macite.tg\/wp-content\/uploads\/2026\/07\/evala-securise.jpg\" \/>\n\t<meta property=\"og:image:width\" content=\"500\" \/>\n\t<meta property=\"og:image:height\" content=\"261\" \/>\n\t<meta property=\"og:image:type\" content=\"image\/jpeg\" \/>\n<meta name=\"author\" content=\"Jean Pierre BAWELA\" \/>\n<meta name=\"twitter:card\" content=\"summary_large_image\" \/>\n<meta name=\"twitter:label1\" content=\"\u00c9crit par\" \/>\n\t<meta name=\"twitter:data1\" content=\"Jean Pierre BAWELA\" \/>\n\t<meta name=\"twitter:label2\" content=\"Dur\u00e9e de lecture estim\u00e9e\" \/>\n\t<meta name=\"twitter:data2\" content=\"3 minutes\" \/>\n<script type=\"application\/ld+json\" class=\"yoast-schema-graph\">{\"@context\":\"https:\\\/\\\/schema.org\",\"@graph\":[{\"@type\":\"Article\",\"@id\":\"https:\\\/\\\/macite.tg\\\/?p=32093#article\",\"isPartOf\":{\"@id\":\"https:\\\/\\\/macite.tg\\\/?p=32093\"},\"author\":{\"name\":\"Jean Pierre BAWELA\",\"@id\":\"https:\\\/\\\/macite.tg\\\/#\\\/schema\\\/person\\\/e9f2de7e5dbbe7770a9402c7ce82f5c2\"},\"headline\":\"EVALA 2026 : Le minist\u00e8re de la S\u00e9curit\u00e9 d\u00e9ploie ses services de proximit\u00e9 dans la Kara\",\"datePublished\":\"2026-07-13T09:29:00+00:00\",\"dateModified\":\"2026-07-13T13:11:19+00:00\",\"mainEntityOfPage\":{\"@id\":\"https:\\\/\\\/macite.tg\\\/?p=32093\"},\"wordCount\":416,\"commentCount\":0,\"image\":{\"@id\":\"https:\\\/\\\/macite.tg\\\/?p=32093#primaryimage\"},\"thumbnailUrl\":\"https:\\\/\\\/macite.tg\\\/wp-content\\\/uploads\\\/2026\\\/07\\\/evala-securise.jpg\",\"articleSection\":[\"ACTUALITE\",\"CULTURE\",\"SECURITE\"],\"inLanguage\":\"fr-FR\",\"potentialAction\":[{\"@type\":\"CommentAction\",\"name\":\"Comment\",\"target\":[\"https:\\\/\\\/macite.tg\\\/?p=32093#respond\"]}]},{\"@type\":\"WebPage\",\"@id\":\"https:\\\/\\\/macite.tg\\\/?p=32093\",\"url\":\"https:\\\/\\\/macite.tg\\\/?p=32093\",\"name\":\"EVALA 2026 : Le minist\u00e8re de la S\u00e9curit\u00e9 d\u00e9ploie ses services de proximit\u00e9 dans la Kara -\",\"isPartOf\":{\"@id\":\"https:\\\/\\\/macite.tg\\\/#website\"},\"primaryImageOfPage\":{\"@id\":\"https:\\\/\\\/macite.tg\\\/?p=32093#primaryimage\"},\"image\":{\"@id\":\"https:\\\/\\\/macite.tg\\\/?p=32093#primaryimage\"},\"thumbnailUrl\":\"https:\\\/\\\/macite.tg\\\/wp-content\\\/uploads\\\/2026\\\/07\\\/evala-securise.jpg\",\"datePublished\":\"2026-07-13T09:29:00+00:00\",\"dateModified\":\"2026-07-13T13:11:19+00:00\",\"author\":{\"@id\":\"https:\\\/\\\/macite.tg\\\/#\\\/schema\\\/person\\\/e9f2de7e5dbbe7770a9402c7ce82f5c2\"},\"breadcrumb\":{\"@id\":\"https:\\\/\\\/macite.tg\\\/?p=32093#breadcrumb\"},\"inLanguage\":\"fr-FR\",\"potentialAction\":[{\"@type\":\"ReadAction\",\"target\":[\"https:\\\/\\\/macite.tg\\\/?p=32093\"]}]},{\"@type\":\"ImageObject\",\"inLanguage\":\"fr-FR\",\"@id\":\"https:\\\/\\\/macite.tg\\\/?p=32093#primaryimage\",\"url\":\"https:\\\/\\\/macite.tg\\\/wp-content\\\/uploads\\\/2026\\\/07\\\/evala-securise.jpg\",\"contentUrl\":\"https:\\\/\\\/macite.tg\\\/wp-content\\\/uploads\\\/2026\\\/07\\\/evala-securise.jpg\",\"width\":500,\"height\":261},{\"@type\":\"BreadcrumbList\",\"@id\":\"https:\\\/\\\/macite.tg\\\/?p=32093#breadcrumb\",\"itemListElement\":[{\"@type\":\"ListItem\",\"position\":1,\"name\":\"Accueil\",\"item\":\"https:\\\/\\\/macite.tg\\\/\"},{\"@type\":\"ListItem\",\"position\":2,\"name\":\"EVALA 2026 : Le minist\u00e8re de la S\u00e9curit\u00e9 d\u00e9ploie ses services de proximit\u00e9 dans la Kara\"}]},{\"@type\":\"WebSite\",\"@id\":\"https:\\\/\\\/macite.tg\\\/#website\",\"url\":\"https:\\\/\\\/macite.tg\\\/\",\"name\":\"\",\"description\":\"L&#039;information, la bonne!!!\",\"potentialAction\":[{\"@type\":\"SearchAction\",\"target\":{\"@type\":\"EntryPoint\",\"urlTemplate\":\"https:\\\/\\\/macite.tg\\\/?s={search_term_string}\"},\"query-input\":{\"@type\":\"PropertyValueSpecification\",\"valueRequired\":true,\"valueName\":\"search_term_string\"}}],\"inLanguage\":\"fr-FR\"},{\"@type\":\"Person\",\"@id\":\"https:\\\/\\\/macite.tg\\\/#\\\/schema\\\/person\\\/e9f2de7e5dbbe7770a9402c7ce82f5c2\",\"name\":\"Jean Pierre BAWELA\",\"image\":{\"@type\":\"ImageObject\",\"inLanguage\":\"fr-FR\",\"@id\":\"https:\\\/\\\/macite.tg\\\/wp-content\\\/uploads\\\/2023\\\/09\\\/WhatsApp-Image-2023-09-19-at-14.44.41-122x122.jpeg\",\"url\":\"https:\\\/\\\/macite.tg\\\/wp-content\\\/uploads\\\/2023\\\/09\\\/WhatsApp-Image-2023-09-19-at-14.44.41-122x122.jpeg\",\"contentUrl\":\"https:\\\/\\\/macite.tg\\\/wp-content\\\/uploads\\\/2023\\\/09\\\/WhatsApp-Image-2023-09-19-at-14.44.41-122x122.jpeg\",\"caption\":\"Jean Pierre BAWELA\"},\"url\":\"https:\\\/\\\/macite.tg\\\/?author=2\"}]}<\/script>\n<!-- \/ Yoast SEO plugin. -->","yoast_head_json":{"title":"EVALA 2026 : Le minist\u00e8re de la S\u00e9curit\u00e9 d\u00e9ploie ses services de proximit\u00e9 dans la Kara -","robots":{"index":"index","follow":"follow","max-snippet":"max-snippet:-1","max-image-preview":"max-image-preview:large","max-video-preview":"max-video-preview:-1"},"canonical":"https:\/\/macite.tg\/?p=32093","og_locale":"fr_FR","og_type":"article","og_title":"EVALA 2026 : Le minist\u00e8re de la S\u00e9curit\u00e9 d\u00e9ploie ses services de proximit\u00e9 dans la Kara -","og_description":"Les luttes traditionnelles Evala ne sont pas seulement le rendez-vous de la culture en pays Kaby\u00e8. Elles constituent \u00e9galement une belle vitrine de proximit\u00e9 pour les institutions nationales. \u00c0 compter de ce lundi 13 juillet, le minist\u00e8re de la S\u00e9curit\u00e9 franchit une nouvelle \u00e9tape en [&hellip;]","og_url":"https:\/\/macite.tg\/?p=32093","article_published_time":"2026-07-13T09:29:00+00:00","article_modified_time":"2026-07-13T13:11:19+00:00","og_image":[{"width":500,"height":261,"url":"https:\/\/macite.tg\/wp-content\/uploads\/2026\/07\/evala-securise.jpg","type":"image\/jpeg"}],"author":"Jean Pierre BAWELA","twitter_card":"summary_large_image","twitter_misc":{"\u00c9crit par":"Jean Pierre BAWELA","Dur\u00e9e de lecture estim\u00e9e":"3 minutes"},"schema":{"@context":"https:\/\/schema.org","@graph":[{"@type":"Article","@id":"https:\/\/macite.tg\/?p=32093#article","isPartOf":{"@id":"https:\/\/macite.tg\/?p=32093"},"author":{"name":"Jean Pierre BAWELA","@id":"https:\/\/macite.tg\/#\/schema\/person\/e9f2de7e5dbbe7770a9402c7ce82f5c2"},"headline":"EVALA 2026 : Le minist\u00e8re de la S\u00e9curit\u00e9 d\u00e9ploie ses services de proximit\u00e9 dans la Kara","datePublished":"2026-07-13T09:29:00+00:00","dateModified":"2026-07-13T13:11:19+00:00","mainEntityOfPage":{"@id":"https:\/\/macite.tg\/?p=32093"},"wordCount":416,"commentCount":0,"image":{"@id":"https:\/\/macite.tg\/?p=32093#primaryimage"},"thumbnailUrl":"https:\/\/macite.tg\/wp-content\/uploads\/2026\/07\/evala-securise.jpg","articleSection":["ACTUALITE","CULTURE","SECURITE"],"inLanguage":"fr-FR","potentialAction":[{"@type":"CommentAction","name":"Comment","target":["https:\/\/macite.tg\/?p=32093#respond"]}]},{"@type":"WebPage","@id":"https:\/\/macite.tg\/?p=32093","url":"https:\/\/macite.tg\/?p=32093","name":"EVALA 2026 : Le minist\u00e8re de la S\u00e9curit\u00e9 d\u00e9ploie ses services de proximit\u00e9 dans la Kara -","isPartOf":{"@id":"https:\/\/macite.tg\/#website"},"primaryImageOfPage":{"@id":"https:\/\/macite.tg\/?p=32093#primaryimage"},"image":{"@id":"https:\/\/macite.tg\/?p=32093#primaryimage"},"thumbnailUrl":"https:\/\/macite.tg\/wp-content\/uploads\/2026\/07\/evala-securise.jpg","datePublished":"2026-07-13T09:29:00+00:00","dateModified":"2026-07-13T13:11:19+00:00","author":{"@id":"https:\/\/macite.tg\/#\/schema\/person\/e9f2de7e5dbbe7770a9402c7ce82f5c2"},"breadcrumb":{"@id":"https:\/\/macite.tg\/?p=32093#breadcrumb"},"inLanguage":"fr-FR","potentialAction":[{"@type":"ReadAction","target":["https:\/\/macite.tg\/?p=32093"]}]},{"@type":"ImageObject","inLanguage":"fr-FR","@id":"https:\/\/macite.tg\/?p=32093#primaryimage","url":"https:\/\/macite.tg\/wp-content\/uploads\/2026\/07\/evala-securise.jpg","contentUrl":"https:\/\/macite.tg\/wp-content\/uploads\/2026\/07\/evala-securise.jpg","width":500,"height":261},{"@type":"BreadcrumbList","@id":"https:\/\/macite.tg\/?p=32093#breadcrumb","itemListElement":[{"@type":"ListItem","position":1,"name":"Accueil","item":"https:\/\/macite.tg\/"},{"@type":"ListItem","position":2,"name":"EVALA 2026 : Le minist\u00e8re de la S\u00e9curit\u00e9 d\u00e9ploie ses services de proximit\u00e9 dans la Kara"}]},{"@type":"WebSite","@id":"https:\/\/macite.tg\/#website","url":"https:\/\/macite.tg\/","name":"","description":"L&#039;information, la bonne!!!","potentialAction":[{"@type":"SearchAction","target":{"@type":"EntryPoint","urlTemplate":"https:\/\/macite.tg\/?s={search_term_string}"},"query-input":{"@type":"PropertyValueSpecification","valueRequired":true,"valueName":"search_term_string"}}],"inLanguage":"fr-FR"},{"@type":"Person","@id":"https:\/\/macite.tg\/#\/schema\/person\/e9f2de7e5dbbe7770a9402c7ce82f5c2","name":"Jean Pierre BAWELA","image":{"@type":"ImageObject","inLanguage":"fr-FR","@id":"https:\/\/macite.tg\/wp-content\/uploads\/2023\/09\/WhatsApp-Image-2023-09-19-at-14.44.41-122x122.jpeg","url":"https:\/\/macite.tg\/wp-content\/uploads\/2023\/09\/WhatsApp-Image-2023-09-19-at-14.44.41-122x122.jpeg","contentUrl":"https:\/\/macite.tg\/wp-content\/uploads\/2023\/09\/WhatsApp-Image-2023-09-19-at-14.44.41-122x122.jpeg","caption":"Jean Pierre BAWELA"},"url":"https:\/\/macite.tg\/?author=2"}]}},"_links":{"self":[{"href":"https:\/\/macite.tg\/index.php?rest_route=\/wp\/v2\/posts\/32093","targetHints":{"allow":["GET"]}}],"collection":[{"href":"https:\/\/macite.tg\/index.php?rest_route=\/wp\/v2\/posts"}],"about":[{"href":"https:\/\/macite.tg\/index.php?rest_route=\/wp\/v2\/types\/post"}],"author":[{"embeddable":true,"href":"https:\/\/macite.tg\/index.php?rest_route=\/wp\/v2\/users\/2"}],"replies":[{"embeddable":true,"href":"https:\/\/macite.tg\/index.php?rest_route=%2Fwp%2Fv2%2Fcomments&post=32093"}],"version-history":[{"count":0,"href":"https:\/\/macite.tg\/index.php?rest_route=\/wp\/v2\/posts\/32093\/revisions"}],"wp:featuredmedia":[{"embeddable":true,"href":"https:\/\/macite.tg\/index.php?rest_route=\/wp\/v2\/media\/32097"}],"wp:attachment":[{"href":"https:\/\/macite.tg\/index.php?rest_route=%2Fwp%2Fv2%2Fmedia&parent=32093"}],"wp:term":[{"taxonomy":"category","embeddable":true,"href":"https:\/\/macite.tg\/index.php?rest_route=%2Fwp%2Fv2%2Fcategories&post=32093"},{"taxonomy":"post_tag","embeddable":true,"href":"https:\/\/macite.tg\/index.php?rest_route=%2Fwp%2Fv2%2Ftags&post=32093"}],"curies":[{"name":"wp","href":"https:\/\/api.w.org\/{rel}","templated":true}]}}