{"id":32092,"date":"2026-07-12T11:50:20","date_gmt":"2026-07-12T11:50:20","guid":{"rendered":"https:\/\/macite.tg\/?p=32092"},"modified":"2026-07-13T12:39:56","modified_gmt":"2026-07-13T12:39:56","slug":"evala-2026-top-depart-des-luttes-traditionnelles-en-pays-kabye-en-presence-du-president-du-conseil","status":"publish","type":"post","link":"https:\/\/macite.tg\/?p=32092","title":{"rendered":"EVALA 2026\u00a0: Top d\u00e9part des luttes traditionnelles en pays kaby\u00e8 en pr\u00e9sence du Pr\u00e9sident du conseil"},"content":{"rendered":"\n<p class=\"wp-block-paragraph\"><strong><em>C\u2019est le rendez-vous culturel et touristique incontournable de l&rsquo;ann\u00e9e au Togo. Les rideaux se sont lev\u00e9s sur l\u2019\u00e9dition 2026 des luttes traditionnelles Evala en pays kaby\u00e8. C&rsquo;est le samedi 11 juillet, dans la r\u00e9gion de la Kara, que les premiers corps-\u00e0-corps ont d\u00e9but\u00e9, marquant officiellement le lancement d&rsquo;une semaine intense de ferveur culturelle, de sport et de traditions.<\/em><\/strong><\/p>\n\n\n\n<p class=\"wp-block-paragraph\">Comme le veut la tradition, c&rsquo;est le canton de Pya, qui a servi de cadre au lancement des premi\u00e8res empoignades. L\u2019\u00e9v\u00e9nement s\u2019est d\u00e9roul\u00e9 en pr\u00e9sence du Pr\u00e9sident du conseil, Faure Essozimna Gnassingb\u00e9, t\u00e9moignant de l&rsquo;importance capitale de ce patrimoine dans la coh\u00e9sion nationale.<\/p>\n\n\n\n<p class=\"wp-block-paragraph\">Durant une semaine compl\u00e8te, les ar\u00e8nes de la r\u00e9gion de la Kara vont vibrer au rythme des chants exaltants, des supporters survolt\u00e9s et des chocs entre jeunes lutteurs d\u00e9termin\u00e9s \u00e0 honorer leur communaut\u00e9.<\/p>\n\n\n<div class=\"wp-block-image\">\n<figure class=\"aligncenter size-full is-resized\"><img loading=\"lazy\" decoding=\"async\" width=\"500\" height=\"375\" src=\"https:\/\/macite.tg\/wp-content\/uploads\/2026\/07\/a1ca29ba-645a-4dae-8609-9e65ceb1db7e.jpg\" alt=\"\" class=\"wp-image-32095\" style=\"width:661px;height:auto\" srcset=\"https:\/\/macite.tg\/wp-content\/uploads\/2026\/07\/a1ca29ba-645a-4dae-8609-9e65ceb1db7e.jpg 500w, https:\/\/macite.tg\/wp-content\/uploads\/2026\/07\/a1ca29ba-645a-4dae-8609-9e65ceb1db7e-300x225.jpg 300w\" sizes=\"auto, (max-width: 500px) 100vw, 500px\" \/><\/figure>\n<\/div>\n\n\n<p class=\"wp-block-paragraph\">Les luttes traditionnelles Evala pour le peuple Kaby\u00e8, d\u00e9passent de loin le cadre d&rsquo;une simple comp\u00e9tition sportive. Il s\u2019agit avant tout d&rsquo;un rite initiatique annuel.<\/p>\n\n\n\n<p class=\"wp-block-paragraph\">Les luttes traditionnelles Evala marquent officiellement le passage des adolescents \u00e0 la vie d&rsquo;adulte. C&rsquo;est le moment fort de l&rsquo;affirmation de l&rsquo;identit\u00e9 culturelle et du courage du peuple Kaby\u00e8.<\/p>\n\n\n\n<p class=\"wp-block-paragraph\">Chaque jeune gar\u00e7on doit y participer pour prouver sa force, son endurance et sa maturit\u00e9, gagnant ainsi le respect de ses pairs et de sa communaut\u00e9.<\/p>\n\n\n\n<p class=\"wp-block-paragraph\">Si la tradition reste le c\u0153ur battant des Evala, l&rsquo;\u00e9v\u00e9nement s&rsquo;est transform\u00e9 au fil des d\u00e9cennies en un formidable levier de d\u00e9veloppement \u00e9conomique, \u00e9ducatif et socioculturel pour le Nord du pays.<\/p>\n\n\n\n<p class=\"wp-block-paragraph\">En marge des combats dans les ar\u00e8nes, plusieurs activit\u00e9s cl\u00e9s sont programm\u00e9es cette semaine, notamment la valorisation du patrimoine culturel via les expositions d\u2019art, danses traditionnelles et contes pour pr\u00e9server l&rsquo;histoire locale. C\u2019est \u00e9galement une occasion de promotion culturelle \u00e0 travers le flux massif de visiteurs nationaux et internationaux venus vivre l&rsquo;authenticit\u00e9 togolaise. <\/p>\n\n\n<div class=\"wp-block-image\">\n<figure class=\"aligncenter size-full is-resized\"><img loading=\"lazy\" decoding=\"async\" width=\"431\" height=\"431\" src=\"https:\/\/macite.tg\/wp-content\/uploads\/2026\/06\/image-78.png\" alt=\"\" class=\"wp-image-31645\" style=\"width:574px;height:auto\" srcset=\"https:\/\/macite.tg\/wp-content\/uploads\/2026\/06\/image-78.png 431w, https:\/\/macite.tg\/wp-content\/uploads\/2026\/06\/image-78-300x300.png 300w, https:\/\/macite.tg\/wp-content\/uploads\/2026\/06\/image-78-150x150.png 150w, https:\/\/macite.tg\/wp-content\/uploads\/2026\/06\/image-78-122x122.png 122w\" sizes=\"auto, (max-width: 431px) 100vw, 431px\" \/><\/figure>\n<\/div>\n\n\n<p class=\"wp-block-paragraph\">Les luttes Evala constituent un tremplin de soutien \u00e0 l\u2019entrepreneuriat local. Ainsi, des foires commerciales et des opportunit\u00e9s d&rsquo;affaires pens\u00e9es sp\u00e9cifiquement pour stimuler les initiatives des jeunes et des femmes de la r\u00e9gion.<\/p>\n\n\n\n<p class=\"wp-block-paragraph\">Les Evala 2026 promettent d&rsquo;\u00eatre, une fois de plus, une c\u00e9l\u00e9bration r\u00e9ussie de l&rsquo;identit\u00e9 togolais.<\/p>\n\n\n\n<p class=\"wp-block-paragraph\"><strong>La R\u00e9daction<\/strong><\/p>\n\n\n\n<p class=\"wp-block-paragraph\"><a><strong><em>@macite.tg&nbsp;&nbsp;&nbsp;&nbsp;&nbsp;&nbsp;&nbsp;&nbsp;<\/em><\/strong><\/a><\/p>\n\n\n\n<p class=\"wp-block-paragraph\"><strong><em>E-mail&nbsp;: <\/em><\/strong><a href=\"mailto:maciteinfo@gmail.com\"><strong><em>maciteinfo@gmail.com<\/em><\/strong><\/a><strong><em>; <\/em><\/strong><a href=\"mailto:bawela1@gmail.com\"><strong><em>bawela1@gmail.com<\/em><\/strong><\/a><strong><em><\/em><\/strong><\/p>\n\n\n\n<p class=\"wp-block-paragraph\"><strong><em>Pour vos annonces, publi-reportages, etc., joignez-nous au (00228)91515309\/<strong>79872224 <\/strong><strong><\/strong><\/em><\/strong><\/p>\n\n\n\n<p class=\"wp-block-paragraph\"><strong><em>www.macite.tg, L\u2019information, la bonne&nbsp;!<\/em><\/strong><\/p>\n\n\n\n<p class=\"wp-block-paragraph\"><\/p>\n","protected":false},"excerpt":{"rendered":"<p class=\"text-justify mb-2\" >C\u2019est le rendez-vous culturel et touristique incontournable de l&rsquo;ann\u00e9e au Togo. Les rideaux se sont lev\u00e9s sur l\u2019\u00e9dition 2026 des luttes traditionnelles Evala en pays kaby\u00e8. C&rsquo;est le samedi 11 juillet, dans la r\u00e9gion de la Kara, que les premiers corps-\u00e0-corps ont d\u00e9but\u00e9, marquant officiellement [&hellip;]<\/p>\n","protected":false},"author":2,"featured_media":32094,"comment_status":"open","ping_status":"open","sticky":false,"template":"","format":"standard","meta":{"footnotes":""},"categories":[20,18],"tags":[],"class_list":["post-32092","post","type-post","status-publish","format-standard","has-post-thumbnail","hentry","category-actualite","category-culture"],"yoast_head":"<!-- This site is optimized with the Yoast SEO plugin v28.4 - https:\/\/yoast.com\/product\/yoast-seo-wordpress\/ -->\n<title>EVALA 2026\u00a0: Top d\u00e9part des luttes traditionnelles en pays kaby\u00e8 en pr\u00e9sence du Pr\u00e9sident du conseil -<\/title>\n<meta name=\"robots\" content=\"index, follow, max-snippet:-1, max-image-preview:large, max-video-preview:-1\" \/>\n<link rel=\"canonical\" href=\"https:\/\/macite.tg\/?p=32092\" \/>\n<meta property=\"og:locale\" content=\"fr_FR\" \/>\n<meta property=\"og:type\" content=\"article\" \/>\n<meta property=\"og:title\" content=\"EVALA 2026\u00a0: Top d\u00e9part des luttes traditionnelles en pays kaby\u00e8 en pr\u00e9sence du Pr\u00e9sident du conseil -\" \/>\n<meta property=\"og:description\" content=\"C\u2019est le rendez-vous culturel et touristique incontournable de l&rsquo;ann\u00e9e au Togo. Les rideaux se sont lev\u00e9s sur l\u2019\u00e9dition 2026 des luttes traditionnelles Evala en pays kaby\u00e8. C&rsquo;est le samedi 11 juillet, dans la r\u00e9gion de la Kara, que les premiers corps-\u00e0-corps ont d\u00e9but\u00e9, marquant officiellement [&hellip;]\" \/>\n<meta property=\"og:url\" content=\"https:\/\/macite.tg\/?p=32092\" \/>\n<meta property=\"article:published_time\" content=\"2026-07-12T11:50:20+00:00\" \/>\n<meta property=\"article:modified_time\" content=\"2026-07-13T12:39:56+00:00\" \/>\n<meta property=\"og:image\" content=\"https:\/\/macite.tg\/wp-content\/uploads\/2026\/07\/Evala2026.jpg\" \/>\n\t<meta property=\"og:image:width\" content=\"500\" \/>\n\t<meta property=\"og:image:height\" content=\"563\" \/>\n\t<meta property=\"og:image:type\" content=\"image\/jpeg\" \/>\n<meta name=\"author\" content=\"Jean Pierre BAWELA\" \/>\n<meta name=\"twitter:card\" content=\"summary_large_image\" \/>\n<meta name=\"twitter:label1\" content=\"\u00c9crit par\" \/>\n\t<meta name=\"twitter:data1\" content=\"Jean Pierre BAWELA\" \/>\n\t<meta name=\"twitter:label2\" content=\"Dur\u00e9e de lecture estim\u00e9e\" \/>\n\t<meta name=\"twitter:data2\" content=\"3 minutes\" \/>\n<script type=\"application\/ld+json\" class=\"yoast-schema-graph\">{\"@context\":\"https:\\\/\\\/schema.org\",\"@graph\":[{\"@type\":\"Article\",\"@id\":\"https:\\\/\\\/macite.tg\\\/?p=32092#article\",\"isPartOf\":{\"@id\":\"https:\\\/\\\/macite.tg\\\/?p=32092\"},\"author\":{\"name\":\"Jean Pierre BAWELA\",\"@id\":\"https:\\\/\\\/macite.tg\\\/#\\\/schema\\\/person\\\/e9f2de7e5dbbe7770a9402c7ce82f5c2\"},\"headline\":\"EVALA 2026\u00a0: Top d\u00e9part des luttes traditionnelles en pays kaby\u00e8 en pr\u00e9sence du Pr\u00e9sident du conseil\",\"datePublished\":\"2026-07-12T11:50:20+00:00\",\"dateModified\":\"2026-07-13T12:39:56+00:00\",\"mainEntityOfPage\":{\"@id\":\"https:\\\/\\\/macite.tg\\\/?p=32092\"},\"wordCount\":456,\"commentCount\":0,\"image\":{\"@id\":\"https:\\\/\\\/macite.tg\\\/?p=32092#primaryimage\"},\"thumbnailUrl\":\"https:\\\/\\\/macite.tg\\\/wp-content\\\/uploads\\\/2026\\\/07\\\/Evala2026.jpg\",\"articleSection\":[\"ACTUALITE\",\"CULTURE\"],\"inLanguage\":\"fr-FR\",\"potentialAction\":[{\"@type\":\"CommentAction\",\"name\":\"Comment\",\"target\":[\"https:\\\/\\\/macite.tg\\\/?p=32092#respond\"]}]},{\"@type\":\"WebPage\",\"@id\":\"https:\\\/\\\/macite.tg\\\/?p=32092\",\"url\":\"https:\\\/\\\/macite.tg\\\/?p=32092\",\"name\":\"EVALA 2026\u00a0: Top d\u00e9part des luttes traditionnelles en pays kaby\u00e8 en pr\u00e9sence du Pr\u00e9sident du conseil -\",\"isPartOf\":{\"@id\":\"https:\\\/\\\/macite.tg\\\/#website\"},\"primaryImageOfPage\":{\"@id\":\"https:\\\/\\\/macite.tg\\\/?p=32092#primaryimage\"},\"image\":{\"@id\":\"https:\\\/\\\/macite.tg\\\/?p=32092#primaryimage\"},\"thumbnailUrl\":\"https:\\\/\\\/macite.tg\\\/wp-content\\\/uploads\\\/2026\\\/07\\\/Evala2026.jpg\",\"datePublished\":\"2026-07-12T11:50:20+00:00\",\"dateModified\":\"2026-07-13T12:39:56+00:00\",\"author\":{\"@id\":\"https:\\\/\\\/macite.tg\\\/#\\\/schema\\\/person\\\/e9f2de7e5dbbe7770a9402c7ce82f5c2\"},\"breadcrumb\":{\"@id\":\"https:\\\/\\\/macite.tg\\\/?p=32092#breadcrumb\"},\"inLanguage\":\"fr-FR\",\"potentialAction\":[{\"@type\":\"ReadAction\",\"target\":[\"https:\\\/\\\/macite.tg\\\/?p=32092\"]}]},{\"@type\":\"ImageObject\",\"inLanguage\":\"fr-FR\",\"@id\":\"https:\\\/\\\/macite.tg\\\/?p=32092#primaryimage\",\"url\":\"https:\\\/\\\/macite.tg\\\/wp-content\\\/uploads\\\/2026\\\/07\\\/Evala2026.jpg\",\"contentUrl\":\"https:\\\/\\\/macite.tg\\\/wp-content\\\/uploads\\\/2026\\\/07\\\/Evala2026.jpg\",\"width\":500,\"height\":563},{\"@type\":\"BreadcrumbList\",\"@id\":\"https:\\\/\\\/macite.tg\\\/?p=32092#breadcrumb\",\"itemListElement\":[{\"@type\":\"ListItem\",\"position\":1,\"name\":\"Accueil\",\"item\":\"https:\\\/\\\/macite.tg\\\/\"},{\"@type\":\"ListItem\",\"position\":2,\"name\":\"EVALA 2026\u00a0: Top d\u00e9part des luttes traditionnelles en pays kaby\u00e8 en pr\u00e9sence du Pr\u00e9sident du conseil\"}]},{\"@type\":\"WebSite\",\"@id\":\"https:\\\/\\\/macite.tg\\\/#website\",\"url\":\"https:\\\/\\\/macite.tg\\\/\",\"name\":\"\",\"description\":\"L&#039;information, la bonne!!!\",\"potentialAction\":[{\"@type\":\"SearchAction\",\"target\":{\"@type\":\"EntryPoint\",\"urlTemplate\":\"https:\\\/\\\/macite.tg\\\/?s={search_term_string}\"},\"query-input\":{\"@type\":\"PropertyValueSpecification\",\"valueRequired\":true,\"valueName\":\"search_term_string\"}}],\"inLanguage\":\"fr-FR\"},{\"@type\":\"Person\",\"@id\":\"https:\\\/\\\/macite.tg\\\/#\\\/schema\\\/person\\\/e9f2de7e5dbbe7770a9402c7ce82f5c2\",\"name\":\"Jean Pierre BAWELA\",\"image\":{\"@type\":\"ImageObject\",\"inLanguage\":\"fr-FR\",\"@id\":\"https:\\\/\\\/macite.tg\\\/wp-content\\\/uploads\\\/2023\\\/09\\\/WhatsApp-Image-2023-09-19-at-14.44.41-122x122.jpeg\",\"url\":\"https:\\\/\\\/macite.tg\\\/wp-content\\\/uploads\\\/2023\\\/09\\\/WhatsApp-Image-2023-09-19-at-14.44.41-122x122.jpeg\",\"contentUrl\":\"https:\\\/\\\/macite.tg\\\/wp-content\\\/uploads\\\/2023\\\/09\\\/WhatsApp-Image-2023-09-19-at-14.44.41-122x122.jpeg\",\"caption\":\"Jean Pierre BAWELA\"},\"url\":\"https:\\\/\\\/macite.tg\\\/?author=2\"}]}<\/script>\n<!-- \/ Yoast SEO plugin. -->","yoast_head_json":{"title":"EVALA 2026\u00a0: Top d\u00e9part des luttes traditionnelles en pays kaby\u00e8 en pr\u00e9sence du Pr\u00e9sident du conseil -","robots":{"index":"index","follow":"follow","max-snippet":"max-snippet:-1","max-image-preview":"max-image-preview:large","max-video-preview":"max-video-preview:-1"},"canonical":"https:\/\/macite.tg\/?p=32092","og_locale":"fr_FR","og_type":"article","og_title":"EVALA 2026\u00a0: Top d\u00e9part des luttes traditionnelles en pays kaby\u00e8 en pr\u00e9sence du Pr\u00e9sident du conseil -","og_description":"C\u2019est le rendez-vous culturel et touristique incontournable de l&rsquo;ann\u00e9e au Togo. Les rideaux se sont lev\u00e9s sur l\u2019\u00e9dition 2026 des luttes traditionnelles Evala en pays kaby\u00e8. C&rsquo;est le samedi 11 juillet, dans la r\u00e9gion de la Kara, que les premiers corps-\u00e0-corps ont d\u00e9but\u00e9, marquant officiellement [&hellip;]","og_url":"https:\/\/macite.tg\/?p=32092","article_published_time":"2026-07-12T11:50:20+00:00","article_modified_time":"2026-07-13T12:39:56+00:00","og_image":[{"width":500,"height":563,"url":"https:\/\/macite.tg\/wp-content\/uploads\/2026\/07\/Evala2026.jpg","type":"image\/jpeg"}],"author":"Jean Pierre BAWELA","twitter_card":"summary_large_image","twitter_misc":{"\u00c9crit par":"Jean Pierre BAWELA","Dur\u00e9e de lecture estim\u00e9e":"3 minutes"},"schema":{"@context":"https:\/\/schema.org","@graph":[{"@type":"Article","@id":"https:\/\/macite.tg\/?p=32092#article","isPartOf":{"@id":"https:\/\/macite.tg\/?p=32092"},"author":{"name":"Jean Pierre BAWELA","@id":"https:\/\/macite.tg\/#\/schema\/person\/e9f2de7e5dbbe7770a9402c7ce82f5c2"},"headline":"EVALA 2026\u00a0: Top d\u00e9part des luttes traditionnelles en pays kaby\u00e8 en pr\u00e9sence du Pr\u00e9sident du conseil","datePublished":"2026-07-12T11:50:20+00:00","dateModified":"2026-07-13T12:39:56+00:00","mainEntityOfPage":{"@id":"https:\/\/macite.tg\/?p=32092"},"wordCount":456,"commentCount":0,"image":{"@id":"https:\/\/macite.tg\/?p=32092#primaryimage"},"thumbnailUrl":"https:\/\/macite.tg\/wp-content\/uploads\/2026\/07\/Evala2026.jpg","articleSection":["ACTUALITE","CULTURE"],"inLanguage":"fr-FR","potentialAction":[{"@type":"CommentAction","name":"Comment","target":["https:\/\/macite.tg\/?p=32092#respond"]}]},{"@type":"WebPage","@id":"https:\/\/macite.tg\/?p=32092","url":"https:\/\/macite.tg\/?p=32092","name":"EVALA 2026\u00a0: Top d\u00e9part des luttes traditionnelles en pays kaby\u00e8 en pr\u00e9sence du Pr\u00e9sident du conseil -","isPartOf":{"@id":"https:\/\/macite.tg\/#website"},"primaryImageOfPage":{"@id":"https:\/\/macite.tg\/?p=32092#primaryimage"},"image":{"@id":"https:\/\/macite.tg\/?p=32092#primaryimage"},"thumbnailUrl":"https:\/\/macite.tg\/wp-content\/uploads\/2026\/07\/Evala2026.jpg","datePublished":"2026-07-12T11:50:20+00:00","dateModified":"2026-07-13T12:39:56+00:00","author":{"@id":"https:\/\/macite.tg\/#\/schema\/person\/e9f2de7e5dbbe7770a9402c7ce82f5c2"},"breadcrumb":{"@id":"https:\/\/macite.tg\/?p=32092#breadcrumb"},"inLanguage":"fr-FR","potentialAction":[{"@type":"ReadAction","target":["https:\/\/macite.tg\/?p=32092"]}]},{"@type":"ImageObject","inLanguage":"fr-FR","@id":"https:\/\/macite.tg\/?p=32092#primaryimage","url":"https:\/\/macite.tg\/wp-content\/uploads\/2026\/07\/Evala2026.jpg","contentUrl":"https:\/\/macite.tg\/wp-content\/uploads\/2026\/07\/Evala2026.jpg","width":500,"height":563},{"@type":"BreadcrumbList","@id":"https:\/\/macite.tg\/?p=32092#breadcrumb","itemListElement":[{"@type":"ListItem","position":1,"name":"Accueil","item":"https:\/\/macite.tg\/"},{"@type":"ListItem","position":2,"name":"EVALA 2026\u00a0: Top d\u00e9part des luttes traditionnelles en pays kaby\u00e8 en pr\u00e9sence du Pr\u00e9sident du conseil"}]},{"@type":"WebSite","@id":"https:\/\/macite.tg\/#website","url":"https:\/\/macite.tg\/","name":"","description":"L&#039;information, la bonne!!!","potentialAction":[{"@type":"SearchAction","target":{"@type":"EntryPoint","urlTemplate":"https:\/\/macite.tg\/?s={search_term_string}"},"query-input":{"@type":"PropertyValueSpecification","valueRequired":true,"valueName":"search_term_string"}}],"inLanguage":"fr-FR"},{"@type":"Person","@id":"https:\/\/macite.tg\/#\/schema\/person\/e9f2de7e5dbbe7770a9402c7ce82f5c2","name":"Jean Pierre BAWELA","image":{"@type":"ImageObject","inLanguage":"fr-FR","@id":"https:\/\/macite.tg\/wp-content\/uploads\/2023\/09\/WhatsApp-Image-2023-09-19-at-14.44.41-122x122.jpeg","url":"https:\/\/macite.tg\/wp-content\/uploads\/2023\/09\/WhatsApp-Image-2023-09-19-at-14.44.41-122x122.jpeg","contentUrl":"https:\/\/macite.tg\/wp-content\/uploads\/2023\/09\/WhatsApp-Image-2023-09-19-at-14.44.41-122x122.jpeg","caption":"Jean Pierre BAWELA"},"url":"https:\/\/macite.tg\/?author=2"}]}},"_links":{"self":[{"href":"https:\/\/macite.tg\/index.php?rest_route=\/wp\/v2\/posts\/32092","targetHints":{"allow":["GET"]}}],"collection":[{"href":"https:\/\/macite.tg\/index.php?rest_route=\/wp\/v2\/posts"}],"about":[{"href":"https:\/\/macite.tg\/index.php?rest_route=\/wp\/v2\/types\/post"}],"author":[{"embeddable":true,"href":"https:\/\/macite.tg\/index.php?rest_route=\/wp\/v2\/users\/2"}],"replies":[{"embeddable":true,"href":"https:\/\/macite.tg\/index.php?rest_route=%2Fwp%2Fv2%2Fcomments&post=32092"}],"version-history":[{"count":0,"href":"https:\/\/macite.tg\/index.php?rest_route=\/wp\/v2\/posts\/32092\/revisions"}],"wp:featuredmedia":[{"embeddable":true,"href":"https:\/\/macite.tg\/index.php?rest_route=\/wp\/v2\/media\/32094"}],"wp:attachment":[{"href":"https:\/\/macite.tg\/index.php?rest_route=%2Fwp%2Fv2%2Fmedia&parent=32092"}],"wp:term":[{"taxonomy":"category","embeddable":true,"href":"https:\/\/macite.tg\/index.php?rest_route=%2Fwp%2Fv2%2Fcategories&post=32092"},{"taxonomy":"post_tag","embeddable":true,"href":"https:\/\/macite.tg\/index.php?rest_route=%2Fwp%2Fv2%2Ftags&post=32092"}],"curies":[{"name":"wp","href":"https:\/\/api.w.org\/{rel}","templated":true}]}}