{"id":31953,"date":"2026-07-06T12:39:21","date_gmt":"2026-07-06T12:39:21","guid":{"rendered":"https:\/\/macite.tg\/?p=31953"},"modified":"2026-07-06T12:39:32","modified_gmt":"2026-07-06T12:39:32","slug":"cooperation-togo-tchad-un-emissaire-de-ndjamena-recu-par-faure-gnassingbe-a-lome","status":"publish","type":"post","link":"https:\/\/macite.tg\/?p=31953","title":{"rendered":"COOPERATION TOGO-TCHAD : Un \u00e9missaire de N\u2019Djamena re\u00e7u par Faure Gnassingb\u00e9 \u00e0 Lom\u00e9"},"content":{"rendered":"\n<p class=\"wp-block-paragraph\"><strong><em>La diplomatie togolaise s&rsquo;active autour des grands d\u00e9fis du continent. Le Pr\u00e9sident du Conseil, Faure Essozimna Gnassingb\u00e9, a accord\u00e9, le vendredi 03 juillet dernier, une audience \u00e0 Madame Fatime Aldjineh Garfa, ministre d\u00e9l\u00e9gu\u00e9e aupr\u00e8s du ministre tchadien des Affaires \u00e9trang\u00e8res. L\u2019officielle tchadienne \u00e9tait porteuse d\u2019un message du Pr\u00e9sident Idriss D\u00e9by Itno.<\/em><\/strong><\/p>\n\n\n\n<p class=\"wp-block-paragraph\">Cette rencontre de haut niveau s\u2019inscrit dans le cadre de la redynamisation des relations diplomatiques et \u00e9conomiques entre le Togo et le Tchad. Les discussions ont principalement port\u00e9 sur le renforcement de la coop\u00e9ration bilat\u00e9rale entre Lom\u00e9 et N\u2019Djamena, mais aussi sur les grands d\u00e9fis de l\u2019int\u00e9gration africaine, et le d\u00e9veloppement d\u2019initiatives communes en faveur du progr\u00e8s du continent.<\/p>\n\n\n\n<figure class=\"wp-block-image size-full\"><img loading=\"lazy\" decoding=\"async\" width=\"851\" height=\"315\" src=\"https:\/\/macite.tg\/wp-content\/uploads\/2026\/07\/OTR_Ferer-pour-batir-1.jpg\" alt=\"\" class=\"wp-image-31769\" srcset=\"https:\/\/macite.tg\/wp-content\/uploads\/2026\/07\/OTR_Ferer-pour-batir-1.jpg 851w, https:\/\/macite.tg\/wp-content\/uploads\/2026\/07\/OTR_Ferer-pour-batir-1-300x111.jpg 300w, https:\/\/macite.tg\/wp-content\/uploads\/2026\/07\/OTR_Ferer-pour-batir-1-768x284.jpg 768w\" sizes=\"auto, (max-width: 851px) 100vw, 851px\" \/><\/figure>\n\n\n\n<p class=\"wp-block-paragraph\"><em>\u00ab Nous sommes porteurs d\u2019un message personnel du Pr\u00e9sident de la R\u00e9publique, Chef de l\u2019\u00c9tat, le Mar\u00e9chal Mahamat Idriss D\u00e9by Itno, au Pr\u00e9sident du Conseil de la R\u00e9publique togolaise, Son Excellence Monsieur Faure Essozimna Gnassingb\u00e9 \u00bb,<\/em> a d\u00e9clar\u00e9 l&rsquo;\u00e9missaire tchadienne \u00e0 l&rsquo;issue de l&rsquo;entretien.<\/p>\n\n\n\n<p class=\"wp-block-paragraph\"><strong>Cap sur le Forum africain de l\u2019eau en juillet 2026<\/strong><\/p>\n\n\n\n<p class=\"wp-block-paragraph\">Au-del\u00e0 des salutations d\u2019usage, cette visite avait un objectif strat\u00e9gique majeur&nbsp;: l&rsquo;invitation officielle du Togo au Forum africain de l\u2019eau, qui va se d\u00e9rouler les 15 et 16 juillet 2026 \u00e0 N\u2019Djamena, la capitale tchadienne.<\/p>\n\n\n\n<p class=\"wp-block-paragraph\">Le secteur de l\u2019eau s&rsquo;impose d\u00e9sormais comme un levier g\u00e9opolitique et de d\u00e9veloppement incontournable en Afrique.<\/p>\n\n\n<div class=\"wp-block-image\">\n<figure class=\"aligncenter size-full\"><img loading=\"lazy\" decoding=\"async\" width=\"509\" height=\"720\" src=\"https:\/\/macite.tg\/wp-content\/uploads\/2026\/06\/OTR_Payez-la-TVM-simple-et-pratique.jpg\" alt=\"\" class=\"wp-image-31459\" srcset=\"https:\/\/macite.tg\/wp-content\/uploads\/2026\/06\/OTR_Payez-la-TVM-simple-et-pratique.jpg 509w, https:\/\/macite.tg\/wp-content\/uploads\/2026\/06\/OTR_Payez-la-TVM-simple-et-pratique-212x300.jpg 212w\" sizes=\"auto, (max-width: 509px) 100vw, 509px\" \/><\/figure>\n<\/div>\n\n\n<p class=\"wp-block-paragraph\"><strong>Le Forum africain de l&rsquo;eau, parlons-en\u2026<\/strong><\/p>\n\n\n\n<p class=\"wp-block-paragraph\">Parfaitement align\u00e9 sur les ambitions de l\u2019Agenda 2063 de l\u2019Union africaine (UA), cet \u00e9v\u00e9nement continental ambitionne de devenir un carrefour d\u00e9cisionnel majeur. Cette plateforme de va r\u00e9unir dans la capitale tchadienne les dirigeants africains, les d\u00e9cideurs politiques ainsi que les partenaires techniques et financiers (PTF). L\u2019objectif est de stimuler et structurer les investissements dans les infrastructures hydrauliques pour garantir l&rsquo;acc\u00e8s \u00e0 l&rsquo;eau potable et soutenir l&rsquo;agriculture \u00e0 l&rsquo;\u00e9chelle du continent.<\/p>\n\n\n\n<p class=\"wp-block-paragraph\"><strong>JPB<\/strong><\/p>\n\n\n\n<p class=\"wp-block-paragraph\"><a><strong><em>@macite.tg&nbsp;&nbsp;&nbsp;&nbsp;&nbsp;&nbsp;&nbsp;&nbsp;<\/em><\/strong><\/a><\/p>\n\n\n\n<p class=\"wp-block-paragraph\"><strong><em>E-mail&nbsp;: <\/em><\/strong><a href=\"mailto:maciteinfo@gmail.com\"><strong><em>maciteinfo@gmail.com<\/em><\/strong><\/a><strong><em>; <\/em><\/strong><a href=\"mailto:bawela1@gmail.com\"><strong><em>bawela1@gmail.com<\/em><\/strong><\/a><strong><em><\/em><\/strong><\/p>\n\n\n\n<p class=\"wp-block-paragraph\"><strong><em>Pour vos annonces, publi-reportages, etc., joignez-nous au (00228)91515309\/<strong>79872224 <\/strong><strong><\/strong><\/em><\/strong><\/p>\n\n\n\n<p class=\"wp-block-paragraph\"><strong><em>www.macite.tg, L\u2019information, la bonne&nbsp;!<\/em><\/strong><\/p>\n\n\n\n<p class=\"wp-block-paragraph\"><\/p>\n","protected":false},"excerpt":{"rendered":"<p class=\"text-justify mb-2\" >La diplomatie togolaise s&rsquo;active autour des grands d\u00e9fis du continent. Le Pr\u00e9sident du Conseil, Faure Essozimna Gnassingb\u00e9, a accord\u00e9, le vendredi 03 juillet dernier, une audience \u00e0 Madame Fatime Aldjineh Garfa, ministre d\u00e9l\u00e9gu\u00e9e aupr\u00e8s du ministre tchadien des Affaires \u00e9trang\u00e8res. L\u2019officielle tchadienne \u00e9tait porteuse d\u2019un [&hellip;]<\/p>\n","protected":false},"author":2,"featured_media":31957,"comment_status":"open","ping_status":"open","sticky":false,"template":"","format":"standard","meta":{"footnotes":""},"categories":[20,16],"tags":[],"class_list":["post-31953","post","type-post","status-publish","format-standard","has-post-thumbnail","hentry","category-actualite","category-cooperation"],"yoast_head":"<!-- This site is optimized with the Yoast SEO plugin v28.4 - https:\/\/yoast.com\/product\/yoast-seo-wordpress\/ -->\n<title>COOPERATION TOGO-TCHAD : Un \u00e9missaire de N\u2019Djamena re\u00e7u par Faure Gnassingb\u00e9 \u00e0 Lom\u00e9 -<\/title>\n<meta name=\"robots\" content=\"index, follow, max-snippet:-1, max-image-preview:large, max-video-preview:-1\" \/>\n<link rel=\"canonical\" href=\"https:\/\/macite.tg\/?p=31953\" \/>\n<meta property=\"og:locale\" content=\"fr_FR\" \/>\n<meta property=\"og:type\" content=\"article\" \/>\n<meta property=\"og:title\" content=\"COOPERATION TOGO-TCHAD : Un \u00e9missaire de N\u2019Djamena re\u00e7u par Faure Gnassingb\u00e9 \u00e0 Lom\u00e9 -\" \/>\n<meta property=\"og:description\" content=\"La diplomatie togolaise s&rsquo;active autour des grands d\u00e9fis du continent. Le Pr\u00e9sident du Conseil, Faure Essozimna Gnassingb\u00e9, a accord\u00e9, le vendredi 03 juillet dernier, une audience \u00e0 Madame Fatime Aldjineh Garfa, ministre d\u00e9l\u00e9gu\u00e9e aupr\u00e8s du ministre tchadien des Affaires \u00e9trang\u00e8res. L\u2019officielle tchadienne \u00e9tait porteuse d\u2019un [&hellip;]\" \/>\n<meta property=\"og:url\" content=\"https:\/\/macite.tg\/?p=31953\" \/>\n<meta property=\"article:published_time\" content=\"2026-07-06T12:39:21+00:00\" \/>\n<meta property=\"article:modified_time\" content=\"2026-07-06T12:39:32+00:00\" \/>\n<meta property=\"og:image\" content=\"https:\/\/macite.tg\/wp-content\/uploads\/2026\/07\/TCHAD.jpg\" \/>\n\t<meta property=\"og:image:width\" content=\"500\" \/>\n\t<meta property=\"og:image:height\" content=\"370\" \/>\n\t<meta property=\"og:image:type\" content=\"image\/jpeg\" \/>\n<meta name=\"author\" content=\"Jean Pierre BAWELA\" \/>\n<meta name=\"twitter:card\" content=\"summary_large_image\" \/>\n<meta name=\"twitter:label1\" content=\"\u00c9crit par\" \/>\n\t<meta name=\"twitter:data1\" content=\"Jean Pierre BAWELA\" \/>\n\t<meta name=\"twitter:label2\" content=\"Dur\u00e9e de lecture estim\u00e9e\" \/>\n\t<meta name=\"twitter:data2\" content=\"3 minutes\" \/>\n<script type=\"application\/ld+json\" class=\"yoast-schema-graph\">{\"@context\":\"https:\\\/\\\/schema.org\",\"@graph\":[{\"@type\":\"Article\",\"@id\":\"https:\\\/\\\/macite.tg\\\/?p=31953#article\",\"isPartOf\":{\"@id\":\"https:\\\/\\\/macite.tg\\\/?p=31953\"},\"author\":{\"name\":\"Jean Pierre BAWELA\",\"@id\":\"https:\\\/\\\/macite.tg\\\/#\\\/schema\\\/person\\\/e9f2de7e5dbbe7770a9402c7ce82f5c2\"},\"headline\":\"COOPERATION TOGO-TCHAD : Un \u00e9missaire de N\u2019Djamena re\u00e7u par Faure Gnassingb\u00e9 \u00e0 Lom\u00e9\",\"datePublished\":\"2026-07-06T12:39:21+00:00\",\"dateModified\":\"2026-07-06T12:39:32+00:00\",\"mainEntityOfPage\":{\"@id\":\"https:\\\/\\\/macite.tg\\\/?p=31953\"},\"wordCount\":385,\"commentCount\":0,\"image\":{\"@id\":\"https:\\\/\\\/macite.tg\\\/?p=31953#primaryimage\"},\"thumbnailUrl\":\"https:\\\/\\\/macite.tg\\\/wp-content\\\/uploads\\\/2026\\\/07\\\/TCHAD.jpg\",\"articleSection\":[\"ACTUALITE\",\"COOPERATION\"],\"inLanguage\":\"fr-FR\",\"potentialAction\":[{\"@type\":\"CommentAction\",\"name\":\"Comment\",\"target\":[\"https:\\\/\\\/macite.tg\\\/?p=31953#respond\"]}]},{\"@type\":\"WebPage\",\"@id\":\"https:\\\/\\\/macite.tg\\\/?p=31953\",\"url\":\"https:\\\/\\\/macite.tg\\\/?p=31953\",\"name\":\"COOPERATION TOGO-TCHAD : Un \u00e9missaire de N\u2019Djamena re\u00e7u par Faure Gnassingb\u00e9 \u00e0 Lom\u00e9 -\",\"isPartOf\":{\"@id\":\"https:\\\/\\\/macite.tg\\\/#website\"},\"primaryImageOfPage\":{\"@id\":\"https:\\\/\\\/macite.tg\\\/?p=31953#primaryimage\"},\"image\":{\"@id\":\"https:\\\/\\\/macite.tg\\\/?p=31953#primaryimage\"},\"thumbnailUrl\":\"https:\\\/\\\/macite.tg\\\/wp-content\\\/uploads\\\/2026\\\/07\\\/TCHAD.jpg\",\"datePublished\":\"2026-07-06T12:39:21+00:00\",\"dateModified\":\"2026-07-06T12:39:32+00:00\",\"author\":{\"@id\":\"https:\\\/\\\/macite.tg\\\/#\\\/schema\\\/person\\\/e9f2de7e5dbbe7770a9402c7ce82f5c2\"},\"breadcrumb\":{\"@id\":\"https:\\\/\\\/macite.tg\\\/?p=31953#breadcrumb\"},\"inLanguage\":\"fr-FR\",\"potentialAction\":[{\"@type\":\"ReadAction\",\"target\":[\"https:\\\/\\\/macite.tg\\\/?p=31953\"]}]},{\"@type\":\"ImageObject\",\"inLanguage\":\"fr-FR\",\"@id\":\"https:\\\/\\\/macite.tg\\\/?p=31953#primaryimage\",\"url\":\"https:\\\/\\\/macite.tg\\\/wp-content\\\/uploads\\\/2026\\\/07\\\/TCHAD.jpg\",\"contentUrl\":\"https:\\\/\\\/macite.tg\\\/wp-content\\\/uploads\\\/2026\\\/07\\\/TCHAD.jpg\",\"width\":500,\"height\":370},{\"@type\":\"BreadcrumbList\",\"@id\":\"https:\\\/\\\/macite.tg\\\/?p=31953#breadcrumb\",\"itemListElement\":[{\"@type\":\"ListItem\",\"position\":1,\"name\":\"Accueil\",\"item\":\"https:\\\/\\\/macite.tg\\\/\"},{\"@type\":\"ListItem\",\"position\":2,\"name\":\"COOPERATION TOGO-TCHAD : Un \u00e9missaire de N\u2019Djamena re\u00e7u par Faure Gnassingb\u00e9 \u00e0 Lom\u00e9\"}]},{\"@type\":\"WebSite\",\"@id\":\"https:\\\/\\\/macite.tg\\\/#website\",\"url\":\"https:\\\/\\\/macite.tg\\\/\",\"name\":\"\",\"description\":\"L&#039;information, la bonne!!!\",\"potentialAction\":[{\"@type\":\"SearchAction\",\"target\":{\"@type\":\"EntryPoint\",\"urlTemplate\":\"https:\\\/\\\/macite.tg\\\/?s={search_term_string}\"},\"query-input\":{\"@type\":\"PropertyValueSpecification\",\"valueRequired\":true,\"valueName\":\"search_term_string\"}}],\"inLanguage\":\"fr-FR\"},{\"@type\":\"Person\",\"@id\":\"https:\\\/\\\/macite.tg\\\/#\\\/schema\\\/person\\\/e9f2de7e5dbbe7770a9402c7ce82f5c2\",\"name\":\"Jean Pierre BAWELA\",\"image\":{\"@type\":\"ImageObject\",\"inLanguage\":\"fr-FR\",\"@id\":\"https:\\\/\\\/macite.tg\\\/wp-content\\\/uploads\\\/2023\\\/09\\\/WhatsApp-Image-2023-09-19-at-14.44.41-122x122.jpeg\",\"url\":\"https:\\\/\\\/macite.tg\\\/wp-content\\\/uploads\\\/2023\\\/09\\\/WhatsApp-Image-2023-09-19-at-14.44.41-122x122.jpeg\",\"contentUrl\":\"https:\\\/\\\/macite.tg\\\/wp-content\\\/uploads\\\/2023\\\/09\\\/WhatsApp-Image-2023-09-19-at-14.44.41-122x122.jpeg\",\"caption\":\"Jean Pierre BAWELA\"},\"url\":\"https:\\\/\\\/macite.tg\\\/?author=2\"}]}<\/script>\n<!-- \/ Yoast SEO plugin. -->","yoast_head_json":{"title":"COOPERATION TOGO-TCHAD : Un \u00e9missaire de N\u2019Djamena re\u00e7u par Faure Gnassingb\u00e9 \u00e0 Lom\u00e9 -","robots":{"index":"index","follow":"follow","max-snippet":"max-snippet:-1","max-image-preview":"max-image-preview:large","max-video-preview":"max-video-preview:-1"},"canonical":"https:\/\/macite.tg\/?p=31953","og_locale":"fr_FR","og_type":"article","og_title":"COOPERATION TOGO-TCHAD : Un \u00e9missaire de N\u2019Djamena re\u00e7u par Faure Gnassingb\u00e9 \u00e0 Lom\u00e9 -","og_description":"La diplomatie togolaise s&rsquo;active autour des grands d\u00e9fis du continent. Le Pr\u00e9sident du Conseil, Faure Essozimna Gnassingb\u00e9, a accord\u00e9, le vendredi 03 juillet dernier, une audience \u00e0 Madame Fatime Aldjineh Garfa, ministre d\u00e9l\u00e9gu\u00e9e aupr\u00e8s du ministre tchadien des Affaires \u00e9trang\u00e8res. L\u2019officielle tchadienne \u00e9tait porteuse d\u2019un [&hellip;]","og_url":"https:\/\/macite.tg\/?p=31953","article_published_time":"2026-07-06T12:39:21+00:00","article_modified_time":"2026-07-06T12:39:32+00:00","og_image":[{"width":500,"height":370,"url":"https:\/\/macite.tg\/wp-content\/uploads\/2026\/07\/TCHAD.jpg","type":"image\/jpeg"}],"author":"Jean Pierre BAWELA","twitter_card":"summary_large_image","twitter_misc":{"\u00c9crit par":"Jean Pierre BAWELA","Dur\u00e9e de lecture estim\u00e9e":"3 minutes"},"schema":{"@context":"https:\/\/schema.org","@graph":[{"@type":"Article","@id":"https:\/\/macite.tg\/?p=31953#article","isPartOf":{"@id":"https:\/\/macite.tg\/?p=31953"},"author":{"name":"Jean Pierre BAWELA","@id":"https:\/\/macite.tg\/#\/schema\/person\/e9f2de7e5dbbe7770a9402c7ce82f5c2"},"headline":"COOPERATION TOGO-TCHAD : Un \u00e9missaire de N\u2019Djamena re\u00e7u par Faure Gnassingb\u00e9 \u00e0 Lom\u00e9","datePublished":"2026-07-06T12:39:21+00:00","dateModified":"2026-07-06T12:39:32+00:00","mainEntityOfPage":{"@id":"https:\/\/macite.tg\/?p=31953"},"wordCount":385,"commentCount":0,"image":{"@id":"https:\/\/macite.tg\/?p=31953#primaryimage"},"thumbnailUrl":"https:\/\/macite.tg\/wp-content\/uploads\/2026\/07\/TCHAD.jpg","articleSection":["ACTUALITE","COOPERATION"],"inLanguage":"fr-FR","potentialAction":[{"@type":"CommentAction","name":"Comment","target":["https:\/\/macite.tg\/?p=31953#respond"]}]},{"@type":"WebPage","@id":"https:\/\/macite.tg\/?p=31953","url":"https:\/\/macite.tg\/?p=31953","name":"COOPERATION TOGO-TCHAD : Un \u00e9missaire de N\u2019Djamena re\u00e7u par Faure Gnassingb\u00e9 \u00e0 Lom\u00e9 -","isPartOf":{"@id":"https:\/\/macite.tg\/#website"},"primaryImageOfPage":{"@id":"https:\/\/macite.tg\/?p=31953#primaryimage"},"image":{"@id":"https:\/\/macite.tg\/?p=31953#primaryimage"},"thumbnailUrl":"https:\/\/macite.tg\/wp-content\/uploads\/2026\/07\/TCHAD.jpg","datePublished":"2026-07-06T12:39:21+00:00","dateModified":"2026-07-06T12:39:32+00:00","author":{"@id":"https:\/\/macite.tg\/#\/schema\/person\/e9f2de7e5dbbe7770a9402c7ce82f5c2"},"breadcrumb":{"@id":"https:\/\/macite.tg\/?p=31953#breadcrumb"},"inLanguage":"fr-FR","potentialAction":[{"@type":"ReadAction","target":["https:\/\/macite.tg\/?p=31953"]}]},{"@type":"ImageObject","inLanguage":"fr-FR","@id":"https:\/\/macite.tg\/?p=31953#primaryimage","url":"https:\/\/macite.tg\/wp-content\/uploads\/2026\/07\/TCHAD.jpg","contentUrl":"https:\/\/macite.tg\/wp-content\/uploads\/2026\/07\/TCHAD.jpg","width":500,"height":370},{"@type":"BreadcrumbList","@id":"https:\/\/macite.tg\/?p=31953#breadcrumb","itemListElement":[{"@type":"ListItem","position":1,"name":"Accueil","item":"https:\/\/macite.tg\/"},{"@type":"ListItem","position":2,"name":"COOPERATION TOGO-TCHAD : Un \u00e9missaire de N\u2019Djamena re\u00e7u par Faure Gnassingb\u00e9 \u00e0 Lom\u00e9"}]},{"@type":"WebSite","@id":"https:\/\/macite.tg\/#website","url":"https:\/\/macite.tg\/","name":"","description":"L&#039;information, la bonne!!!","potentialAction":[{"@type":"SearchAction","target":{"@type":"EntryPoint","urlTemplate":"https:\/\/macite.tg\/?s={search_term_string}"},"query-input":{"@type":"PropertyValueSpecification","valueRequired":true,"valueName":"search_term_string"}}],"inLanguage":"fr-FR"},{"@type":"Person","@id":"https:\/\/macite.tg\/#\/schema\/person\/e9f2de7e5dbbe7770a9402c7ce82f5c2","name":"Jean Pierre BAWELA","image":{"@type":"ImageObject","inLanguage":"fr-FR","@id":"https:\/\/macite.tg\/wp-content\/uploads\/2023\/09\/WhatsApp-Image-2023-09-19-at-14.44.41-122x122.jpeg","url":"https:\/\/macite.tg\/wp-content\/uploads\/2023\/09\/WhatsApp-Image-2023-09-19-at-14.44.41-122x122.jpeg","contentUrl":"https:\/\/macite.tg\/wp-content\/uploads\/2023\/09\/WhatsApp-Image-2023-09-19-at-14.44.41-122x122.jpeg","caption":"Jean Pierre BAWELA"},"url":"https:\/\/macite.tg\/?author=2"}]}},"_links":{"self":[{"href":"https:\/\/macite.tg\/index.php?rest_route=\/wp\/v2\/posts\/31953","targetHints":{"allow":["GET"]}}],"collection":[{"href":"https:\/\/macite.tg\/index.php?rest_route=\/wp\/v2\/posts"}],"about":[{"href":"https:\/\/macite.tg\/index.php?rest_route=\/wp\/v2\/types\/post"}],"author":[{"embeddable":true,"href":"https:\/\/macite.tg\/index.php?rest_route=\/wp\/v2\/users\/2"}],"replies":[{"embeddable":true,"href":"https:\/\/macite.tg\/index.php?rest_route=%2Fwp%2Fv2%2Fcomments&post=31953"}],"version-history":[{"count":0,"href":"https:\/\/macite.tg\/index.php?rest_route=\/wp\/v2\/posts\/31953\/revisions"}],"wp:featuredmedia":[{"embeddable":true,"href":"https:\/\/macite.tg\/index.php?rest_route=\/wp\/v2\/media\/31957"}],"wp:attachment":[{"href":"https:\/\/macite.tg\/index.php?rest_route=%2Fwp%2Fv2%2Fmedia&parent=31953"}],"wp:term":[{"taxonomy":"category","embeddable":true,"href":"https:\/\/macite.tg\/index.php?rest_route=%2Fwp%2Fv2%2Fcategories&post=31953"},{"taxonomy":"post_tag","embeddable":true,"href":"https:\/\/macite.tg\/index.php?rest_route=%2Fwp%2Fv2%2Ftags&post=31953"}],"curies":[{"name":"wp","href":"https:\/\/api.w.org\/{rel}","templated":true}]}}