{"id":31943,"date":"2026-07-06T12:37:24","date_gmt":"2026-07-06T12:37:24","guid":{"rendered":"https:\/\/macite.tg\/?p=31943"},"modified":"2026-07-06T13:00:08","modified_gmt":"2026-07-06T13:00:08","slug":"avis-de-deces-et-annonces","status":"publish","type":"post","link":"https:\/\/macite.tg\/?p=31943","title":{"rendered":"AVIS DE DECES ET ANNONCES : BANIBE BADJALA Komi rappel\u00e9 \u00e0 son Cr\u00e9ateur \u00e0 63 ans"},"content":{"rendered":"\n<p class=\"wp-block-paragraph\">Le chef canton de Baga dans la pr\u00e9fecture de Doufelgou,<\/p>\n\n\n\n<p class=\"wp-block-paragraph\">Le chef de village de Hounanhou dans le canton de Baga,<\/p>\n\n\n\n<p class=\"wp-block-paragraph\">Le chef de village de Maragou dans le canton de Baga,<\/p>\n\n\n\n<p class=\"wp-block-paragraph\">Le Pr\u00e9sident et le chef coutumier des natifs de Hounanhou \u00e0 Lom\u00e9 (NAHOLO),<\/p>\n\n\n\n<p class=\"wp-block-paragraph\">La collectivit\u00e9 FIGAH-NANDEDGA \u00e0&nbsp;Hourou,<\/p>\n\n\n\n<p class=\"wp-block-paragraph\">Veuve Toguedjala n\u00e9e Badjassa Batassang Namba et ses enfants \u00e0 Lom\u00e9,<\/p>\n\n\n\n<p class=\"wp-block-paragraph\">Veuve Batassang Afiya et ses enfants,<\/p>\n\n\n\n<p class=\"wp-block-paragraph\">Madame Koussanta Abina n\u00e9e Batassang, son mari et ses enfants \u00e0 Lom\u00e9,<\/p>\n\n\n\n<p class=\"wp-block-paragraph\">Monsieur Batassang Kodjovi Caleb sa femme et ses enfants \u00e0 l&rsquo;\u00e9tranger,<\/p>\n\n\n\n<p class=\"wp-block-paragraph\">Col Dolama Malana officier sup\u00e9rieur des FAT \u00e0 la retraite et sa famille \u00e0 Lom\u00e9 et \u00e0 l&rsquo;\u00e9tranger,<\/p>\n\n\n\n<p class=\"wp-block-paragraph\">La collectivit\u00e9 KPANKPAMA et les grandes familles alli\u00e9es : Sambar, Banib\u00e9, Brangama, Lombena, Baguilma, Bayamna, Madjoulba et Tonfeya \u00e0 Maragou,<\/p>\n\n\n\n<p class=\"wp-block-paragraph\">-les familles Dolaama et Bayamina de Baly,<\/p>\n\n\n\n<p class=\"wp-block-paragraph\">-la famille Dadjo \u00e0 Hourou,<\/p>\n\n\n\n<p class=\"wp-block-paragraph\">Les enfants du d\u00e9funt :<\/p>\n\n\n\n<p class=\"wp-block-paragraph\">-madame Banib\u00e9 Akp\u00e9na \u00e9pse Nabiraga,<\/p>\n\n\n\n<p class=\"wp-block-paragraph\">-Banib\u00e9 Martine,<\/p>\n\n\n\n<p class=\"wp-block-paragraph\">-Banib\u00e9 Ad\u00e9line.<\/p>\n\n\n\n<p class=\"wp-block-paragraph\">Les familles parentes, amies et alli\u00e9es<\/p>\n\n\n\n<p class=\"wp-block-paragraph\">Ont la profonde douleur de vous annoncer le d\u00e9c\u00e8s de leur papa, oncle, coussin, fr\u00e8re :<\/p>\n\n\n\n<p class=\"wp-block-paragraph\"><strong>BANIBE BADJALA Komi,<\/strong><\/p>\n\n\n\n<p class=\"wp-block-paragraph\"><strong>&nbsp;Employ\u00e9 \u00e0 l&rsquo;Agence Nationale de l&rsquo;Emploi \u00e0 la retraite,<\/strong><\/p>\n\n\n\n<p class=\"wp-block-paragraph\"><strong>Survenu le 05 juillet 2026 \u00e0 l&rsquo;\u00e2ge de 63 ans.<\/strong><\/p>\n\n\n\n<p class=\"wp-block-paragraph\">L&rsquo;enterrement est pr\u00e9vu ce lundi 06 juillet 2026 \u00e0 10 \u00e0 Hourou.<\/p>\n\n\n\n<p class=\"wp-block-paragraph\">Maison mortuaire : maison Batassang \u00e0 Hourou (kpamnone).<\/p>\n\n\n\n<p class=\"wp-block-paragraph\"><strong><em>La Direction de MACITE.TG pr\u00e9sente ses sinc\u00e8res condol\u00e9ances \u00e0 la famille \u00e9plor\u00e9e&nbsp;!!!<\/em><\/strong><\/p>\n\n\n\n<p class=\"wp-block-paragraph\"><a><strong><em>@macite.tg&nbsp;&nbsp;&nbsp;&nbsp;&nbsp;&nbsp;&nbsp;&nbsp;<\/em><\/strong><\/a><\/p>\n\n\n\n<p class=\"wp-block-paragraph\"><strong><em>E-mail&nbsp;: <\/em><\/strong><a href=\"mailto:maciteinfo@gmail.com\"><strong><em>maciteinfo@gmail.com<\/em><\/strong><\/a><strong><em>; <\/em><\/strong><a href=\"mailto:bawela1@gmail.com\"><strong><em>bawela1@gmail.com<\/em><\/strong><\/a><strong><em><\/em><\/strong><\/p>\n\n\n\n<p class=\"wp-block-paragraph\"><strong><em>Pour vos annonces, publi-reportages, etc., joignez-nous au (00228)91515309\/<strong>79872224 <\/strong><strong><\/strong><\/em><\/strong><\/p>\n\n\n\n<p class=\"wp-block-paragraph\"><strong><em>www.macite.tg, L\u2019information, la bonne&nbsp;!<\/em><\/strong><\/p>\n\n\n\n<p class=\"wp-block-paragraph\"><\/p>\n","protected":false},"excerpt":{"rendered":"<p class=\"text-justify mb-2\" >Le chef canton de Baga dans la pr\u00e9fecture de Doufelgou, Le chef de village de Hounanhou dans le canton de Baga, Le chef de village de Maragou dans le canton de Baga, Le Pr\u00e9sident et le chef coutumier des natifs de Hounanhou \u00e0 Lom\u00e9 (NAHOLO), [&hellip;]<\/p>\n","protected":false},"author":2,"featured_media":31954,"comment_status":"open","ping_status":"open","sticky":false,"template":"","format":"standard","meta":{"footnotes":""},"categories":[20,35],"tags":[],"class_list":["post-31943","post","type-post","status-publish","format-standard","has-post-thumbnail","hentry","category-actualite","category-necrologie"],"yoast_head":"<!-- This site is optimized with the Yoast SEO plugin v28.4 - https:\/\/yoast.com\/product\/yoast-seo-wordpress\/ -->\n<title>AVIS DE DECES ET ANNONCES : BANIBE BADJALA Komi rappel\u00e9 \u00e0 son Cr\u00e9ateur \u00e0 63 ans -<\/title>\n<meta name=\"robots\" content=\"index, follow, max-snippet:-1, max-image-preview:large, max-video-preview:-1\" \/>\n<link rel=\"canonical\" href=\"https:\/\/macite.tg\/?p=31943\" \/>\n<meta property=\"og:locale\" content=\"fr_FR\" \/>\n<meta property=\"og:type\" content=\"article\" \/>\n<meta property=\"og:title\" content=\"AVIS DE DECES ET ANNONCES : BANIBE BADJALA Komi rappel\u00e9 \u00e0 son Cr\u00e9ateur \u00e0 63 ans -\" \/>\n<meta property=\"og:description\" content=\"Le chef canton de Baga dans la pr\u00e9fecture de Doufelgou, Le chef de village de Hounanhou dans le canton de Baga, Le chef de village de Maragou dans le canton de Baga, Le Pr\u00e9sident et le chef coutumier des natifs de Hounanhou \u00e0 Lom\u00e9 (NAHOLO), [&hellip;]\" \/>\n<meta property=\"og:url\" content=\"https:\/\/macite.tg\/?p=31943\" \/>\n<meta property=\"article:published_time\" content=\"2026-07-06T12:37:24+00:00\" \/>\n<meta property=\"article:modified_time\" content=\"2026-07-06T13:00:08+00:00\" \/>\n<meta property=\"og:image\" content=\"https:\/\/macite.tg\/wp-content\/uploads\/2026\/07\/f9bb1479-1832-4fd4-b536-68d11403285b.jpg\" \/>\n\t<meta property=\"og:image:width\" content=\"500\" \/>\n\t<meta property=\"og:image:height\" content=\"668\" \/>\n\t<meta property=\"og:image:type\" content=\"image\/jpeg\" \/>\n<meta name=\"author\" content=\"Jean Pierre BAWELA\" \/>\n<meta name=\"twitter:card\" content=\"summary_large_image\" \/>\n<meta name=\"twitter:label1\" content=\"\u00c9crit par\" \/>\n\t<meta name=\"twitter:data1\" content=\"Jean Pierre BAWELA\" \/>\n\t<meta name=\"twitter:label2\" content=\"Dur\u00e9e de lecture estim\u00e9e\" \/>\n\t<meta name=\"twitter:data2\" content=\"2 minutes\" \/>\n<script type=\"application\/ld+json\" class=\"yoast-schema-graph\">{\"@context\":\"https:\\\/\\\/schema.org\",\"@graph\":[{\"@type\":\"Article\",\"@id\":\"https:\\\/\\\/macite.tg\\\/?p=31943#article\",\"isPartOf\":{\"@id\":\"https:\\\/\\\/macite.tg\\\/?p=31943\"},\"author\":{\"name\":\"Jean Pierre BAWELA\",\"@id\":\"https:\\\/\\\/macite.tg\\\/#\\\/schema\\\/person\\\/e9f2de7e5dbbe7770a9402c7ce82f5c2\"},\"headline\":\"AVIS DE DECES ET ANNONCES : BANIBE BADJALA Komi rappel\u00e9 \u00e0 son Cr\u00e9ateur \u00e0 63 ans\",\"datePublished\":\"2026-07-06T12:37:24+00:00\",\"dateModified\":\"2026-07-06T13:00:08+00:00\",\"mainEntityOfPage\":{\"@id\":\"https:\\\/\\\/macite.tg\\\/?p=31943\"},\"wordCount\":277,\"commentCount\":0,\"image\":{\"@id\":\"https:\\\/\\\/macite.tg\\\/?p=31943#primaryimage\"},\"thumbnailUrl\":\"https:\\\/\\\/macite.tg\\\/wp-content\\\/uploads\\\/2026\\\/07\\\/f9bb1479-1832-4fd4-b536-68d11403285b.jpg\",\"articleSection\":[\"ACTUALITE\",\"NECROLOGIE\"],\"inLanguage\":\"fr-FR\",\"potentialAction\":[{\"@type\":\"CommentAction\",\"name\":\"Comment\",\"target\":[\"https:\\\/\\\/macite.tg\\\/?p=31943#respond\"]}]},{\"@type\":\"WebPage\",\"@id\":\"https:\\\/\\\/macite.tg\\\/?p=31943\",\"url\":\"https:\\\/\\\/macite.tg\\\/?p=31943\",\"name\":\"AVIS DE DECES ET ANNONCES : BANIBE BADJALA Komi rappel\u00e9 \u00e0 son Cr\u00e9ateur \u00e0 63 ans -\",\"isPartOf\":{\"@id\":\"https:\\\/\\\/macite.tg\\\/#website\"},\"primaryImageOfPage\":{\"@id\":\"https:\\\/\\\/macite.tg\\\/?p=31943#primaryimage\"},\"image\":{\"@id\":\"https:\\\/\\\/macite.tg\\\/?p=31943#primaryimage\"},\"thumbnailUrl\":\"https:\\\/\\\/macite.tg\\\/wp-content\\\/uploads\\\/2026\\\/07\\\/f9bb1479-1832-4fd4-b536-68d11403285b.jpg\",\"datePublished\":\"2026-07-06T12:37:24+00:00\",\"dateModified\":\"2026-07-06T13:00:08+00:00\",\"author\":{\"@id\":\"https:\\\/\\\/macite.tg\\\/#\\\/schema\\\/person\\\/e9f2de7e5dbbe7770a9402c7ce82f5c2\"},\"breadcrumb\":{\"@id\":\"https:\\\/\\\/macite.tg\\\/?p=31943#breadcrumb\"},\"inLanguage\":\"fr-FR\",\"potentialAction\":[{\"@type\":\"ReadAction\",\"target\":[\"https:\\\/\\\/macite.tg\\\/?p=31943\"]}]},{\"@type\":\"ImageObject\",\"inLanguage\":\"fr-FR\",\"@id\":\"https:\\\/\\\/macite.tg\\\/?p=31943#primaryimage\",\"url\":\"https:\\\/\\\/macite.tg\\\/wp-content\\\/uploads\\\/2026\\\/07\\\/f9bb1479-1832-4fd4-b536-68d11403285b.jpg\",\"contentUrl\":\"https:\\\/\\\/macite.tg\\\/wp-content\\\/uploads\\\/2026\\\/07\\\/f9bb1479-1832-4fd4-b536-68d11403285b.jpg\",\"width\":500,\"height\":668},{\"@type\":\"BreadcrumbList\",\"@id\":\"https:\\\/\\\/macite.tg\\\/?p=31943#breadcrumb\",\"itemListElement\":[{\"@type\":\"ListItem\",\"position\":1,\"name\":\"Accueil\",\"item\":\"https:\\\/\\\/macite.tg\\\/\"},{\"@type\":\"ListItem\",\"position\":2,\"name\":\"AVIS DE DECES ET ANNONCES : BANIBE BADJALA Komi rappel\u00e9 \u00e0 son Cr\u00e9ateur \u00e0 63 ans\"}]},{\"@type\":\"WebSite\",\"@id\":\"https:\\\/\\\/macite.tg\\\/#website\",\"url\":\"https:\\\/\\\/macite.tg\\\/\",\"name\":\"\",\"description\":\"L&#039;information, la bonne!!!\",\"potentialAction\":[{\"@type\":\"SearchAction\",\"target\":{\"@type\":\"EntryPoint\",\"urlTemplate\":\"https:\\\/\\\/macite.tg\\\/?s={search_term_string}\"},\"query-input\":{\"@type\":\"PropertyValueSpecification\",\"valueRequired\":true,\"valueName\":\"search_term_string\"}}],\"inLanguage\":\"fr-FR\"},{\"@type\":\"Person\",\"@id\":\"https:\\\/\\\/macite.tg\\\/#\\\/schema\\\/person\\\/e9f2de7e5dbbe7770a9402c7ce82f5c2\",\"name\":\"Jean Pierre BAWELA\",\"image\":{\"@type\":\"ImageObject\",\"inLanguage\":\"fr-FR\",\"@id\":\"https:\\\/\\\/macite.tg\\\/wp-content\\\/uploads\\\/2023\\\/09\\\/WhatsApp-Image-2023-09-19-at-14.44.41-122x122.jpeg\",\"url\":\"https:\\\/\\\/macite.tg\\\/wp-content\\\/uploads\\\/2023\\\/09\\\/WhatsApp-Image-2023-09-19-at-14.44.41-122x122.jpeg\",\"contentUrl\":\"https:\\\/\\\/macite.tg\\\/wp-content\\\/uploads\\\/2023\\\/09\\\/WhatsApp-Image-2023-09-19-at-14.44.41-122x122.jpeg\",\"caption\":\"Jean Pierre BAWELA\"},\"url\":\"https:\\\/\\\/macite.tg\\\/?author=2\"}]}<\/script>\n<!-- \/ Yoast SEO plugin. -->","yoast_head_json":{"title":"AVIS DE DECES ET ANNONCES : BANIBE BADJALA Komi rappel\u00e9 \u00e0 son Cr\u00e9ateur \u00e0 63 ans -","robots":{"index":"index","follow":"follow","max-snippet":"max-snippet:-1","max-image-preview":"max-image-preview:large","max-video-preview":"max-video-preview:-1"},"canonical":"https:\/\/macite.tg\/?p=31943","og_locale":"fr_FR","og_type":"article","og_title":"AVIS DE DECES ET ANNONCES : BANIBE BADJALA Komi rappel\u00e9 \u00e0 son Cr\u00e9ateur \u00e0 63 ans -","og_description":"Le chef canton de Baga dans la pr\u00e9fecture de Doufelgou, Le chef de village de Hounanhou dans le canton de Baga, Le chef de village de Maragou dans le canton de Baga, Le Pr\u00e9sident et le chef coutumier des natifs de Hounanhou \u00e0 Lom\u00e9 (NAHOLO), [&hellip;]","og_url":"https:\/\/macite.tg\/?p=31943","article_published_time":"2026-07-06T12:37:24+00:00","article_modified_time":"2026-07-06T13:00:08+00:00","og_image":[{"width":500,"height":668,"url":"https:\/\/macite.tg\/wp-content\/uploads\/2026\/07\/f9bb1479-1832-4fd4-b536-68d11403285b.jpg","type":"image\/jpeg"}],"author":"Jean Pierre BAWELA","twitter_card":"summary_large_image","twitter_misc":{"\u00c9crit par":"Jean Pierre BAWELA","Dur\u00e9e de lecture estim\u00e9e":"2 minutes"},"schema":{"@context":"https:\/\/schema.org","@graph":[{"@type":"Article","@id":"https:\/\/macite.tg\/?p=31943#article","isPartOf":{"@id":"https:\/\/macite.tg\/?p=31943"},"author":{"name":"Jean Pierre BAWELA","@id":"https:\/\/macite.tg\/#\/schema\/person\/e9f2de7e5dbbe7770a9402c7ce82f5c2"},"headline":"AVIS DE DECES ET ANNONCES : BANIBE BADJALA Komi rappel\u00e9 \u00e0 son Cr\u00e9ateur \u00e0 63 ans","datePublished":"2026-07-06T12:37:24+00:00","dateModified":"2026-07-06T13:00:08+00:00","mainEntityOfPage":{"@id":"https:\/\/macite.tg\/?p=31943"},"wordCount":277,"commentCount":0,"image":{"@id":"https:\/\/macite.tg\/?p=31943#primaryimage"},"thumbnailUrl":"https:\/\/macite.tg\/wp-content\/uploads\/2026\/07\/f9bb1479-1832-4fd4-b536-68d11403285b.jpg","articleSection":["ACTUALITE","NECROLOGIE"],"inLanguage":"fr-FR","potentialAction":[{"@type":"CommentAction","name":"Comment","target":["https:\/\/macite.tg\/?p=31943#respond"]}]},{"@type":"WebPage","@id":"https:\/\/macite.tg\/?p=31943","url":"https:\/\/macite.tg\/?p=31943","name":"AVIS DE DECES ET ANNONCES : BANIBE BADJALA Komi rappel\u00e9 \u00e0 son Cr\u00e9ateur \u00e0 63 ans -","isPartOf":{"@id":"https:\/\/macite.tg\/#website"},"primaryImageOfPage":{"@id":"https:\/\/macite.tg\/?p=31943#primaryimage"},"image":{"@id":"https:\/\/macite.tg\/?p=31943#primaryimage"},"thumbnailUrl":"https:\/\/macite.tg\/wp-content\/uploads\/2026\/07\/f9bb1479-1832-4fd4-b536-68d11403285b.jpg","datePublished":"2026-07-06T12:37:24+00:00","dateModified":"2026-07-06T13:00:08+00:00","author":{"@id":"https:\/\/macite.tg\/#\/schema\/person\/e9f2de7e5dbbe7770a9402c7ce82f5c2"},"breadcrumb":{"@id":"https:\/\/macite.tg\/?p=31943#breadcrumb"},"inLanguage":"fr-FR","potentialAction":[{"@type":"ReadAction","target":["https:\/\/macite.tg\/?p=31943"]}]},{"@type":"ImageObject","inLanguage":"fr-FR","@id":"https:\/\/macite.tg\/?p=31943#primaryimage","url":"https:\/\/macite.tg\/wp-content\/uploads\/2026\/07\/f9bb1479-1832-4fd4-b536-68d11403285b.jpg","contentUrl":"https:\/\/macite.tg\/wp-content\/uploads\/2026\/07\/f9bb1479-1832-4fd4-b536-68d11403285b.jpg","width":500,"height":668},{"@type":"BreadcrumbList","@id":"https:\/\/macite.tg\/?p=31943#breadcrumb","itemListElement":[{"@type":"ListItem","position":1,"name":"Accueil","item":"https:\/\/macite.tg\/"},{"@type":"ListItem","position":2,"name":"AVIS DE DECES ET ANNONCES : BANIBE BADJALA Komi rappel\u00e9 \u00e0 son Cr\u00e9ateur \u00e0 63 ans"}]},{"@type":"WebSite","@id":"https:\/\/macite.tg\/#website","url":"https:\/\/macite.tg\/","name":"","description":"L&#039;information, la bonne!!!","potentialAction":[{"@type":"SearchAction","target":{"@type":"EntryPoint","urlTemplate":"https:\/\/macite.tg\/?s={search_term_string}"},"query-input":{"@type":"PropertyValueSpecification","valueRequired":true,"valueName":"search_term_string"}}],"inLanguage":"fr-FR"},{"@type":"Person","@id":"https:\/\/macite.tg\/#\/schema\/person\/e9f2de7e5dbbe7770a9402c7ce82f5c2","name":"Jean Pierre BAWELA","image":{"@type":"ImageObject","inLanguage":"fr-FR","@id":"https:\/\/macite.tg\/wp-content\/uploads\/2023\/09\/WhatsApp-Image-2023-09-19-at-14.44.41-122x122.jpeg","url":"https:\/\/macite.tg\/wp-content\/uploads\/2023\/09\/WhatsApp-Image-2023-09-19-at-14.44.41-122x122.jpeg","contentUrl":"https:\/\/macite.tg\/wp-content\/uploads\/2023\/09\/WhatsApp-Image-2023-09-19-at-14.44.41-122x122.jpeg","caption":"Jean Pierre BAWELA"},"url":"https:\/\/macite.tg\/?author=2"}]}},"_links":{"self":[{"href":"https:\/\/macite.tg\/index.php?rest_route=\/wp\/v2\/posts\/31943","targetHints":{"allow":["GET"]}}],"collection":[{"href":"https:\/\/macite.tg\/index.php?rest_route=\/wp\/v2\/posts"}],"about":[{"href":"https:\/\/macite.tg\/index.php?rest_route=\/wp\/v2\/types\/post"}],"author":[{"embeddable":true,"href":"https:\/\/macite.tg\/index.php?rest_route=\/wp\/v2\/users\/2"}],"replies":[{"embeddable":true,"href":"https:\/\/macite.tg\/index.php?rest_route=%2Fwp%2Fv2%2Fcomments&post=31943"}],"version-history":[{"count":0,"href":"https:\/\/macite.tg\/index.php?rest_route=\/wp\/v2\/posts\/31943\/revisions"}],"wp:featuredmedia":[{"embeddable":true,"href":"https:\/\/macite.tg\/index.php?rest_route=\/wp\/v2\/media\/31954"}],"wp:attachment":[{"href":"https:\/\/macite.tg\/index.php?rest_route=%2Fwp%2Fv2%2Fmedia&parent=31943"}],"wp:term":[{"taxonomy":"category","embeddable":true,"href":"https:\/\/macite.tg\/index.php?rest_route=%2Fwp%2Fv2%2Fcategories&post=31943"},{"taxonomy":"post_tag","embeddable":true,"href":"https:\/\/macite.tg\/index.php?rest_route=%2Fwp%2Fv2%2Ftags&post=31943"}],"curies":[{"name":"wp","href":"https:\/\/api.w.org\/{rel}","templated":true}]}}