{"id":31941,"date":"2026-07-06T10:45:51","date_gmt":"2026-07-06T10:45:51","guid":{"rendered":"https:\/\/macite.tg\/?p=31941"},"modified":"2026-07-06T10:46:07","modified_gmt":"2026-07-06T10:46:07","slug":"faure-gnassingbe-artisan-dune-diplomatie-africaine-structurante-et-visionnaire","status":"publish","type":"post","link":"https:\/\/macite.tg\/?p=31941","title":{"rendered":"FAURE GNASSINGB\u00c9\u00a0: Artisan d\u2019une diplomatie africaine structurante et visionnaire"},"content":{"rendered":"\n<p class=\"wp-block-paragraph\"><strong><em>\u00c0 Lom\u00e9, la Conf\u00e9rence minist\u00e9rielle extraordinaire de l\u2019Alliance politique africaine (APA) consacr\u00e9e \u00e0 la crise du Moyen-Orient a offert une nouvelle illustration de la mont\u00e9e en puissance d\u2019une diplomatie togolaise fond\u00e9e sur la constance, la m\u00e9thode et la projection strat\u00e9gique. \u00c0 travers l\u2019impulsion et la pr\u00e9sidence de Faure Essozimna Gnassingb\u00e9, le Togo s\u2019impose d\u00e9sormais comme un acteur central de la structuration d\u2019une r\u00e9ponse africaine coordonn\u00e9e face aux grandes crises internationales.<\/em><\/strong><\/p>\n\n\n\n<p class=\"wp-block-paragraph\">Dans un environnement mondial marqu\u00e9 par la multiplication des tensions g\u00e9opolitiques et l\u2019intensification des effets de contagion \u00e9conomique, la capacit\u00e9 \u00e0 organiser des espaces de dialogue cr\u00e9dibles devient un enjeu strat\u00e9gique majeur. C\u2019est pr\u00e9cis\u00e9ment sur ce terrain que s\u2019illustre l\u2019action du Pr\u00e9sident du Conseil togolais, dont l\u2019approche repose sur une vision de long terme : transformer la fragmentation diplomatique africaine en une architecture coh\u00e9rente de concertation et d\u2019anticipation.<\/p>\n\n\n\n<p class=\"wp-block-paragraph\">La conf\u00e9rence de Lom\u00e9 met en lumi\u00e8re cette orientation avec une clart\u00e9 particuli\u00e8re. En r\u00e9unissant des dirigeants africains, des repr\u00e9sentants de l\u2019Union africaine, des partenaires internationaux et des acteurs du Moyen-Orient autour d\u2019une r\u00e9flexion structur\u00e9e sur les impacts syst\u00e9miques de la crise au Moyen-Orient, le Togo confirme sa capacit\u00e9 \u00e0 installer durablement des cadres de dialogue de haut niveau sur des enjeux globaux.<\/p>\n\n\n\n<figure class=\"wp-block-image size-full\"><img loading=\"lazy\" decoding=\"async\" width=\"851\" height=\"315\" src=\"https:\/\/macite.tg\/wp-content\/uploads\/2026\/07\/OTR_Ferer-pour-batir-1.jpg\" alt=\"\" class=\"wp-image-31769\" srcset=\"https:\/\/macite.tg\/wp-content\/uploads\/2026\/07\/OTR_Ferer-pour-batir-1.jpg 851w, https:\/\/macite.tg\/wp-content\/uploads\/2026\/07\/OTR_Ferer-pour-batir-1-300x111.jpg 300w, https:\/\/macite.tg\/wp-content\/uploads\/2026\/07\/OTR_Ferer-pour-batir-1-768x284.jpg 768w\" sizes=\"auto, (max-width: 851px) 100vw, 851px\" \/><\/figure>\n\n\n\n<p class=\"wp-block-paragraph\">L\u2019intervention de Faure Essozimna Gnassingb\u00e9 s\u2019inscrit dans une logique de lucidit\u00e9 strat\u00e9gique. En rappelant que les crises internationales ne sont plus isol\u00e9es mais interconnect\u00e9es, il replace l\u2019Afrique au c\u0153ur des dynamiques globales non pas comme simple zone d\u2019impact, mais comme acteur devant d\u00e9velopper ses propres instruments d\u2019analyse, de pr\u00e9vention et de r\u00e9ponse. Cette posture traduit une compr\u00e9hension fine des mutations contemporaines du syst\u00e8me international.<\/p>\n\n\n\n<p class=\"wp-block-paragraph\">Au-del\u00e0 du diagnostic, le leadership du Pr\u00e9sident du Conseil se distingue par sa capacit\u00e9 \u00e0 proposer une m\u00e9thode. La promotion de l\u2019Alliance politique africaine, initi\u00e9e par le Togo en 2023, s\u2019inscrit dans cette d\u00e9marche de structuration institutionnelle progressive. Elle vise \u00e0 doter le continent d\u2019un cadre permanent de concertation politique, capable de r\u00e9duire les divergences d\u2019approche et de favoriser l\u2019\u00e9mergence de positions africaines communes sur les grandes questions internationales.<\/p>\n\n\n\n<p class=\"wp-block-paragraph\">Cette initiative t\u00e9moigne d\u2019une vision diplomatique qui d\u00e9passe la gestion conjoncturelle des crises. Elle repose sur l\u2019id\u00e9e que la puissance africaine se construit par la coordination, la stabilit\u00e9 des cadres de dialogue et la continuit\u00e9 des \u00e9changes politiques entre \u00c9tats. Dans cette perspective, Lom\u00e9 devient progressivement un point d\u2019ancrage diplomatique, o\u00f9 se consolide une culture africaine de la concertation strat\u00e9gique.<\/p>\n\n\n\n<p class=\"wp-block-paragraph\">La reconnaissance exprim\u00e9e par plusieurs acteurs pr\u00e9sents \u00e0 la conf\u00e9rence, dont le Pr\u00e9sident de la Sierra Leone et pr\u00e9sident en exercice de la CEDEAO, Julius Maada Bio, vient confirmer la pertinence de cette approche. Le soutien \u00e0 la dynamique port\u00e9e par le Togo traduit une adh\u00e9sion croissante \u00e0 l\u2019id\u00e9e d\u2019une Afrique plus unie dans l\u2019analyse et la gestion des crises globales.<\/p>\n\n\n<div class=\"wp-block-image\">\n<figure class=\"aligncenter size-full is-resized\"><img loading=\"lazy\" decoding=\"async\" width=\"431\" height=\"431\" src=\"https:\/\/macite.tg\/wp-content\/uploads\/2026\/06\/image-78.png\" alt=\"\" class=\"wp-image-31645\" style=\"width:561px;height:auto\" srcset=\"https:\/\/macite.tg\/wp-content\/uploads\/2026\/06\/image-78.png 431w, https:\/\/macite.tg\/wp-content\/uploads\/2026\/06\/image-78-300x300.png 300w, https:\/\/macite.tg\/wp-content\/uploads\/2026\/06\/image-78-150x150.png 150w, https:\/\/macite.tg\/wp-content\/uploads\/2026\/06\/image-78-122x122.png 122w\" sizes=\"auto, (max-width: 431px) 100vw, 431px\" \/><\/figure>\n<\/div>\n\n\n<p class=\"wp-block-paragraph\">Ainsi, l\u2019action de Faure Essozimna Gnassingb\u00e9 s\u2019inscrit dans une dynamique plus large de recomposition de la diplomatie africaine. Elle se caract\u00e9rise par une volont\u00e9 de d\u00e9passer les logiques fragment\u00e9es pour construire des m\u00e9canismes durables de coordination, capables de renforcer la r\u00e9silience du continent face aux chocs externes.<\/p>\n\n\n\n<p class=\"wp-block-paragraph\">A travers cette orientation, le Pr\u00e9sident du Conseil togolais appara\u00eet comme un acteur d\u00e9terminant dans l\u2019\u00e9mergence d\u2019une diplomatie africaine plus structur\u00e9e, plus anticipative et davantage orient\u00e9e vers la construction de r\u00e9ponses collectives. Une diplomatie qui, loin de se limiter \u00e0 la r\u00e9action, ambitionne d\u00e9sormais d\u2019organiser la capacit\u00e9 du continent \u00e0 penser et \u00e0 peser dans les \u00e9quilibres internationaux.<\/p>\n\n\n\n<p class=\"wp-block-paragraph\"><a><strong><em>@macite.tg&nbsp;&nbsp;&nbsp;&nbsp;&nbsp;&nbsp;&nbsp;&nbsp;<\/em><\/strong><\/a><\/p>\n\n\n\n<p class=\"wp-block-paragraph\"><strong><em>E-mail&nbsp;: <\/em><\/strong><a href=\"mailto:maciteinfo@gmail.com\"><strong><em>maciteinfo@gmail.com<\/em><\/strong><\/a><strong><em>; <\/em><\/strong><a href=\"mailto:bawela1@gmail.com\"><strong><em>bawela1@gmail.com<\/em><\/strong><\/a><strong><em><\/em><\/strong><\/p>\n\n\n\n<p class=\"wp-block-paragraph\"><strong><em>Pour vos annonces, publi-reportages, etc., joignez-nous au (00228)91515309\/<strong>79872224 <\/strong><strong><\/strong><\/em><\/strong><\/p>\n\n\n\n<p class=\"wp-block-paragraph\"><strong><em>www.macite.tg, L\u2019information, la bonne&nbsp;!<\/em><\/strong><\/p>\n\n\n\n<p class=\"wp-block-paragraph\"><\/p>\n","protected":false},"excerpt":{"rendered":"<p class=\"text-justify mb-2\" >\u00c0 Lom\u00e9, la Conf\u00e9rence minist\u00e9rielle extraordinaire de l\u2019Alliance politique africaine (APA) consacr\u00e9e \u00e0 la crise du Moyen-Orient a offert une nouvelle illustration de la mont\u00e9e en puissance d\u2019une diplomatie togolaise fond\u00e9e sur la constance, la m\u00e9thode et la projection strat\u00e9gique. \u00c0 travers l\u2019impulsion et la [&hellip;]<\/p>\n","protected":false},"author":2,"featured_media":31944,"comment_status":"open","ping_status":"open","sticky":false,"template":"","format":"standard","meta":{"footnotes":""},"categories":[20,8],"tags":[],"class_list":["post-31941","post","type-post","status-publish","format-standard","has-post-thumbnail","hentry","category-actualite","category-diplomatie"],"yoast_head":"<!-- This site is optimized with the Yoast SEO plugin v28.4 - https:\/\/yoast.com\/product\/yoast-seo-wordpress\/ -->\n<title>FAURE GNASSINGB\u00c9\u00a0: Artisan d\u2019une diplomatie africaine structurante et visionnaire -<\/title>\n<meta name=\"robots\" content=\"index, follow, max-snippet:-1, max-image-preview:large, max-video-preview:-1\" \/>\n<link rel=\"canonical\" href=\"https:\/\/macite.tg\/?p=31941\" \/>\n<meta property=\"og:locale\" content=\"fr_FR\" \/>\n<meta property=\"og:type\" content=\"article\" \/>\n<meta property=\"og:title\" content=\"FAURE GNASSINGB\u00c9\u00a0: Artisan d\u2019une diplomatie africaine structurante et visionnaire -\" \/>\n<meta property=\"og:description\" content=\"\u00c0 Lom\u00e9, la Conf\u00e9rence minist\u00e9rielle extraordinaire de l\u2019Alliance politique africaine (APA) consacr\u00e9e \u00e0 la crise du Moyen-Orient a offert une nouvelle illustration de la mont\u00e9e en puissance d\u2019une diplomatie togolaise fond\u00e9e sur la constance, la m\u00e9thode et la projection strat\u00e9gique. \u00c0 travers l\u2019impulsion et la [&hellip;]\" \/>\n<meta property=\"og:url\" content=\"https:\/\/macite.tg\/?p=31941\" \/>\n<meta property=\"article:published_time\" content=\"2026-07-06T10:45:51+00:00\" \/>\n<meta property=\"article:modified_time\" content=\"2026-07-06T10:46:07+00:00\" \/>\n<meta property=\"og:image\" content=\"https:\/\/macite.tg\/wp-content\/uploads\/2026\/07\/FEG-CEDEAO.jpg\" \/>\n\t<meta property=\"og:image:width\" content=\"500\" \/>\n\t<meta property=\"og:image:height\" content=\"281\" \/>\n\t<meta property=\"og:image:type\" content=\"image\/jpeg\" \/>\n<meta name=\"author\" content=\"Jean Pierre BAWELA\" \/>\n<meta name=\"twitter:card\" content=\"summary_large_image\" \/>\n<meta name=\"twitter:label1\" content=\"\u00c9crit par\" \/>\n\t<meta name=\"twitter:data1\" content=\"Jean Pierre BAWELA\" \/>\n\t<meta name=\"twitter:label2\" content=\"Dur\u00e9e de lecture estim\u00e9e\" \/>\n\t<meta name=\"twitter:data2\" content=\"4 minutes\" \/>\n<script type=\"application\/ld+json\" class=\"yoast-schema-graph\">{\"@context\":\"https:\\\/\\\/schema.org\",\"@graph\":[{\"@type\":\"Article\",\"@id\":\"https:\\\/\\\/macite.tg\\\/?p=31941#article\",\"isPartOf\":{\"@id\":\"https:\\\/\\\/macite.tg\\\/?p=31941\"},\"author\":{\"name\":\"Jean Pierre BAWELA\",\"@id\":\"https:\\\/\\\/macite.tg\\\/#\\\/schema\\\/person\\\/e9f2de7e5dbbe7770a9402c7ce82f5c2\"},\"headline\":\"FAURE GNASSINGB\u00c9\u00a0: Artisan d\u2019une diplomatie africaine structurante et visionnaire\",\"datePublished\":\"2026-07-06T10:45:51+00:00\",\"dateModified\":\"2026-07-06T10:46:07+00:00\",\"mainEntityOfPage\":{\"@id\":\"https:\\\/\\\/macite.tg\\\/?p=31941\"},\"wordCount\":687,\"commentCount\":0,\"image\":{\"@id\":\"https:\\\/\\\/macite.tg\\\/?p=31941#primaryimage\"},\"thumbnailUrl\":\"https:\\\/\\\/macite.tg\\\/wp-content\\\/uploads\\\/2026\\\/07\\\/FEG-CEDEAO.jpg\",\"articleSection\":[\"ACTUALITE\",\"DIPLOMATIE\"],\"inLanguage\":\"fr-FR\",\"potentialAction\":[{\"@type\":\"CommentAction\",\"name\":\"Comment\",\"target\":[\"https:\\\/\\\/macite.tg\\\/?p=31941#respond\"]}]},{\"@type\":\"WebPage\",\"@id\":\"https:\\\/\\\/macite.tg\\\/?p=31941\",\"url\":\"https:\\\/\\\/macite.tg\\\/?p=31941\",\"name\":\"FAURE GNASSINGB\u00c9\u00a0: Artisan d\u2019une diplomatie africaine structurante et visionnaire -\",\"isPartOf\":{\"@id\":\"https:\\\/\\\/macite.tg\\\/#website\"},\"primaryImageOfPage\":{\"@id\":\"https:\\\/\\\/macite.tg\\\/?p=31941#primaryimage\"},\"image\":{\"@id\":\"https:\\\/\\\/macite.tg\\\/?p=31941#primaryimage\"},\"thumbnailUrl\":\"https:\\\/\\\/macite.tg\\\/wp-content\\\/uploads\\\/2026\\\/07\\\/FEG-CEDEAO.jpg\",\"datePublished\":\"2026-07-06T10:45:51+00:00\",\"dateModified\":\"2026-07-06T10:46:07+00:00\",\"author\":{\"@id\":\"https:\\\/\\\/macite.tg\\\/#\\\/schema\\\/person\\\/e9f2de7e5dbbe7770a9402c7ce82f5c2\"},\"breadcrumb\":{\"@id\":\"https:\\\/\\\/macite.tg\\\/?p=31941#breadcrumb\"},\"inLanguage\":\"fr-FR\",\"potentialAction\":[{\"@type\":\"ReadAction\",\"target\":[\"https:\\\/\\\/macite.tg\\\/?p=31941\"]}]},{\"@type\":\"ImageObject\",\"inLanguage\":\"fr-FR\",\"@id\":\"https:\\\/\\\/macite.tg\\\/?p=31941#primaryimage\",\"url\":\"https:\\\/\\\/macite.tg\\\/wp-content\\\/uploads\\\/2026\\\/07\\\/FEG-CEDEAO.jpg\",\"contentUrl\":\"https:\\\/\\\/macite.tg\\\/wp-content\\\/uploads\\\/2026\\\/07\\\/FEG-CEDEAO.jpg\",\"width\":500,\"height\":281},{\"@type\":\"BreadcrumbList\",\"@id\":\"https:\\\/\\\/macite.tg\\\/?p=31941#breadcrumb\",\"itemListElement\":[{\"@type\":\"ListItem\",\"position\":1,\"name\":\"Accueil\",\"item\":\"https:\\\/\\\/macite.tg\\\/\"},{\"@type\":\"ListItem\",\"position\":2,\"name\":\"FAURE GNASSINGB\u00c9\u00a0: Artisan d\u2019une diplomatie africaine structurante et visionnaire\"}]},{\"@type\":\"WebSite\",\"@id\":\"https:\\\/\\\/macite.tg\\\/#website\",\"url\":\"https:\\\/\\\/macite.tg\\\/\",\"name\":\"\",\"description\":\"L&#039;information, la bonne!!!\",\"potentialAction\":[{\"@type\":\"SearchAction\",\"target\":{\"@type\":\"EntryPoint\",\"urlTemplate\":\"https:\\\/\\\/macite.tg\\\/?s={search_term_string}\"},\"query-input\":{\"@type\":\"PropertyValueSpecification\",\"valueRequired\":true,\"valueName\":\"search_term_string\"}}],\"inLanguage\":\"fr-FR\"},{\"@type\":\"Person\",\"@id\":\"https:\\\/\\\/macite.tg\\\/#\\\/schema\\\/person\\\/e9f2de7e5dbbe7770a9402c7ce82f5c2\",\"name\":\"Jean Pierre BAWELA\",\"image\":{\"@type\":\"ImageObject\",\"inLanguage\":\"fr-FR\",\"@id\":\"https:\\\/\\\/macite.tg\\\/wp-content\\\/uploads\\\/2023\\\/09\\\/WhatsApp-Image-2023-09-19-at-14.44.41-122x122.jpeg\",\"url\":\"https:\\\/\\\/macite.tg\\\/wp-content\\\/uploads\\\/2023\\\/09\\\/WhatsApp-Image-2023-09-19-at-14.44.41-122x122.jpeg\",\"contentUrl\":\"https:\\\/\\\/macite.tg\\\/wp-content\\\/uploads\\\/2023\\\/09\\\/WhatsApp-Image-2023-09-19-at-14.44.41-122x122.jpeg\",\"caption\":\"Jean Pierre BAWELA\"},\"url\":\"https:\\\/\\\/macite.tg\\\/?author=2\"}]}<\/script>\n<!-- \/ Yoast SEO plugin. -->","yoast_head_json":{"title":"FAURE GNASSINGB\u00c9\u00a0: Artisan d\u2019une diplomatie africaine structurante et visionnaire -","robots":{"index":"index","follow":"follow","max-snippet":"max-snippet:-1","max-image-preview":"max-image-preview:large","max-video-preview":"max-video-preview:-1"},"canonical":"https:\/\/macite.tg\/?p=31941","og_locale":"fr_FR","og_type":"article","og_title":"FAURE GNASSINGB\u00c9\u00a0: Artisan d\u2019une diplomatie africaine structurante et visionnaire -","og_description":"\u00c0 Lom\u00e9, la Conf\u00e9rence minist\u00e9rielle extraordinaire de l\u2019Alliance politique africaine (APA) consacr\u00e9e \u00e0 la crise du Moyen-Orient a offert une nouvelle illustration de la mont\u00e9e en puissance d\u2019une diplomatie togolaise fond\u00e9e sur la constance, la m\u00e9thode et la projection strat\u00e9gique. \u00c0 travers l\u2019impulsion et la [&hellip;]","og_url":"https:\/\/macite.tg\/?p=31941","article_published_time":"2026-07-06T10:45:51+00:00","article_modified_time":"2026-07-06T10:46:07+00:00","og_image":[{"width":500,"height":281,"url":"https:\/\/macite.tg\/wp-content\/uploads\/2026\/07\/FEG-CEDEAO.jpg","type":"image\/jpeg"}],"author":"Jean Pierre BAWELA","twitter_card":"summary_large_image","twitter_misc":{"\u00c9crit par":"Jean Pierre BAWELA","Dur\u00e9e de lecture estim\u00e9e":"4 minutes"},"schema":{"@context":"https:\/\/schema.org","@graph":[{"@type":"Article","@id":"https:\/\/macite.tg\/?p=31941#article","isPartOf":{"@id":"https:\/\/macite.tg\/?p=31941"},"author":{"name":"Jean Pierre BAWELA","@id":"https:\/\/macite.tg\/#\/schema\/person\/e9f2de7e5dbbe7770a9402c7ce82f5c2"},"headline":"FAURE GNASSINGB\u00c9\u00a0: Artisan d\u2019une diplomatie africaine structurante et visionnaire","datePublished":"2026-07-06T10:45:51+00:00","dateModified":"2026-07-06T10:46:07+00:00","mainEntityOfPage":{"@id":"https:\/\/macite.tg\/?p=31941"},"wordCount":687,"commentCount":0,"image":{"@id":"https:\/\/macite.tg\/?p=31941#primaryimage"},"thumbnailUrl":"https:\/\/macite.tg\/wp-content\/uploads\/2026\/07\/FEG-CEDEAO.jpg","articleSection":["ACTUALITE","DIPLOMATIE"],"inLanguage":"fr-FR","potentialAction":[{"@type":"CommentAction","name":"Comment","target":["https:\/\/macite.tg\/?p=31941#respond"]}]},{"@type":"WebPage","@id":"https:\/\/macite.tg\/?p=31941","url":"https:\/\/macite.tg\/?p=31941","name":"FAURE GNASSINGB\u00c9\u00a0: Artisan d\u2019une diplomatie africaine structurante et visionnaire -","isPartOf":{"@id":"https:\/\/macite.tg\/#website"},"primaryImageOfPage":{"@id":"https:\/\/macite.tg\/?p=31941#primaryimage"},"image":{"@id":"https:\/\/macite.tg\/?p=31941#primaryimage"},"thumbnailUrl":"https:\/\/macite.tg\/wp-content\/uploads\/2026\/07\/FEG-CEDEAO.jpg","datePublished":"2026-07-06T10:45:51+00:00","dateModified":"2026-07-06T10:46:07+00:00","author":{"@id":"https:\/\/macite.tg\/#\/schema\/person\/e9f2de7e5dbbe7770a9402c7ce82f5c2"},"breadcrumb":{"@id":"https:\/\/macite.tg\/?p=31941#breadcrumb"},"inLanguage":"fr-FR","potentialAction":[{"@type":"ReadAction","target":["https:\/\/macite.tg\/?p=31941"]}]},{"@type":"ImageObject","inLanguage":"fr-FR","@id":"https:\/\/macite.tg\/?p=31941#primaryimage","url":"https:\/\/macite.tg\/wp-content\/uploads\/2026\/07\/FEG-CEDEAO.jpg","contentUrl":"https:\/\/macite.tg\/wp-content\/uploads\/2026\/07\/FEG-CEDEAO.jpg","width":500,"height":281},{"@type":"BreadcrumbList","@id":"https:\/\/macite.tg\/?p=31941#breadcrumb","itemListElement":[{"@type":"ListItem","position":1,"name":"Accueil","item":"https:\/\/macite.tg\/"},{"@type":"ListItem","position":2,"name":"FAURE GNASSINGB\u00c9\u00a0: Artisan d\u2019une diplomatie africaine structurante et visionnaire"}]},{"@type":"WebSite","@id":"https:\/\/macite.tg\/#website","url":"https:\/\/macite.tg\/","name":"","description":"L&#039;information, la bonne!!!","potentialAction":[{"@type":"SearchAction","target":{"@type":"EntryPoint","urlTemplate":"https:\/\/macite.tg\/?s={search_term_string}"},"query-input":{"@type":"PropertyValueSpecification","valueRequired":true,"valueName":"search_term_string"}}],"inLanguage":"fr-FR"},{"@type":"Person","@id":"https:\/\/macite.tg\/#\/schema\/person\/e9f2de7e5dbbe7770a9402c7ce82f5c2","name":"Jean Pierre BAWELA","image":{"@type":"ImageObject","inLanguage":"fr-FR","@id":"https:\/\/macite.tg\/wp-content\/uploads\/2023\/09\/WhatsApp-Image-2023-09-19-at-14.44.41-122x122.jpeg","url":"https:\/\/macite.tg\/wp-content\/uploads\/2023\/09\/WhatsApp-Image-2023-09-19-at-14.44.41-122x122.jpeg","contentUrl":"https:\/\/macite.tg\/wp-content\/uploads\/2023\/09\/WhatsApp-Image-2023-09-19-at-14.44.41-122x122.jpeg","caption":"Jean Pierre BAWELA"},"url":"https:\/\/macite.tg\/?author=2"}]}},"_links":{"self":[{"href":"https:\/\/macite.tg\/index.php?rest_route=\/wp\/v2\/posts\/31941","targetHints":{"allow":["GET"]}}],"collection":[{"href":"https:\/\/macite.tg\/index.php?rest_route=\/wp\/v2\/posts"}],"about":[{"href":"https:\/\/macite.tg\/index.php?rest_route=\/wp\/v2\/types\/post"}],"author":[{"embeddable":true,"href":"https:\/\/macite.tg\/index.php?rest_route=\/wp\/v2\/users\/2"}],"replies":[{"embeddable":true,"href":"https:\/\/macite.tg\/index.php?rest_route=%2Fwp%2Fv2%2Fcomments&post=31941"}],"version-history":[{"count":0,"href":"https:\/\/macite.tg\/index.php?rest_route=\/wp\/v2\/posts\/31941\/revisions"}],"wp:featuredmedia":[{"embeddable":true,"href":"https:\/\/macite.tg\/index.php?rest_route=\/wp\/v2\/media\/31944"}],"wp:attachment":[{"href":"https:\/\/macite.tg\/index.php?rest_route=%2Fwp%2Fv2%2Fmedia&parent=31941"}],"wp:term":[{"taxonomy":"category","embeddable":true,"href":"https:\/\/macite.tg\/index.php?rest_route=%2Fwp%2Fv2%2Fcategories&post=31941"},{"taxonomy":"post_tag","embeddable":true,"href":"https:\/\/macite.tg\/index.php?rest_route=%2Fwp%2Fv2%2Ftags&post=31941"}],"curies":[{"name":"wp","href":"https:\/\/api.w.org\/{rel}","templated":true}]}}