{"id":31939,"date":"2026-07-06T10:33:07","date_gmt":"2026-07-06T10:33:07","guid":{"rendered":"https:\/\/macite.tg\/?p=31939"},"modified":"2026-07-06T10:33:14","modified_gmt":"2026-07-06T10:33:14","slug":"lome-carrefour-dune-afrique-qui-cherche-a-peser-immersion-dans-une-diplomatie-en-mutation","status":"publish","type":"post","link":"https:\/\/macite.tg\/?p=31939","title":{"rendered":"LOME, CARREFOUR D\u2019UNE AFRIQUE QUI CHERCHE A PESER : Immersion dans une diplomatie en mutation"},"content":{"rendered":"\n<p class=\"wp-block-paragraph\"><strong><em>Dans une capitale ouest-africaine o\u00f9 les rythmes semblent d\u2019ordinaire \u00e9loign\u00e9s des grandes turbulences du monde, une autre sc\u00e8ne se joue, plus feutr\u00e9e, mais politiquement charg\u00e9e. \u00c0 Lom\u00e9, le 3 juillet dernier, la Conf\u00e9rence minist\u00e9rielle extraordinaire de l\u2019Alliance politique africaine (APA) a r\u00e9uni diplomates, responsables politiques et partenaires internationaux autour d\u2019une question devenue incontournable pour le continent : comment r\u00e9pondre aux crises qui se jouent loin de l\u2019Afrique, mais dont les effets s\u2019y d\u00e9versent avec une intensit\u00e9 croissante ?<\/em><\/strong><\/p>\n\n\n\n<p class=\"wp-block-paragraph\">Dans les couloirs feutr\u00e9s des discussions, un constat revient avec insistance : la crise du Moyen-Orient n\u2019est plus une affaire r\u00e9gionale. Elle s\u2019invite dans les march\u00e9s africains, traverse les ports, fragilise les budgets publics et reconfigure les \u00e9quilibres sociaux. Le p\u00e9trole fluctue, les co\u00fbts du transport maritime s\u2019envolent, les cha\u00eenes d\u2019approvisionnement se tendent. \u00c0 distance des zones de conflit, l\u2019Afrique en ressent pourtant chaque secousse.<\/p>\n\n\n\n<p class=\"wp-block-paragraph\">C\u2019est dans ce contexte que Lom\u00e9 s\u2019impose, le temps d\u2019une conf\u00e9rence, comme un point de convergence diplomatique. Autour du th\u00e8me&nbsp;: <em>\u00ab L\u2019Afrique face \u00e0 la crise du Moyen-Orient : impacts, d\u00e9fis et r\u00e9ponses strat\u00e9giques \u00bb,<\/em> les \u00e9changes d\u00e9passent rapidement le registre des constats pour entrer dans celui des choix politiques. Comment anticiper des chocs qui ne pr\u00e9viennent plus ? Comment organiser une r\u00e9ponse collective sur un continent encore marqu\u00e9 par la fragmentation de ses positions internationales ?<\/p>\n\n\n\n<figure class=\"wp-block-image size-full\"><img loading=\"lazy\" decoding=\"async\" width=\"851\" height=\"315\" src=\"https:\/\/macite.tg\/wp-content\/uploads\/2026\/07\/OTR_Ferer-pour-batir-1.jpg\" alt=\"\" class=\"wp-image-31769\" srcset=\"https:\/\/macite.tg\/wp-content\/uploads\/2026\/07\/OTR_Ferer-pour-batir-1.jpg 851w, https:\/\/macite.tg\/wp-content\/uploads\/2026\/07\/OTR_Ferer-pour-batir-1-300x111.jpg 300w, https:\/\/macite.tg\/wp-content\/uploads\/2026\/07\/OTR_Ferer-pour-batir-1-768x284.jpg 768w\" sizes=\"auto, (max-width: 851px) 100vw, 851px\" \/><\/figure>\n\n\n\n<p class=\"wp-block-paragraph\">Le Pr\u00e9sident du Conseil, Faure Essozimna Gnassingb\u00e9, ouvre les travaux avec une tonalit\u00e9 qui donne le cadre : celui d\u2019une lecture syst\u00e9mique des crises. Dans son intervention, il insiste sur une id\u00e9e simple mais lourde de cons\u00e9quences : ce qui se joue au Moyen-Orient n\u2019est pas ext\u00e9rieur \u00e0 l\u2019Afrique. Les crises \u00e9nerg\u00e9tiques, alimentaires et logistiques forment d\u00e9sormais un m\u00eame enchev\u00eatrement. L\u2019Afrique, dit-il en substance, n\u2019est plus spectatrice de ces d\u00e9s\u00e9quilibres, elle en est partie prenante.<\/p>\n\n\n\n<p class=\"wp-block-paragraph\">Dans cette salle o\u00f9 se croisent diplomates africains, repr\u00e9sentants de l\u2019Union africaine et partenaires internationaux, une autre conviction s\u2019installe progressivement : la r\u00e9ponse ne peut plus \u00eatre uniquement nationale. Elle doit \u00eatre pens\u00e9e \u00e0 l\u2019\u00e9chelle continentale. C\u2019est l\u00e0 que se dessine l\u2019ambition port\u00e9e par le Togo depuis plusieurs ann\u00e9es, celle de faire de Lom\u00e9 un espace de coordination politique et non un simple lieu de rencontres diplomatiques.<\/p>\n\n\n\n<p class=\"wp-block-paragraph\">Le Pr\u00e9sident du Conseil insiste sur trois lignes de force, qui structurent d\u00e9sormais la r\u00e9flexion africaine : l\u2019anticipation des crises, la construction de la r\u00e9silience, et la recherche d\u2019une voix commune sur la sc\u00e8ne internationale. Derri\u00e8re ces mots, une r\u00e9alit\u00e9 plus concr\u00e8te se dessine : celle d\u2019un continent confront\u00e9 \u00e0 des vuln\u00e9rabilit\u00e9s structurelles \u2014 d\u00e9pendance \u00e9nerg\u00e9tique, fragilit\u00e9 logistique, ins\u00e9curit\u00e9 alimentaire \u2014 que les chocs ext\u00e9rieurs ne font qu\u2019exposer davantage.<\/p>\n\n\n\n<p class=\"wp-block-paragraph\">Dans les \u00e9changes, un autre nom revient avec constance, celui de Julius Maada Bio, Pr\u00e9sident de la Sierra Leone et pr\u00e9sident en exercice de la CEDEAO. Sa pr\u00e9sence donne \u00e0 la rencontre une dimension r\u00e9gionale plus large. Il salue l\u2019initiative togolaise et rappelle une ligne de fond : dans un monde o\u00f9 les rapports de force se recomposent, l\u2019Afrique ne pourra compter que sur elle-m\u00eame pour d\u00e9finir ses priorit\u00e9s et d\u00e9fendre ses int\u00e9r\u00eats.<\/p>\n\n\n\n<p class=\"wp-block-paragraph\">Au fil des discussions, l\u2019Alliance politique africaine appara\u00eet moins comme un cadre institutionnel que comme un laboratoire politique. Cr\u00e9\u00e9e en 2023 \u00e0 l\u2019initiative du Togo, elle tente de combler un vide ancien : celui d\u2019un espace r\u00e9gulier o\u00f9 les \u00c9tats africains peuvent confronter leurs analyses des crises internationales et, surtout, construire des positions communes.<\/p>\n\n\n<div class=\"wp-block-image\">\n<figure class=\"aligncenter size-full\"><img loading=\"lazy\" decoding=\"async\" width=\"509\" height=\"720\" src=\"https:\/\/macite.tg\/wp-content\/uploads\/2026\/06\/OTR_Payez-la-TVM-simple-et-pratique.jpg\" alt=\"\" class=\"wp-image-31459\" srcset=\"https:\/\/macite.tg\/wp-content\/uploads\/2026\/06\/OTR_Payez-la-TVM-simple-et-pratique.jpg 509w, https:\/\/macite.tg\/wp-content\/uploads\/2026\/06\/OTR_Payez-la-TVM-simple-et-pratique-212x300.jpg 212w\" sizes=\"auto, (max-width: 509px) 100vw, 509px\" \/><\/figure>\n<\/div>\n\n\n<p class=\"wp-block-paragraph\">Dans les couloirs, entre deux sessions, certains diplomates parlent d\u2019un basculement progressif. Celui d\u2019une Afrique qui ne veut plus seulement r\u00e9agir aux crises, mais tenter de les lire avant qu\u2019elles ne produisent leurs effets. Une Afrique qui cherche \u00e0 transformer sa fragmentation en coordination, et sa d\u00e9pendance aux chocs externes en capacit\u00e9 d\u2019anticipation collective.<\/p>\n\n\n\n<p class=\"wp-block-paragraph\">A la fin de la journ\u00e9e, une impression domine : celle d\u2019un continent qui, par touches successives, tente de s\u2019organiser dans un monde o\u00f9 les crises ne respectent plus les fronti\u00e8res. Et dans cette architecture encore en construction, Lom\u00e9 appara\u00eet, le temps d\u2019une conf\u00e9rence, comme un lieu o\u00f9 se teste une id\u00e9e simple mais ambitieuse : celle d\u2019une Afrique qui cherche \u00e0 penser ses propres r\u00e9ponses, avant que d\u2019autres ne les d\u00e9finissent \u00e0 sa place.<\/p>\n\n\n\n<p class=\"wp-block-paragraph\"><a><strong><em>@macite.tg&nbsp;&nbsp;&nbsp;&nbsp;&nbsp;&nbsp;&nbsp;&nbsp;<\/em><\/strong><\/a><\/p>\n\n\n\n<p class=\"wp-block-paragraph\"><strong><em>E-mail&nbsp;: <\/em><\/strong><a href=\"mailto:maciteinfo@gmail.com\"><strong><em>maciteinfo@gmail.com<\/em><\/strong><\/a><strong><em>; <\/em><\/strong><a href=\"mailto:bawela1@gmail.com\"><strong><em>bawela1@gmail.com<\/em><\/strong><\/a><strong><em><\/em><\/strong><\/p>\n\n\n\n<p class=\"wp-block-paragraph\"><strong><em>Pour vos annonces, publi-reportages, etc., joignez-nous au (00228)91515309\/<strong>79872224 <\/strong><strong><\/strong><\/em><\/strong><\/p>\n\n\n\n<p class=\"wp-block-paragraph\"><strong><em>www.macite.tg, L\u2019information, la bonne&nbsp;!<\/em><\/strong><\/p>\n\n\n\n<p class=\"wp-block-paragraph\"><\/p>\n","protected":false},"excerpt":{"rendered":"<p class=\"text-justify mb-2\" >Dans une capitale ouest-africaine o\u00f9 les rythmes semblent d\u2019ordinaire \u00e9loign\u00e9s des grandes turbulences du monde, une autre sc\u00e8ne se joue, plus feutr\u00e9e, mais politiquement charg\u00e9e. \u00c0 Lom\u00e9, le 3 juillet dernier, la Conf\u00e9rence minist\u00e9rielle extraordinaire de l\u2019Alliance politique africaine (APA) a r\u00e9uni diplomates, responsables politiques [&hellip;]<\/p>\n","protected":false},"author":2,"featured_media":31940,"comment_status":"open","ping_status":"open","sticky":false,"template":"","format":"standard","meta":{"footnotes":""},"categories":[20,8],"tags":[],"class_list":["post-31939","post","type-post","status-publish","format-standard","has-post-thumbnail","hentry","category-actualite","category-diplomatie"],"yoast_head":"<!-- This site is optimized with the Yoast SEO plugin v28.4 - https:\/\/yoast.com\/product\/yoast-seo-wordpress\/ -->\n<title>LOME, CARREFOUR D\u2019UNE AFRIQUE QUI CHERCHE A PESER : Immersion dans une diplomatie en mutation -<\/title>\n<meta name=\"robots\" content=\"index, follow, max-snippet:-1, max-image-preview:large, max-video-preview:-1\" \/>\n<link rel=\"canonical\" href=\"https:\/\/macite.tg\/?p=31939\" \/>\n<meta property=\"og:locale\" content=\"fr_FR\" \/>\n<meta property=\"og:type\" content=\"article\" \/>\n<meta property=\"og:title\" content=\"LOME, CARREFOUR D\u2019UNE AFRIQUE QUI CHERCHE A PESER : Immersion dans une diplomatie en mutation -\" \/>\n<meta property=\"og:description\" content=\"Dans une capitale ouest-africaine o\u00f9 les rythmes semblent d\u2019ordinaire \u00e9loign\u00e9s des grandes turbulences du monde, une autre sc\u00e8ne se joue, plus feutr\u00e9e, mais politiquement charg\u00e9e. \u00c0 Lom\u00e9, le 3 juillet dernier, la Conf\u00e9rence minist\u00e9rielle extraordinaire de l\u2019Alliance politique africaine (APA) a r\u00e9uni diplomates, responsables politiques [&hellip;]\" \/>\n<meta property=\"og:url\" content=\"https:\/\/macite.tg\/?p=31939\" \/>\n<meta property=\"article:published_time\" content=\"2026-07-06T10:33:07+00:00\" \/>\n<meta property=\"article:modified_time\" content=\"2026-07-06T10:33:14+00:00\" \/>\n<meta property=\"og:image\" content=\"https:\/\/macite.tg\/wp-content\/uploads\/2026\/07\/image-31.png\" \/>\n\t<meta property=\"og:image:width\" content=\"336\" \/>\n\t<meta property=\"og:image:height\" content=\"234\" \/>\n\t<meta property=\"og:image:type\" content=\"image\/png\" \/>\n<meta name=\"author\" content=\"Jean Pierre BAWELA\" \/>\n<meta name=\"twitter:card\" content=\"summary_large_image\" \/>\n<meta name=\"twitter:label1\" content=\"\u00c9crit par\" \/>\n\t<meta name=\"twitter:data1\" content=\"Jean Pierre BAWELA\" \/>\n\t<meta name=\"twitter:label2\" content=\"Dur\u00e9e de lecture estim\u00e9e\" \/>\n\t<meta name=\"twitter:data2\" content=\"5 minutes\" \/>\n<script type=\"application\/ld+json\" class=\"yoast-schema-graph\">{\"@context\":\"https:\\\/\\\/schema.org\",\"@graph\":[{\"@type\":\"Article\",\"@id\":\"https:\\\/\\\/macite.tg\\\/?p=31939#article\",\"isPartOf\":{\"@id\":\"https:\\\/\\\/macite.tg\\\/?p=31939\"},\"author\":{\"name\":\"Jean Pierre BAWELA\",\"@id\":\"https:\\\/\\\/macite.tg\\\/#\\\/schema\\\/person\\\/e9f2de7e5dbbe7770a9402c7ce82f5c2\"},\"headline\":\"LOME, CARREFOUR D\u2019UNE AFRIQUE QUI CHERCHE A PESER : Immersion dans une diplomatie en mutation\",\"datePublished\":\"2026-07-06T10:33:07+00:00\",\"dateModified\":\"2026-07-06T10:33:14+00:00\",\"mainEntityOfPage\":{\"@id\":\"https:\\\/\\\/macite.tg\\\/?p=31939\"},\"wordCount\":821,\"commentCount\":0,\"image\":{\"@id\":\"https:\\\/\\\/macite.tg\\\/?p=31939#primaryimage\"},\"thumbnailUrl\":\"https:\\\/\\\/macite.tg\\\/wp-content\\\/uploads\\\/2026\\\/07\\\/image-31.png\",\"articleSection\":[\"ACTUALITE\",\"DIPLOMATIE\"],\"inLanguage\":\"fr-FR\",\"potentialAction\":[{\"@type\":\"CommentAction\",\"name\":\"Comment\",\"target\":[\"https:\\\/\\\/macite.tg\\\/?p=31939#respond\"]}]},{\"@type\":\"WebPage\",\"@id\":\"https:\\\/\\\/macite.tg\\\/?p=31939\",\"url\":\"https:\\\/\\\/macite.tg\\\/?p=31939\",\"name\":\"LOME, CARREFOUR D\u2019UNE AFRIQUE QUI CHERCHE A PESER : Immersion dans une diplomatie en mutation -\",\"isPartOf\":{\"@id\":\"https:\\\/\\\/macite.tg\\\/#website\"},\"primaryImageOfPage\":{\"@id\":\"https:\\\/\\\/macite.tg\\\/?p=31939#primaryimage\"},\"image\":{\"@id\":\"https:\\\/\\\/macite.tg\\\/?p=31939#primaryimage\"},\"thumbnailUrl\":\"https:\\\/\\\/macite.tg\\\/wp-content\\\/uploads\\\/2026\\\/07\\\/image-31.png\",\"datePublished\":\"2026-07-06T10:33:07+00:00\",\"dateModified\":\"2026-07-06T10:33:14+00:00\",\"author\":{\"@id\":\"https:\\\/\\\/macite.tg\\\/#\\\/schema\\\/person\\\/e9f2de7e5dbbe7770a9402c7ce82f5c2\"},\"breadcrumb\":{\"@id\":\"https:\\\/\\\/macite.tg\\\/?p=31939#breadcrumb\"},\"inLanguage\":\"fr-FR\",\"potentialAction\":[{\"@type\":\"ReadAction\",\"target\":[\"https:\\\/\\\/macite.tg\\\/?p=31939\"]}]},{\"@type\":\"ImageObject\",\"inLanguage\":\"fr-FR\",\"@id\":\"https:\\\/\\\/macite.tg\\\/?p=31939#primaryimage\",\"url\":\"https:\\\/\\\/macite.tg\\\/wp-content\\\/uploads\\\/2026\\\/07\\\/image-31.png\",\"contentUrl\":\"https:\\\/\\\/macite.tg\\\/wp-content\\\/uploads\\\/2026\\\/07\\\/image-31.png\",\"width\":336,\"height\":234},{\"@type\":\"BreadcrumbList\",\"@id\":\"https:\\\/\\\/macite.tg\\\/?p=31939#breadcrumb\",\"itemListElement\":[{\"@type\":\"ListItem\",\"position\":1,\"name\":\"Accueil\",\"item\":\"https:\\\/\\\/macite.tg\\\/\"},{\"@type\":\"ListItem\",\"position\":2,\"name\":\"LOME, CARREFOUR D\u2019UNE AFRIQUE QUI CHERCHE A PESER : Immersion dans une diplomatie en mutation\"}]},{\"@type\":\"WebSite\",\"@id\":\"https:\\\/\\\/macite.tg\\\/#website\",\"url\":\"https:\\\/\\\/macite.tg\\\/\",\"name\":\"\",\"description\":\"L&#039;information, la bonne!!!\",\"potentialAction\":[{\"@type\":\"SearchAction\",\"target\":{\"@type\":\"EntryPoint\",\"urlTemplate\":\"https:\\\/\\\/macite.tg\\\/?s={search_term_string}\"},\"query-input\":{\"@type\":\"PropertyValueSpecification\",\"valueRequired\":true,\"valueName\":\"search_term_string\"}}],\"inLanguage\":\"fr-FR\"},{\"@type\":\"Person\",\"@id\":\"https:\\\/\\\/macite.tg\\\/#\\\/schema\\\/person\\\/e9f2de7e5dbbe7770a9402c7ce82f5c2\",\"name\":\"Jean Pierre BAWELA\",\"image\":{\"@type\":\"ImageObject\",\"inLanguage\":\"fr-FR\",\"@id\":\"https:\\\/\\\/macite.tg\\\/wp-content\\\/uploads\\\/2023\\\/09\\\/WhatsApp-Image-2023-09-19-at-14.44.41-122x122.jpeg\",\"url\":\"https:\\\/\\\/macite.tg\\\/wp-content\\\/uploads\\\/2023\\\/09\\\/WhatsApp-Image-2023-09-19-at-14.44.41-122x122.jpeg\",\"contentUrl\":\"https:\\\/\\\/macite.tg\\\/wp-content\\\/uploads\\\/2023\\\/09\\\/WhatsApp-Image-2023-09-19-at-14.44.41-122x122.jpeg\",\"caption\":\"Jean Pierre BAWELA\"},\"url\":\"https:\\\/\\\/macite.tg\\\/?author=2\"}]}<\/script>\n<!-- \/ Yoast SEO plugin. -->","yoast_head_json":{"title":"LOME, CARREFOUR D\u2019UNE AFRIQUE QUI CHERCHE A PESER : Immersion dans une diplomatie en mutation -","robots":{"index":"index","follow":"follow","max-snippet":"max-snippet:-1","max-image-preview":"max-image-preview:large","max-video-preview":"max-video-preview:-1"},"canonical":"https:\/\/macite.tg\/?p=31939","og_locale":"fr_FR","og_type":"article","og_title":"LOME, CARREFOUR D\u2019UNE AFRIQUE QUI CHERCHE A PESER : Immersion dans une diplomatie en mutation -","og_description":"Dans une capitale ouest-africaine o\u00f9 les rythmes semblent d\u2019ordinaire \u00e9loign\u00e9s des grandes turbulences du monde, une autre sc\u00e8ne se joue, plus feutr\u00e9e, mais politiquement charg\u00e9e. \u00c0 Lom\u00e9, le 3 juillet dernier, la Conf\u00e9rence minist\u00e9rielle extraordinaire de l\u2019Alliance politique africaine (APA) a r\u00e9uni diplomates, responsables politiques [&hellip;]","og_url":"https:\/\/macite.tg\/?p=31939","article_published_time":"2026-07-06T10:33:07+00:00","article_modified_time":"2026-07-06T10:33:14+00:00","og_image":[{"width":336,"height":234,"url":"https:\/\/macite.tg\/wp-content\/uploads\/2026\/07\/image-31.png","type":"image\/png"}],"author":"Jean Pierre BAWELA","twitter_card":"summary_large_image","twitter_misc":{"\u00c9crit par":"Jean Pierre BAWELA","Dur\u00e9e de lecture estim\u00e9e":"5 minutes"},"schema":{"@context":"https:\/\/schema.org","@graph":[{"@type":"Article","@id":"https:\/\/macite.tg\/?p=31939#article","isPartOf":{"@id":"https:\/\/macite.tg\/?p=31939"},"author":{"name":"Jean Pierre BAWELA","@id":"https:\/\/macite.tg\/#\/schema\/person\/e9f2de7e5dbbe7770a9402c7ce82f5c2"},"headline":"LOME, CARREFOUR D\u2019UNE AFRIQUE QUI CHERCHE A PESER : Immersion dans une diplomatie en mutation","datePublished":"2026-07-06T10:33:07+00:00","dateModified":"2026-07-06T10:33:14+00:00","mainEntityOfPage":{"@id":"https:\/\/macite.tg\/?p=31939"},"wordCount":821,"commentCount":0,"image":{"@id":"https:\/\/macite.tg\/?p=31939#primaryimage"},"thumbnailUrl":"https:\/\/macite.tg\/wp-content\/uploads\/2026\/07\/image-31.png","articleSection":["ACTUALITE","DIPLOMATIE"],"inLanguage":"fr-FR","potentialAction":[{"@type":"CommentAction","name":"Comment","target":["https:\/\/macite.tg\/?p=31939#respond"]}]},{"@type":"WebPage","@id":"https:\/\/macite.tg\/?p=31939","url":"https:\/\/macite.tg\/?p=31939","name":"LOME, CARREFOUR D\u2019UNE AFRIQUE QUI CHERCHE A PESER : Immersion dans une diplomatie en mutation -","isPartOf":{"@id":"https:\/\/macite.tg\/#website"},"primaryImageOfPage":{"@id":"https:\/\/macite.tg\/?p=31939#primaryimage"},"image":{"@id":"https:\/\/macite.tg\/?p=31939#primaryimage"},"thumbnailUrl":"https:\/\/macite.tg\/wp-content\/uploads\/2026\/07\/image-31.png","datePublished":"2026-07-06T10:33:07+00:00","dateModified":"2026-07-06T10:33:14+00:00","author":{"@id":"https:\/\/macite.tg\/#\/schema\/person\/e9f2de7e5dbbe7770a9402c7ce82f5c2"},"breadcrumb":{"@id":"https:\/\/macite.tg\/?p=31939#breadcrumb"},"inLanguage":"fr-FR","potentialAction":[{"@type":"ReadAction","target":["https:\/\/macite.tg\/?p=31939"]}]},{"@type":"ImageObject","inLanguage":"fr-FR","@id":"https:\/\/macite.tg\/?p=31939#primaryimage","url":"https:\/\/macite.tg\/wp-content\/uploads\/2026\/07\/image-31.png","contentUrl":"https:\/\/macite.tg\/wp-content\/uploads\/2026\/07\/image-31.png","width":336,"height":234},{"@type":"BreadcrumbList","@id":"https:\/\/macite.tg\/?p=31939#breadcrumb","itemListElement":[{"@type":"ListItem","position":1,"name":"Accueil","item":"https:\/\/macite.tg\/"},{"@type":"ListItem","position":2,"name":"LOME, CARREFOUR D\u2019UNE AFRIQUE QUI CHERCHE A PESER : Immersion dans une diplomatie en mutation"}]},{"@type":"WebSite","@id":"https:\/\/macite.tg\/#website","url":"https:\/\/macite.tg\/","name":"","description":"L&#039;information, la bonne!!!","potentialAction":[{"@type":"SearchAction","target":{"@type":"EntryPoint","urlTemplate":"https:\/\/macite.tg\/?s={search_term_string}"},"query-input":{"@type":"PropertyValueSpecification","valueRequired":true,"valueName":"search_term_string"}}],"inLanguage":"fr-FR"},{"@type":"Person","@id":"https:\/\/macite.tg\/#\/schema\/person\/e9f2de7e5dbbe7770a9402c7ce82f5c2","name":"Jean Pierre BAWELA","image":{"@type":"ImageObject","inLanguage":"fr-FR","@id":"https:\/\/macite.tg\/wp-content\/uploads\/2023\/09\/WhatsApp-Image-2023-09-19-at-14.44.41-122x122.jpeg","url":"https:\/\/macite.tg\/wp-content\/uploads\/2023\/09\/WhatsApp-Image-2023-09-19-at-14.44.41-122x122.jpeg","contentUrl":"https:\/\/macite.tg\/wp-content\/uploads\/2023\/09\/WhatsApp-Image-2023-09-19-at-14.44.41-122x122.jpeg","caption":"Jean Pierre BAWELA"},"url":"https:\/\/macite.tg\/?author=2"}]}},"_links":{"self":[{"href":"https:\/\/macite.tg\/index.php?rest_route=\/wp\/v2\/posts\/31939","targetHints":{"allow":["GET"]}}],"collection":[{"href":"https:\/\/macite.tg\/index.php?rest_route=\/wp\/v2\/posts"}],"about":[{"href":"https:\/\/macite.tg\/index.php?rest_route=\/wp\/v2\/types\/post"}],"author":[{"embeddable":true,"href":"https:\/\/macite.tg\/index.php?rest_route=\/wp\/v2\/users\/2"}],"replies":[{"embeddable":true,"href":"https:\/\/macite.tg\/index.php?rest_route=%2Fwp%2Fv2%2Fcomments&post=31939"}],"version-history":[{"count":0,"href":"https:\/\/macite.tg\/index.php?rest_route=\/wp\/v2\/posts\/31939\/revisions"}],"wp:featuredmedia":[{"embeddable":true,"href":"https:\/\/macite.tg\/index.php?rest_route=\/wp\/v2\/media\/31940"}],"wp:attachment":[{"href":"https:\/\/macite.tg\/index.php?rest_route=%2Fwp%2Fv2%2Fmedia&parent=31939"}],"wp:term":[{"taxonomy":"category","embeddable":true,"href":"https:\/\/macite.tg\/index.php?rest_route=%2Fwp%2Fv2%2Fcategories&post=31939"},{"taxonomy":"post_tag","embeddable":true,"href":"https:\/\/macite.tg\/index.php?rest_route=%2Fwp%2Fv2%2Ftags&post=31939"}],"curies":[{"name":"wp","href":"https:\/\/api.w.org\/{rel}","templated":true}]}}