{"id":31935,"date":"2026-07-06T10:08:03","date_gmt":"2026-07-06T10:08:03","guid":{"rendered":"https:\/\/macite.tg\/?p=31935"},"modified":"2026-07-06T10:08:26","modified_gmt":"2026-07-06T10:08:26","slug":"gouvernance-inclusive-la-montee-des-femmes-dans-les-spheres-de-decision","status":"publish","type":"post","link":"https:\/\/macite.tg\/?p=31935","title":{"rendered":"GOUVERNANCE INCLUSIVE : La mont\u00e9e des femmes dans les sph\u00e8res de d\u00e9cision"},"content":{"rendered":"\n<p class=\"wp-block-paragraph\"><strong><em>La promotion de l&rsquo;\u00e9quit\u00e9 de genre n&rsquo;est plus seulement une ambition affich\u00e9e dans les documents de politique publique au Togo. Elle s&rsquo;enracine \u00e0 travers des avanc\u00e9es concr\u00e8tes dans les hautes sph\u00e8res de l&rsquo;\u00c9tat.<\/em><\/strong><\/p>\n\n\n\n<p class=\"wp-block-paragraph\">En 2025, les femmes repr\u00e9sentent 22,45 % des titulaires de fonctions nominatives de haut niveau, notamment parmi les ministres, les pr\u00e9fets, les s\u00e9nateurs et les gouverneurs. C&rsquo;est l&rsquo;expression d&rsquo;une orientation politique assum\u00e9e, port\u00e9e au plus haut sommet de l&rsquo;\u00c9tat par le pr\u00e9sident du Conseil, Faure Gnassingb\u00e9, qui fait de l&rsquo;inclusion des femmes dans les centres de d\u00e9cision un levier de modernisation de la gouvernance nationale.<\/p>\n\n\n\n<p class=\"wp-block-paragraph\">Si ce taux reste encore \u00e9loign\u00e9 de la parit\u00e9, il t\u00e9moigne n\u00e9anmoins d&rsquo;une \u00e9volution significative dans un environnement o\u00f9 les postes de commandement ont longtemps \u00e9t\u00e9 majoritairement occup\u00e9s par des hommes. Plus encore, cette progression soul\u00e8ve une question essentielle : quels b\u00e9n\u00e9fices le pays peut-il tirer d&rsquo;une pr\u00e9sence f\u00e9minine accrue dans ces instances ?<\/p>\n\n\n\n<figure class=\"wp-block-image size-full\"><img loading=\"lazy\" decoding=\"async\" width=\"851\" height=\"315\" src=\"https:\/\/macite.tg\/wp-content\/uploads\/2026\/07\/OTR_Ferer-pour-batir-1.jpg\" alt=\"\" class=\"wp-image-31769\" srcset=\"https:\/\/macite.tg\/wp-content\/uploads\/2026\/07\/OTR_Ferer-pour-batir-1.jpg 851w, https:\/\/macite.tg\/wp-content\/uploads\/2026\/07\/OTR_Ferer-pour-batir-1-300x111.jpg 300w, https:\/\/macite.tg\/wp-content\/uploads\/2026\/07\/OTR_Ferer-pour-batir-1-768x284.jpg 768w\" sizes=\"auto, (max-width: 851px) 100vw, 851px\" \/><\/figure>\n\n\n\n<p class=\"wp-block-paragraph\"><strong>Une gouvernance enrichie par la diversit\u00e9 des exp\u00e9riences<\/strong><\/p>\n\n\n\n<p class=\"wp-block-paragraph\">L&rsquo;un des premiers avantages d&rsquo;une plus grande repr\u00e9sentation des femmes r\u00e9side dans l&rsquo;enrichissement du processus d\u00e9cisionnel. Les femmes et les hommes ne vivent pas toujours les m\u00eames r\u00e9alit\u00e9s \u00e9conomiques et sociales.<\/p>\n\n\n\n<p class=\"wp-block-paragraph\">Les exp\u00e9riences li\u00e9es \u00e0 l&rsquo;\u00e9ducation, \u00e0 la sant\u00e9, \u00e0 l&#8217;emploi, \u00e0 l&rsquo;entrepreneuriat ou encore \u00e0 la vie familiale peuvent diff\u00e9rer selon les contextes. Lorsque ces diff\u00e9rentes sensibilit\u00e9s sont pr\u00e9sentes autour de la table des d\u00e9cisions, les politiques publiques ont davantage de chances de r\u00e9pondre aux besoins r\u00e9els de l&rsquo;ensemble de la population.<\/p>\n\n\n\n<p class=\"wp-block-paragraph\">Dans un pays o\u00f9 les femmes repr\u00e9sentent plus de la moiti\u00e9 de la population, leur implication dans les centres de pouvoir contribue \u00e0 une meilleure prise en compte des pr\u00e9occupations qui touchent directement les m\u00e9nages, les communaut\u00e9s et les activit\u00e9s \u00e9conomiques locales.<\/p>\n\n\n\n<p class=\"wp-block-paragraph\"><strong>Une meilleure qualit\u00e9 des politiques publiques<\/strong><\/p>\n\n\n\n<p class=\"wp-block-paragraph\">L&rsquo;acc\u00e8s des femmes aux fonctions de responsabilit\u00e9 favorise \u00e9galement une gouvernance plus inclusive. Plusieurs analyses internationales montrent que la diversit\u00e9 au sein des organes de d\u00e9cision permet souvent d&rsquo;\u00e9largir les perspectives, de r\u00e9duire les angles morts et d&rsquo;am\u00e9liorer la qualit\u00e9 des arbitrages.<\/p>\n\n\n\n<p class=\"wp-block-paragraph\">Dans tous les secteurs de d\u00e9veloppement, la pr\u00e9sence de femmes \u00e0 des postes strat\u00e9giques contribue \u00e0 mieux identifier des probl\u00e9matiques et \u00e0 \u00e9laborer des r\u00e9ponses plus adapt\u00e9es.<\/p>\n\n\n\n<figure class=\"wp-block-image size-full\"><img loading=\"lazy\" decoding=\"async\" width=\"947\" height=\"202\" src=\"https:\/\/macite.tg\/wp-content\/uploads\/2026\/07\/zio-lodge.jpg\" alt=\"\" class=\"wp-image-31806\" srcset=\"https:\/\/macite.tg\/wp-content\/uploads\/2026\/07\/zio-lodge.jpg 947w, https:\/\/macite.tg\/wp-content\/uploads\/2026\/07\/zio-lodge-300x64.jpg 300w, https:\/\/macite.tg\/wp-content\/uploads\/2026\/07\/zio-lodge-768x164.jpg 768w\" sizes=\"auto, (max-width: 947px) 100vw, 947px\" \/><\/figure>\n\n\n\n<p class=\"wp-block-paragraph\">Il ne s&rsquo;agit pas de consid\u00e9rer que les femmes gouvernent diff\u00e9remment par nature, mais de reconna\u00eetre que la diversit\u00e9 des profils renforce g\u00e9n\u00e9ralement la pertinence des d\u00e9cisions.<\/p>\n\n\n\n<p class=\"wp-block-paragraph\">La progression des femmes dans les fonctions nominatives de haut niveau envoie \u00e9galement un message fort \u00e0 l&rsquo;ensemble de la soci\u00e9t\u00e9. Elle d\u00e9montre que les responsabilit\u00e9s les plus \u00e9lev\u00e9es de l&rsquo;\u00c9tat sont accessibles \u00e0 toutes les comp\u00e9tences, ind\u00e9pendamment du genre. Cette \u00e9volution contribue \u00e0 valoriser le m\u00e9rite, l&rsquo;excellence et la comp\u00e9tence comme principaux crit\u00e8res d&rsquo;acc\u00e8s aux fonctions publiques.<\/p>\n\n\n\n<p class=\"wp-block-paragraph\">Pour les jeunes filles, voir des femmes occuper des postes de ministre, de gouverneur, de pr\u00e9fet ou de s\u00e9nateur constitue une source d&rsquo;inspiration. Cela \u00e9largit le champ des possibles et encourage davantage d&rsquo;ambitions professionnelles et citoyennes.<\/p>\n\n\n\n<p class=\"wp-block-paragraph\"><strong>Un levier pour le d\u00e9veloppement \u00e9conomique<\/strong><\/p>\n\n\n\n<p class=\"wp-block-paragraph\">La promotion des femmes dans les instances de d\u00e9cision n&rsquo;est pas seulement une question de repr\u00e9sentation. Elle poss\u00e8de \u00e9galement une dimension \u00e9conomique.<\/p>\n\n\n\n<p class=\"wp-block-paragraph\">Les organisations internationales soulignent r\u00e9guli\u00e8rement que les pays qui favorisent une meilleure participation des femmes \u00e0 la vie \u00e9conomique et institutionnelle disposent d&rsquo;un potentiel de croissance plus important.<\/p>\n\n\n\n<p class=\"wp-block-paragraph\">Lorsqu&rsquo;une partie importante des talents d&rsquo;un pays est pleinement mobilis\u00e9e, les capacit\u00e9s d&rsquo;innovation, de gestion et de cr\u00e9ation de richesse s&rsquo;en trouvent renforc\u00e9es.<\/p>\n\n\n\n<p class=\"wp-block-paragraph\">La pr\u00e9sence accrue des femmes dans les postes de responsabilit\u00e9 favorise \u00e9galement l&rsquo;adoption de politiques publiques destin\u00e9es \u00e0 lever certains obstacles \u00e0 l&rsquo;entrepreneuriat f\u00e9minin, \u00e0 l&rsquo;acc\u00e8s au financement ou \u00e0 l&#8217;emploi qualifi\u00e9. Ainsi, l&rsquo;inclusion des femmes dans les sph\u00e8res de d\u00e9cision participe indirectement \u00e0 la dynamique \u00e9conomique nationale.<\/p>\n\n\n<div class=\"wp-block-image\">\n<figure class=\"aligncenter size-full is-resized\"><img loading=\"lazy\" decoding=\"async\" width=\"431\" height=\"431\" src=\"https:\/\/macite.tg\/wp-content\/uploads\/2026\/06\/image-78.png\" alt=\"\" class=\"wp-image-31645\" style=\"width:523px;height:auto\" srcset=\"https:\/\/macite.tg\/wp-content\/uploads\/2026\/06\/image-78.png 431w, https:\/\/macite.tg\/wp-content\/uploads\/2026\/06\/image-78-300x300.png 300w, https:\/\/macite.tg\/wp-content\/uploads\/2026\/06\/image-78-150x150.png 150w, https:\/\/macite.tg\/wp-content\/uploads\/2026\/06\/image-78-122x122.png 122w\" sizes=\"auto, (max-width: 431px) 100vw, 431px\" \/><\/figure>\n<\/div>\n\n\n<p class=\"wp-block-paragraph\">L&rsquo;\u00e9volution observ\u00e9e au Togo contribue par ailleurs \u00e0 am\u00e9liorer l&rsquo;image du pays aupr\u00e8s des partenaires internationaux. Les questions d&rsquo;\u00e9quit\u00e9 de genre occupent aujourd&rsquo;hui une place importante dans les agendas de d\u00e9veloppement. Les progr\u00e8s r\u00e9alis\u00e9s en mati\u00e8re de repr\u00e9sentation f\u00e9minine sont souvent per\u00e7us comme des indicateurs de modernisation institutionnelle et de bonne gouvernance. C&rsquo;est tout \u00e0 l&rsquo;honneur du pays.<\/p>\n\n\n\n<p class=\"wp-block-paragraph\"><a><strong><em>@macite.tg&nbsp;&nbsp;&nbsp;&nbsp;&nbsp;&nbsp;&nbsp;&nbsp;<\/em><\/strong><\/a><\/p>\n\n\n\n<p class=\"wp-block-paragraph\"><strong><em>E-mail&nbsp;: <\/em><\/strong><a href=\"mailto:maciteinfo@gmail.com\"><strong><em>maciteinfo@gmail.com<\/em><\/strong><\/a><strong><em>; <\/em><\/strong><a href=\"mailto:bawela1@gmail.com\"><strong><em>bawela1@gmail.com<\/em><\/strong><\/a><strong><em><\/em><\/strong><\/p>\n\n\n\n<p class=\"wp-block-paragraph\"><strong><em>Pour vos annonces, publi-reportages, etc., joignez-nous au (00228)91515309\/<strong>79872224 <\/strong><strong><\/strong><\/em><\/strong><\/p>\n\n\n\n<p class=\"wp-block-paragraph\"><strong><em>www.macite.tg, L\u2019information, la bonne&nbsp;!<\/em><\/strong><\/p>\n\n\n\n<p class=\"wp-block-paragraph\"><\/p>\n","protected":false},"excerpt":{"rendered":"<p class=\"text-justify mb-2\" >La promotion de l&rsquo;\u00e9quit\u00e9 de genre n&rsquo;est plus seulement une ambition affich\u00e9e dans les documents de politique publique au Togo. Elle s&rsquo;enracine \u00e0 travers des avanc\u00e9es concr\u00e8tes dans les hautes sph\u00e8res de l&rsquo;\u00c9tat. En 2025, les femmes repr\u00e9sentent 22,45 % des titulaires de fonctions nominatives [&hellip;]<\/p>\n","protected":false},"author":2,"featured_media":31936,"comment_status":"open","ping_status":"open","sticky":false,"template":"","format":"standard","meta":{"footnotes":""},"categories":[20,73],"tags":[],"class_list":["post-31935","post","type-post","status-publish","format-standard","has-post-thumbnail","hentry","category-actualite","category-inclusion"],"yoast_head":"<!-- This site is optimized with the Yoast SEO plugin v28.4 - https:\/\/yoast.com\/product\/yoast-seo-wordpress\/ -->\n<title>GOUVERNANCE INCLUSIVE : La mont\u00e9e des femmes dans les sph\u00e8res de d\u00e9cision -<\/title>\n<meta name=\"robots\" content=\"index, follow, max-snippet:-1, max-image-preview:large, max-video-preview:-1\" \/>\n<link rel=\"canonical\" href=\"https:\/\/macite.tg\/?p=31935\" \/>\n<meta property=\"og:locale\" content=\"fr_FR\" \/>\n<meta property=\"og:type\" content=\"article\" \/>\n<meta property=\"og:title\" content=\"GOUVERNANCE INCLUSIVE : La mont\u00e9e des femmes dans les sph\u00e8res de d\u00e9cision -\" \/>\n<meta property=\"og:description\" content=\"La promotion de l&rsquo;\u00e9quit\u00e9 de genre n&rsquo;est plus seulement une ambition affich\u00e9e dans les documents de politique publique au Togo. Elle s&rsquo;enracine \u00e0 travers des avanc\u00e9es concr\u00e8tes dans les hautes sph\u00e8res de l&rsquo;\u00c9tat. En 2025, les femmes repr\u00e9sentent 22,45 % des titulaires de fonctions nominatives [&hellip;]\" \/>\n<meta property=\"og:url\" content=\"https:\/\/macite.tg\/?p=31935\" \/>\n<meta property=\"article:published_time\" content=\"2026-07-06T10:08:03+00:00\" \/>\n<meta property=\"article:modified_time\" content=\"2026-07-06T10:08:26+00:00\" \/>\n<meta property=\"og:image\" content=\"https:\/\/macite.tg\/wp-content\/uploads\/2026\/07\/image-30.png\" \/>\n\t<meta property=\"og:image:width\" content=\"274\" \/>\n\t<meta property=\"og:image:height\" content=\"234\" \/>\n\t<meta property=\"og:image:type\" content=\"image\/png\" \/>\n<meta name=\"author\" content=\"Jean Pierre BAWELA\" \/>\n<meta name=\"twitter:card\" content=\"summary_large_image\" \/>\n<meta name=\"twitter:label1\" content=\"\u00c9crit par\" \/>\n\t<meta name=\"twitter:data1\" content=\"Jean Pierre BAWELA\" \/>\n\t<meta name=\"twitter:label2\" content=\"Dur\u00e9e de lecture estim\u00e9e\" \/>\n\t<meta name=\"twitter:data2\" content=\"5 minutes\" \/>\n<script type=\"application\/ld+json\" class=\"yoast-schema-graph\">{\"@context\":\"https:\\\/\\\/schema.org\",\"@graph\":[{\"@type\":\"Article\",\"@id\":\"https:\\\/\\\/macite.tg\\\/?p=31935#article\",\"isPartOf\":{\"@id\":\"https:\\\/\\\/macite.tg\\\/?p=31935\"},\"author\":{\"name\":\"Jean Pierre BAWELA\",\"@id\":\"https:\\\/\\\/macite.tg\\\/#\\\/schema\\\/person\\\/e9f2de7e5dbbe7770a9402c7ce82f5c2\"},\"headline\":\"GOUVERNANCE INCLUSIVE : La mont\u00e9e des femmes dans les sph\u00e8res de d\u00e9cision\",\"datePublished\":\"2026-07-06T10:08:03+00:00\",\"dateModified\":\"2026-07-06T10:08:26+00:00\",\"mainEntityOfPage\":{\"@id\":\"https:\\\/\\\/macite.tg\\\/?p=31935\"},\"wordCount\":827,\"commentCount\":0,\"image\":{\"@id\":\"https:\\\/\\\/macite.tg\\\/?p=31935#primaryimage\"},\"thumbnailUrl\":\"https:\\\/\\\/macite.tg\\\/wp-content\\\/uploads\\\/2026\\\/07\\\/image-30.png\",\"articleSection\":[\"ACTUALITE\",\"INCLUSION\"],\"inLanguage\":\"fr-FR\",\"potentialAction\":[{\"@type\":\"CommentAction\",\"name\":\"Comment\",\"target\":[\"https:\\\/\\\/macite.tg\\\/?p=31935#respond\"]}]},{\"@type\":\"WebPage\",\"@id\":\"https:\\\/\\\/macite.tg\\\/?p=31935\",\"url\":\"https:\\\/\\\/macite.tg\\\/?p=31935\",\"name\":\"GOUVERNANCE INCLUSIVE : La mont\u00e9e des femmes dans les sph\u00e8res de d\u00e9cision -\",\"isPartOf\":{\"@id\":\"https:\\\/\\\/macite.tg\\\/#website\"},\"primaryImageOfPage\":{\"@id\":\"https:\\\/\\\/macite.tg\\\/?p=31935#primaryimage\"},\"image\":{\"@id\":\"https:\\\/\\\/macite.tg\\\/?p=31935#primaryimage\"},\"thumbnailUrl\":\"https:\\\/\\\/macite.tg\\\/wp-content\\\/uploads\\\/2026\\\/07\\\/image-30.png\",\"datePublished\":\"2026-07-06T10:08:03+00:00\",\"dateModified\":\"2026-07-06T10:08:26+00:00\",\"author\":{\"@id\":\"https:\\\/\\\/macite.tg\\\/#\\\/schema\\\/person\\\/e9f2de7e5dbbe7770a9402c7ce82f5c2\"},\"breadcrumb\":{\"@id\":\"https:\\\/\\\/macite.tg\\\/?p=31935#breadcrumb\"},\"inLanguage\":\"fr-FR\",\"potentialAction\":[{\"@type\":\"ReadAction\",\"target\":[\"https:\\\/\\\/macite.tg\\\/?p=31935\"]}]},{\"@type\":\"ImageObject\",\"inLanguage\":\"fr-FR\",\"@id\":\"https:\\\/\\\/macite.tg\\\/?p=31935#primaryimage\",\"url\":\"https:\\\/\\\/macite.tg\\\/wp-content\\\/uploads\\\/2026\\\/07\\\/image-30.png\",\"contentUrl\":\"https:\\\/\\\/macite.tg\\\/wp-content\\\/uploads\\\/2026\\\/07\\\/image-30.png\",\"width\":274,\"height\":234},{\"@type\":\"BreadcrumbList\",\"@id\":\"https:\\\/\\\/macite.tg\\\/?p=31935#breadcrumb\",\"itemListElement\":[{\"@type\":\"ListItem\",\"position\":1,\"name\":\"Accueil\",\"item\":\"https:\\\/\\\/macite.tg\\\/\"},{\"@type\":\"ListItem\",\"position\":2,\"name\":\"GOUVERNANCE INCLUSIVE : La mont\u00e9e des femmes dans les sph\u00e8res de d\u00e9cision\"}]},{\"@type\":\"WebSite\",\"@id\":\"https:\\\/\\\/macite.tg\\\/#website\",\"url\":\"https:\\\/\\\/macite.tg\\\/\",\"name\":\"\",\"description\":\"L&#039;information, la bonne!!!\",\"potentialAction\":[{\"@type\":\"SearchAction\",\"target\":{\"@type\":\"EntryPoint\",\"urlTemplate\":\"https:\\\/\\\/macite.tg\\\/?s={search_term_string}\"},\"query-input\":{\"@type\":\"PropertyValueSpecification\",\"valueRequired\":true,\"valueName\":\"search_term_string\"}}],\"inLanguage\":\"fr-FR\"},{\"@type\":\"Person\",\"@id\":\"https:\\\/\\\/macite.tg\\\/#\\\/schema\\\/person\\\/e9f2de7e5dbbe7770a9402c7ce82f5c2\",\"name\":\"Jean Pierre BAWELA\",\"image\":{\"@type\":\"ImageObject\",\"inLanguage\":\"fr-FR\",\"@id\":\"https:\\\/\\\/macite.tg\\\/wp-content\\\/uploads\\\/2023\\\/09\\\/WhatsApp-Image-2023-09-19-at-14.44.41-122x122.jpeg\",\"url\":\"https:\\\/\\\/macite.tg\\\/wp-content\\\/uploads\\\/2023\\\/09\\\/WhatsApp-Image-2023-09-19-at-14.44.41-122x122.jpeg\",\"contentUrl\":\"https:\\\/\\\/macite.tg\\\/wp-content\\\/uploads\\\/2023\\\/09\\\/WhatsApp-Image-2023-09-19-at-14.44.41-122x122.jpeg\",\"caption\":\"Jean Pierre BAWELA\"},\"url\":\"https:\\\/\\\/macite.tg\\\/?author=2\"}]}<\/script>\n<!-- \/ Yoast SEO plugin. -->","yoast_head_json":{"title":"GOUVERNANCE INCLUSIVE : La mont\u00e9e des femmes dans les sph\u00e8res de d\u00e9cision -","robots":{"index":"index","follow":"follow","max-snippet":"max-snippet:-1","max-image-preview":"max-image-preview:large","max-video-preview":"max-video-preview:-1"},"canonical":"https:\/\/macite.tg\/?p=31935","og_locale":"fr_FR","og_type":"article","og_title":"GOUVERNANCE INCLUSIVE : La mont\u00e9e des femmes dans les sph\u00e8res de d\u00e9cision -","og_description":"La promotion de l&rsquo;\u00e9quit\u00e9 de genre n&rsquo;est plus seulement une ambition affich\u00e9e dans les documents de politique publique au Togo. Elle s&rsquo;enracine \u00e0 travers des avanc\u00e9es concr\u00e8tes dans les hautes sph\u00e8res de l&rsquo;\u00c9tat. En 2025, les femmes repr\u00e9sentent 22,45 % des titulaires de fonctions nominatives [&hellip;]","og_url":"https:\/\/macite.tg\/?p=31935","article_published_time":"2026-07-06T10:08:03+00:00","article_modified_time":"2026-07-06T10:08:26+00:00","og_image":[{"width":274,"height":234,"url":"https:\/\/macite.tg\/wp-content\/uploads\/2026\/07\/image-30.png","type":"image\/png"}],"author":"Jean Pierre BAWELA","twitter_card":"summary_large_image","twitter_misc":{"\u00c9crit par":"Jean Pierre BAWELA","Dur\u00e9e de lecture estim\u00e9e":"5 minutes"},"schema":{"@context":"https:\/\/schema.org","@graph":[{"@type":"Article","@id":"https:\/\/macite.tg\/?p=31935#article","isPartOf":{"@id":"https:\/\/macite.tg\/?p=31935"},"author":{"name":"Jean Pierre BAWELA","@id":"https:\/\/macite.tg\/#\/schema\/person\/e9f2de7e5dbbe7770a9402c7ce82f5c2"},"headline":"GOUVERNANCE INCLUSIVE : La mont\u00e9e des femmes dans les sph\u00e8res de d\u00e9cision","datePublished":"2026-07-06T10:08:03+00:00","dateModified":"2026-07-06T10:08:26+00:00","mainEntityOfPage":{"@id":"https:\/\/macite.tg\/?p=31935"},"wordCount":827,"commentCount":0,"image":{"@id":"https:\/\/macite.tg\/?p=31935#primaryimage"},"thumbnailUrl":"https:\/\/macite.tg\/wp-content\/uploads\/2026\/07\/image-30.png","articleSection":["ACTUALITE","INCLUSION"],"inLanguage":"fr-FR","potentialAction":[{"@type":"CommentAction","name":"Comment","target":["https:\/\/macite.tg\/?p=31935#respond"]}]},{"@type":"WebPage","@id":"https:\/\/macite.tg\/?p=31935","url":"https:\/\/macite.tg\/?p=31935","name":"GOUVERNANCE INCLUSIVE : La mont\u00e9e des femmes dans les sph\u00e8res de d\u00e9cision -","isPartOf":{"@id":"https:\/\/macite.tg\/#website"},"primaryImageOfPage":{"@id":"https:\/\/macite.tg\/?p=31935#primaryimage"},"image":{"@id":"https:\/\/macite.tg\/?p=31935#primaryimage"},"thumbnailUrl":"https:\/\/macite.tg\/wp-content\/uploads\/2026\/07\/image-30.png","datePublished":"2026-07-06T10:08:03+00:00","dateModified":"2026-07-06T10:08:26+00:00","author":{"@id":"https:\/\/macite.tg\/#\/schema\/person\/e9f2de7e5dbbe7770a9402c7ce82f5c2"},"breadcrumb":{"@id":"https:\/\/macite.tg\/?p=31935#breadcrumb"},"inLanguage":"fr-FR","potentialAction":[{"@type":"ReadAction","target":["https:\/\/macite.tg\/?p=31935"]}]},{"@type":"ImageObject","inLanguage":"fr-FR","@id":"https:\/\/macite.tg\/?p=31935#primaryimage","url":"https:\/\/macite.tg\/wp-content\/uploads\/2026\/07\/image-30.png","contentUrl":"https:\/\/macite.tg\/wp-content\/uploads\/2026\/07\/image-30.png","width":274,"height":234},{"@type":"BreadcrumbList","@id":"https:\/\/macite.tg\/?p=31935#breadcrumb","itemListElement":[{"@type":"ListItem","position":1,"name":"Accueil","item":"https:\/\/macite.tg\/"},{"@type":"ListItem","position":2,"name":"GOUVERNANCE INCLUSIVE : La mont\u00e9e des femmes dans les sph\u00e8res de d\u00e9cision"}]},{"@type":"WebSite","@id":"https:\/\/macite.tg\/#website","url":"https:\/\/macite.tg\/","name":"","description":"L&#039;information, la bonne!!!","potentialAction":[{"@type":"SearchAction","target":{"@type":"EntryPoint","urlTemplate":"https:\/\/macite.tg\/?s={search_term_string}"},"query-input":{"@type":"PropertyValueSpecification","valueRequired":true,"valueName":"search_term_string"}}],"inLanguage":"fr-FR"},{"@type":"Person","@id":"https:\/\/macite.tg\/#\/schema\/person\/e9f2de7e5dbbe7770a9402c7ce82f5c2","name":"Jean Pierre BAWELA","image":{"@type":"ImageObject","inLanguage":"fr-FR","@id":"https:\/\/macite.tg\/wp-content\/uploads\/2023\/09\/WhatsApp-Image-2023-09-19-at-14.44.41-122x122.jpeg","url":"https:\/\/macite.tg\/wp-content\/uploads\/2023\/09\/WhatsApp-Image-2023-09-19-at-14.44.41-122x122.jpeg","contentUrl":"https:\/\/macite.tg\/wp-content\/uploads\/2023\/09\/WhatsApp-Image-2023-09-19-at-14.44.41-122x122.jpeg","caption":"Jean Pierre BAWELA"},"url":"https:\/\/macite.tg\/?author=2"}]}},"_links":{"self":[{"href":"https:\/\/macite.tg\/index.php?rest_route=\/wp\/v2\/posts\/31935","targetHints":{"allow":["GET"]}}],"collection":[{"href":"https:\/\/macite.tg\/index.php?rest_route=\/wp\/v2\/posts"}],"about":[{"href":"https:\/\/macite.tg\/index.php?rest_route=\/wp\/v2\/types\/post"}],"author":[{"embeddable":true,"href":"https:\/\/macite.tg\/index.php?rest_route=\/wp\/v2\/users\/2"}],"replies":[{"embeddable":true,"href":"https:\/\/macite.tg\/index.php?rest_route=%2Fwp%2Fv2%2Fcomments&post=31935"}],"version-history":[{"count":0,"href":"https:\/\/macite.tg\/index.php?rest_route=\/wp\/v2\/posts\/31935\/revisions"}],"wp:featuredmedia":[{"embeddable":true,"href":"https:\/\/macite.tg\/index.php?rest_route=\/wp\/v2\/media\/31936"}],"wp:attachment":[{"href":"https:\/\/macite.tg\/index.php?rest_route=%2Fwp%2Fv2%2Fmedia&parent=31935"}],"wp:term":[{"taxonomy":"category","embeddable":true,"href":"https:\/\/macite.tg\/index.php?rest_route=%2Fwp%2Fv2%2Fcategories&post=31935"},{"taxonomy":"post_tag","embeddable":true,"href":"https:\/\/macite.tg\/index.php?rest_route=%2Fwp%2Fv2%2Ftags&post=31935"}],"curies":[{"name":"wp","href":"https:\/\/api.w.org\/{rel}","templated":true}]}}