{"id":31846,"date":"2026-07-02T13:20:13","date_gmt":"2026-07-02T13:20:13","guid":{"rendered":"https:\/\/macite.tg\/?p=31846"},"modified":"2026-07-02T13:20:33","modified_gmt":"2026-07-02T13:20:33","slug":"climat-le-togo-choisit-la-prevention-et-la-preservation","status":"publish","type":"post","link":"https:\/\/macite.tg\/?p=31846","title":{"rendered":"CLIMAT : Le Togo choisit la pr\u00e9vention et la pr\u00e9servation"},"content":{"rendered":"\n<p class=\"wp-block-paragraph\"><strong><em>Face aux d\u00e9fis climatiques qui bouleversent les \u00e9quilibres \u00e9conomiques, sociaux et environnementaux \u00e0 travers le monde, certains pays choisissent d&rsquo;attendre, tandis que d&rsquo;autres d\u00e9cident d&rsquo;agir. Le Togo est de ceux qui optent pour la deuxi\u00e8me option.<\/em><\/strong><\/p>\n\n\n\n<p class=\"wp-block-paragraph\">En int\u00e9grant pleinement les Objectifs de d\u00e9veloppement durable (ODD) dans ses politiques publiques et ses contributions d\u00e9termin\u00e9es au niveau national, le pays fait de la lutte contre les changements climatiques un levier de d\u00e9veloppement plut\u00f4t qu&rsquo;une contrainte.<\/p>\n\n\n\n<p class=\"wp-block-paragraph\">Les d\u00e9fis li\u00e9s au climat, \u00e0 la biodiversit\u00e9, \u00e0 l&rsquo;\u00e9nergie, \u00e0 l&rsquo;eau ou encore \u00e0 la pauvret\u00e9 ne peuvent \u00eatre trait\u00e9s de mani\u00e8re isol\u00e9e. Ils sont \u00e9troitement li\u00e9s et n\u00e9cessitent des r\u00e9ponses globales capables de concilier croissance \u00e9conomique, protection de l&rsquo;environnement et am\u00e9lioration des conditions de vie des populations.<\/p>\n\n\n\n<p class=\"wp-block-paragraph\">C&rsquo;est pr\u00e9cis\u00e9ment l&rsquo;esprit des 17 ODD adopt\u00e9s par la communaut\u00e9 internationale. En les int\u00e9grant dans ses strat\u00e9gies nationales, le Togo d\u00e9montre sa volont\u00e9 de construire un mod\u00e8le de d\u00e9veloppement compatible avec les exigences du XXIe si\u00e8cle.<\/p>\n\n\n\n<figure class=\"wp-block-image size-full\"><img loading=\"lazy\" decoding=\"async\" width=\"851\" height=\"315\" src=\"https:\/\/macite.tg\/wp-content\/uploads\/2026\/07\/OTR_Ferer-pour-batir-1.jpg\" alt=\"\" class=\"wp-image-31769\" srcset=\"https:\/\/macite.tg\/wp-content\/uploads\/2026\/07\/OTR_Ferer-pour-batir-1.jpg 851w, https:\/\/macite.tg\/wp-content\/uploads\/2026\/07\/OTR_Ferer-pour-batir-1-300x111.jpg 300w, https:\/\/macite.tg\/wp-content\/uploads\/2026\/07\/OTR_Ferer-pour-batir-1-768x284.jpg 768w\" sizes=\"auto, (max-width: 851px) 100vw, 851px\" \/><\/figure>\n\n\n\n<p class=\"wp-block-paragraph\"><strong>Au-del\u00e0 des engagements, des r\u00e9alisations concr\u00e8tes<\/strong><\/p>\n\n\n\n<p class=\"wp-block-paragraph\">L&rsquo;un des exemples les plus embl\u00e9matiques concerne la politique nationale de reboisement. Entre 2021 et 2025, pr\u00e8s de 39 millions d&rsquo;arbres ont \u00e9t\u00e9 plant\u00e9s sur le territoire. Ce chiffre impressionnant t\u00e9moigne d&rsquo;un effort collectif mobilisant les pouvoirs publics, les collectivit\u00e9s locales, les organisations de la soci\u00e9t\u00e9 civile, les \u00e9tablissements scolaires et les citoyens.<\/p>\n\n\n\n<p class=\"wp-block-paragraph\">Derri\u00e8re ces millions de plants mis en terre figure une ambition encore plus grande : celle de parvenir \u00e0 planter un milliard d&rsquo;arbres \u00e0 terme. Ce projet va bien au-del\u00e0 d&rsquo;une simple op\u00e9ration de verdissement du territoire. Chaque arbre plant\u00e9 contribue \u00e0 lutter contre l&rsquo;\u00e9rosion des sols, \u00e0 pr\u00e9server la biodiversit\u00e9, \u00e0 am\u00e9liorer la fertilit\u00e9 des terres agricoles, \u00e0 renforcer la r\u00e9silience des \u00e9cosyst\u00e8mes et \u00e0 capter le dioxyde de carbone responsable du r\u00e9chauffement climatique.<\/p>\n\n\n\n<p class=\"wp-block-paragraph\">Les performances enregistr\u00e9es en 2024 illustrent d&rsquo;ailleurs la dynamique en cours. Au cours de cette seule ann\u00e9e, plus de 9,14 millions de plants ont \u00e9t\u00e9 mis en terre sur une superficie d\u00e9passant 11.504 hectares. Ces r\u00e9sultats montrent une acc\u00e9l\u00e9ration des efforts de restauration du couvert v\u00e9g\u00e9tal national. Ils t\u00e9moignent \u00e9galement d&rsquo;une prise de conscience collective de l&rsquo;importance de pr\u00e9server les ressources naturelles pour les g\u00e9n\u00e9rations futures.<\/p>\n\n\n<div class=\"wp-block-image\">\n<figure class=\"aligncenter size-full is-resized\"><img loading=\"lazy\" decoding=\"async\" width=\"431\" height=\"431\" src=\"https:\/\/macite.tg\/wp-content\/uploads\/2026\/06\/image-78.png\" alt=\"\" class=\"wp-image-31645\" style=\"width:513px;height:auto\" srcset=\"https:\/\/macite.tg\/wp-content\/uploads\/2026\/06\/image-78.png 431w, https:\/\/macite.tg\/wp-content\/uploads\/2026\/06\/image-78-300x300.png 300w, https:\/\/macite.tg\/wp-content\/uploads\/2026\/06\/image-78-150x150.png 150w, https:\/\/macite.tg\/wp-content\/uploads\/2026\/06\/image-78-122x122.png 122w\" sizes=\"auto, (max-width: 431px) 100vw, 431px\" \/><\/figure>\n<\/div>\n\n\n<p class=\"wp-block-paragraph\">Cette politique de reboisement r\u00e9pond directement aux exigences de l&rsquo;Accord de Paris sur le climat. Celui-ci invite les \u00c9tats \u00e0 engager une transition vers des \u00e9conomies sobres en carbone et r\u00e9silientes face aux changements climatiques. Pour le Togo, la transition ne consiste pas uniquement \u00e0 r\u00e9duire les \u00e9missions de gaz \u00e0 effet de serre. Elle vise \u00e9galement \u00e0 renforcer la capacit\u00e9 des populations \u00e0 faire face aux s\u00e9cheresses, aux inondations, \u00e0 la d\u00e9gradation des terres et aux autres ph\u00e9nom\u00e8nes climatiques extr\u00eames qui affectent les r\u00e9gions du pays.<\/p>\n\n\n\n<p class=\"wp-block-paragraph\">Il assez clair qu&rsquo;en plantant des millions d&rsquo;arbres aujourd&rsquo;hui, le pays ne restaure pas seulement ses paysages. Il plante aussi les racines d&rsquo;un avenir plus durable, plus r\u00e9silient et plus prosp\u00e8re pour les g\u00e9n\u00e9rations futures.<\/p>\n\n\n\n<p class=\"wp-block-paragraph\"><strong>Omar A.<\/strong><\/p>\n\n\n\n<p class=\"wp-block-paragraph\"><a><strong><em>@macite.tg&nbsp;&nbsp;&nbsp;&nbsp;&nbsp;&nbsp;&nbsp;&nbsp;<\/em><\/strong><\/a><\/p>\n\n\n\n<p class=\"wp-block-paragraph\"><strong><em>E-mail&nbsp;: <\/em><\/strong><a href=\"mailto:maciteinfo@gmail.com\"><strong><em>maciteinfo@gmail.com<\/em><\/strong><\/a><strong><em>; <\/em><\/strong><a href=\"mailto:bawela1@gmail.com\"><strong><em>bawela1@gmail.com<\/em><\/strong><\/a><strong><em><\/em><\/strong><\/p>\n\n\n\n<p class=\"wp-block-paragraph\"><strong><em>Pour vos annonces, publi-reportages, etc., joignez-nous au (00228)91515309\/<strong>79872224 <\/strong><strong><\/strong><\/em><\/strong><\/p>\n\n\n\n<p class=\"wp-block-paragraph\"><strong><em>www.macite.tg, L\u2019information, la bonne&nbsp;!<\/em><\/strong><\/p>\n\n\n\n<p class=\"wp-block-paragraph\"><\/p>\n","protected":false},"excerpt":{"rendered":"<p class=\"text-justify mb-2\" >Face aux d\u00e9fis climatiques qui bouleversent les \u00e9quilibres \u00e9conomiques, sociaux et environnementaux \u00e0 travers le monde, certains pays choisissent d&rsquo;attendre, tandis que d&rsquo;autres d\u00e9cident d&rsquo;agir. Le Togo est de ceux qui optent pour la deuxi\u00e8me option. En int\u00e9grant pleinement les Objectifs de d\u00e9veloppement durable (ODD) [&hellip;]<\/p>\n","protected":false},"author":2,"featured_media":31849,"comment_status":"open","ping_status":"open","sticky":false,"template":"","format":"standard","meta":{"footnotes":""},"categories":[20,19],"tags":[],"class_list":["post-31846","post","type-post","status-publish","format-standard","has-post-thumbnail","hentry","category-actualite","category-environnement"],"yoast_head":"<!-- This site is optimized with the Yoast SEO plugin v28.4 - https:\/\/yoast.com\/product\/yoast-seo-wordpress\/ -->\n<title>CLIMAT : Le Togo choisit la pr\u00e9vention et la pr\u00e9servation -<\/title>\n<meta name=\"robots\" content=\"index, follow, max-snippet:-1, max-image-preview:large, max-video-preview:-1\" \/>\n<link rel=\"canonical\" href=\"https:\/\/macite.tg\/?p=31846\" \/>\n<meta property=\"og:locale\" content=\"fr_FR\" \/>\n<meta property=\"og:type\" content=\"article\" \/>\n<meta property=\"og:title\" content=\"CLIMAT : Le Togo choisit la pr\u00e9vention et la pr\u00e9servation -\" \/>\n<meta property=\"og:description\" content=\"Face aux d\u00e9fis climatiques qui bouleversent les \u00e9quilibres \u00e9conomiques, sociaux et environnementaux \u00e0 travers le monde, certains pays choisissent d&rsquo;attendre, tandis que d&rsquo;autres d\u00e9cident d&rsquo;agir. Le Togo est de ceux qui optent pour la deuxi\u00e8me option. En int\u00e9grant pleinement les Objectifs de d\u00e9veloppement durable (ODD) [&hellip;]\" \/>\n<meta property=\"og:url\" content=\"https:\/\/macite.tg\/?p=31846\" \/>\n<meta property=\"article:published_time\" content=\"2026-07-02T13:20:13+00:00\" \/>\n<meta property=\"article:modified_time\" content=\"2026-07-02T13:20:33+00:00\" \/>\n<meta property=\"og:image\" content=\"https:\/\/macite.tg\/wp-content\/uploads\/2026\/07\/image-19.png\" \/>\n\t<meta property=\"og:image:width\" content=\"404\" \/>\n\t<meta property=\"og:image:height\" content=\"234\" \/>\n\t<meta property=\"og:image:type\" content=\"image\/png\" \/>\n<meta name=\"author\" content=\"Jean Pierre BAWELA\" \/>\n<meta name=\"twitter:card\" content=\"summary_large_image\" \/>\n<meta name=\"twitter:label1\" content=\"\u00c9crit par\" \/>\n\t<meta name=\"twitter:data1\" content=\"Jean Pierre BAWELA\" \/>\n\t<meta name=\"twitter:label2\" content=\"Dur\u00e9e de lecture estim\u00e9e\" \/>\n\t<meta name=\"twitter:data2\" content=\"4 minutes\" \/>\n<script type=\"application\/ld+json\" class=\"yoast-schema-graph\">{\"@context\":\"https:\\\/\\\/schema.org\",\"@graph\":[{\"@type\":\"Article\",\"@id\":\"https:\\\/\\\/macite.tg\\\/?p=31846#article\",\"isPartOf\":{\"@id\":\"https:\\\/\\\/macite.tg\\\/?p=31846\"},\"author\":{\"name\":\"Jean Pierre BAWELA\",\"@id\":\"https:\\\/\\\/macite.tg\\\/#\\\/schema\\\/person\\\/e9f2de7e5dbbe7770a9402c7ce82f5c2\"},\"headline\":\"CLIMAT : Le Togo choisit la pr\u00e9vention et la pr\u00e9servation\",\"datePublished\":\"2026-07-02T13:20:13+00:00\",\"dateModified\":\"2026-07-02T13:20:33+00:00\",\"mainEntityOfPage\":{\"@id\":\"https:\\\/\\\/macite.tg\\\/?p=31846\"},\"wordCount\":590,\"commentCount\":0,\"image\":{\"@id\":\"https:\\\/\\\/macite.tg\\\/?p=31846#primaryimage\"},\"thumbnailUrl\":\"https:\\\/\\\/macite.tg\\\/wp-content\\\/uploads\\\/2026\\\/07\\\/image-19.png\",\"articleSection\":[\"ACTUALITE\",\"ENVIRONNEMENT\"],\"inLanguage\":\"fr-FR\",\"potentialAction\":[{\"@type\":\"CommentAction\",\"name\":\"Comment\",\"target\":[\"https:\\\/\\\/macite.tg\\\/?p=31846#respond\"]}]},{\"@type\":\"WebPage\",\"@id\":\"https:\\\/\\\/macite.tg\\\/?p=31846\",\"url\":\"https:\\\/\\\/macite.tg\\\/?p=31846\",\"name\":\"CLIMAT : Le Togo choisit la pr\u00e9vention et la pr\u00e9servation -\",\"isPartOf\":{\"@id\":\"https:\\\/\\\/macite.tg\\\/#website\"},\"primaryImageOfPage\":{\"@id\":\"https:\\\/\\\/macite.tg\\\/?p=31846#primaryimage\"},\"image\":{\"@id\":\"https:\\\/\\\/macite.tg\\\/?p=31846#primaryimage\"},\"thumbnailUrl\":\"https:\\\/\\\/macite.tg\\\/wp-content\\\/uploads\\\/2026\\\/07\\\/image-19.png\",\"datePublished\":\"2026-07-02T13:20:13+00:00\",\"dateModified\":\"2026-07-02T13:20:33+00:00\",\"author\":{\"@id\":\"https:\\\/\\\/macite.tg\\\/#\\\/schema\\\/person\\\/e9f2de7e5dbbe7770a9402c7ce82f5c2\"},\"breadcrumb\":{\"@id\":\"https:\\\/\\\/macite.tg\\\/?p=31846#breadcrumb\"},\"inLanguage\":\"fr-FR\",\"potentialAction\":[{\"@type\":\"ReadAction\",\"target\":[\"https:\\\/\\\/macite.tg\\\/?p=31846\"]}]},{\"@type\":\"ImageObject\",\"inLanguage\":\"fr-FR\",\"@id\":\"https:\\\/\\\/macite.tg\\\/?p=31846#primaryimage\",\"url\":\"https:\\\/\\\/macite.tg\\\/wp-content\\\/uploads\\\/2026\\\/07\\\/image-19.png\",\"contentUrl\":\"https:\\\/\\\/macite.tg\\\/wp-content\\\/uploads\\\/2026\\\/07\\\/image-19.png\",\"width\":404,\"height\":234},{\"@type\":\"BreadcrumbList\",\"@id\":\"https:\\\/\\\/macite.tg\\\/?p=31846#breadcrumb\",\"itemListElement\":[{\"@type\":\"ListItem\",\"position\":1,\"name\":\"Accueil\",\"item\":\"https:\\\/\\\/macite.tg\\\/\"},{\"@type\":\"ListItem\",\"position\":2,\"name\":\"CLIMAT : Le Togo choisit la pr\u00e9vention et la pr\u00e9servation\"}]},{\"@type\":\"WebSite\",\"@id\":\"https:\\\/\\\/macite.tg\\\/#website\",\"url\":\"https:\\\/\\\/macite.tg\\\/\",\"name\":\"\",\"description\":\"L&#039;information, la bonne!!!\",\"potentialAction\":[{\"@type\":\"SearchAction\",\"target\":{\"@type\":\"EntryPoint\",\"urlTemplate\":\"https:\\\/\\\/macite.tg\\\/?s={search_term_string}\"},\"query-input\":{\"@type\":\"PropertyValueSpecification\",\"valueRequired\":true,\"valueName\":\"search_term_string\"}}],\"inLanguage\":\"fr-FR\"},{\"@type\":\"Person\",\"@id\":\"https:\\\/\\\/macite.tg\\\/#\\\/schema\\\/person\\\/e9f2de7e5dbbe7770a9402c7ce82f5c2\",\"name\":\"Jean Pierre BAWELA\",\"image\":{\"@type\":\"ImageObject\",\"inLanguage\":\"fr-FR\",\"@id\":\"https:\\\/\\\/macite.tg\\\/wp-content\\\/uploads\\\/2023\\\/09\\\/WhatsApp-Image-2023-09-19-at-14.44.41-122x122.jpeg\",\"url\":\"https:\\\/\\\/macite.tg\\\/wp-content\\\/uploads\\\/2023\\\/09\\\/WhatsApp-Image-2023-09-19-at-14.44.41-122x122.jpeg\",\"contentUrl\":\"https:\\\/\\\/macite.tg\\\/wp-content\\\/uploads\\\/2023\\\/09\\\/WhatsApp-Image-2023-09-19-at-14.44.41-122x122.jpeg\",\"caption\":\"Jean Pierre BAWELA\"},\"url\":\"https:\\\/\\\/macite.tg\\\/?author=2\"}]}<\/script>\n<!-- \/ Yoast SEO plugin. -->","yoast_head_json":{"title":"CLIMAT : Le Togo choisit la pr\u00e9vention et la pr\u00e9servation -","robots":{"index":"index","follow":"follow","max-snippet":"max-snippet:-1","max-image-preview":"max-image-preview:large","max-video-preview":"max-video-preview:-1"},"canonical":"https:\/\/macite.tg\/?p=31846","og_locale":"fr_FR","og_type":"article","og_title":"CLIMAT : Le Togo choisit la pr\u00e9vention et la pr\u00e9servation -","og_description":"Face aux d\u00e9fis climatiques qui bouleversent les \u00e9quilibres \u00e9conomiques, sociaux et environnementaux \u00e0 travers le monde, certains pays choisissent d&rsquo;attendre, tandis que d&rsquo;autres d\u00e9cident d&rsquo;agir. Le Togo est de ceux qui optent pour la deuxi\u00e8me option. En int\u00e9grant pleinement les Objectifs de d\u00e9veloppement durable (ODD) [&hellip;]","og_url":"https:\/\/macite.tg\/?p=31846","article_published_time":"2026-07-02T13:20:13+00:00","article_modified_time":"2026-07-02T13:20:33+00:00","og_image":[{"width":404,"height":234,"url":"https:\/\/macite.tg\/wp-content\/uploads\/2026\/07\/image-19.png","type":"image\/png"}],"author":"Jean Pierre BAWELA","twitter_card":"summary_large_image","twitter_misc":{"\u00c9crit par":"Jean Pierre BAWELA","Dur\u00e9e de lecture estim\u00e9e":"4 minutes"},"schema":{"@context":"https:\/\/schema.org","@graph":[{"@type":"Article","@id":"https:\/\/macite.tg\/?p=31846#article","isPartOf":{"@id":"https:\/\/macite.tg\/?p=31846"},"author":{"name":"Jean Pierre BAWELA","@id":"https:\/\/macite.tg\/#\/schema\/person\/e9f2de7e5dbbe7770a9402c7ce82f5c2"},"headline":"CLIMAT : Le Togo choisit la pr\u00e9vention et la pr\u00e9servation","datePublished":"2026-07-02T13:20:13+00:00","dateModified":"2026-07-02T13:20:33+00:00","mainEntityOfPage":{"@id":"https:\/\/macite.tg\/?p=31846"},"wordCount":590,"commentCount":0,"image":{"@id":"https:\/\/macite.tg\/?p=31846#primaryimage"},"thumbnailUrl":"https:\/\/macite.tg\/wp-content\/uploads\/2026\/07\/image-19.png","articleSection":["ACTUALITE","ENVIRONNEMENT"],"inLanguage":"fr-FR","potentialAction":[{"@type":"CommentAction","name":"Comment","target":["https:\/\/macite.tg\/?p=31846#respond"]}]},{"@type":"WebPage","@id":"https:\/\/macite.tg\/?p=31846","url":"https:\/\/macite.tg\/?p=31846","name":"CLIMAT : Le Togo choisit la pr\u00e9vention et la pr\u00e9servation -","isPartOf":{"@id":"https:\/\/macite.tg\/#website"},"primaryImageOfPage":{"@id":"https:\/\/macite.tg\/?p=31846#primaryimage"},"image":{"@id":"https:\/\/macite.tg\/?p=31846#primaryimage"},"thumbnailUrl":"https:\/\/macite.tg\/wp-content\/uploads\/2026\/07\/image-19.png","datePublished":"2026-07-02T13:20:13+00:00","dateModified":"2026-07-02T13:20:33+00:00","author":{"@id":"https:\/\/macite.tg\/#\/schema\/person\/e9f2de7e5dbbe7770a9402c7ce82f5c2"},"breadcrumb":{"@id":"https:\/\/macite.tg\/?p=31846#breadcrumb"},"inLanguage":"fr-FR","potentialAction":[{"@type":"ReadAction","target":["https:\/\/macite.tg\/?p=31846"]}]},{"@type":"ImageObject","inLanguage":"fr-FR","@id":"https:\/\/macite.tg\/?p=31846#primaryimage","url":"https:\/\/macite.tg\/wp-content\/uploads\/2026\/07\/image-19.png","contentUrl":"https:\/\/macite.tg\/wp-content\/uploads\/2026\/07\/image-19.png","width":404,"height":234},{"@type":"BreadcrumbList","@id":"https:\/\/macite.tg\/?p=31846#breadcrumb","itemListElement":[{"@type":"ListItem","position":1,"name":"Accueil","item":"https:\/\/macite.tg\/"},{"@type":"ListItem","position":2,"name":"CLIMAT : Le Togo choisit la pr\u00e9vention et la pr\u00e9servation"}]},{"@type":"WebSite","@id":"https:\/\/macite.tg\/#website","url":"https:\/\/macite.tg\/","name":"","description":"L&#039;information, la bonne!!!","potentialAction":[{"@type":"SearchAction","target":{"@type":"EntryPoint","urlTemplate":"https:\/\/macite.tg\/?s={search_term_string}"},"query-input":{"@type":"PropertyValueSpecification","valueRequired":true,"valueName":"search_term_string"}}],"inLanguage":"fr-FR"},{"@type":"Person","@id":"https:\/\/macite.tg\/#\/schema\/person\/e9f2de7e5dbbe7770a9402c7ce82f5c2","name":"Jean Pierre BAWELA","image":{"@type":"ImageObject","inLanguage":"fr-FR","@id":"https:\/\/macite.tg\/wp-content\/uploads\/2023\/09\/WhatsApp-Image-2023-09-19-at-14.44.41-122x122.jpeg","url":"https:\/\/macite.tg\/wp-content\/uploads\/2023\/09\/WhatsApp-Image-2023-09-19-at-14.44.41-122x122.jpeg","contentUrl":"https:\/\/macite.tg\/wp-content\/uploads\/2023\/09\/WhatsApp-Image-2023-09-19-at-14.44.41-122x122.jpeg","caption":"Jean Pierre BAWELA"},"url":"https:\/\/macite.tg\/?author=2"}]}},"_links":{"self":[{"href":"https:\/\/macite.tg\/index.php?rest_route=\/wp\/v2\/posts\/31846","targetHints":{"allow":["GET"]}}],"collection":[{"href":"https:\/\/macite.tg\/index.php?rest_route=\/wp\/v2\/posts"}],"about":[{"href":"https:\/\/macite.tg\/index.php?rest_route=\/wp\/v2\/types\/post"}],"author":[{"embeddable":true,"href":"https:\/\/macite.tg\/index.php?rest_route=\/wp\/v2\/users\/2"}],"replies":[{"embeddable":true,"href":"https:\/\/macite.tg\/index.php?rest_route=%2Fwp%2Fv2%2Fcomments&post=31846"}],"version-history":[{"count":0,"href":"https:\/\/macite.tg\/index.php?rest_route=\/wp\/v2\/posts\/31846\/revisions"}],"wp:featuredmedia":[{"embeddable":true,"href":"https:\/\/macite.tg\/index.php?rest_route=\/wp\/v2\/media\/31849"}],"wp:attachment":[{"href":"https:\/\/macite.tg\/index.php?rest_route=%2Fwp%2Fv2%2Fmedia&parent=31846"}],"wp:term":[{"taxonomy":"category","embeddable":true,"href":"https:\/\/macite.tg\/index.php?rest_route=%2Fwp%2Fv2%2Fcategories&post=31846"},{"taxonomy":"post_tag","embeddable":true,"href":"https:\/\/macite.tg\/index.php?rest_route=%2Fwp%2Fv2%2Ftags&post=31846"}],"curies":[{"name":"wp","href":"https:\/\/api.w.org\/{rel}","templated":true}]}}