{"id":31843,"date":"2026-07-02T13:06:43","date_gmt":"2026-07-02T13:06:43","guid":{"rendered":"https:\/\/macite.tg\/?p=31843"},"modified":"2026-07-02T13:06:59","modified_gmt":"2026-07-02T13:06:59","slug":"region-de-la-kara-une-nouvelle-ere-de-developpement","status":"publish","type":"post","link":"https:\/\/macite.tg\/?p=31843","title":{"rendered":"REGION DE LA KARA\u00a0: Une nouvelle \u00e8re de d\u00e9veloppement"},"content":{"rendered":"\n<p class=\"wp-block-paragraph\"><strong><em>L&rsquo;ann\u00e9e 2026 s&rsquo;est ouverte comme celle d&rsquo;un nouveau bond en avant dans tous les domaines de d\u00e9veloppement dans la r\u00e9gion de la Kara. Un des faits marquants, l&rsquo;am\u00e9lioration des conditions de vie des populations.<\/em><\/strong><\/p>\n\n\n\n<p class=\"wp-block-paragraph\">En mati\u00e8re d&rsquo;\u00e9lectricit\u00e9, la Compagnie \u00e9nergie \u00e9lectrique du Togo (CEET) pr\u00e9voit, par exemple, d&rsquo;\u00e9tendre davantage son r\u00e9seau afin de permettre \u00e0 pr\u00e8s de 22.900 personnes suppl\u00e9mentaires d&rsquo;acc\u00e9der \u00e0 l&rsquo;\u00e9lectricit\u00e9, gr\u00e2ce \u00e0 un investissement estim\u00e9 \u00e0 1,7 milliard.<\/p>\n\n\n\n<p class=\"wp-block-paragraph\">L&rsquo;initiative marque la volont\u00e9 constante des autorit\u00e9s de faire de l&rsquo;\u00e9nergie un vecteur de transformation \u00e9conomique et sociale.<\/p>\n\n\n\n<p class=\"wp-block-paragraph\"><strong>Le changement est total<\/strong><\/p>\n\n\n\n<p class=\"wp-block-paragraph\">Il y a encore quelques ann\u00e9es, dans plusieurs localit\u00e9s de cette r\u00e9gion septentrionale, la tomb\u00e9e de la nuit marquait souvent un ralentissement brutal des activit\u00e9s.<\/p>\n\n\n\n<figure class=\"wp-block-image size-full\"><img loading=\"lazy\" decoding=\"async\" width=\"851\" height=\"315\" src=\"https:\/\/macite.tg\/wp-content\/uploads\/2026\/07\/OTR_Ferer-pour-batir-1.jpg\" alt=\"\" class=\"wp-image-31769\" srcset=\"https:\/\/macite.tg\/wp-content\/uploads\/2026\/07\/OTR_Ferer-pour-batir-1.jpg 851w, https:\/\/macite.tg\/wp-content\/uploads\/2026\/07\/OTR_Ferer-pour-batir-1-300x111.jpg 300w, https:\/\/macite.tg\/wp-content\/uploads\/2026\/07\/OTR_Ferer-pour-batir-1-768x284.jpg 768w\" sizes=\"auto, (max-width: 851px) 100vw, 851px\" \/><\/figure>\n\n\n\n<p class=\"wp-block-paragraph\">Aujourd&rsquo;hui, la situation \u00e9volue. Chaque nouveau raccordement constitue une porte ouverte vers davantage d&rsquo;opportunit\u00e9s, d&rsquo;apaisement, de perspectives pour les m\u00e9nages, les artisans, les commer\u00e7ants, les jeunes entrepreneurs, pour ne citer que ceux-l\u00e0.<\/p>\n\n\n\n<p class=\"wp-block-paragraph\">L&rsquo;acc\u00e8s \u00e0 l&rsquo;\u00e9lectricit\u00e9 n&rsquo;est plus seulement une question d&rsquo;\u00e9clairage. Il s&rsquo;agit d\u00e9sormais d&rsquo;un outil de d\u00e9veloppement. Dans les centres urbains comme dans les localit\u00e9s rurales, l&rsquo;\u00e9nergie permet le fonctionnement des activit\u00e9s et am\u00e9liore les prestations des services essentiels.<\/p>\n\n\n\n<p class=\"wp-block-paragraph\">Les effets attendus de cette r\u00e9alisation ambitieuse d\u00e9passent largement le cercle des b\u00e9n\u00e9ficiaires directs. Une famille raccord\u00e9e peut alimenter plusieurs \u00e9quipements, mais aussi devenir un point d&rsquo;appui pour des voisins ou des activit\u00e9s communautaires. Ainsi, derri\u00e8re les 22.900 personnes concern\u00e9es se trouvent des milliers d&rsquo;autres qui profiteront indirectement des retomb\u00e9es de cette extension du r\u00e9seau.<\/p>\n\n\n\n<p class=\"wp-block-paragraph\"><strong>La modernisation du pays en vogue<\/strong><\/p>\n\n\n\n<p class=\"wp-block-paragraph\">La politique \u00e9nerg\u00e9tique togolaise s&rsquo;inscrit dans une dynamique plus large de modernisation du pays. En investissant 1,7 milliard de francs CFA dans la r\u00e9gion de la Kara, l&rsquo;\u00c9tat ne finance pas simplement des branchements ; il investit dans le potentiel humain, la productivit\u00e9 et la comp\u00e9titivit\u00e9 des territoires.<\/p>\n\n\n\n<p class=\"wp-block-paragraph\">Compar\u00e9e aux r\u00e9alit\u00e9s observ\u00e9es dans plusieurs pays de la sous-r\u00e9gion ouest-africaine, cette strat\u00e9gie appara\u00eet particuli\u00e8rement pertinente. Dans de nombreux \u00c9tats, l&rsquo;extension des r\u00e9seaux \u00e9lectriques progresse encore \u00e0 un rythme insuffisant pour suivre la croissance d\u00e9mographique. Le Togo, lui, a fait de l&rsquo;am\u00e9lioration de l&rsquo;acc\u00e8s \u00e0 l&rsquo;\u00e9nergie une priorit\u00e9 nationale, comme en t\u00e9moigne la progression continue du taux national d&rsquo;\u00e9lectrification.<\/p>\n\n\n<div class=\"wp-block-image\">\n<figure class=\"aligncenter size-full is-resized\"><img loading=\"lazy\" decoding=\"async\" width=\"431\" height=\"431\" src=\"https:\/\/macite.tg\/wp-content\/uploads\/2026\/06\/image-78.png\" alt=\"\" class=\"wp-image-31645\" style=\"width:497px;height:auto\" srcset=\"https:\/\/macite.tg\/wp-content\/uploads\/2026\/06\/image-78.png 431w, https:\/\/macite.tg\/wp-content\/uploads\/2026\/06\/image-78-300x300.png 300w, https:\/\/macite.tg\/wp-content\/uploads\/2026\/06\/image-78-150x150.png 150w, https:\/\/macite.tg\/wp-content\/uploads\/2026\/06\/image-78-122x122.png 122w\" sizes=\"auto, (max-width: 431px) 100vw, 431px\" \/><\/figure>\n<\/div>\n\n\n<p class=\"wp-block-paragraph\">Cette approche pr\u00e9sente un avantage majeur : elle combine l&rsquo;extension du r\u00e9seau conventionnel, le d\u00e9veloppement des solutions solaires et le renforcement des capacit\u00e9s de production \u00e9lectrique. Peu de pays de la sous-r\u00e9gion parviennent \u00e0 agir simultan\u00e9ment sur ces diff\u00e9rents leviers avec une telle coh\u00e9rence.<\/p>\n\n\n\n<p class=\"wp-block-paragraph\">\u00c0 travers cette nouvelle \u00e9tape, le gouvernement confirme sa conviction que l&rsquo;\u00e9lectricit\u00e9 n&rsquo;est pas seulement une infrastructure. Elle est un facteur de dignit\u00e9, un acc\u00e9l\u00e9rateur de croissance et l&rsquo;un des fondements d&rsquo;un d\u00e9veloppement durable capable de profiter au plus grand nombre.<\/p>\n\n\n\n<p class=\"wp-block-paragraph\"><strong>Samir B.<\/strong><\/p>\n\n\n\n<p class=\"wp-block-paragraph\"><a><strong><em>@macite.tg&nbsp;&nbsp;&nbsp;&nbsp;&nbsp;&nbsp;&nbsp;&nbsp;<\/em><\/strong><\/a><\/p>\n\n\n\n<p class=\"wp-block-paragraph\"><strong><em>E-mail&nbsp;: <\/em><\/strong><a href=\"mailto:maciteinfo@gmail.com\"><strong><em>maciteinfo@gmail.com<\/em><\/strong><\/a><strong><em>; <\/em><\/strong><a href=\"mailto:bawela1@gmail.com\"><strong><em>bawela1@gmail.com<\/em><\/strong><\/a><strong><em><\/em><\/strong><\/p>\n\n\n\n<p class=\"wp-block-paragraph\"><strong><em>Pour vos annonces, publi-reportages, etc., joignez-nous au (00228)91515309\/<strong>79872224 <\/strong><strong><\/strong><\/em><\/strong><\/p>\n\n\n\n<p class=\"wp-block-paragraph\"><strong><em>www.macite.tg, L\u2019information, la bonne&nbsp;!<\/em><\/strong><\/p>\n\n\n\n<p class=\"wp-block-paragraph\"><\/p>\n","protected":false},"excerpt":{"rendered":"<p class=\"text-justify mb-2\" >L&rsquo;ann\u00e9e 2026 s&rsquo;est ouverte comme celle d&rsquo;un nouveau bond en avant dans tous les domaines de d\u00e9veloppement dans la r\u00e9gion de la Kara. Un des faits marquants, l&rsquo;am\u00e9lioration des conditions de vie des populations. En mati\u00e8re d&rsquo;\u00e9lectricit\u00e9, la Compagnie \u00e9nergie \u00e9lectrique du Togo (CEET) pr\u00e9voit, [&hellip;]<\/p>\n","protected":false},"author":2,"featured_media":31845,"comment_status":"open","ping_status":"open","sticky":false,"template":"","format":"standard","meta":{"footnotes":""},"categories":[20,15],"tags":[],"class_list":["post-31843","post","type-post","status-publish","format-standard","has-post-thumbnail","hentry","category-actualite","category-developpement"],"yoast_head":"<!-- This site is optimized with the Yoast SEO plugin v28.4 - https:\/\/yoast.com\/product\/yoast-seo-wordpress\/ -->\n<title>REGION DE LA KARA\u00a0: Une nouvelle \u00e8re de d\u00e9veloppement -<\/title>\n<meta name=\"robots\" content=\"index, follow, max-snippet:-1, max-image-preview:large, max-video-preview:-1\" \/>\n<link rel=\"canonical\" href=\"https:\/\/macite.tg\/?p=31843\" \/>\n<meta property=\"og:locale\" content=\"fr_FR\" \/>\n<meta property=\"og:type\" content=\"article\" \/>\n<meta property=\"og:title\" content=\"REGION DE LA KARA\u00a0: Une nouvelle \u00e8re de d\u00e9veloppement -\" \/>\n<meta property=\"og:description\" content=\"L&rsquo;ann\u00e9e 2026 s&rsquo;est ouverte comme celle d&rsquo;un nouveau bond en avant dans tous les domaines de d\u00e9veloppement dans la r\u00e9gion de la Kara. Un des faits marquants, l&rsquo;am\u00e9lioration des conditions de vie des populations. En mati\u00e8re d&rsquo;\u00e9lectricit\u00e9, la Compagnie \u00e9nergie \u00e9lectrique du Togo (CEET) pr\u00e9voit, [&hellip;]\" \/>\n<meta property=\"og:url\" content=\"https:\/\/macite.tg\/?p=31843\" \/>\n<meta property=\"article:published_time\" content=\"2026-07-02T13:06:43+00:00\" \/>\n<meta property=\"article:modified_time\" content=\"2026-07-02T13:06:59+00:00\" \/>\n<meta property=\"og:image\" content=\"https:\/\/macite.tg\/wp-content\/uploads\/2026\/07\/image-17.png\" \/>\n\t<meta property=\"og:image:width\" content=\"404\" \/>\n\t<meta property=\"og:image:height\" content=\"234\" \/>\n\t<meta property=\"og:image:type\" content=\"image\/png\" \/>\n<meta name=\"author\" content=\"Jean Pierre BAWELA\" \/>\n<meta name=\"twitter:card\" content=\"summary_large_image\" \/>\n<meta name=\"twitter:label1\" content=\"\u00c9crit par\" \/>\n\t<meta name=\"twitter:data1\" content=\"Jean Pierre BAWELA\" \/>\n\t<meta name=\"twitter:label2\" content=\"Dur\u00e9e de lecture estim\u00e9e\" \/>\n\t<meta name=\"twitter:data2\" content=\"3 minutes\" \/>\n<script type=\"application\/ld+json\" class=\"yoast-schema-graph\">{\"@context\":\"https:\\\/\\\/schema.org\",\"@graph\":[{\"@type\":\"Article\",\"@id\":\"https:\\\/\\\/macite.tg\\\/?p=31843#article\",\"isPartOf\":{\"@id\":\"https:\\\/\\\/macite.tg\\\/?p=31843\"},\"author\":{\"name\":\"Jean Pierre BAWELA\",\"@id\":\"https:\\\/\\\/macite.tg\\\/#\\\/schema\\\/person\\\/e9f2de7e5dbbe7770a9402c7ce82f5c2\"},\"headline\":\"REGION DE LA KARA\u00a0: Une nouvelle \u00e8re de d\u00e9veloppement\",\"datePublished\":\"2026-07-02T13:06:43+00:00\",\"dateModified\":\"2026-07-02T13:06:59+00:00\",\"mainEntityOfPage\":{\"@id\":\"https:\\\/\\\/macite.tg\\\/?p=31843\"},\"wordCount\":567,\"commentCount\":0,\"image\":{\"@id\":\"https:\\\/\\\/macite.tg\\\/?p=31843#primaryimage\"},\"thumbnailUrl\":\"https:\\\/\\\/macite.tg\\\/wp-content\\\/uploads\\\/2026\\\/07\\\/image-17.png\",\"articleSection\":[\"ACTUALITE\",\"DEVELOPPEMENT\"],\"inLanguage\":\"fr-FR\",\"potentialAction\":[{\"@type\":\"CommentAction\",\"name\":\"Comment\",\"target\":[\"https:\\\/\\\/macite.tg\\\/?p=31843#respond\"]}]},{\"@type\":\"WebPage\",\"@id\":\"https:\\\/\\\/macite.tg\\\/?p=31843\",\"url\":\"https:\\\/\\\/macite.tg\\\/?p=31843\",\"name\":\"REGION DE LA KARA\u00a0: Une nouvelle \u00e8re de d\u00e9veloppement -\",\"isPartOf\":{\"@id\":\"https:\\\/\\\/macite.tg\\\/#website\"},\"primaryImageOfPage\":{\"@id\":\"https:\\\/\\\/macite.tg\\\/?p=31843#primaryimage\"},\"image\":{\"@id\":\"https:\\\/\\\/macite.tg\\\/?p=31843#primaryimage\"},\"thumbnailUrl\":\"https:\\\/\\\/macite.tg\\\/wp-content\\\/uploads\\\/2026\\\/07\\\/image-17.png\",\"datePublished\":\"2026-07-02T13:06:43+00:00\",\"dateModified\":\"2026-07-02T13:06:59+00:00\",\"author\":{\"@id\":\"https:\\\/\\\/macite.tg\\\/#\\\/schema\\\/person\\\/e9f2de7e5dbbe7770a9402c7ce82f5c2\"},\"breadcrumb\":{\"@id\":\"https:\\\/\\\/macite.tg\\\/?p=31843#breadcrumb\"},\"inLanguage\":\"fr-FR\",\"potentialAction\":[{\"@type\":\"ReadAction\",\"target\":[\"https:\\\/\\\/macite.tg\\\/?p=31843\"]}]},{\"@type\":\"ImageObject\",\"inLanguage\":\"fr-FR\",\"@id\":\"https:\\\/\\\/macite.tg\\\/?p=31843#primaryimage\",\"url\":\"https:\\\/\\\/macite.tg\\\/wp-content\\\/uploads\\\/2026\\\/07\\\/image-17.png\",\"contentUrl\":\"https:\\\/\\\/macite.tg\\\/wp-content\\\/uploads\\\/2026\\\/07\\\/image-17.png\",\"width\":404,\"height\":234},{\"@type\":\"BreadcrumbList\",\"@id\":\"https:\\\/\\\/macite.tg\\\/?p=31843#breadcrumb\",\"itemListElement\":[{\"@type\":\"ListItem\",\"position\":1,\"name\":\"Accueil\",\"item\":\"https:\\\/\\\/macite.tg\\\/\"},{\"@type\":\"ListItem\",\"position\":2,\"name\":\"REGION DE LA KARA\u00a0: Une nouvelle \u00e8re de d\u00e9veloppement\"}]},{\"@type\":\"WebSite\",\"@id\":\"https:\\\/\\\/macite.tg\\\/#website\",\"url\":\"https:\\\/\\\/macite.tg\\\/\",\"name\":\"\",\"description\":\"L&#039;information, la bonne!!!\",\"potentialAction\":[{\"@type\":\"SearchAction\",\"target\":{\"@type\":\"EntryPoint\",\"urlTemplate\":\"https:\\\/\\\/macite.tg\\\/?s={search_term_string}\"},\"query-input\":{\"@type\":\"PropertyValueSpecification\",\"valueRequired\":true,\"valueName\":\"search_term_string\"}}],\"inLanguage\":\"fr-FR\"},{\"@type\":\"Person\",\"@id\":\"https:\\\/\\\/macite.tg\\\/#\\\/schema\\\/person\\\/e9f2de7e5dbbe7770a9402c7ce82f5c2\",\"name\":\"Jean Pierre BAWELA\",\"image\":{\"@type\":\"ImageObject\",\"inLanguage\":\"fr-FR\",\"@id\":\"https:\\\/\\\/macite.tg\\\/wp-content\\\/uploads\\\/2023\\\/09\\\/WhatsApp-Image-2023-09-19-at-14.44.41-122x122.jpeg\",\"url\":\"https:\\\/\\\/macite.tg\\\/wp-content\\\/uploads\\\/2023\\\/09\\\/WhatsApp-Image-2023-09-19-at-14.44.41-122x122.jpeg\",\"contentUrl\":\"https:\\\/\\\/macite.tg\\\/wp-content\\\/uploads\\\/2023\\\/09\\\/WhatsApp-Image-2023-09-19-at-14.44.41-122x122.jpeg\",\"caption\":\"Jean Pierre BAWELA\"},\"url\":\"https:\\\/\\\/macite.tg\\\/?author=2\"}]}<\/script>\n<!-- \/ Yoast SEO plugin. -->","yoast_head_json":{"title":"REGION DE LA KARA\u00a0: Une nouvelle \u00e8re de d\u00e9veloppement -","robots":{"index":"index","follow":"follow","max-snippet":"max-snippet:-1","max-image-preview":"max-image-preview:large","max-video-preview":"max-video-preview:-1"},"canonical":"https:\/\/macite.tg\/?p=31843","og_locale":"fr_FR","og_type":"article","og_title":"REGION DE LA KARA\u00a0: Une nouvelle \u00e8re de d\u00e9veloppement -","og_description":"L&rsquo;ann\u00e9e 2026 s&rsquo;est ouverte comme celle d&rsquo;un nouveau bond en avant dans tous les domaines de d\u00e9veloppement dans la r\u00e9gion de la Kara. Un des faits marquants, l&rsquo;am\u00e9lioration des conditions de vie des populations. En mati\u00e8re d&rsquo;\u00e9lectricit\u00e9, la Compagnie \u00e9nergie \u00e9lectrique du Togo (CEET) pr\u00e9voit, [&hellip;]","og_url":"https:\/\/macite.tg\/?p=31843","article_published_time":"2026-07-02T13:06:43+00:00","article_modified_time":"2026-07-02T13:06:59+00:00","og_image":[{"width":404,"height":234,"url":"https:\/\/macite.tg\/wp-content\/uploads\/2026\/07\/image-17.png","type":"image\/png"}],"author":"Jean Pierre BAWELA","twitter_card":"summary_large_image","twitter_misc":{"\u00c9crit par":"Jean Pierre BAWELA","Dur\u00e9e de lecture estim\u00e9e":"3 minutes"},"schema":{"@context":"https:\/\/schema.org","@graph":[{"@type":"Article","@id":"https:\/\/macite.tg\/?p=31843#article","isPartOf":{"@id":"https:\/\/macite.tg\/?p=31843"},"author":{"name":"Jean Pierre BAWELA","@id":"https:\/\/macite.tg\/#\/schema\/person\/e9f2de7e5dbbe7770a9402c7ce82f5c2"},"headline":"REGION DE LA KARA\u00a0: Une nouvelle \u00e8re de d\u00e9veloppement","datePublished":"2026-07-02T13:06:43+00:00","dateModified":"2026-07-02T13:06:59+00:00","mainEntityOfPage":{"@id":"https:\/\/macite.tg\/?p=31843"},"wordCount":567,"commentCount":0,"image":{"@id":"https:\/\/macite.tg\/?p=31843#primaryimage"},"thumbnailUrl":"https:\/\/macite.tg\/wp-content\/uploads\/2026\/07\/image-17.png","articleSection":["ACTUALITE","DEVELOPPEMENT"],"inLanguage":"fr-FR","potentialAction":[{"@type":"CommentAction","name":"Comment","target":["https:\/\/macite.tg\/?p=31843#respond"]}]},{"@type":"WebPage","@id":"https:\/\/macite.tg\/?p=31843","url":"https:\/\/macite.tg\/?p=31843","name":"REGION DE LA KARA\u00a0: Une nouvelle \u00e8re de d\u00e9veloppement -","isPartOf":{"@id":"https:\/\/macite.tg\/#website"},"primaryImageOfPage":{"@id":"https:\/\/macite.tg\/?p=31843#primaryimage"},"image":{"@id":"https:\/\/macite.tg\/?p=31843#primaryimage"},"thumbnailUrl":"https:\/\/macite.tg\/wp-content\/uploads\/2026\/07\/image-17.png","datePublished":"2026-07-02T13:06:43+00:00","dateModified":"2026-07-02T13:06:59+00:00","author":{"@id":"https:\/\/macite.tg\/#\/schema\/person\/e9f2de7e5dbbe7770a9402c7ce82f5c2"},"breadcrumb":{"@id":"https:\/\/macite.tg\/?p=31843#breadcrumb"},"inLanguage":"fr-FR","potentialAction":[{"@type":"ReadAction","target":["https:\/\/macite.tg\/?p=31843"]}]},{"@type":"ImageObject","inLanguage":"fr-FR","@id":"https:\/\/macite.tg\/?p=31843#primaryimage","url":"https:\/\/macite.tg\/wp-content\/uploads\/2026\/07\/image-17.png","contentUrl":"https:\/\/macite.tg\/wp-content\/uploads\/2026\/07\/image-17.png","width":404,"height":234},{"@type":"BreadcrumbList","@id":"https:\/\/macite.tg\/?p=31843#breadcrumb","itemListElement":[{"@type":"ListItem","position":1,"name":"Accueil","item":"https:\/\/macite.tg\/"},{"@type":"ListItem","position":2,"name":"REGION DE LA KARA\u00a0: Une nouvelle \u00e8re de d\u00e9veloppement"}]},{"@type":"WebSite","@id":"https:\/\/macite.tg\/#website","url":"https:\/\/macite.tg\/","name":"","description":"L&#039;information, la bonne!!!","potentialAction":[{"@type":"SearchAction","target":{"@type":"EntryPoint","urlTemplate":"https:\/\/macite.tg\/?s={search_term_string}"},"query-input":{"@type":"PropertyValueSpecification","valueRequired":true,"valueName":"search_term_string"}}],"inLanguage":"fr-FR"},{"@type":"Person","@id":"https:\/\/macite.tg\/#\/schema\/person\/e9f2de7e5dbbe7770a9402c7ce82f5c2","name":"Jean Pierre BAWELA","image":{"@type":"ImageObject","inLanguage":"fr-FR","@id":"https:\/\/macite.tg\/wp-content\/uploads\/2023\/09\/WhatsApp-Image-2023-09-19-at-14.44.41-122x122.jpeg","url":"https:\/\/macite.tg\/wp-content\/uploads\/2023\/09\/WhatsApp-Image-2023-09-19-at-14.44.41-122x122.jpeg","contentUrl":"https:\/\/macite.tg\/wp-content\/uploads\/2023\/09\/WhatsApp-Image-2023-09-19-at-14.44.41-122x122.jpeg","caption":"Jean Pierre BAWELA"},"url":"https:\/\/macite.tg\/?author=2"}]}},"_links":{"self":[{"href":"https:\/\/macite.tg\/index.php?rest_route=\/wp\/v2\/posts\/31843","targetHints":{"allow":["GET"]}}],"collection":[{"href":"https:\/\/macite.tg\/index.php?rest_route=\/wp\/v2\/posts"}],"about":[{"href":"https:\/\/macite.tg\/index.php?rest_route=\/wp\/v2\/types\/post"}],"author":[{"embeddable":true,"href":"https:\/\/macite.tg\/index.php?rest_route=\/wp\/v2\/users\/2"}],"replies":[{"embeddable":true,"href":"https:\/\/macite.tg\/index.php?rest_route=%2Fwp%2Fv2%2Fcomments&post=31843"}],"version-history":[{"count":0,"href":"https:\/\/macite.tg\/index.php?rest_route=\/wp\/v2\/posts\/31843\/revisions"}],"wp:featuredmedia":[{"embeddable":true,"href":"https:\/\/macite.tg\/index.php?rest_route=\/wp\/v2\/media\/31845"}],"wp:attachment":[{"href":"https:\/\/macite.tg\/index.php?rest_route=%2Fwp%2Fv2%2Fmedia&parent=31843"}],"wp:term":[{"taxonomy":"category","embeddable":true,"href":"https:\/\/macite.tg\/index.php?rest_route=%2Fwp%2Fv2%2Fcategories&post=31843"},{"taxonomy":"post_tag","embeddable":true,"href":"https:\/\/macite.tg\/index.php?rest_route=%2Fwp%2Fv2%2Ftags&post=31843"}],"curies":[{"name":"wp","href":"https:\/\/api.w.org\/{rel}","templated":true}]}}