{"id":31344,"date":"2026-06-17T16:01:25","date_gmt":"2026-06-17T16:01:25","guid":{"rendered":"https:\/\/macite.tg\/?p=31344"},"modified":"2026-06-17T16:01:50","modified_gmt":"2026-06-17T16:01:50","slug":"cooperation-bilaterale-lome-et-tripoli-veulent-insuffler-une-nouvelle-dynamique-a-leur-partenariat","status":"publish","type":"post","link":"https:\/\/macite.tg\/?p=31344","title":{"rendered":"COOPERATION BILATERALE : Lom\u00e9 et Tripoli veulent insuffler une nouvelle dynamique \u00e0 leur partenariat"},"content":{"rendered":"\n<p class=\"wp-block-paragraph\"><strong><em>Li\u00e9s depuis plusieurs d\u00e9cennies par des relations diplomatiques empreintes de respect mutuel, le Togo et la Libye s&rsquo;appr\u00eatent \u00e0 franchir un nouveau cap. Les deux nations affichent d\u00e9sormais une volont\u00e9 commune de donner un nouvel \u00e9lan \u00e0 leur coop\u00e9ration bilat\u00e9rale, notamment sur le plan \u00e9conomique.<\/em><\/strong><\/p>\n\n\n\n<p class=\"wp-block-paragraph\">Ce projet de redynamisation a \u00e9t\u00e9 au c\u0153ur d\u2019une audience accord\u00e9e le lundi 15 juin dernier \u00e0 Tripoli. Le Chef de la diplomatie togolaise, Prof. Robert Dussey, s\u2019est entretenu avec le pr\u00e9sident du Conseil des ministres du gouvernement d&rsquo;unit\u00e9 nationale de la Libye, Abdelhamid Dbeibah.<\/p>\n\n\n\n<p class=\"wp-block-paragraph\">Les discussions entre les deux dirigeants ont permis de faire le point sur l\u2019\u00e9tat actuel des relations bilat\u00e9rales, mais surtout d&rsquo;entrevoir les perspectives d&rsquo;avenir prometteuses pour leurs deux pays. La n\u00e9cessit\u00e9 de dynamiser la coop\u00e9ration \u00e9conomique et commerciale a \u00e9t\u00e9 fortement soulign\u00e9e<\/p>\n\n\n\n<figure class=\"wp-block-image size-full\"><img loading=\"lazy\" decoding=\"async\" width=\"851\" height=\"315\" src=\"https:\/\/macite.tg\/wp-content\/uploads\/2026\/06\/OTR_Ferer-pour-batir-1.jpg\" alt=\"\" class=\"wp-image-31006\" srcset=\"https:\/\/macite.tg\/wp-content\/uploads\/2026\/06\/OTR_Ferer-pour-batir-1.jpg 851w, https:\/\/macite.tg\/wp-content\/uploads\/2026\/06\/OTR_Ferer-pour-batir-1-300x111.jpg 300w, https:\/\/macite.tg\/wp-content\/uploads\/2026\/06\/OTR_Ferer-pour-batir-1-768x284.jpg 768w\" sizes=\"auto, (max-width: 851px) 100vw, 851px\" \/><\/figure>\n\n\n\n<p class=\"wp-block-paragraph\">Dans ce sens, Lom\u00e9 et Tripoli souhaitent capitaliser sur leurs acquis pour explorer de nouvelles opportunit\u00e9s de partenariat dans des domaines d\u2019int\u00e9r\u00eat commun.<\/p>\n\n\n\n<p class=\"wp-block-paragraph\"><em>\u00ab Cette dynamique s\u2019inscrit dans la volont\u00e9 partag\u00e9e de Lom\u00e9 et de Tripoli de renforcer leurs relations bilat\u00e9rales et de promouvoir une coop\u00e9ration mutuellement b\u00e9n\u00e9fique au service du d\u00e9veloppement des deux peuples. \u00bb<\/em><\/p>\n\n\n\n<p class=\"wp-block-paragraph\">Notons que ce rapprochement n&rsquo;est pas le fruit du hasard. Le Togo et la Libye entretiennent des liens de coop\u00e9ration historique qui remontent \u00e0 plusieurs d\u00e9cennies. Par le pass\u00e9, l&rsquo;axe Lom\u00e9-Tripoli s&rsquo;est particuli\u00e8rement illustr\u00e9 \u00e0 travers des investissements libyens significatifs au Togo, notamment dans les secteurs bancaire (avec la Banque Sah\u00e9lo-Saharienne pour l&rsquo;Investissement et le Commerce &#8211; BSIC) et h\u00f4telier.<\/p>\n\n\n<div class=\"wp-block-image\">\n<figure class=\"aligncenter size-large is-resized\"><img loading=\"lazy\" decoding=\"async\" width=\"724\" height=\"1024\" src=\"https:\/\/macite.tg\/wp-content\/uploads\/2026\/06\/image-30-724x1024.png\" alt=\"\" class=\"wp-image-31146\" style=\"width:550px;height:auto\" srcset=\"https:\/\/macite.tg\/wp-content\/uploads\/2026\/06\/image-30-724x1024.png 724w, https:\/\/macite.tg\/wp-content\/uploads\/2026\/06\/image-30-212x300.png 212w, https:\/\/macite.tg\/wp-content\/uploads\/2026\/06\/image-30-768x1086.png 768w, https:\/\/macite.tg\/wp-content\/uploads\/2026\/06\/image-30-1086x1536.png 1086w, https:\/\/macite.tg\/wp-content\/uploads\/2026\/06\/image-30.png 1131w\" sizes=\"auto, (max-width: 724px) 100vw, 724px\" \/><\/figure>\n<\/div>\n\n\n<p class=\"wp-block-paragraph\">En relan\u00e7ant activement les discussions diplomatiques, le Togo r\u00e9affirme sa position de carrefour diplomatique et de hub logistique attractif pour les investissements \u00e9trangers en Afrique de l&rsquo;Ouest, tandis que la Libye poursuit son ouverture et sa r\u00e9int\u00e9gration \u00e9conomique sur la sc\u00e8ne continentale.<\/p>\n\n\n\n<p class=\"wp-block-paragraph\"><strong>La R\u00e9daction<\/strong><\/p>\n\n\n\n<p class=\"wp-block-paragraph\"><a><strong><em>@macite.tg&nbsp;&nbsp;&nbsp;&nbsp;&nbsp;&nbsp;&nbsp;&nbsp;<\/em><\/strong><\/a><\/p>\n\n\n\n<p class=\"wp-block-paragraph\"><strong><em>E-mail&nbsp;: <\/em><\/strong><a href=\"mailto:maciteinfo@gmail.com\"><strong><em>maciteinfo@gmail.com<\/em><\/strong><\/a><strong><em>; <\/em><\/strong><a href=\"mailto:bawela1@gmail.com\"><strong><em>bawela1@gmail.com<\/em><\/strong><\/a><strong><em><\/em><\/strong><\/p>\n\n\n\n<p class=\"wp-block-paragraph\"><strong><em>Pour vos annonces, publi-reportages, etc., joignez-nous au (00228)91515309\/<strong>79872224 <\/strong><strong><\/strong><\/em><\/strong><\/p>\n\n\n\n<p class=\"wp-block-paragraph\"><strong><em>www.macite.tg, L\u2019information, la bonne&nbsp;!<\/em><\/strong><\/p>\n\n\n\n<p class=\"wp-block-paragraph\"><\/p>\n","protected":false},"excerpt":{"rendered":"<p class=\"text-justify mb-2\" >Li\u00e9s depuis plusieurs d\u00e9cennies par des relations diplomatiques empreintes de respect mutuel, le Togo et la Libye s&rsquo;appr\u00eatent \u00e0 franchir un nouveau cap. Les deux nations affichent d\u00e9sormais une volont\u00e9 commune de donner un nouvel \u00e9lan \u00e0 leur coop\u00e9ration bilat\u00e9rale, notamment sur le plan \u00e9conomique. [&hellip;]<\/p>\n","protected":false},"author":2,"featured_media":31345,"comment_status":"open","ping_status":"open","sticky":false,"template":"","format":"standard","meta":{"footnotes":""},"categories":[20,16],"tags":[],"class_list":["post-31344","post","type-post","status-publish","format-standard","has-post-thumbnail","hentry","category-actualite","category-cooperation"],"yoast_head":"<!-- This site is optimized with the Yoast SEO plugin v28.4 - https:\/\/yoast.com\/product\/yoast-seo-wordpress\/ -->\n<title>COOPERATION BILATERALE : Lom\u00e9 et Tripoli veulent insuffler une nouvelle dynamique \u00e0 leur partenariat -<\/title>\n<meta name=\"robots\" content=\"index, follow, max-snippet:-1, max-image-preview:large, max-video-preview:-1\" \/>\n<link rel=\"canonical\" href=\"https:\/\/macite.tg\/?p=31344\" \/>\n<meta property=\"og:locale\" content=\"fr_FR\" \/>\n<meta property=\"og:type\" content=\"article\" \/>\n<meta property=\"og:title\" content=\"COOPERATION BILATERALE : Lom\u00e9 et Tripoli veulent insuffler une nouvelle dynamique \u00e0 leur partenariat -\" \/>\n<meta property=\"og:description\" content=\"Li\u00e9s depuis plusieurs d\u00e9cennies par des relations diplomatiques empreintes de respect mutuel, le Togo et la Libye s&rsquo;appr\u00eatent \u00e0 franchir un nouveau cap. Les deux nations affichent d\u00e9sormais une volont\u00e9 commune de donner un nouvel \u00e9lan \u00e0 leur coop\u00e9ration bilat\u00e9rale, notamment sur le plan \u00e9conomique. [&hellip;]\" \/>\n<meta property=\"og:url\" content=\"https:\/\/macite.tg\/?p=31344\" \/>\n<meta property=\"article:published_time\" content=\"2026-06-17T16:01:25+00:00\" \/>\n<meta property=\"article:modified_time\" content=\"2026-06-17T16:01:50+00:00\" \/>\n<meta property=\"og:image\" content=\"https:\/\/macite.tg\/wp-content\/uploads\/2026\/06\/Dussey.jpg\" \/>\n\t<meta property=\"og:image:width\" content=\"500\" \/>\n\t<meta property=\"og:image:height\" content=\"281\" \/>\n\t<meta property=\"og:image:type\" content=\"image\/jpeg\" \/>\n<meta name=\"author\" content=\"Jean Pierre BAWELA\" \/>\n<meta name=\"twitter:card\" content=\"summary_large_image\" \/>\n<meta name=\"twitter:label1\" content=\"\u00c9crit par\" \/>\n\t<meta name=\"twitter:data1\" content=\"Jean Pierre BAWELA\" \/>\n\t<meta name=\"twitter:label2\" content=\"Dur\u00e9e de lecture estim\u00e9e\" \/>\n\t<meta name=\"twitter:data2\" content=\"3 minutes\" \/>\n<script type=\"application\/ld+json\" class=\"yoast-schema-graph\">{\"@context\":\"https:\\\/\\\/schema.org\",\"@graph\":[{\"@type\":\"Article\",\"@id\":\"https:\\\/\\\/macite.tg\\\/?p=31344#article\",\"isPartOf\":{\"@id\":\"https:\\\/\\\/macite.tg\\\/?p=31344\"},\"author\":{\"name\":\"Jean Pierre BAWELA\",\"@id\":\"https:\\\/\\\/macite.tg\\\/#\\\/schema\\\/person\\\/e9f2de7e5dbbe7770a9402c7ce82f5c2\"},\"headline\":\"COOPERATION BILATERALE : Lom\u00e9 et Tripoli veulent insuffler une nouvelle dynamique \u00e0 leur partenariat\",\"datePublished\":\"2026-06-17T16:01:25+00:00\",\"dateModified\":\"2026-06-17T16:01:50+00:00\",\"mainEntityOfPage\":{\"@id\":\"https:\\\/\\\/macite.tg\\\/?p=31344\"},\"wordCount\":377,\"commentCount\":0,\"image\":{\"@id\":\"https:\\\/\\\/macite.tg\\\/?p=31344#primaryimage\"},\"thumbnailUrl\":\"https:\\\/\\\/macite.tg\\\/wp-content\\\/uploads\\\/2026\\\/06\\\/Dussey.jpg\",\"articleSection\":[\"ACTUALITE\",\"COOPERATION\"],\"inLanguage\":\"fr-FR\",\"potentialAction\":[{\"@type\":\"CommentAction\",\"name\":\"Comment\",\"target\":[\"https:\\\/\\\/macite.tg\\\/?p=31344#respond\"]}]},{\"@type\":\"WebPage\",\"@id\":\"https:\\\/\\\/macite.tg\\\/?p=31344\",\"url\":\"https:\\\/\\\/macite.tg\\\/?p=31344\",\"name\":\"COOPERATION BILATERALE : Lom\u00e9 et Tripoli veulent insuffler une nouvelle dynamique \u00e0 leur partenariat -\",\"isPartOf\":{\"@id\":\"https:\\\/\\\/macite.tg\\\/#website\"},\"primaryImageOfPage\":{\"@id\":\"https:\\\/\\\/macite.tg\\\/?p=31344#primaryimage\"},\"image\":{\"@id\":\"https:\\\/\\\/macite.tg\\\/?p=31344#primaryimage\"},\"thumbnailUrl\":\"https:\\\/\\\/macite.tg\\\/wp-content\\\/uploads\\\/2026\\\/06\\\/Dussey.jpg\",\"datePublished\":\"2026-06-17T16:01:25+00:00\",\"dateModified\":\"2026-06-17T16:01:50+00:00\",\"author\":{\"@id\":\"https:\\\/\\\/macite.tg\\\/#\\\/schema\\\/person\\\/e9f2de7e5dbbe7770a9402c7ce82f5c2\"},\"breadcrumb\":{\"@id\":\"https:\\\/\\\/macite.tg\\\/?p=31344#breadcrumb\"},\"inLanguage\":\"fr-FR\",\"potentialAction\":[{\"@type\":\"ReadAction\",\"target\":[\"https:\\\/\\\/macite.tg\\\/?p=31344\"]}]},{\"@type\":\"ImageObject\",\"inLanguage\":\"fr-FR\",\"@id\":\"https:\\\/\\\/macite.tg\\\/?p=31344#primaryimage\",\"url\":\"https:\\\/\\\/macite.tg\\\/wp-content\\\/uploads\\\/2026\\\/06\\\/Dussey.jpg\",\"contentUrl\":\"https:\\\/\\\/macite.tg\\\/wp-content\\\/uploads\\\/2026\\\/06\\\/Dussey.jpg\",\"width\":500,\"height\":281},{\"@type\":\"BreadcrumbList\",\"@id\":\"https:\\\/\\\/macite.tg\\\/?p=31344#breadcrumb\",\"itemListElement\":[{\"@type\":\"ListItem\",\"position\":1,\"name\":\"Accueil\",\"item\":\"https:\\\/\\\/macite.tg\\\/\"},{\"@type\":\"ListItem\",\"position\":2,\"name\":\"COOPERATION BILATERALE : Lom\u00e9 et Tripoli veulent insuffler une nouvelle dynamique \u00e0 leur partenariat\"}]},{\"@type\":\"WebSite\",\"@id\":\"https:\\\/\\\/macite.tg\\\/#website\",\"url\":\"https:\\\/\\\/macite.tg\\\/\",\"name\":\"\",\"description\":\"L&#039;information, la bonne!!!\",\"potentialAction\":[{\"@type\":\"SearchAction\",\"target\":{\"@type\":\"EntryPoint\",\"urlTemplate\":\"https:\\\/\\\/macite.tg\\\/?s={search_term_string}\"},\"query-input\":{\"@type\":\"PropertyValueSpecification\",\"valueRequired\":true,\"valueName\":\"search_term_string\"}}],\"inLanguage\":\"fr-FR\"},{\"@type\":\"Person\",\"@id\":\"https:\\\/\\\/macite.tg\\\/#\\\/schema\\\/person\\\/e9f2de7e5dbbe7770a9402c7ce82f5c2\",\"name\":\"Jean Pierre BAWELA\",\"image\":{\"@type\":\"ImageObject\",\"inLanguage\":\"fr-FR\",\"@id\":\"https:\\\/\\\/macite.tg\\\/wp-content\\\/uploads\\\/2023\\\/09\\\/WhatsApp-Image-2023-09-19-at-14.44.41-122x122.jpeg\",\"url\":\"https:\\\/\\\/macite.tg\\\/wp-content\\\/uploads\\\/2023\\\/09\\\/WhatsApp-Image-2023-09-19-at-14.44.41-122x122.jpeg\",\"contentUrl\":\"https:\\\/\\\/macite.tg\\\/wp-content\\\/uploads\\\/2023\\\/09\\\/WhatsApp-Image-2023-09-19-at-14.44.41-122x122.jpeg\",\"caption\":\"Jean Pierre BAWELA\"},\"url\":\"https:\\\/\\\/macite.tg\\\/?author=2\"}]}<\/script>\n<!-- \/ Yoast SEO plugin. -->","yoast_head_json":{"title":"COOPERATION BILATERALE : Lom\u00e9 et Tripoli veulent insuffler une nouvelle dynamique \u00e0 leur partenariat -","robots":{"index":"index","follow":"follow","max-snippet":"max-snippet:-1","max-image-preview":"max-image-preview:large","max-video-preview":"max-video-preview:-1"},"canonical":"https:\/\/macite.tg\/?p=31344","og_locale":"fr_FR","og_type":"article","og_title":"COOPERATION BILATERALE : Lom\u00e9 et Tripoli veulent insuffler une nouvelle dynamique \u00e0 leur partenariat -","og_description":"Li\u00e9s depuis plusieurs d\u00e9cennies par des relations diplomatiques empreintes de respect mutuel, le Togo et la Libye s&rsquo;appr\u00eatent \u00e0 franchir un nouveau cap. Les deux nations affichent d\u00e9sormais une volont\u00e9 commune de donner un nouvel \u00e9lan \u00e0 leur coop\u00e9ration bilat\u00e9rale, notamment sur le plan \u00e9conomique. [&hellip;]","og_url":"https:\/\/macite.tg\/?p=31344","article_published_time":"2026-06-17T16:01:25+00:00","article_modified_time":"2026-06-17T16:01:50+00:00","og_image":[{"width":500,"height":281,"url":"https:\/\/macite.tg\/wp-content\/uploads\/2026\/06\/Dussey.jpg","type":"image\/jpeg"}],"author":"Jean Pierre BAWELA","twitter_card":"summary_large_image","twitter_misc":{"\u00c9crit par":"Jean Pierre BAWELA","Dur\u00e9e de lecture estim\u00e9e":"3 minutes"},"schema":{"@context":"https:\/\/schema.org","@graph":[{"@type":"Article","@id":"https:\/\/macite.tg\/?p=31344#article","isPartOf":{"@id":"https:\/\/macite.tg\/?p=31344"},"author":{"name":"Jean Pierre BAWELA","@id":"https:\/\/macite.tg\/#\/schema\/person\/e9f2de7e5dbbe7770a9402c7ce82f5c2"},"headline":"COOPERATION BILATERALE : Lom\u00e9 et Tripoli veulent insuffler une nouvelle dynamique \u00e0 leur partenariat","datePublished":"2026-06-17T16:01:25+00:00","dateModified":"2026-06-17T16:01:50+00:00","mainEntityOfPage":{"@id":"https:\/\/macite.tg\/?p=31344"},"wordCount":377,"commentCount":0,"image":{"@id":"https:\/\/macite.tg\/?p=31344#primaryimage"},"thumbnailUrl":"https:\/\/macite.tg\/wp-content\/uploads\/2026\/06\/Dussey.jpg","articleSection":["ACTUALITE","COOPERATION"],"inLanguage":"fr-FR","potentialAction":[{"@type":"CommentAction","name":"Comment","target":["https:\/\/macite.tg\/?p=31344#respond"]}]},{"@type":"WebPage","@id":"https:\/\/macite.tg\/?p=31344","url":"https:\/\/macite.tg\/?p=31344","name":"COOPERATION BILATERALE : Lom\u00e9 et Tripoli veulent insuffler une nouvelle dynamique \u00e0 leur partenariat -","isPartOf":{"@id":"https:\/\/macite.tg\/#website"},"primaryImageOfPage":{"@id":"https:\/\/macite.tg\/?p=31344#primaryimage"},"image":{"@id":"https:\/\/macite.tg\/?p=31344#primaryimage"},"thumbnailUrl":"https:\/\/macite.tg\/wp-content\/uploads\/2026\/06\/Dussey.jpg","datePublished":"2026-06-17T16:01:25+00:00","dateModified":"2026-06-17T16:01:50+00:00","author":{"@id":"https:\/\/macite.tg\/#\/schema\/person\/e9f2de7e5dbbe7770a9402c7ce82f5c2"},"breadcrumb":{"@id":"https:\/\/macite.tg\/?p=31344#breadcrumb"},"inLanguage":"fr-FR","potentialAction":[{"@type":"ReadAction","target":["https:\/\/macite.tg\/?p=31344"]}]},{"@type":"ImageObject","inLanguage":"fr-FR","@id":"https:\/\/macite.tg\/?p=31344#primaryimage","url":"https:\/\/macite.tg\/wp-content\/uploads\/2026\/06\/Dussey.jpg","contentUrl":"https:\/\/macite.tg\/wp-content\/uploads\/2026\/06\/Dussey.jpg","width":500,"height":281},{"@type":"BreadcrumbList","@id":"https:\/\/macite.tg\/?p=31344#breadcrumb","itemListElement":[{"@type":"ListItem","position":1,"name":"Accueil","item":"https:\/\/macite.tg\/"},{"@type":"ListItem","position":2,"name":"COOPERATION BILATERALE : Lom\u00e9 et Tripoli veulent insuffler une nouvelle dynamique \u00e0 leur partenariat"}]},{"@type":"WebSite","@id":"https:\/\/macite.tg\/#website","url":"https:\/\/macite.tg\/","name":"","description":"L&#039;information, la bonne!!!","potentialAction":[{"@type":"SearchAction","target":{"@type":"EntryPoint","urlTemplate":"https:\/\/macite.tg\/?s={search_term_string}"},"query-input":{"@type":"PropertyValueSpecification","valueRequired":true,"valueName":"search_term_string"}}],"inLanguage":"fr-FR"},{"@type":"Person","@id":"https:\/\/macite.tg\/#\/schema\/person\/e9f2de7e5dbbe7770a9402c7ce82f5c2","name":"Jean Pierre BAWELA","image":{"@type":"ImageObject","inLanguage":"fr-FR","@id":"https:\/\/macite.tg\/wp-content\/uploads\/2023\/09\/WhatsApp-Image-2023-09-19-at-14.44.41-122x122.jpeg","url":"https:\/\/macite.tg\/wp-content\/uploads\/2023\/09\/WhatsApp-Image-2023-09-19-at-14.44.41-122x122.jpeg","contentUrl":"https:\/\/macite.tg\/wp-content\/uploads\/2023\/09\/WhatsApp-Image-2023-09-19-at-14.44.41-122x122.jpeg","caption":"Jean Pierre BAWELA"},"url":"https:\/\/macite.tg\/?author=2"}]}},"_links":{"self":[{"href":"https:\/\/macite.tg\/index.php?rest_route=\/wp\/v2\/posts\/31344","targetHints":{"allow":["GET"]}}],"collection":[{"href":"https:\/\/macite.tg\/index.php?rest_route=\/wp\/v2\/posts"}],"about":[{"href":"https:\/\/macite.tg\/index.php?rest_route=\/wp\/v2\/types\/post"}],"author":[{"embeddable":true,"href":"https:\/\/macite.tg\/index.php?rest_route=\/wp\/v2\/users\/2"}],"replies":[{"embeddable":true,"href":"https:\/\/macite.tg\/index.php?rest_route=%2Fwp%2Fv2%2Fcomments&post=31344"}],"version-history":[{"count":0,"href":"https:\/\/macite.tg\/index.php?rest_route=\/wp\/v2\/posts\/31344\/revisions"}],"wp:featuredmedia":[{"embeddable":true,"href":"https:\/\/macite.tg\/index.php?rest_route=\/wp\/v2\/media\/31345"}],"wp:attachment":[{"href":"https:\/\/macite.tg\/index.php?rest_route=%2Fwp%2Fv2%2Fmedia&parent=31344"}],"wp:term":[{"taxonomy":"category","embeddable":true,"href":"https:\/\/macite.tg\/index.php?rest_route=%2Fwp%2Fv2%2Fcategories&post=31344"},{"taxonomy":"post_tag","embeddable":true,"href":"https:\/\/macite.tg\/index.php?rest_route=%2Fwp%2Fv2%2Ftags&post=31344"}],"curies":[{"name":"wp","href":"https:\/\/api.w.org\/{rel}","templated":true}]}}