{"id":31187,"date":"2026-06-11T09:38:09","date_gmt":"2026-06-11T09:38:09","guid":{"rendered":"https:\/\/macite.tg\/?p=31187"},"modified":"2026-06-11T09:38:39","modified_gmt":"2026-06-11T09:38:39","slug":"assurance-maladie-et-retraite-un-guichet-unique-pour-renforcer-la-protection-des-agents-de-letat","status":"publish","type":"post","link":"https:\/\/macite.tg\/?p=31187","title":{"rendered":"ASSURANCE MALADIE ET RETRAITE : Un guichet unique pour renforcer la protection des agents de l\u2019\u00c9tat"},"content":{"rendered":"\n<p class=\"wp-block-paragraph\"><strong><em>Le Togo franchit un nouveau cap dans la r\u00e9forme de sa protection sociale, avec l\u2019unification progressive des services de l\u2019INAM et de la CRT au sein d\u2019un guichet unique. Cette mesure vise \u00e0 offrir aux travailleurs du secteur public une prise en charge plus fluide et plus efficace de leurs besoins sociaux.<\/em><\/strong><\/p>\n\n\n\n<p class=\"wp-block-paragraph\">L\u2019innovation repose sur une logique de simplification. Les assur\u00e9s b\u00e9n\u00e9ficieront d\u2019un interlocuteur unique capable de traiter l\u2019ensemble des questions li\u00e9es \u00e0 leur assurance maladie et \u00e0 leur retraite. Cette centralisation permettra d\u2019am\u00e9liorer l\u2019exp\u00e9rience des usagers tout en r\u00e9duisant les formalit\u00e9s administratives.<\/p>\n\n\n\n<figure class=\"wp-block-image size-large\"><img loading=\"lazy\" decoding=\"async\" width=\"1024\" height=\"723\" src=\"https:\/\/macite.tg\/wp-content\/uploads\/2026\/05\/image-115-1024x723.png\" alt=\"\" class=\"wp-image-30865\" srcset=\"https:\/\/macite.tg\/wp-content\/uploads\/2026\/05\/image-115-1024x723.png 1024w, https:\/\/macite.tg\/wp-content\/uploads\/2026\/05\/image-115-300x212.png 300w, https:\/\/macite.tg\/wp-content\/uploads\/2026\/05\/image-115-768x542.png 768w, https:\/\/macite.tg\/wp-content\/uploads\/2026\/05\/image-115-1536x1085.png 1536w, https:\/\/macite.tg\/wp-content\/uploads\/2026\/05\/image-115.png 1600w\" sizes=\"auto, (max-width: 1024px) 100vw, 1024px\" \/><\/figure>\n\n\n\n<p class=\"wp-block-paragraph\">Le projet r\u00e9pond \u00e9galement \u00e0 un imp\u00e9ratif de performance. En regroupant leurs ressources et leurs comp\u00e9tences, les deux institutions pourront mieux coordonner leurs actions, am\u00e9liorer la qualit\u00e9 des prestations et r\u00e9duire les co\u00fbts de gestion.<\/p>\n\n\n\n<p class=\"wp-block-paragraph\">Cette \u00e9volution constitue un levier important pour la r\u00e9ussite de l\u2019Assurance Maladie Universelle et pour le renforcement du syst\u00e8me national de protection sociale. Elle traduit l\u2019engagement des autorit\u00e9s \u00e0 mettre en place des services publics plus accessibles, plus transparents et davantage orient\u00e9s vers les besoins des citoyens.<\/p>\n\n\n\n<p class=\"wp-block-paragraph\"><strong>MC<\/strong><\/p>\n\n\n\n<p class=\"wp-block-paragraph\"><a><strong><em>@macite.tg&nbsp;&nbsp;&nbsp;&nbsp;&nbsp;&nbsp;&nbsp;&nbsp;<\/em><\/strong><\/a><\/p>\n\n\n\n<p class=\"wp-block-paragraph\"><strong><em>E-mail&nbsp;: <\/em><\/strong><a href=\"mailto:maciteinfo@gmail.com\"><strong><em>maciteinfo@gmail.com<\/em><\/strong><\/a><strong><em>; <\/em><\/strong><a href=\"mailto:bawela1@gmail.com\"><strong><em>bawela1@gmail.com<\/em><\/strong><\/a><strong><em><\/em><\/strong><\/p>\n\n\n\n<p class=\"wp-block-paragraph\"><strong><em>Pour vos annonces, publi-reportages, etc., joignez-nous au (00228)91515309\/<strong>79872224 <\/strong><strong><\/strong><\/em><\/strong><\/p>\n\n\n\n<p class=\"wp-block-paragraph\"><strong><em>www.macite.tg, L\u2019information, la bonne&nbsp;!<\/em><\/strong><\/p>\n\n\n\n<p class=\"wp-block-paragraph\"><\/p>\n","protected":false},"excerpt":{"rendered":"<p class=\"text-justify mb-2\" >Le Togo franchit un nouveau cap dans la r\u00e9forme de sa protection sociale, avec l\u2019unification progressive des services de l\u2019INAM et de la CRT au sein d\u2019un guichet unique. Cette mesure vise \u00e0 offrir aux travailleurs du secteur public une prise en charge plus fluide [&hellip;]<\/p>\n","protected":false},"author":2,"featured_media":31188,"comment_status":"open","ping_status":"open","sticky":false,"template":"","format":"standard","meta":{"footnotes":""},"categories":[20,5],"tags":[],"class_list":["post-31187","post","type-post","status-publish","format-standard","has-post-thumbnail","hentry","category-actualite","category-sante"],"yoast_head":"<!-- This site is optimized with the Yoast SEO plugin v28.4 - https:\/\/yoast.com\/product\/yoast-seo-wordpress\/ -->\n<title>ASSURANCE MALADIE ET RETRAITE : Un guichet unique pour renforcer la protection des agents de l\u2019\u00c9tat -<\/title>\n<meta name=\"robots\" content=\"index, follow, max-snippet:-1, max-image-preview:large, max-video-preview:-1\" \/>\n<link rel=\"canonical\" href=\"https:\/\/macite.tg\/?p=31187\" \/>\n<meta property=\"og:locale\" content=\"fr_FR\" \/>\n<meta property=\"og:type\" content=\"article\" \/>\n<meta property=\"og:title\" content=\"ASSURANCE MALADIE ET RETRAITE : Un guichet unique pour renforcer la protection des agents de l\u2019\u00c9tat -\" \/>\n<meta property=\"og:description\" content=\"Le Togo franchit un nouveau cap dans la r\u00e9forme de sa protection sociale, avec l\u2019unification progressive des services de l\u2019INAM et de la CRT au sein d\u2019un guichet unique. Cette mesure vise \u00e0 offrir aux travailleurs du secteur public une prise en charge plus fluide [&hellip;]\" \/>\n<meta property=\"og:url\" content=\"https:\/\/macite.tg\/?p=31187\" \/>\n<meta property=\"article:published_time\" content=\"2026-06-11T09:38:09+00:00\" \/>\n<meta property=\"article:modified_time\" content=\"2026-06-11T09:38:39+00:00\" \/>\n<meta property=\"og:image\" content=\"https:\/\/macite.tg\/wp-content\/uploads\/2026\/06\/e9607711-8bce-4abc-9665-b8ec10b2c3d6.jpg\" \/>\n\t<meta property=\"og:image:width\" content=\"500\" \/>\n\t<meta property=\"og:image:height\" content=\"294\" \/>\n\t<meta property=\"og:image:type\" content=\"image\/jpeg\" \/>\n<meta name=\"author\" content=\"Jean Pierre BAWELA\" \/>\n<meta name=\"twitter:card\" content=\"summary_large_image\" \/>\n<meta name=\"twitter:label1\" content=\"\u00c9crit par\" \/>\n\t<meta name=\"twitter:data1\" content=\"Jean Pierre BAWELA\" \/>\n\t<meta name=\"twitter:label2\" content=\"Dur\u00e9e de lecture estim\u00e9e\" \/>\n\t<meta name=\"twitter:data2\" content=\"2 minutes\" \/>\n<script type=\"application\/ld+json\" class=\"yoast-schema-graph\">{\"@context\":\"https:\\\/\\\/schema.org\",\"@graph\":[{\"@type\":\"Article\",\"@id\":\"https:\\\/\\\/macite.tg\\\/?p=31187#article\",\"isPartOf\":{\"@id\":\"https:\\\/\\\/macite.tg\\\/?p=31187\"},\"author\":{\"name\":\"Jean Pierre BAWELA\",\"@id\":\"https:\\\/\\\/macite.tg\\\/#\\\/schema\\\/person\\\/e9f2de7e5dbbe7770a9402c7ce82f5c2\"},\"headline\":\"ASSURANCE MALADIE ET RETRAITE : Un guichet unique pour renforcer la protection des agents de l\u2019\u00c9tat\",\"datePublished\":\"2026-06-11T09:38:09+00:00\",\"dateModified\":\"2026-06-11T09:38:39+00:00\",\"mainEntityOfPage\":{\"@id\":\"https:\\\/\\\/macite.tg\\\/?p=31187\"},\"wordCount\":249,\"commentCount\":0,\"image\":{\"@id\":\"https:\\\/\\\/macite.tg\\\/?p=31187#primaryimage\"},\"thumbnailUrl\":\"https:\\\/\\\/macite.tg\\\/wp-content\\\/uploads\\\/2026\\\/06\\\/e9607711-8bce-4abc-9665-b8ec10b2c3d6.jpg\",\"articleSection\":[\"ACTUALITE\",\"SANTE\"],\"inLanguage\":\"fr-FR\",\"potentialAction\":[{\"@type\":\"CommentAction\",\"name\":\"Comment\",\"target\":[\"https:\\\/\\\/macite.tg\\\/?p=31187#respond\"]}]},{\"@type\":\"WebPage\",\"@id\":\"https:\\\/\\\/macite.tg\\\/?p=31187\",\"url\":\"https:\\\/\\\/macite.tg\\\/?p=31187\",\"name\":\"ASSURANCE MALADIE ET RETRAITE : Un guichet unique pour renforcer la protection des agents de l\u2019\u00c9tat -\",\"isPartOf\":{\"@id\":\"https:\\\/\\\/macite.tg\\\/#website\"},\"primaryImageOfPage\":{\"@id\":\"https:\\\/\\\/macite.tg\\\/?p=31187#primaryimage\"},\"image\":{\"@id\":\"https:\\\/\\\/macite.tg\\\/?p=31187#primaryimage\"},\"thumbnailUrl\":\"https:\\\/\\\/macite.tg\\\/wp-content\\\/uploads\\\/2026\\\/06\\\/e9607711-8bce-4abc-9665-b8ec10b2c3d6.jpg\",\"datePublished\":\"2026-06-11T09:38:09+00:00\",\"dateModified\":\"2026-06-11T09:38:39+00:00\",\"author\":{\"@id\":\"https:\\\/\\\/macite.tg\\\/#\\\/schema\\\/person\\\/e9f2de7e5dbbe7770a9402c7ce82f5c2\"},\"breadcrumb\":{\"@id\":\"https:\\\/\\\/macite.tg\\\/?p=31187#breadcrumb\"},\"inLanguage\":\"fr-FR\",\"potentialAction\":[{\"@type\":\"ReadAction\",\"target\":[\"https:\\\/\\\/macite.tg\\\/?p=31187\"]}]},{\"@type\":\"ImageObject\",\"inLanguage\":\"fr-FR\",\"@id\":\"https:\\\/\\\/macite.tg\\\/?p=31187#primaryimage\",\"url\":\"https:\\\/\\\/macite.tg\\\/wp-content\\\/uploads\\\/2026\\\/06\\\/e9607711-8bce-4abc-9665-b8ec10b2c3d6.jpg\",\"contentUrl\":\"https:\\\/\\\/macite.tg\\\/wp-content\\\/uploads\\\/2026\\\/06\\\/e9607711-8bce-4abc-9665-b8ec10b2c3d6.jpg\",\"width\":500,\"height\":294},{\"@type\":\"BreadcrumbList\",\"@id\":\"https:\\\/\\\/macite.tg\\\/?p=31187#breadcrumb\",\"itemListElement\":[{\"@type\":\"ListItem\",\"position\":1,\"name\":\"Accueil\",\"item\":\"https:\\\/\\\/macite.tg\\\/\"},{\"@type\":\"ListItem\",\"position\":2,\"name\":\"ASSURANCE MALADIE ET RETRAITE : Un guichet unique pour renforcer la protection des agents de l\u2019\u00c9tat\"}]},{\"@type\":\"WebSite\",\"@id\":\"https:\\\/\\\/macite.tg\\\/#website\",\"url\":\"https:\\\/\\\/macite.tg\\\/\",\"name\":\"\",\"description\":\"L&#039;information, la bonne!!!\",\"potentialAction\":[{\"@type\":\"SearchAction\",\"target\":{\"@type\":\"EntryPoint\",\"urlTemplate\":\"https:\\\/\\\/macite.tg\\\/?s={search_term_string}\"},\"query-input\":{\"@type\":\"PropertyValueSpecification\",\"valueRequired\":true,\"valueName\":\"search_term_string\"}}],\"inLanguage\":\"fr-FR\"},{\"@type\":\"Person\",\"@id\":\"https:\\\/\\\/macite.tg\\\/#\\\/schema\\\/person\\\/e9f2de7e5dbbe7770a9402c7ce82f5c2\",\"name\":\"Jean Pierre BAWELA\",\"image\":{\"@type\":\"ImageObject\",\"inLanguage\":\"fr-FR\",\"@id\":\"https:\\\/\\\/macite.tg\\\/wp-content\\\/uploads\\\/2023\\\/09\\\/WhatsApp-Image-2023-09-19-at-14.44.41-122x122.jpeg\",\"url\":\"https:\\\/\\\/macite.tg\\\/wp-content\\\/uploads\\\/2023\\\/09\\\/WhatsApp-Image-2023-09-19-at-14.44.41-122x122.jpeg\",\"contentUrl\":\"https:\\\/\\\/macite.tg\\\/wp-content\\\/uploads\\\/2023\\\/09\\\/WhatsApp-Image-2023-09-19-at-14.44.41-122x122.jpeg\",\"caption\":\"Jean Pierre BAWELA\"},\"url\":\"https:\\\/\\\/macite.tg\\\/?author=2\"}]}<\/script>\n<!-- \/ Yoast SEO plugin. -->","yoast_head_json":{"title":"ASSURANCE MALADIE ET RETRAITE : Un guichet unique pour renforcer la protection des agents de l\u2019\u00c9tat -","robots":{"index":"index","follow":"follow","max-snippet":"max-snippet:-1","max-image-preview":"max-image-preview:large","max-video-preview":"max-video-preview:-1"},"canonical":"https:\/\/macite.tg\/?p=31187","og_locale":"fr_FR","og_type":"article","og_title":"ASSURANCE MALADIE ET RETRAITE : Un guichet unique pour renforcer la protection des agents de l\u2019\u00c9tat -","og_description":"Le Togo franchit un nouveau cap dans la r\u00e9forme de sa protection sociale, avec l\u2019unification progressive des services de l\u2019INAM et de la CRT au sein d\u2019un guichet unique. Cette mesure vise \u00e0 offrir aux travailleurs du secteur public une prise en charge plus fluide [&hellip;]","og_url":"https:\/\/macite.tg\/?p=31187","article_published_time":"2026-06-11T09:38:09+00:00","article_modified_time":"2026-06-11T09:38:39+00:00","og_image":[{"width":500,"height":294,"url":"https:\/\/macite.tg\/wp-content\/uploads\/2026\/06\/e9607711-8bce-4abc-9665-b8ec10b2c3d6.jpg","type":"image\/jpeg"}],"author":"Jean Pierre BAWELA","twitter_card":"summary_large_image","twitter_misc":{"\u00c9crit par":"Jean Pierre BAWELA","Dur\u00e9e de lecture estim\u00e9e":"2 minutes"},"schema":{"@context":"https:\/\/schema.org","@graph":[{"@type":"Article","@id":"https:\/\/macite.tg\/?p=31187#article","isPartOf":{"@id":"https:\/\/macite.tg\/?p=31187"},"author":{"name":"Jean Pierre BAWELA","@id":"https:\/\/macite.tg\/#\/schema\/person\/e9f2de7e5dbbe7770a9402c7ce82f5c2"},"headline":"ASSURANCE MALADIE ET RETRAITE : Un guichet unique pour renforcer la protection des agents de l\u2019\u00c9tat","datePublished":"2026-06-11T09:38:09+00:00","dateModified":"2026-06-11T09:38:39+00:00","mainEntityOfPage":{"@id":"https:\/\/macite.tg\/?p=31187"},"wordCount":249,"commentCount":0,"image":{"@id":"https:\/\/macite.tg\/?p=31187#primaryimage"},"thumbnailUrl":"https:\/\/macite.tg\/wp-content\/uploads\/2026\/06\/e9607711-8bce-4abc-9665-b8ec10b2c3d6.jpg","articleSection":["ACTUALITE","SANTE"],"inLanguage":"fr-FR","potentialAction":[{"@type":"CommentAction","name":"Comment","target":["https:\/\/macite.tg\/?p=31187#respond"]}]},{"@type":"WebPage","@id":"https:\/\/macite.tg\/?p=31187","url":"https:\/\/macite.tg\/?p=31187","name":"ASSURANCE MALADIE ET RETRAITE : Un guichet unique pour renforcer la protection des agents de l\u2019\u00c9tat -","isPartOf":{"@id":"https:\/\/macite.tg\/#website"},"primaryImageOfPage":{"@id":"https:\/\/macite.tg\/?p=31187#primaryimage"},"image":{"@id":"https:\/\/macite.tg\/?p=31187#primaryimage"},"thumbnailUrl":"https:\/\/macite.tg\/wp-content\/uploads\/2026\/06\/e9607711-8bce-4abc-9665-b8ec10b2c3d6.jpg","datePublished":"2026-06-11T09:38:09+00:00","dateModified":"2026-06-11T09:38:39+00:00","author":{"@id":"https:\/\/macite.tg\/#\/schema\/person\/e9f2de7e5dbbe7770a9402c7ce82f5c2"},"breadcrumb":{"@id":"https:\/\/macite.tg\/?p=31187#breadcrumb"},"inLanguage":"fr-FR","potentialAction":[{"@type":"ReadAction","target":["https:\/\/macite.tg\/?p=31187"]}]},{"@type":"ImageObject","inLanguage":"fr-FR","@id":"https:\/\/macite.tg\/?p=31187#primaryimage","url":"https:\/\/macite.tg\/wp-content\/uploads\/2026\/06\/e9607711-8bce-4abc-9665-b8ec10b2c3d6.jpg","contentUrl":"https:\/\/macite.tg\/wp-content\/uploads\/2026\/06\/e9607711-8bce-4abc-9665-b8ec10b2c3d6.jpg","width":500,"height":294},{"@type":"BreadcrumbList","@id":"https:\/\/macite.tg\/?p=31187#breadcrumb","itemListElement":[{"@type":"ListItem","position":1,"name":"Accueil","item":"https:\/\/macite.tg\/"},{"@type":"ListItem","position":2,"name":"ASSURANCE MALADIE ET RETRAITE : Un guichet unique pour renforcer la protection des agents de l\u2019\u00c9tat"}]},{"@type":"WebSite","@id":"https:\/\/macite.tg\/#website","url":"https:\/\/macite.tg\/","name":"","description":"L&#039;information, la bonne!!!","potentialAction":[{"@type":"SearchAction","target":{"@type":"EntryPoint","urlTemplate":"https:\/\/macite.tg\/?s={search_term_string}"},"query-input":{"@type":"PropertyValueSpecification","valueRequired":true,"valueName":"search_term_string"}}],"inLanguage":"fr-FR"},{"@type":"Person","@id":"https:\/\/macite.tg\/#\/schema\/person\/e9f2de7e5dbbe7770a9402c7ce82f5c2","name":"Jean Pierre BAWELA","image":{"@type":"ImageObject","inLanguage":"fr-FR","@id":"https:\/\/macite.tg\/wp-content\/uploads\/2023\/09\/WhatsApp-Image-2023-09-19-at-14.44.41-122x122.jpeg","url":"https:\/\/macite.tg\/wp-content\/uploads\/2023\/09\/WhatsApp-Image-2023-09-19-at-14.44.41-122x122.jpeg","contentUrl":"https:\/\/macite.tg\/wp-content\/uploads\/2023\/09\/WhatsApp-Image-2023-09-19-at-14.44.41-122x122.jpeg","caption":"Jean Pierre BAWELA"},"url":"https:\/\/macite.tg\/?author=2"}]}},"_links":{"self":[{"href":"https:\/\/macite.tg\/index.php?rest_route=\/wp\/v2\/posts\/31187","targetHints":{"allow":["GET"]}}],"collection":[{"href":"https:\/\/macite.tg\/index.php?rest_route=\/wp\/v2\/posts"}],"about":[{"href":"https:\/\/macite.tg\/index.php?rest_route=\/wp\/v2\/types\/post"}],"author":[{"embeddable":true,"href":"https:\/\/macite.tg\/index.php?rest_route=\/wp\/v2\/users\/2"}],"replies":[{"embeddable":true,"href":"https:\/\/macite.tg\/index.php?rest_route=%2Fwp%2Fv2%2Fcomments&post=31187"}],"version-history":[{"count":0,"href":"https:\/\/macite.tg\/index.php?rest_route=\/wp\/v2\/posts\/31187\/revisions"}],"wp:featuredmedia":[{"embeddable":true,"href":"https:\/\/macite.tg\/index.php?rest_route=\/wp\/v2\/media\/31188"}],"wp:attachment":[{"href":"https:\/\/macite.tg\/index.php?rest_route=%2Fwp%2Fv2%2Fmedia&parent=31187"}],"wp:term":[{"taxonomy":"category","embeddable":true,"href":"https:\/\/macite.tg\/index.php?rest_route=%2Fwp%2Fv2%2Fcategories&post=31187"},{"taxonomy":"post_tag","embeddable":true,"href":"https:\/\/macite.tg\/index.php?rest_route=%2Fwp%2Fv2%2Ftags&post=31187"}],"curies":[{"name":"wp","href":"https:\/\/api.w.org\/{rel}","templated":true}]}}