{"id":31181,"date":"2026-06-11T09:22:12","date_gmt":"2026-06-11T09:22:12","guid":{"rendered":"https:\/\/macite.tg\/?p=31181"},"modified":"2026-06-11T09:22:30","modified_gmt":"2026-06-11T09:22:30","slug":"crise-dans-les-grands-lacs-une-delegation-de-lonu-echange-a-lome-avec-le-mediateur-faure-gnassingbe","status":"publish","type":"post","link":"https:\/\/macite.tg\/?p=31181","title":{"rendered":"CRISE DANS LES GRANDS LACS : Une d\u00e9l\u00e9gation de l&rsquo;ONU \u00e9change \u00e0 Lom\u00e9 avec le M\u00e9diateur Faure Gnassingb\u00e9"},"content":{"rendered":"\n<p class=\"wp-block-paragraph\"><strong><em>La diplomatie togolaise s&rsquo;impose une fois de plus comme le carrefour de la paix en Afrique. Le Pr\u00e9sident du Conseil et M\u00e9diateur de l&rsquo;Union africaine, Faure Essozimna Gnassingb\u00e9, a accord\u00e9, le lundi 8 juin dernier, une audience \u00e0 une importante d\u00e9l\u00e9gation des Nations unies.<\/em><\/strong><em><\/em><\/p>\n\n\n\n<p class=\"wp-block-paragraph\">Cette rencontre, tenue \u00e0 Lom\u00e9, s&rsquo;inscrit dans le cadre de la r\u00e9union semestrielle d\u2019\u00e9valuation de la m\u00e9diation de l\u2019Union africaine (UA) \u00e0 l\u2019Est de la RDC et dans la r\u00e9gion des Grands Lacs.<\/p>\n\n\n\n<p class=\"wp-block-paragraph\">La d\u00e9l\u00e9gation onusienne \u00e9tait compos\u00e9e de deux figures cl\u00e9s de la diplomatie internationale dans la r\u00e9gion des Grands Lacs. Il s\u2019agit du Repr\u00e9sentant sp\u00e9cial du Secr\u00e9taire g\u00e9n\u00e9ral des Nations unies en R\u00e9publique d\u00e9mocratique du Congo (RDC) et chef de la MONUSCO, James Swan, et de l\u2019Envoy\u00e9 sp\u00e9cial du Secr\u00e9taire g\u00e9n\u00e9ral des Nations unies pour la r\u00e9gion des Grands Lacs, Huang Xia.<\/p>\n\n\n\n<figure class=\"wp-block-image size-full\"><img loading=\"lazy\" decoding=\"async\" width=\"851\" height=\"315\" src=\"https:\/\/macite.tg\/wp-content\/uploads\/2026\/06\/OTR_Ferer-pour-batir-1.jpg\" alt=\"\" class=\"wp-image-31006\" srcset=\"https:\/\/macite.tg\/wp-content\/uploads\/2026\/06\/OTR_Ferer-pour-batir-1.jpg 851w, https:\/\/macite.tg\/wp-content\/uploads\/2026\/06\/OTR_Ferer-pour-batir-1-300x111.jpg 300w, https:\/\/macite.tg\/wp-content\/uploads\/2026\/06\/OTR_Ferer-pour-batir-1-768x284.jpg 768w\" sizes=\"auto, (max-width: 851px) 100vw, 851px\" \/><\/figure>\n\n\n\n<p class=\"wp-block-paragraph\">Les discussions ont principalement port\u00e9 sur l&rsquo;\u00e9valuation des progr\u00e8s r\u00e9alis\u00e9s sur le terrain et sur le renforcement des m\u00e9canismes de coordination entre l&rsquo;ONU et l&rsquo;Ua. L&rsquo;id\u00e9e est de miser sur la compl\u00e9mentarit\u00e9 et l\u2019efficacit\u00e9 des actions pour stabiliser la r\u00e9gion.<\/p>\n\n\n\n<p class=\"wp-block-paragraph\">Lors des \u00e9changes, les \u00e9missaires des Nations unies ont tenu \u00e0 saluer le r\u00f4le crucial et l&rsquo;implication personnelle du M\u00e9diateur d\u00e9sign\u00e9 de l\u2019Ua. <em>\u00ab Les repr\u00e9sentants onusiens ont salu\u00e9 l\u2019engagement du m\u00e9diateur [&#8230;] dans la conduite des efforts visant \u00e0 promouvoir une solution pacifique, \u00e9quitable et durable \u00e0 la crise. \u00bb, <\/em>ont-ils soulign\u00e9.<\/p>\n\n\n\n<p class=\"wp-block-paragraph\">Ils ont \u00e9galement r\u00e9affirm\u00e9 le soutien ind\u00e9fectible et la disponibilit\u00e9 de l&rsquo;ONU \u00e0 accompagner ce processus de paix, en parfaite synergie avec les institutions et partenaires africains.<\/p>\n\n\n<div class=\"wp-block-image\">\n<figure class=\"aligncenter size-large\"><img loading=\"lazy\" decoding=\"async\" width=\"724\" height=\"1024\" src=\"https:\/\/macite.tg\/wp-content\/uploads\/2026\/06\/image-30-724x1024.png\" alt=\"\" class=\"wp-image-31146\" srcset=\"https:\/\/macite.tg\/wp-content\/uploads\/2026\/06\/image-30-724x1024.png 724w, https:\/\/macite.tg\/wp-content\/uploads\/2026\/06\/image-30-212x300.png 212w, https:\/\/macite.tg\/wp-content\/uploads\/2026\/06\/image-30-768x1086.png 768w, https:\/\/macite.tg\/wp-content\/uploads\/2026\/06\/image-30-1086x1536.png 1086w, https:\/\/macite.tg\/wp-content\/uploads\/2026\/06\/image-30.png 1131w\" sizes=\"auto, (max-width: 724px) 100vw, 724px\" \/><\/figure>\n<\/div>\n\n\n<p class=\"wp-block-paragraph\">Pour rappel, la r\u00e9gion des Grands Lacs, et plus particuli\u00e8rement l\u2019Est de la RDC, fait face \u00e0 des d\u00e9fis s\u00e9curitaires et humanitaires majeurs. Face \u00e0 cette situation complexe, le maintien d&rsquo;un canal de consultation r\u00e9gulier entre le m\u00e9diateur africain et l&rsquo;ONU est indispensable.<\/p>\n\n\n\n<p class=\"wp-block-paragraph\">Ainsi, cette concertation permanente permet d&rsquo;harmoniser les approches diplomatiques et d&rsquo;impulser une dynamique multilat\u00e9rale forte, essentielle pour garantir le retour d\u00e9finitif de la paix et de la stabilit\u00e9 dans l&rsquo;ensemble de la sous-r\u00e9gion.<\/p>\n\n\n\n<p class=\"wp-block-paragraph\"><strong>JPB<\/strong><\/p>\n\n\n\n<p class=\"wp-block-paragraph\"><a><strong><em>@macite.tg&nbsp;&nbsp;&nbsp;&nbsp;&nbsp;&nbsp;&nbsp;&nbsp;<\/em><\/strong><\/a><\/p>\n\n\n\n<p class=\"wp-block-paragraph\"><strong><em>E-mail&nbsp;: <\/em><\/strong><a href=\"mailto:maciteinfo@gmail.com\"><strong><em>maciteinfo@gmail.com<\/em><\/strong><\/a><strong><em>; <\/em><\/strong><a href=\"mailto:bawela1@gmail.com\"><strong><em>bawela1@gmail.com<\/em><\/strong><\/a><strong><em><\/em><\/strong><\/p>\n\n\n\n<p class=\"wp-block-paragraph\"><strong><em>Pour vos annonces, publi-reportages, etc., joignez-nous au (00228)91515309\/<strong>79872224 <\/strong><strong><\/strong><\/em><\/strong><\/p>\n\n\n\n<p class=\"wp-block-paragraph\"><strong><em>www.macite.tg, L\u2019information, la bonne&nbsp;!<\/em><\/strong><\/p>\n\n\n\n<p class=\"wp-block-paragraph\"><\/p>\n","protected":false},"excerpt":{"rendered":"<p class=\"text-justify mb-2\" >La diplomatie togolaise s&rsquo;impose une fois de plus comme le carrefour de la paix en Afrique. Le Pr\u00e9sident du Conseil et M\u00e9diateur de l&rsquo;Union africaine, Faure Essozimna Gnassingb\u00e9, a accord\u00e9, le lundi 8 juin dernier, une audience \u00e0 une importante d\u00e9l\u00e9gation des Nations unies. Cette [&hellip;]<\/p>\n","protected":false},"author":2,"featured_media":31183,"comment_status":"open","ping_status":"open","sticky":false,"template":"","format":"standard","meta":{"footnotes":""},"categories":[20,70],"tags":[],"class_list":["post-31181","post","type-post","status-publish","format-standard","has-post-thumbnail","hentry","category-actualite","category-paix-securite"],"yoast_head":"<!-- This site is optimized with the Yoast SEO plugin v28.4 - https:\/\/yoast.com\/product\/yoast-seo-wordpress\/ -->\n<title>CRISE DANS LES GRANDS LACS : Une d\u00e9l\u00e9gation de l&#039;ONU \u00e9change \u00e0 Lom\u00e9 avec le M\u00e9diateur Faure Gnassingb\u00e9 -<\/title>\n<meta name=\"robots\" content=\"index, follow, max-snippet:-1, max-image-preview:large, max-video-preview:-1\" \/>\n<link rel=\"canonical\" href=\"https:\/\/macite.tg\/?p=31181\" \/>\n<meta property=\"og:locale\" content=\"fr_FR\" \/>\n<meta property=\"og:type\" content=\"article\" \/>\n<meta property=\"og:title\" content=\"CRISE DANS LES GRANDS LACS : Une d\u00e9l\u00e9gation de l&#039;ONU \u00e9change \u00e0 Lom\u00e9 avec le M\u00e9diateur Faure Gnassingb\u00e9 -\" \/>\n<meta property=\"og:description\" content=\"La diplomatie togolaise s&rsquo;impose une fois de plus comme le carrefour de la paix en Afrique. Le Pr\u00e9sident du Conseil et M\u00e9diateur de l&rsquo;Union africaine, Faure Essozimna Gnassingb\u00e9, a accord\u00e9, le lundi 8 juin dernier, une audience \u00e0 une importante d\u00e9l\u00e9gation des Nations unies. Cette [&hellip;]\" \/>\n<meta property=\"og:url\" content=\"https:\/\/macite.tg\/?p=31181\" \/>\n<meta property=\"article:published_time\" content=\"2026-06-11T09:22:12+00:00\" \/>\n<meta property=\"article:modified_time\" content=\"2026-06-11T09:22:30+00:00\" \/>\n<meta property=\"og:image\" content=\"https:\/\/macite.tg\/wp-content\/uploads\/2026\/06\/Onu-mediation-ua-1.jpg\" \/>\n\t<meta property=\"og:image:width\" content=\"500\" \/>\n\t<meta property=\"og:image:height\" content=\"195\" \/>\n\t<meta property=\"og:image:type\" content=\"image\/jpeg\" \/>\n<meta name=\"author\" content=\"Jean Pierre BAWELA\" \/>\n<meta name=\"twitter:card\" content=\"summary_large_image\" \/>\n<meta name=\"twitter:label1\" content=\"\u00c9crit par\" \/>\n\t<meta name=\"twitter:data1\" content=\"Jean Pierre BAWELA\" \/>\n\t<meta name=\"twitter:label2\" content=\"Dur\u00e9e de lecture estim\u00e9e\" \/>\n\t<meta name=\"twitter:data2\" content=\"3 minutes\" \/>\n<script type=\"application\/ld+json\" class=\"yoast-schema-graph\">{\"@context\":\"https:\\\/\\\/schema.org\",\"@graph\":[{\"@type\":\"Article\",\"@id\":\"https:\\\/\\\/macite.tg\\\/?p=31181#article\",\"isPartOf\":{\"@id\":\"https:\\\/\\\/macite.tg\\\/?p=31181\"},\"author\":{\"name\":\"Jean Pierre BAWELA\",\"@id\":\"https:\\\/\\\/macite.tg\\\/#\\\/schema\\\/person\\\/e9f2de7e5dbbe7770a9402c7ce82f5c2\"},\"headline\":\"CRISE DANS LES GRANDS LACS : Une d\u00e9l\u00e9gation de l&rsquo;ONU \u00e9change \u00e0 Lom\u00e9 avec le M\u00e9diateur Faure Gnassingb\u00e9\",\"datePublished\":\"2026-06-11T09:22:12+00:00\",\"dateModified\":\"2026-06-11T09:22:30+00:00\",\"mainEntityOfPage\":{\"@id\":\"https:\\\/\\\/macite.tg\\\/?p=31181\"},\"wordCount\":445,\"commentCount\":0,\"image\":{\"@id\":\"https:\\\/\\\/macite.tg\\\/?p=31181#primaryimage\"},\"thumbnailUrl\":\"https:\\\/\\\/macite.tg\\\/wp-content\\\/uploads\\\/2026\\\/06\\\/Onu-mediation-ua-1.jpg\",\"articleSection\":[\"ACTUALITE\",\"PAIX &amp; SECURITE\"],\"inLanguage\":\"fr-FR\",\"potentialAction\":[{\"@type\":\"CommentAction\",\"name\":\"Comment\",\"target\":[\"https:\\\/\\\/macite.tg\\\/?p=31181#respond\"]}]},{\"@type\":\"WebPage\",\"@id\":\"https:\\\/\\\/macite.tg\\\/?p=31181\",\"url\":\"https:\\\/\\\/macite.tg\\\/?p=31181\",\"name\":\"CRISE DANS LES GRANDS LACS : Une d\u00e9l\u00e9gation de l'ONU \u00e9change \u00e0 Lom\u00e9 avec le M\u00e9diateur Faure Gnassingb\u00e9 -\",\"isPartOf\":{\"@id\":\"https:\\\/\\\/macite.tg\\\/#website\"},\"primaryImageOfPage\":{\"@id\":\"https:\\\/\\\/macite.tg\\\/?p=31181#primaryimage\"},\"image\":{\"@id\":\"https:\\\/\\\/macite.tg\\\/?p=31181#primaryimage\"},\"thumbnailUrl\":\"https:\\\/\\\/macite.tg\\\/wp-content\\\/uploads\\\/2026\\\/06\\\/Onu-mediation-ua-1.jpg\",\"datePublished\":\"2026-06-11T09:22:12+00:00\",\"dateModified\":\"2026-06-11T09:22:30+00:00\",\"author\":{\"@id\":\"https:\\\/\\\/macite.tg\\\/#\\\/schema\\\/person\\\/e9f2de7e5dbbe7770a9402c7ce82f5c2\"},\"breadcrumb\":{\"@id\":\"https:\\\/\\\/macite.tg\\\/?p=31181#breadcrumb\"},\"inLanguage\":\"fr-FR\",\"potentialAction\":[{\"@type\":\"ReadAction\",\"target\":[\"https:\\\/\\\/macite.tg\\\/?p=31181\"]}]},{\"@type\":\"ImageObject\",\"inLanguage\":\"fr-FR\",\"@id\":\"https:\\\/\\\/macite.tg\\\/?p=31181#primaryimage\",\"url\":\"https:\\\/\\\/macite.tg\\\/wp-content\\\/uploads\\\/2026\\\/06\\\/Onu-mediation-ua-1.jpg\",\"contentUrl\":\"https:\\\/\\\/macite.tg\\\/wp-content\\\/uploads\\\/2026\\\/06\\\/Onu-mediation-ua-1.jpg\",\"width\":500,\"height\":195},{\"@type\":\"BreadcrumbList\",\"@id\":\"https:\\\/\\\/macite.tg\\\/?p=31181#breadcrumb\",\"itemListElement\":[{\"@type\":\"ListItem\",\"position\":1,\"name\":\"Accueil\",\"item\":\"https:\\\/\\\/macite.tg\\\/\"},{\"@type\":\"ListItem\",\"position\":2,\"name\":\"CRISE DANS LES GRANDS LACS : Une d\u00e9l\u00e9gation de l&rsquo;ONU \u00e9change \u00e0 Lom\u00e9 avec le M\u00e9diateur Faure Gnassingb\u00e9\"}]},{\"@type\":\"WebSite\",\"@id\":\"https:\\\/\\\/macite.tg\\\/#website\",\"url\":\"https:\\\/\\\/macite.tg\\\/\",\"name\":\"\",\"description\":\"L&#039;information, la bonne!!!\",\"potentialAction\":[{\"@type\":\"SearchAction\",\"target\":{\"@type\":\"EntryPoint\",\"urlTemplate\":\"https:\\\/\\\/macite.tg\\\/?s={search_term_string}\"},\"query-input\":{\"@type\":\"PropertyValueSpecification\",\"valueRequired\":true,\"valueName\":\"search_term_string\"}}],\"inLanguage\":\"fr-FR\"},{\"@type\":\"Person\",\"@id\":\"https:\\\/\\\/macite.tg\\\/#\\\/schema\\\/person\\\/e9f2de7e5dbbe7770a9402c7ce82f5c2\",\"name\":\"Jean Pierre BAWELA\",\"image\":{\"@type\":\"ImageObject\",\"inLanguage\":\"fr-FR\",\"@id\":\"https:\\\/\\\/macite.tg\\\/wp-content\\\/uploads\\\/2023\\\/09\\\/WhatsApp-Image-2023-09-19-at-14.44.41-122x122.jpeg\",\"url\":\"https:\\\/\\\/macite.tg\\\/wp-content\\\/uploads\\\/2023\\\/09\\\/WhatsApp-Image-2023-09-19-at-14.44.41-122x122.jpeg\",\"contentUrl\":\"https:\\\/\\\/macite.tg\\\/wp-content\\\/uploads\\\/2023\\\/09\\\/WhatsApp-Image-2023-09-19-at-14.44.41-122x122.jpeg\",\"caption\":\"Jean Pierre BAWELA\"},\"url\":\"https:\\\/\\\/macite.tg\\\/?author=2\"}]}<\/script>\n<!-- \/ Yoast SEO plugin. -->","yoast_head_json":{"title":"CRISE DANS LES GRANDS LACS : Une d\u00e9l\u00e9gation de l'ONU \u00e9change \u00e0 Lom\u00e9 avec le M\u00e9diateur Faure Gnassingb\u00e9 -","robots":{"index":"index","follow":"follow","max-snippet":"max-snippet:-1","max-image-preview":"max-image-preview:large","max-video-preview":"max-video-preview:-1"},"canonical":"https:\/\/macite.tg\/?p=31181","og_locale":"fr_FR","og_type":"article","og_title":"CRISE DANS LES GRANDS LACS : Une d\u00e9l\u00e9gation de l'ONU \u00e9change \u00e0 Lom\u00e9 avec le M\u00e9diateur Faure Gnassingb\u00e9 -","og_description":"La diplomatie togolaise s&rsquo;impose une fois de plus comme le carrefour de la paix en Afrique. Le Pr\u00e9sident du Conseil et M\u00e9diateur de l&rsquo;Union africaine, Faure Essozimna Gnassingb\u00e9, a accord\u00e9, le lundi 8 juin dernier, une audience \u00e0 une importante d\u00e9l\u00e9gation des Nations unies. Cette [&hellip;]","og_url":"https:\/\/macite.tg\/?p=31181","article_published_time":"2026-06-11T09:22:12+00:00","article_modified_time":"2026-06-11T09:22:30+00:00","og_image":[{"width":500,"height":195,"url":"https:\/\/macite.tg\/wp-content\/uploads\/2026\/06\/Onu-mediation-ua-1.jpg","type":"image\/jpeg"}],"author":"Jean Pierre BAWELA","twitter_card":"summary_large_image","twitter_misc":{"\u00c9crit par":"Jean Pierre BAWELA","Dur\u00e9e de lecture estim\u00e9e":"3 minutes"},"schema":{"@context":"https:\/\/schema.org","@graph":[{"@type":"Article","@id":"https:\/\/macite.tg\/?p=31181#article","isPartOf":{"@id":"https:\/\/macite.tg\/?p=31181"},"author":{"name":"Jean Pierre BAWELA","@id":"https:\/\/macite.tg\/#\/schema\/person\/e9f2de7e5dbbe7770a9402c7ce82f5c2"},"headline":"CRISE DANS LES GRANDS LACS : Une d\u00e9l\u00e9gation de l&rsquo;ONU \u00e9change \u00e0 Lom\u00e9 avec le M\u00e9diateur Faure Gnassingb\u00e9","datePublished":"2026-06-11T09:22:12+00:00","dateModified":"2026-06-11T09:22:30+00:00","mainEntityOfPage":{"@id":"https:\/\/macite.tg\/?p=31181"},"wordCount":445,"commentCount":0,"image":{"@id":"https:\/\/macite.tg\/?p=31181#primaryimage"},"thumbnailUrl":"https:\/\/macite.tg\/wp-content\/uploads\/2026\/06\/Onu-mediation-ua-1.jpg","articleSection":["ACTUALITE","PAIX &amp; SECURITE"],"inLanguage":"fr-FR","potentialAction":[{"@type":"CommentAction","name":"Comment","target":["https:\/\/macite.tg\/?p=31181#respond"]}]},{"@type":"WebPage","@id":"https:\/\/macite.tg\/?p=31181","url":"https:\/\/macite.tg\/?p=31181","name":"CRISE DANS LES GRANDS LACS : Une d\u00e9l\u00e9gation de l'ONU \u00e9change \u00e0 Lom\u00e9 avec le M\u00e9diateur Faure Gnassingb\u00e9 -","isPartOf":{"@id":"https:\/\/macite.tg\/#website"},"primaryImageOfPage":{"@id":"https:\/\/macite.tg\/?p=31181#primaryimage"},"image":{"@id":"https:\/\/macite.tg\/?p=31181#primaryimage"},"thumbnailUrl":"https:\/\/macite.tg\/wp-content\/uploads\/2026\/06\/Onu-mediation-ua-1.jpg","datePublished":"2026-06-11T09:22:12+00:00","dateModified":"2026-06-11T09:22:30+00:00","author":{"@id":"https:\/\/macite.tg\/#\/schema\/person\/e9f2de7e5dbbe7770a9402c7ce82f5c2"},"breadcrumb":{"@id":"https:\/\/macite.tg\/?p=31181#breadcrumb"},"inLanguage":"fr-FR","potentialAction":[{"@type":"ReadAction","target":["https:\/\/macite.tg\/?p=31181"]}]},{"@type":"ImageObject","inLanguage":"fr-FR","@id":"https:\/\/macite.tg\/?p=31181#primaryimage","url":"https:\/\/macite.tg\/wp-content\/uploads\/2026\/06\/Onu-mediation-ua-1.jpg","contentUrl":"https:\/\/macite.tg\/wp-content\/uploads\/2026\/06\/Onu-mediation-ua-1.jpg","width":500,"height":195},{"@type":"BreadcrumbList","@id":"https:\/\/macite.tg\/?p=31181#breadcrumb","itemListElement":[{"@type":"ListItem","position":1,"name":"Accueil","item":"https:\/\/macite.tg\/"},{"@type":"ListItem","position":2,"name":"CRISE DANS LES GRANDS LACS : Une d\u00e9l\u00e9gation de l&rsquo;ONU \u00e9change \u00e0 Lom\u00e9 avec le M\u00e9diateur Faure Gnassingb\u00e9"}]},{"@type":"WebSite","@id":"https:\/\/macite.tg\/#website","url":"https:\/\/macite.tg\/","name":"","description":"L&#039;information, la bonne!!!","potentialAction":[{"@type":"SearchAction","target":{"@type":"EntryPoint","urlTemplate":"https:\/\/macite.tg\/?s={search_term_string}"},"query-input":{"@type":"PropertyValueSpecification","valueRequired":true,"valueName":"search_term_string"}}],"inLanguage":"fr-FR"},{"@type":"Person","@id":"https:\/\/macite.tg\/#\/schema\/person\/e9f2de7e5dbbe7770a9402c7ce82f5c2","name":"Jean Pierre BAWELA","image":{"@type":"ImageObject","inLanguage":"fr-FR","@id":"https:\/\/macite.tg\/wp-content\/uploads\/2023\/09\/WhatsApp-Image-2023-09-19-at-14.44.41-122x122.jpeg","url":"https:\/\/macite.tg\/wp-content\/uploads\/2023\/09\/WhatsApp-Image-2023-09-19-at-14.44.41-122x122.jpeg","contentUrl":"https:\/\/macite.tg\/wp-content\/uploads\/2023\/09\/WhatsApp-Image-2023-09-19-at-14.44.41-122x122.jpeg","caption":"Jean Pierre BAWELA"},"url":"https:\/\/macite.tg\/?author=2"}]}},"_links":{"self":[{"href":"https:\/\/macite.tg\/index.php?rest_route=\/wp\/v2\/posts\/31181","targetHints":{"allow":["GET"]}}],"collection":[{"href":"https:\/\/macite.tg\/index.php?rest_route=\/wp\/v2\/posts"}],"about":[{"href":"https:\/\/macite.tg\/index.php?rest_route=\/wp\/v2\/types\/post"}],"author":[{"embeddable":true,"href":"https:\/\/macite.tg\/index.php?rest_route=\/wp\/v2\/users\/2"}],"replies":[{"embeddable":true,"href":"https:\/\/macite.tg\/index.php?rest_route=%2Fwp%2Fv2%2Fcomments&post=31181"}],"version-history":[{"count":0,"href":"https:\/\/macite.tg\/index.php?rest_route=\/wp\/v2\/posts\/31181\/revisions"}],"wp:featuredmedia":[{"embeddable":true,"href":"https:\/\/macite.tg\/index.php?rest_route=\/wp\/v2\/media\/31183"}],"wp:attachment":[{"href":"https:\/\/macite.tg\/index.php?rest_route=%2Fwp%2Fv2%2Fmedia&parent=31181"}],"wp:term":[{"taxonomy":"category","embeddable":true,"href":"https:\/\/macite.tg\/index.php?rest_route=%2Fwp%2Fv2%2Fcategories&post=31181"},{"taxonomy":"post_tag","embeddable":true,"href":"https:\/\/macite.tg\/index.php?rest_route=%2Fwp%2Fv2%2Ftags&post=31181"}],"curies":[{"name":"wp","href":"https:\/\/api.w.org\/{rel}","templated":true}]}}