{"id":31174,"date":"2026-06-10T15:36:19","date_gmt":"2026-06-10T15:36:19","guid":{"rendered":"https:\/\/macite.tg\/?p=31174"},"modified":"2026-06-10T15:36:47","modified_gmt":"2026-06-10T15:36:47","slug":"presidence-de-la-commission-de-la-cedeao-dakar-compte-sur-lome","status":"publish","type":"post","link":"https:\/\/macite.tg\/?p=31174","title":{"rendered":"PRESIDENCE DE LA COMMISSION DE LA CEDEAO\u00a0: Dakar compte sur Lom\u00e9\u2026"},"content":{"rendered":"\n<p class=\"wp-block-paragraph\"><strong><em>Le Pr\u00e9sident du Conseil, Faure Essozimna Gnassingb\u00e9, a re\u00e7u, le 08 juin dernier, en audience Cheikh Niang, ministre s\u00e9n\u00e9galais des Affaires \u00e9trang\u00e8res et \u00e9missaire sp\u00e9cial du Pr\u00e9sident Bassirou Diomaye Faye.<\/em><\/strong><em><\/em><\/p>\n\n\n\n<p class=\"wp-block-paragraph\">Au centre de cette rencontre diplomatique de haut niveau, se trouve l&rsquo;avenir de la Communaut\u00e9 \u00e9conomique des \u00c9tats de l\u2019Afrique de l\u2019Ouest (CEDEAO). Monsieur Cheikh Niang \u00e9tait porteur d\u2019un message personnel du chef de l&rsquo;\u00c9tat s\u00e9n\u00e9galais au Pr\u00e9sident du conseil togolais, ax\u00e9 sur les ambitions r\u00e9gionales du S\u00e9n\u00e9gal.<\/p>\n\n\n<div class=\"wp-block-image\">\n<figure class=\"aligncenter size-large is-resized\"><img loading=\"lazy\" decoding=\"async\" width=\"724\" height=\"1024\" src=\"https:\/\/macite.tg\/wp-content\/uploads\/2026\/06\/image-30-724x1024.png\" alt=\"\" class=\"wp-image-31146\" style=\"width:602px;height:auto\" srcset=\"https:\/\/macite.tg\/wp-content\/uploads\/2026\/06\/image-30-724x1024.png 724w, https:\/\/macite.tg\/wp-content\/uploads\/2026\/06\/image-30-212x300.png 212w, https:\/\/macite.tg\/wp-content\/uploads\/2026\/06\/image-30-768x1086.png 768w, https:\/\/macite.tg\/wp-content\/uploads\/2026\/06\/image-30-1086x1536.png 1086w, https:\/\/macite.tg\/wp-content\/uploads\/2026\/06\/image-30.png 1131w\" sizes=\"auto, (max-width: 724px) 100vw, 724px\" \/><\/figure>\n<\/div>\n\n\n<p class=\"wp-block-paragraph\">Le diplomate s\u00e9n\u00e9galais a officiellement pr\u00e9sent\u00e9 la candidature du S\u00e9n\u00e9gal pour la pr\u00e9sidence de la Commission de la CEDEAO, ainsi que le profil du candidat retenu par le Pr\u00e9sident Bassirou Diomaye Diakhar Faye.<\/p>\n\n\n\n<p class=\"wp-block-paragraph\"><em>\u00ab Je suis venu en qualit\u00e9 d\u2019\u00e9missaire du Pr\u00e9sident de la R\u00e9publique du S\u00e9n\u00e9gal [&#8230;] porteur d\u2019un message personnel \u00e0 son fr\u00e8re et ami, le Pr\u00e9sident du Conseil, Faure Essozimna Gnassingb\u00e9. J\u2019ai \u00e9galement eu l\u2019honneur de pr\u00e9senter au Pr\u00e9sident du Conseil le candidat retenu par le Pr\u00e9sident s\u00e9n\u00e9galais pour l\u2019\u00e9lection du prochain pr\u00e9sident de la Commission de la CEDEAO \u00bb,<\/em> a pr\u00e9cis\u00e9, \u00e0 l&rsquo;issue de l&rsquo;audience, Cheikh Niang.<\/p>\n\n\n\n<p class=\"wp-block-paragraph\">Notons que cette audience a \u00e9galement \u00e9t\u00e9 l&rsquo;occasion de r\u00e9affirmer la solidit\u00e9 des liens bilat\u00e9raux qui unissent Lom\u00e9 et Dakar. Les deux nations partagent une vision commune de la coop\u00e9ration et de la stabilit\u00e9 r\u00e9gionales depuis l&rsquo;accession \u00e0 leur souverainet\u00e9 internationale.<\/p>\n\n\n\n<p class=\"wp-block-paragraph\">Le ministre s\u00e9n\u00e9galais a chaleureusement salu\u00e9 le leadership du Pr\u00e9sident du Conseil togolais, louant ses <em>\u00ab orientations lumineuses \u00bb<\/em> et la clart\u00e9 de ses conseils.<\/p>\n\n\n<div class=\"wp-block-image\">\n<figure class=\"aligncenter size-large is-resized\"><img loading=\"lazy\" decoding=\"async\" width=\"724\" height=\"1024\" src=\"https:\/\/macite.tg\/wp-content\/uploads\/2026\/06\/18d98b1d-0295-41c7-afab-fc9c13606bd0-724x1024.jpg\" alt=\"\" class=\"wp-image-31157\" style=\"width:552px;height:auto\" srcset=\"https:\/\/macite.tg\/wp-content\/uploads\/2026\/06\/18d98b1d-0295-41c7-afab-fc9c13606bd0-724x1024.jpg 724w, https:\/\/macite.tg\/wp-content\/uploads\/2026\/06\/18d98b1d-0295-41c7-afab-fc9c13606bd0-212x300.jpg 212w, https:\/\/macite.tg\/wp-content\/uploads\/2026\/06\/18d98b1d-0295-41c7-afab-fc9c13606bd0-768x1086.jpg 768w, https:\/\/macite.tg\/wp-content\/uploads\/2026\/06\/18d98b1d-0295-41c7-afab-fc9c13606bd0-1086x1536.jpg 1086w, https:\/\/macite.tg\/wp-content\/uploads\/2026\/06\/18d98b1d-0295-41c7-afab-fc9c13606bd0.jpg 1131w\" sizes=\"auto, (max-width: 724px) 100vw, 724px\" \/><\/figure>\n<\/div>\n\n\n<p class=\"wp-block-paragraph\">L&rsquo;accueil de cette mission diplomatique s\u00e9n\u00e9galaise rappelle le r\u00f4le de m\u00e9diateur et de pivot que joue le Togo au sein de l&rsquo;espace ouest-africain. Fid\u00e8le \u00e0 sa tradition diplomatique, le pays a toujours \u0153uvr\u00e9 aux c\u00f4t\u00e9s des autres \u00c9tats membres pour d\u00e9fendre les valeurs fondatrices de l\u2019organisation.<\/p>\n\n\n\n<p class=\"wp-block-paragraph\"><strong>La R\u00e9daction<\/strong><\/p>\n\n\n\n<p class=\"wp-block-paragraph\"><strong><em>@macite.tg&nbsp;&nbsp;&nbsp;&nbsp;&nbsp;&nbsp;&nbsp;&nbsp;<\/em><\/strong><\/p>\n\n\n\n<p class=\"wp-block-paragraph\"><strong><em>E-mail&nbsp;: <\/em><\/strong><a href=\"mailto:maciteinfo@gmail.com\"><strong><em>maciteinfo@gmail.com<\/em><\/strong><\/a><strong><em>; <\/em><\/strong><a href=\"mailto:bawela1@gmail.com\"><strong><em>bawela1@gmail.com<\/em><\/strong><\/a><strong><em><\/em><\/strong><\/p>\n\n\n\n<p class=\"wp-block-paragraph\"><strong><em>Pour vos annonces, publi-reportages, etc., joignez-nous au (00228)91515309\/<strong>79872224 <\/strong><strong><\/strong><\/em><\/strong><strong><em>www.macite.tg, L\u2019information, la bonne&nbsp;<\/em><\/strong><\/p>\n\n\n\n<p class=\"wp-block-paragraph\"><\/p>\n","protected":false},"excerpt":{"rendered":"<p class=\"text-justify mb-2\" >Le Pr\u00e9sident du Conseil, Faure Essozimna Gnassingb\u00e9, a re\u00e7u, le 08 juin dernier, en audience Cheikh Niang, ministre s\u00e9n\u00e9galais des Affaires \u00e9trang\u00e8res et \u00e9missaire sp\u00e9cial du Pr\u00e9sident Bassirou Diomaye Faye. Au centre de cette rencontre diplomatique de haut niveau, se trouve l&rsquo;avenir de la Communaut\u00e9 [&hellip;]<\/p>\n","protected":false},"author":2,"featured_media":31175,"comment_status":"open","ping_status":"open","sticky":false,"template":"","format":"standard","meta":{"footnotes":""},"categories":[20,8],"tags":[],"class_list":["post-31174","post","type-post","status-publish","format-standard","has-post-thumbnail","hentry","category-actualite","category-diplomatie"],"yoast_head":"<!-- This site is optimized with the Yoast SEO plugin v28.4 - https:\/\/yoast.com\/product\/yoast-seo-wordpress\/ -->\n<title>PRESIDENCE DE LA COMMISSION DE LA CEDEAO\u00a0: Dakar compte sur Lom\u00e9\u2026 -<\/title>\n<meta name=\"robots\" content=\"index, follow, max-snippet:-1, max-image-preview:large, max-video-preview:-1\" \/>\n<link rel=\"canonical\" href=\"https:\/\/macite.tg\/?p=31174\" \/>\n<meta property=\"og:locale\" content=\"fr_FR\" \/>\n<meta property=\"og:type\" content=\"article\" \/>\n<meta property=\"og:title\" content=\"PRESIDENCE DE LA COMMISSION DE LA CEDEAO\u00a0: Dakar compte sur Lom\u00e9\u2026 -\" \/>\n<meta property=\"og:description\" content=\"Le Pr\u00e9sident du Conseil, Faure Essozimna Gnassingb\u00e9, a re\u00e7u, le 08 juin dernier, en audience Cheikh Niang, ministre s\u00e9n\u00e9galais des Affaires \u00e9trang\u00e8res et \u00e9missaire sp\u00e9cial du Pr\u00e9sident Bassirou Diomaye Faye. Au centre de cette rencontre diplomatique de haut niveau, se trouve l&rsquo;avenir de la Communaut\u00e9 [&hellip;]\" \/>\n<meta property=\"og:url\" content=\"https:\/\/macite.tg\/?p=31174\" \/>\n<meta property=\"article:published_time\" content=\"2026-06-10T15:36:19+00:00\" \/>\n<meta property=\"article:modified_time\" content=\"2026-06-10T15:36:47+00:00\" \/>\n<meta property=\"og:image\" content=\"https:\/\/macite.tg\/wp-content\/uploads\/2026\/06\/Dakar.jpg\" \/>\n\t<meta property=\"og:image:width\" content=\"500\" \/>\n\t<meta property=\"og:image:height\" content=\"386\" \/>\n\t<meta property=\"og:image:type\" content=\"image\/jpeg\" \/>\n<meta name=\"author\" content=\"Jean Pierre BAWELA\" \/>\n<meta name=\"twitter:card\" content=\"summary_large_image\" \/>\n<meta name=\"twitter:label1\" content=\"\u00c9crit par\" \/>\n\t<meta name=\"twitter:data1\" content=\"Jean Pierre BAWELA\" \/>\n\t<meta name=\"twitter:label2\" content=\"Dur\u00e9e de lecture estim\u00e9e\" \/>\n\t<meta name=\"twitter:data2\" content=\"3 minutes\" \/>\n<script type=\"application\/ld+json\" class=\"yoast-schema-graph\">{\"@context\":\"https:\\\/\\\/schema.org\",\"@graph\":[{\"@type\":\"Article\",\"@id\":\"https:\\\/\\\/macite.tg\\\/?p=31174#article\",\"isPartOf\":{\"@id\":\"https:\\\/\\\/macite.tg\\\/?p=31174\"},\"author\":{\"name\":\"Jean Pierre BAWELA\",\"@id\":\"https:\\\/\\\/macite.tg\\\/#\\\/schema\\\/person\\\/e9f2de7e5dbbe7770a9402c7ce82f5c2\"},\"headline\":\"PRESIDENCE DE LA COMMISSION DE LA CEDEAO\u00a0: Dakar compte sur Lom\u00e9\u2026\",\"datePublished\":\"2026-06-10T15:36:19+00:00\",\"dateModified\":\"2026-06-10T15:36:47+00:00\",\"mainEntityOfPage\":{\"@id\":\"https:\\\/\\\/macite.tg\\\/?p=31174\"},\"wordCount\":393,\"commentCount\":0,\"image\":{\"@id\":\"https:\\\/\\\/macite.tg\\\/?p=31174#primaryimage\"},\"thumbnailUrl\":\"https:\\\/\\\/macite.tg\\\/wp-content\\\/uploads\\\/2026\\\/06\\\/Dakar.jpg\",\"articleSection\":[\"ACTUALITE\",\"DIPLOMATIE\"],\"inLanguage\":\"fr-FR\",\"potentialAction\":[{\"@type\":\"CommentAction\",\"name\":\"Comment\",\"target\":[\"https:\\\/\\\/macite.tg\\\/?p=31174#respond\"]}]},{\"@type\":\"WebPage\",\"@id\":\"https:\\\/\\\/macite.tg\\\/?p=31174\",\"url\":\"https:\\\/\\\/macite.tg\\\/?p=31174\",\"name\":\"PRESIDENCE DE LA COMMISSION DE LA CEDEAO\u00a0: Dakar compte sur Lom\u00e9\u2026 -\",\"isPartOf\":{\"@id\":\"https:\\\/\\\/macite.tg\\\/#website\"},\"primaryImageOfPage\":{\"@id\":\"https:\\\/\\\/macite.tg\\\/?p=31174#primaryimage\"},\"image\":{\"@id\":\"https:\\\/\\\/macite.tg\\\/?p=31174#primaryimage\"},\"thumbnailUrl\":\"https:\\\/\\\/macite.tg\\\/wp-content\\\/uploads\\\/2026\\\/06\\\/Dakar.jpg\",\"datePublished\":\"2026-06-10T15:36:19+00:00\",\"dateModified\":\"2026-06-10T15:36:47+00:00\",\"author\":{\"@id\":\"https:\\\/\\\/macite.tg\\\/#\\\/schema\\\/person\\\/e9f2de7e5dbbe7770a9402c7ce82f5c2\"},\"breadcrumb\":{\"@id\":\"https:\\\/\\\/macite.tg\\\/?p=31174#breadcrumb\"},\"inLanguage\":\"fr-FR\",\"potentialAction\":[{\"@type\":\"ReadAction\",\"target\":[\"https:\\\/\\\/macite.tg\\\/?p=31174\"]}]},{\"@type\":\"ImageObject\",\"inLanguage\":\"fr-FR\",\"@id\":\"https:\\\/\\\/macite.tg\\\/?p=31174#primaryimage\",\"url\":\"https:\\\/\\\/macite.tg\\\/wp-content\\\/uploads\\\/2026\\\/06\\\/Dakar.jpg\",\"contentUrl\":\"https:\\\/\\\/macite.tg\\\/wp-content\\\/uploads\\\/2026\\\/06\\\/Dakar.jpg\",\"width\":500,\"height\":386},{\"@type\":\"BreadcrumbList\",\"@id\":\"https:\\\/\\\/macite.tg\\\/?p=31174#breadcrumb\",\"itemListElement\":[{\"@type\":\"ListItem\",\"position\":1,\"name\":\"Accueil\",\"item\":\"https:\\\/\\\/macite.tg\\\/\"},{\"@type\":\"ListItem\",\"position\":2,\"name\":\"PRESIDENCE DE LA COMMISSION DE LA CEDEAO\u00a0: Dakar compte sur Lom\u00e9\u2026\"}]},{\"@type\":\"WebSite\",\"@id\":\"https:\\\/\\\/macite.tg\\\/#website\",\"url\":\"https:\\\/\\\/macite.tg\\\/\",\"name\":\"\",\"description\":\"L&#039;information, la bonne!!!\",\"potentialAction\":[{\"@type\":\"SearchAction\",\"target\":{\"@type\":\"EntryPoint\",\"urlTemplate\":\"https:\\\/\\\/macite.tg\\\/?s={search_term_string}\"},\"query-input\":{\"@type\":\"PropertyValueSpecification\",\"valueRequired\":true,\"valueName\":\"search_term_string\"}}],\"inLanguage\":\"fr-FR\"},{\"@type\":\"Person\",\"@id\":\"https:\\\/\\\/macite.tg\\\/#\\\/schema\\\/person\\\/e9f2de7e5dbbe7770a9402c7ce82f5c2\",\"name\":\"Jean Pierre BAWELA\",\"image\":{\"@type\":\"ImageObject\",\"inLanguage\":\"fr-FR\",\"@id\":\"https:\\\/\\\/macite.tg\\\/wp-content\\\/uploads\\\/2023\\\/09\\\/WhatsApp-Image-2023-09-19-at-14.44.41-122x122.jpeg\",\"url\":\"https:\\\/\\\/macite.tg\\\/wp-content\\\/uploads\\\/2023\\\/09\\\/WhatsApp-Image-2023-09-19-at-14.44.41-122x122.jpeg\",\"contentUrl\":\"https:\\\/\\\/macite.tg\\\/wp-content\\\/uploads\\\/2023\\\/09\\\/WhatsApp-Image-2023-09-19-at-14.44.41-122x122.jpeg\",\"caption\":\"Jean Pierre BAWELA\"},\"url\":\"https:\\\/\\\/macite.tg\\\/?author=2\"}]}<\/script>\n<!-- \/ Yoast SEO plugin. -->","yoast_head_json":{"title":"PRESIDENCE DE LA COMMISSION DE LA CEDEAO\u00a0: Dakar compte sur Lom\u00e9\u2026 -","robots":{"index":"index","follow":"follow","max-snippet":"max-snippet:-1","max-image-preview":"max-image-preview:large","max-video-preview":"max-video-preview:-1"},"canonical":"https:\/\/macite.tg\/?p=31174","og_locale":"fr_FR","og_type":"article","og_title":"PRESIDENCE DE LA COMMISSION DE LA CEDEAO\u00a0: Dakar compte sur Lom\u00e9\u2026 -","og_description":"Le Pr\u00e9sident du Conseil, Faure Essozimna Gnassingb\u00e9, a re\u00e7u, le 08 juin dernier, en audience Cheikh Niang, ministre s\u00e9n\u00e9galais des Affaires \u00e9trang\u00e8res et \u00e9missaire sp\u00e9cial du Pr\u00e9sident Bassirou Diomaye Faye. Au centre de cette rencontre diplomatique de haut niveau, se trouve l&rsquo;avenir de la Communaut\u00e9 [&hellip;]","og_url":"https:\/\/macite.tg\/?p=31174","article_published_time":"2026-06-10T15:36:19+00:00","article_modified_time":"2026-06-10T15:36:47+00:00","og_image":[{"width":500,"height":386,"url":"https:\/\/macite.tg\/wp-content\/uploads\/2026\/06\/Dakar.jpg","type":"image\/jpeg"}],"author":"Jean Pierre BAWELA","twitter_card":"summary_large_image","twitter_misc":{"\u00c9crit par":"Jean Pierre BAWELA","Dur\u00e9e de lecture estim\u00e9e":"3 minutes"},"schema":{"@context":"https:\/\/schema.org","@graph":[{"@type":"Article","@id":"https:\/\/macite.tg\/?p=31174#article","isPartOf":{"@id":"https:\/\/macite.tg\/?p=31174"},"author":{"name":"Jean Pierre BAWELA","@id":"https:\/\/macite.tg\/#\/schema\/person\/e9f2de7e5dbbe7770a9402c7ce82f5c2"},"headline":"PRESIDENCE DE LA COMMISSION DE LA CEDEAO\u00a0: Dakar compte sur Lom\u00e9\u2026","datePublished":"2026-06-10T15:36:19+00:00","dateModified":"2026-06-10T15:36:47+00:00","mainEntityOfPage":{"@id":"https:\/\/macite.tg\/?p=31174"},"wordCount":393,"commentCount":0,"image":{"@id":"https:\/\/macite.tg\/?p=31174#primaryimage"},"thumbnailUrl":"https:\/\/macite.tg\/wp-content\/uploads\/2026\/06\/Dakar.jpg","articleSection":["ACTUALITE","DIPLOMATIE"],"inLanguage":"fr-FR","potentialAction":[{"@type":"CommentAction","name":"Comment","target":["https:\/\/macite.tg\/?p=31174#respond"]}]},{"@type":"WebPage","@id":"https:\/\/macite.tg\/?p=31174","url":"https:\/\/macite.tg\/?p=31174","name":"PRESIDENCE DE LA COMMISSION DE LA CEDEAO\u00a0: Dakar compte sur Lom\u00e9\u2026 -","isPartOf":{"@id":"https:\/\/macite.tg\/#website"},"primaryImageOfPage":{"@id":"https:\/\/macite.tg\/?p=31174#primaryimage"},"image":{"@id":"https:\/\/macite.tg\/?p=31174#primaryimage"},"thumbnailUrl":"https:\/\/macite.tg\/wp-content\/uploads\/2026\/06\/Dakar.jpg","datePublished":"2026-06-10T15:36:19+00:00","dateModified":"2026-06-10T15:36:47+00:00","author":{"@id":"https:\/\/macite.tg\/#\/schema\/person\/e9f2de7e5dbbe7770a9402c7ce82f5c2"},"breadcrumb":{"@id":"https:\/\/macite.tg\/?p=31174#breadcrumb"},"inLanguage":"fr-FR","potentialAction":[{"@type":"ReadAction","target":["https:\/\/macite.tg\/?p=31174"]}]},{"@type":"ImageObject","inLanguage":"fr-FR","@id":"https:\/\/macite.tg\/?p=31174#primaryimage","url":"https:\/\/macite.tg\/wp-content\/uploads\/2026\/06\/Dakar.jpg","contentUrl":"https:\/\/macite.tg\/wp-content\/uploads\/2026\/06\/Dakar.jpg","width":500,"height":386},{"@type":"BreadcrumbList","@id":"https:\/\/macite.tg\/?p=31174#breadcrumb","itemListElement":[{"@type":"ListItem","position":1,"name":"Accueil","item":"https:\/\/macite.tg\/"},{"@type":"ListItem","position":2,"name":"PRESIDENCE DE LA COMMISSION DE LA CEDEAO\u00a0: Dakar compte sur Lom\u00e9\u2026"}]},{"@type":"WebSite","@id":"https:\/\/macite.tg\/#website","url":"https:\/\/macite.tg\/","name":"","description":"L&#039;information, la bonne!!!","potentialAction":[{"@type":"SearchAction","target":{"@type":"EntryPoint","urlTemplate":"https:\/\/macite.tg\/?s={search_term_string}"},"query-input":{"@type":"PropertyValueSpecification","valueRequired":true,"valueName":"search_term_string"}}],"inLanguage":"fr-FR"},{"@type":"Person","@id":"https:\/\/macite.tg\/#\/schema\/person\/e9f2de7e5dbbe7770a9402c7ce82f5c2","name":"Jean Pierre BAWELA","image":{"@type":"ImageObject","inLanguage":"fr-FR","@id":"https:\/\/macite.tg\/wp-content\/uploads\/2023\/09\/WhatsApp-Image-2023-09-19-at-14.44.41-122x122.jpeg","url":"https:\/\/macite.tg\/wp-content\/uploads\/2023\/09\/WhatsApp-Image-2023-09-19-at-14.44.41-122x122.jpeg","contentUrl":"https:\/\/macite.tg\/wp-content\/uploads\/2023\/09\/WhatsApp-Image-2023-09-19-at-14.44.41-122x122.jpeg","caption":"Jean Pierre BAWELA"},"url":"https:\/\/macite.tg\/?author=2"}]}},"_links":{"self":[{"href":"https:\/\/macite.tg\/index.php?rest_route=\/wp\/v2\/posts\/31174","targetHints":{"allow":["GET"]}}],"collection":[{"href":"https:\/\/macite.tg\/index.php?rest_route=\/wp\/v2\/posts"}],"about":[{"href":"https:\/\/macite.tg\/index.php?rest_route=\/wp\/v2\/types\/post"}],"author":[{"embeddable":true,"href":"https:\/\/macite.tg\/index.php?rest_route=\/wp\/v2\/users\/2"}],"replies":[{"embeddable":true,"href":"https:\/\/macite.tg\/index.php?rest_route=%2Fwp%2Fv2%2Fcomments&post=31174"}],"version-history":[{"count":0,"href":"https:\/\/macite.tg\/index.php?rest_route=\/wp\/v2\/posts\/31174\/revisions"}],"wp:featuredmedia":[{"embeddable":true,"href":"https:\/\/macite.tg\/index.php?rest_route=\/wp\/v2\/media\/31175"}],"wp:attachment":[{"href":"https:\/\/macite.tg\/index.php?rest_route=%2Fwp%2Fv2%2Fmedia&parent=31174"}],"wp:term":[{"taxonomy":"category","embeddable":true,"href":"https:\/\/macite.tg\/index.php?rest_route=%2Fwp%2Fv2%2Fcategories&post=31174"},{"taxonomy":"post_tag","embeddable":true,"href":"https:\/\/macite.tg\/index.php?rest_route=%2Fwp%2Fv2%2Ftags&post=31174"}],"curies":[{"name":"wp","href":"https:\/\/api.w.org\/{rel}","templated":true}]}}